{"id":140,"date":"2007-12-04T11:59:14","date_gmt":"2007-12-04T10:59:14","guid":{"rendered":"http:\/\/blog.zeit.de\/stoerungsmelder\/2007\/12\/04\/npd-verbotsverfahren-die-v-manner-stehen-im-weg_140"},"modified":"2007-12-04T11:59:14","modified_gmt":"2007-12-04T10:59:14","slug":"npd-verbotsverfahren-die-v-manner-stehen-im-weg","status":"publish","type":"post","link":"https:\/\/blog.zeit.de\/stoerungsmelder\/2007\/12\/04\/npd-verbotsverfahren-die-v-manner-stehen-im-weg_140","title":{"rendered":"NPD-Verbotsverfahren: Die V-M\u00e4nner stehen im Weg"},"content":{"rendered":"<p>Oft ist in den vergangenen Monaten \u00fcber ein erneutes NPD-Verbotsverfahren debattiert worden. Weniger \u00fcber den politischen Sinn einer solchen staatlichen Intervention, daf\u00fcr umso mehr \u00fcber die Vorgehensweise. Besonders die SPD fordert immer wieder eine erneute Auflage des 2003 gescheiterten Verfahrens. <!--more--> So sammelt das Bundesinnenministerium auf Dr\u00e4ngen der Sozialdemokraten nun aus den Bundesl\u00e4ndern Informationen \u00fcber die NPD, damit im Fr\u00fchjahr 2008 die Erfolgsaussichten f\u00fcr ein Verbot der rechtsextremen Partei fundiert beurteilt werden k\u00f6nnen. Nur ein Problem wird auch dann bleiben: Was ist mit den V(erbindungs)-M\u00e4nnern des Verfassungsschutzes?<br \/>\n<img loading=\"lazy\" decoding=\"async\" src=\"http:\/\/vg08.met.vgwort.de\/na\/45748f853267742b85ab9c63b167d5\" height=\"1\" width=\"1\" \/><\/p>\n<p>Genau daran war n\u00e4mlich das letzte Verbotsverfahren gescheitert. So konnte die Rolle der V-M\u00e4nner in der NPD nicht eindeutig gekl\u00e4rt werden. W\u00e4hrend die Antragsteller, also Bundesregierung, Bundestag und Bundesrat, immer wieder betonten, die bezahlten Informanten des Staates w\u00fcrden nicht zur Radikalisierung der Partei beitragen und sich im Hintergrund halten \u2013 wurde genau dies von mehreren Richtern am Bundesverfassungsgericht sowie vielen Experten anders eingesch\u00e4tzt.<\/p>\n<p>Die beiden Duisburger Rechtsextremismus-Experten Martin Dietzsch und Alfred Schobert legten eine Studie \u00fcber die T\u00e4tigkeit der V-Leute vor. Sie kamen zu dem Schluss, dass die Spitzel der NPD keinen Schaden zugef\u00fcgt, sondern ihr im Gegenteil sogar genutzt h\u00e4tten. Als prominente Kronzeugen hierf\u00fcr f\u00fchrten die Autoren die ehemaligen hochrangigen NPD-Funktion\u00e4re Udo Holtmann und Wolfgang Frenz an.<\/p>\n<p><strong>Wer manipuliert wen?<\/strong><\/p>\n<p>Deren Agieren habe gezeigt, dass die V-Leute nicht als &#8222;agents provocateurs&#8220; wirken, sondern es sich bei ihnen um Personen handele, die man zu nichts anstiften k\u00f6nne, weil sie ohnehin zu allem bereit seien. Ihre Aktivit\u00e4ten h\u00e4tten sich nahtlos mit dem sonstigen Kurs der Partei gedeckt und gerade wegen ihrer antisemitischen und rassistischen Hetze h\u00e4tten die Agenten \u00fcber Jahrzehnte das Vertrauen der Partei genossen. Deshalb w\u00e4re es auch vollkommen unsinnig, von einer Steuerung der NPD durch den Verfassungsschutz zu reden, hei\u00dft es weiter. Man m\u00fcsse sich umgekehrt fragen, ob nicht der Verfassungsschutz von NPD-Funktion\u00e4ren manipuliert worden sei.<\/p>\n<p>Daf\u00fcr sprechen auch die hartn\u00e4ckigen Ger\u00fcchte, dass es unter dem ehemaligen NPD-Parteichef G\u00fcnter Deckert interne Absprachen gegeben haben soll, was dem Verfassungsschutz berichtet werden sollte und was nicht. Das Geld f\u00fcr diese Informationen wurde dann zwischen dem jeweiligen V-Mann und der Partei aufgeteilt, hei\u00dft es.<\/p>\n<p><strong>Immer wieder fliegen V-Leute auf<\/strong><\/p>\n<p>Das ehemalige NPD-Bundesvorstandsmitglied Frenz hatte von Anfang der sechziger Jahre bis 1995 f\u00fcr den Verfassungsschutz in Nordrhein-Westfalen gearbeitet. Frenz&#8216; Enttarnung im Zuge des NPD-Verbotsverfahrens waren weitere gefolgt. So der oben ebenfalls erw\u00e4hnte Holtmann, Chef der NPD in NRW. Au\u00dferdem das NPD-Mitglied Matthias Meier. Dieser gab in einem Interview an, das Bundesamt f\u00fcr Verfassungsschutz habe ihm &#8222;nahe gelegt, f\u00fcr das Amt des stellvertretenden Landesvorsitzenden zu kandidieren&#8220;. Zahlreiche weitere Enttarnungen folgten. Dabei wurden \u00e4u\u00dferst zweifelhafte Vorg\u00e4nge bekannt: So waren Neonazis aus Brandenburg und Sachsen ma\u00dfgeblich an der Produktion von besonders radikalen rechtsextremen Tontr\u00e4gern beteiligt \u2013 und Informanten des Verfassungsschutzes. Zuletzt flog erneut ein V-Mann des Verfassungsschutzes NRW auf. Dieser war in der internationalen Neonazi-Szene als Konzertveranstalter aktiv und in kriminelle Machenschaften verwickelt. Ein erneutes Desaster f\u00fcr den Verfassungsschutz.<\/p>\n<p>Berlins Innensenator Erhard K\u00f6rting ist ein lautstarker Bef\u00fcrworter des NPD-Verbots \u2013 und sieht den Einsatz von V-Leuten \u00e4u\u00dferst kritisch. K\u00f6rting meint, der Staat k\u00f6nne auf die Spitzel verzichten, die aggressiv-k\u00e4mpferische Verfassungsfeindlichkeit der NPD \u2013 Voraussetzung f\u00fcr ein Verbot &#8211; lasse sich auch durch \u00f6ffentlich zug\u00e4ngliche Informationen belegen. Au\u00dferdem betont er in Bezug auf das Debakel beim ersten Verbotsverfahren immer wieder: &#8222;Sollte es Bundesl\u00e4nder geben, die ihre V-Leute nicht aus den F\u00fchrungsgremien der NPD abgezogen haben, w\u00e4re das nicht verfassungsgem\u00e4\u00df. Man kann nicht einerseits eine verfassungswidrige Partei beobachten und gleichzeitig \u00fcber V-Leute an ma\u00dfgeblicher Stelle Einfluss auf sie nehmen.&#8220;<\/p>\n<p><strong>&#8222;Je weiter oben der V-Mann, desto wertvoller die Informationen&#8220;<\/strong><\/p>\n<p>Dennoch setzt die Bundesregierung weiter auf die V-M\u00e4nner \u2013 auch auf F\u00fchrungsebene, wie mehrere \u00c4u\u00dferungen nahe legen. In einer Stellungnahme hei\u00dft es beispielsweise: &#8222;Die Bundesregierung zieht einen Abzug von V-Leuten aus der NPD aus sicherheitspolitischen Erw\u00e4gungen nicht in Betracht.&#8220; V-Leute seien unverzichtbar, um verfassungswidrige Bestrebungen der NPD festzustellen, hei\u00dft es. Dies gelte auch, wenn deren leitende Funktion &#8222;unmittelbar vor und w\u00e4hrend eines Parteiverbotsverfahrens ausdr\u00fccklich als unvereinbar mit den Anforderungen an ein rechtsstaatliches Verfahren angesehen worden ist&#8220;, wie in einem Urteil der Bundesverfassungsgerichts von 2003 festgestellt worden sei.<\/p>\n<p>Auch Heinz Fromm, Chef des Bundesverfassungsschutzes, vertritt diese Ansicht, auch er r\u00e4umt indirekt ein, dass es weiterhin V-Leute in den F\u00fchrungsetagen gibt: &#8222;In der Realit\u00e4t ist es doch ganz einfach. Je weiter oben Informanten oder V-Leute in der Hierarchie einer extremistischen Organisation sitzen, desto interessanter und wertvoller sind die Informationen, die sie liefern k\u00f6nnen.&#8220;<\/p>\n<p><strong>Keine relevanten Erkenntnisse?<\/strong><\/p>\n<p>Die SPD ist in der Frage der V-M\u00e4nner tief gespalten. Der SPD-Innenexperte Dieter Wiefelsp\u00fctz argumentiert so: Zwischen dem Verzicht auf V-Leute in der NPD-Spitze und einer effektiven \u00dcberwachung bestehe kein Widerspruch. Entscheidend sei, dass der Verfassungsschutz zum Zeitpunkt der Antragstellung beim Bundesverfassungsgericht seine Top-Informanten abgezogen habe und auf &#8222;alternative Quellen&#8220; unterhalb der Parteispitze zur\u00fcckgreifen k\u00f6nne, so Wiefelsp\u00fctz. Andere SPD-Politiker folgen hingegen der Meinung von Berlins Innensenator K\u00f6rting und halten die Spitzel schlicht f\u00fcr \u00fcberfl\u00fcssig.<\/p>\n<p>Die Linkspartei sieht noch ganz andere Probleme bei der Zusammenarbeit mit den V-Leuten, mehrmals forderte sie daher bereits das sofortige Ende der Kooperation: &#8222;Durch die Arbeit von V-Leuten in den Reihen der NPD konnten bis heute keine relevanten Erkenntnisse \u00fcber diese Partei pr\u00e4sentiert werden, die nicht auch anders erlangt werden k\u00f6nnten.&#8220; In vielen F\u00e4llen seien es zudem nicht die Verfassungssch\u00fctzer, die fr\u00fchzeitige und intime Kenntnis der NPD-Aktivit\u00e4ten h\u00e4tten und bekannt machten, sondern engagierte Gruppen und Initiativen in den Regionen.<\/p>\n<p><strong>Unabh\u00e4ngige Beobachtungsstelle gefordert<\/strong><\/p>\n<p>Daher fordern Linkspartei sowie zahlreiche Experten die Gr\u00fcndung einer unabh\u00e4ngigen Beobachtungsstelle f\u00fcr Rechtsextremismus. Vorteil: Hier k\u00f6nnten unter Beteiligung von Initiativen und gesellschaftlichen Gruppen auf demokratische Weise auch Gegenstrategien entwickelt werden. Weiterhin w\u00e4ren alle gesammelten Informationen auch wirklich verwertbar. Dies ist zurzeit nicht der Fall: Regelm\u00e4\u00dfig verweist die Bundesregierung im Parlament in Antworten zum Thema Rechtsextremismus darauf hin, dass viele Angaben nicht spezifiziert werden k\u00f6nnten, da sonst R\u00fcckschl\u00fcsse auf den Kenntnisstand des Staates \u2013 also auch auf dessen Informanten &#8211; m\u00f6glich w\u00e4ren.<\/p>\n<p><strong>Radikalisierung sch\u00fctzt die NPD vor Verbot<\/strong><\/p>\n<p>Unabh\u00e4ngig von der dringend zu f\u00fchrenden Diskussion, ob ein NPD-Verbot \u00fcberhaupt politisch sinnvoll ist: Zurzeit sch\u00fctzt sich die rechtsextreme Partei durch ihre Radikalit\u00e4t gegen ein Verbot. Denn Union und Teile der SPD sowie der Verfassungsschutz argumentieren, die NPD sei so gef\u00e4hrlich, dass die V-Leute nicht abgezogen werden k\u00f6nnten. Dadurch wird \u2013 als Konsequenz aus dem Desaster im Jahr 2003 &#8211; ein erneutes Verbotsverfahren aber unm\u00f6glich gemacht. Eine \u00e4u\u00dferst paradoxe Situation, die die Strategie der NPD, sich f\u00fcr Neonazis zu \u00f6ffnen, noch honoriert.<\/p>\n<p>Dieser Text ist zun\u00e4chst bei der BPB erschienen. Er ist Teil des <a href=\"http:\/\/www.bpb.de\/themen\/33EARQ,0,0,Schwerpunkt%3A_Debatte_um_NPDVerbot.html\">Dossiers zum Thema &#8222;NPD-Verbot&#8220;.<\/a><\/p>\n<p><a href=\"http:\/\/www.npd-blog.info\/index.php?s=verbotsverfahren\">NPD-BLOG.INFO \u00fcber die Debatte.<\/a><\/p>\n","protected":false},"excerpt":{"rendered":"<p>Oft ist in den vergangenen Monaten \u00fcber ein erneutes NPD-Verbotsverfahren debattiert worden. Weniger \u00fcber den politischen Sinn einer solchen staatlichen Intervention, daf\u00fcr umso mehr \u00fcber die Vorgehensweise. Besonders die SPD fordert immer wieder eine erneute Auflage des 2003 gescheiterten Verfahrens.<\/p>\n","protected":false},"author":227,"featured_media":0,"comment_status":"open","ping_status":"open","sticky":false,"template":"","format":"standard","meta":{"_jetpack_memberships_contains_paid_content":false,"footnotes":""},"categories":[1515],"tags":[1638,1716],"class_list":["post-140","post","type-post","status-publish","format-standard","hentry","category-bundesweit","tag-justiz","tag-npd"],"yoast_head":"<!-- This site is optimized with the Yoast SEO plugin v21.0 - https:\/\/yoast.com\/wordpress\/plugins\/seo\/ -->\n<title>NPD-Verbotsverfahren: Die V-M\u00e4nner stehen im Weg - St\u00f6rungsmelder<\/title>\n<meta name=\"robots\" content=\"index, follow, max-snippet:-1, max-image-preview:large, max-video-preview:-1\" \/>\n<link rel=\"canonical\" href=\"https:\/\/blog.zeit.de\/stoerungsmelder\/2007\/12\/04\/npd-verbotsverfahren-die-v-manner-stehen-im-weg_140\" \/>\n<meta property=\"og:locale\" content=\"de_DE\" \/>\n<meta property=\"og:type\" content=\"article\" \/>\n<meta property=\"og:title\" content=\"NPD-Verbotsverfahren: Die V-M\u00e4nner stehen im Weg - St\u00f6rungsmelder\" \/>\n<meta property=\"og:description\" content=\"Oft ist in den vergangenen Monaten \u00fcber ein erneutes NPD-Verbotsverfahren debattiert worden. Weniger \u00fcber den politischen Sinn einer solchen staatlichen Intervention, daf\u00fcr umso mehr \u00fcber die Vorgehensweise. Besonders die SPD fordert immer wieder eine erneute Auflage des 2003 gescheiterten Verfahrens.\" \/>\n<meta property=\"og:url\" content=\"https:\/\/blog.zeit.de\/stoerungsmelder\/2007\/12\/04\/npd-verbotsverfahren-die-v-manner-stehen-im-weg_140\" \/>\n<meta property=\"og:site_name\" content=\"St\u00f6rungsmelder\" \/>\n<meta property=\"article:published_time\" content=\"2007-12-04T10:59:14+00:00\" \/>\n<meta property=\"og:image\" content=\"http:\/\/vg08.met.vgwort.de\/na\/45748f853267742b85ab9c63b167d5\" \/>\n<meta name=\"author\" content=\"Patrick Gensing\" \/>\n<meta name=\"twitter:card\" content=\"summary_large_image\" \/>\n<meta name=\"twitter:label1\" content=\"Geschrieben von\" \/>\n\t<meta name=\"twitter:data1\" content=\"Patrick Gensing\" \/>\n\t<meta name=\"twitter:label2\" content=\"Gesch\u00e4tzte Lesezeit\" \/>\n\t<meta name=\"twitter:data2\" content=\"6\u00a0Minuten\" \/>\n<script type=\"application\/ld+json\" class=\"yoast-schema-graph\">{\"@context\":\"https:\/\/schema.org\",\"@graph\":[{\"@type\":\"WebPage\",\"@id\":\"https:\/\/blog.zeit.de\/stoerungsmelder\/2007\/12\/04\/npd-verbotsverfahren-die-v-manner-stehen-im-weg_140\",\"url\":\"https:\/\/blog.zeit.de\/stoerungsmelder\/2007\/12\/04\/npd-verbotsverfahren-die-v-manner-stehen-im-weg_140\",\"name\":\"NPD-Verbotsverfahren: Die V-M\u00e4nner stehen im Weg - St\u00f6rungsmelder\",\"isPartOf\":{\"@id\":\"https:\/\/blog.zeit.de\/stoerungsmelder\/#website\"},\"datePublished\":\"2007-12-04T10:59:14+00:00\",\"dateModified\":\"2007-12-04T10:59:14+00:00\",\"author\":{\"@id\":\"https:\/\/blog.zeit.de\/stoerungsmelder\/#\/schema\/person\/1898e9a6d47b4737da2c4fca74a10552\"},\"breadcrumb\":{\"@id\":\"https:\/\/blog.zeit.de\/stoerungsmelder\/2007\/12\/04\/npd-verbotsverfahren-die-v-manner-stehen-im-weg_140#breadcrumb\"},\"inLanguage\":\"de\",\"potentialAction\":[{\"@type\":\"ReadAction\",\"target\":[\"https:\/\/blog.zeit.de\/stoerungsmelder\/2007\/12\/04\/npd-verbotsverfahren-die-v-manner-stehen-im-weg_140\"]}]},{\"@type\":\"BreadcrumbList\",\"@id\":\"https:\/\/blog.zeit.de\/stoerungsmelder\/2007\/12\/04\/npd-verbotsverfahren-die-v-manner-stehen-im-weg_140#breadcrumb\",\"itemListElement\":[{\"@type\":\"ListItem\",\"position\":1,\"name\":\"Startseite\",\"item\":\"https:\/\/blog.zeit.de\/stoerungsmelder\"},{\"@type\":\"ListItem\",\"position\":2,\"name\":\"NPD-Verbotsverfahren: Die V-M\u00e4nner stehen im Weg\"}]},{\"@type\":\"WebSite\",\"@id\":\"https:\/\/blog.zeit.de\/stoerungsmelder\/#website\",\"url\":\"https:\/\/blog.zeit.de\/stoerungsmelder\/\",\"name\":\"St\u00f6rungsmelder\",\"description\":\"Recherchen und Analysen \u00fcber die extreme Rechte\",\"potentialAction\":[{\"@type\":\"SearchAction\",\"target\":{\"@type\":\"EntryPoint\",\"urlTemplate\":\"https:\/\/blog.zeit.de\/stoerungsmelder\/?s={search_term_string}\"},\"query-input\":\"required name=search_term_string\"}],\"inLanguage\":\"de\"},{\"@type\":\"Person\",\"@id\":\"https:\/\/blog.zeit.de\/stoerungsmelder\/#\/schema\/person\/1898e9a6d47b4737da2c4fca74a10552\",\"name\":\"Patrick Gensing\",\"image\":{\"@type\":\"ImageObject\",\"inLanguage\":\"de\",\"@id\":\"https:\/\/blog.zeit.de\/stoerungsmelder\/#\/schema\/person\/image\/\",\"url\":\"https:\/\/secure.gravatar.com\/avatar\/a7a6fc628ed4dd7517525b944e2a8b13f64804f428d399d781f8dd0c4651643a?s=96&d=mm&r=pg\",\"contentUrl\":\"https:\/\/secure.gravatar.com\/avatar\/a7a6fc628ed4dd7517525b944e2a8b13f64804f428d399d781f8dd0c4651643a?s=96&d=mm&r=pg\",\"caption\":\"Patrick Gensing\"},\"description\":\"Journalist, Blogger, Buchautor - Patrick Gensing besch\u00e4ftigt sich seit seiner Jugend Ende der 1980er Jahre mit den Themen Neonazis, Rassismus und Antisemitismus. Seit rund zehn Jahren schreibt er als Journalist \u00fcber diese Themen, unter anderem bei tagesschau.de, bei Zeit-Online, in der taz - oder in dem Buch \\\"Terror von rechts\\\", das am 14. September 2012 erscheint.\",\"sameAs\":[\"http:\/\/publikative.org\"],\"url\":\"https:\/\/blog.zeit.de\/stoerungsmelder\/author\/patrick-gensing\"}]}<\/script>\n<!-- \/ Yoast SEO plugin. -->","yoast_head_json":{"title":"NPD-Verbotsverfahren: Die V-M\u00e4nner stehen im Weg - St\u00f6rungsmelder","robots":{"index":"index","follow":"follow","max-snippet":"max-snippet:-1","max-image-preview":"max-image-preview:large","max-video-preview":"max-video-preview:-1"},"canonical":"https:\/\/blog.zeit.de\/stoerungsmelder\/2007\/12\/04\/npd-verbotsverfahren-die-v-manner-stehen-im-weg_140","og_locale":"de_DE","og_type":"article","og_title":"NPD-Verbotsverfahren: Die V-M\u00e4nner stehen im Weg - St\u00f6rungsmelder","og_description":"Oft ist in den vergangenen Monaten \u00fcber ein erneutes NPD-Verbotsverfahren debattiert worden. Weniger \u00fcber den politischen Sinn einer solchen staatlichen Intervention, daf\u00fcr umso mehr \u00fcber die Vorgehensweise. Besonders die SPD fordert immer wieder eine erneute Auflage des 2003 gescheiterten Verfahrens.","og_url":"https:\/\/blog.zeit.de\/stoerungsmelder\/2007\/12\/04\/npd-verbotsverfahren-die-v-manner-stehen-im-weg_140","og_site_name":"St\u00f6rungsmelder","article_published_time":"2007-12-04T10:59:14+00:00","og_image":[{"url":"http:\/\/vg08.met.vgwort.de\/na\/45748f853267742b85ab9c63b167d5"}],"author":"Patrick Gensing","twitter_card":"summary_large_image","twitter_misc":{"Geschrieben von":"Patrick Gensing","Gesch\u00e4tzte Lesezeit":"6\u00a0Minuten"},"schema":{"@context":"https:\/\/schema.org","@graph":[{"@type":"WebPage","@id":"https:\/\/blog.zeit.de\/stoerungsmelder\/2007\/12\/04\/npd-verbotsverfahren-die-v-manner-stehen-im-weg_140","url":"https:\/\/blog.zeit.de\/stoerungsmelder\/2007\/12\/04\/npd-verbotsverfahren-die-v-manner-stehen-im-weg_140","name":"NPD-Verbotsverfahren: Die V-M\u00e4nner stehen im Weg - St\u00f6rungsmelder","isPartOf":{"@id":"https:\/\/blog.zeit.de\/stoerungsmelder\/#website"},"datePublished":"2007-12-04T10:59:14+00:00","dateModified":"2007-12-04T10:59:14+00:00","author":{"@id":"https:\/\/blog.zeit.de\/stoerungsmelder\/#\/schema\/person\/1898e9a6d47b4737da2c4fca74a10552"},"breadcrumb":{"@id":"https:\/\/blog.zeit.de\/stoerungsmelder\/2007\/12\/04\/npd-verbotsverfahren-die-v-manner-stehen-im-weg_140#breadcrumb"},"inLanguage":"de","potentialAction":[{"@type":"ReadAction","target":["https:\/\/blog.zeit.de\/stoerungsmelder\/2007\/12\/04\/npd-verbotsverfahren-die-v-manner-stehen-im-weg_140"]}]},{"@type":"BreadcrumbList","@id":"https:\/\/blog.zeit.de\/stoerungsmelder\/2007\/12\/04\/npd-verbotsverfahren-die-v-manner-stehen-im-weg_140#breadcrumb","itemListElement":[{"@type":"ListItem","position":1,"name":"Startseite","item":"https:\/\/blog.zeit.de\/stoerungsmelder"},{"@type":"ListItem","position":2,"name":"NPD-Verbotsverfahren: Die V-M\u00e4nner stehen im Weg"}]},{"@type":"WebSite","@id":"https:\/\/blog.zeit.de\/stoerungsmelder\/#website","url":"https:\/\/blog.zeit.de\/stoerungsmelder\/","name":"St\u00f6rungsmelder","description":"Recherchen und Analysen \u00fcber die extreme Rechte","potentialAction":[{"@type":"SearchAction","target":{"@type":"EntryPoint","urlTemplate":"https:\/\/blog.zeit.de\/stoerungsmelder\/?s={search_term_string}"},"query-input":"required name=search_term_string"}],"inLanguage":"de"},{"@type":"Person","@id":"https:\/\/blog.zeit.de\/stoerungsmelder\/#\/schema\/person\/1898e9a6d47b4737da2c4fca74a10552","name":"Patrick Gensing","image":{"@type":"ImageObject","inLanguage":"de","@id":"https:\/\/blog.zeit.de\/stoerungsmelder\/#\/schema\/person\/image\/","url":"https:\/\/secure.gravatar.com\/avatar\/a7a6fc628ed4dd7517525b944e2a8b13f64804f428d399d781f8dd0c4651643a?s=96&d=mm&r=pg","contentUrl":"https:\/\/secure.gravatar.com\/avatar\/a7a6fc628ed4dd7517525b944e2a8b13f64804f428d399d781f8dd0c4651643a?s=96&d=mm&r=pg","caption":"Patrick Gensing"},"description":"Journalist, Blogger, Buchautor - Patrick Gensing besch\u00e4ftigt sich seit seiner Jugend Ende der 1980er Jahre mit den Themen Neonazis, Rassismus und Antisemitismus. Seit rund zehn Jahren schreibt er als Journalist \u00fcber diese Themen, unter anderem bei tagesschau.de, bei Zeit-Online, in der taz - oder in dem Buch \"Terror von rechts\", das am 14. September 2012 erscheint.","sameAs":["http:\/\/publikative.org"],"url":"https:\/\/blog.zeit.de\/stoerungsmelder\/author\/patrick-gensing"}]}},"jetpack_featured_media_url":"","jetpack_sharing_enabled":true,"_links":{"self":[{"href":"https:\/\/blog.zeit.de\/stoerungsmelder\/wp-json\/wp\/v2\/posts\/140","targetHints":{"allow":["GET"]}}],"collection":[{"href":"https:\/\/blog.zeit.de\/stoerungsmelder\/wp-json\/wp\/v2\/posts"}],"about":[{"href":"https:\/\/blog.zeit.de\/stoerungsmelder\/wp-json\/wp\/v2\/types\/post"}],"author":[{"embeddable":true,"href":"https:\/\/blog.zeit.de\/stoerungsmelder\/wp-json\/wp\/v2\/users\/227"}],"replies":[{"embeddable":true,"href":"https:\/\/blog.zeit.de\/stoerungsmelder\/wp-json\/wp\/v2\/comments?post=140"}],"version-history":[{"count":0,"href":"https:\/\/blog.zeit.de\/stoerungsmelder\/wp-json\/wp\/v2\/posts\/140\/revisions"}],"wp:attachment":[{"href":"https:\/\/blog.zeit.de\/stoerungsmelder\/wp-json\/wp\/v2\/media?parent=140"}],"wp:term":[{"taxonomy":"category","embeddable":true,"href":"https:\/\/blog.zeit.de\/stoerungsmelder\/wp-json\/wp\/v2\/categories?post=140"},{"taxonomy":"post_tag","embeddable":true,"href":"https:\/\/blog.zeit.de\/stoerungsmelder\/wp-json\/wp\/v2\/tags?post=140"}],"curies":[{"name":"wp","href":"https:\/\/api.w.org\/{rel}","templated":true}]}}