{"id":14019,"date":"2013-09-17T11:39:55","date_gmt":"2013-09-17T09:39:55","guid":{"rendered":"http:\/\/blog.zeit.de\/stoerungsmelder\/?p=14019"},"modified":"2013-09-17T11:39:56","modified_gmt":"2013-09-17T09:39:56","slug":"bundesweiter-appell-gegen-rassistische-hetze","status":"publish","type":"post","link":"https:\/\/blog.zeit.de\/stoerungsmelder\/2013\/09\/17\/bundesweiter-appell-gegen-rassistische-hetze_14019","title":{"rendered":"Bundesweiter Appell gegen rassistische Hetze"},"content":{"rendered":"<p style=\"text-align: center\"><a href=\"https:\/\/blog.zeit.de\/stoerungsmelder\/2013\/08\/21\/der-steinige-weg-nach-munchen_13821\/fluchtlingsprotest\" rel=\"attachment wp-att-13823\"><img loading=\"lazy\" decoding=\"async\" class=\"size-full wp-image-13823 aligncenter\" alt=\"Fl\u00fcchtlingsprotest\" src=\"https:\/\/blog.zeit.de\/stoerungsmelder\/files\/2013\/08\/Fl\u00fcchtlingsprotest.jpg\" width=\"580\" height=\"300\" srcset=\"https:\/\/blog.zeit.de\/stoerungsmelder\/files\/2013\/08\/Fl\u00fcchtlingsprotest.jpg 580w, https:\/\/blog.zeit.de\/stoerungsmelder\/files\/2013\/08\/Fl\u00fcchtlingsprotest-300x155.jpg 300w\" sizes=\"auto, (max-width: 580px) 100vw, 580px\" \/><\/a><\/p>\n<p>\u201eWir fordern eine Politik, die Fl\u00fcchtlinge sch\u00fctzt und nicht zur Zielscheibe rassistischer Hetze werden l\u00e4sst: F\u00fcr ein Recht von Asylsuchenden auf dezentrale Unterbringung, Bewegungsfreiheit und gleichrangigen Zugang zu Besch\u00e4ftigung.\u201c Mit diesem Statement unterst\u00fctzen mehr als 180 Prominente aus Kirchen, Politik, Gewerkschaften und Wissenschaft\u00a0 den dringenden Appell \u201eRassistischen Kampagnen gegen Fl\u00fcchtlinge und Asylsuchende entgegen zu treten!\u201c<!--more--><\/p>\n<p>Dreizehn leitende Geistliche Evangelischer Kirchen in Deutschland \u2013 darunter die Bisch\u00f6finnen und Bisch\u00f6fe von Sachsen, Berlin-Brandenburg und schlesische Oberlausitz, Baden, der Evangelischen Kirche in Mitteldeutschland und Hannover \u2013, drei Bundestags-Vizepr\u00e4sidentinnen und -pr\u00e4sidenten, DGB-Bundesvorstandsmitglied Annelie Buntenbach sowie Gesine Schwan, Beatrice von Weizs\u00e4cker, die Schauspielerin Iris Berben und zahlreiche TheologInnen, zivilgesellschaftliche Organisationen und WissenschaftlerInnen fordern in einem dringenden Appell eine \u201ePolitik, die Fl\u00fcchtlinge sch\u00fctzt und nicht zur Zielscheibe rassistischer Hetze werden l\u00e4sst.\u201c<\/p>\n<p>Anlass f\u00fcr den Aufruf, der von <a href=\"http:\/\/asf-ev.de\" target=\"_blank\">Aktion S\u00fchnezeichen Friedensdienste<\/a>, der <a href=\"http:\/\/www.amadeu-antonio-stiftung.de\/\" target=\"_blank\">Amadeu Antonio Stiftung<\/a>, <a href=\"http:\/\/www.proasyl.de\/\" target=\"_blank\">Pro Asyl<\/a> und der <a href=\"http:\/\/www.bagkr.de\/\" target=\"_blank\">Bundesarbeitsgemeinschaft Kirche und Rechtsextremismus<\/a> am Freitag ver\u00f6ffentlicht wurde, sind die zunehmenden aggressiven Proteste bis hin zu Gewalttaten gegen Fl\u00fcchtlinge, Asylsuchende und neue Heimstandorte in Ost- und Westdeutschland sowie politische Diskurse, in denen Fl\u00fcchtlinge als \u201enicht anpassungsf\u00e4hig abgewertet\u201c und Fl\u00fcchtlingszahlen als \u201ealarmierend\u201c bezeichnet werden, die weit unter der Anzahl von Asylsuchenden beispielsweise in den Nachbarl\u00e4ndern Syriens liegen.<\/p>\n<p>Die Erstunterzeichnerinnen und -unterzeichner des Appells fordern daher: \u201eDie Ausgrenzung von Fl\u00fcchtlingen und Asylsuchenden muss beendet werden. Wir wollen ein gesellschaftliches Klima des Willkommens schaffen, anstatt Fl\u00fcchtlinge zum Problem zu erkl\u00e4ren und rassistische Kampagnen auf dem R\u00fccken von Schutzsuchenden zu f\u00fchren. Von Politikerinnen und Politikern aller demokratischen Parteien erwarten wir, dass sie sich f\u00fcr faire und z\u00fcgige Asylverfahren, den Zugang von Asylsuchenden zu Deutsch- und Integrationskuren und zum Arbeitsmarkt einsetzen statt rassistischen Vorurteilen oder rechtspopulistischen Kampagnen Vorschub zu leisten. Ziel muss es sein, die Betroffenen zu integrieren statt auszugrenzen.\u201c<\/p>\n<p><strong>Den vollst\u00e4ndigen Text des Appells finden Sie im Anhang und auf den Websites <a href=\"http:\/\/www.asf-ev.de\" target=\"_blank\">www.asf-ev.de<\/a> sowie <a href=\"http:\/\/www.bagkr.de\/aktuell\/reaktionen-auf-nsu-untersuchungsausschuss\/\" target=\"_blank\">www.bagkr.de<\/a><\/strong><\/p>\n<p><em>Liste der Erstunterzeichner_innen:<\/em><\/p>\n<p>Tim Ackermann, DGB Jugendbildungsreferent, Bochum<\/p>\n<p>Bettina Albrecht, Bistum Magdeburg, Referentin im Fachbereich Pastoral in Kirche und Gesellschaft, Magdeburg<\/p>\n<p>Heilgard Asmus, Generalsuperintendentin des Sprengels Potsdam, Potsdam<\/p>\n<p>Sigrid Beer, MdL, Parlamentarische Gesch\u00e4ftsf\u00fchrerin, Schulpolitische Sprecherin, Stv. Mitglied im Petitionsauschuss, B90\/Die Gr\u00fcnen Nordrhein-Westfalen, D\u00fcsseldorf<\/p>\n<p>Pascal Begrich, Gesch\u00e4ftsf\u00fchrer Miteinander e.V., Magdeburg<\/p>\n<p>Ines Behrends, Kirchlicher Entwicklungsdienst der Nordkirche, Wakendorf<\/p>\n<p>Andreas Belz, Referat Politische Bildung Bunder der Deutschen Katholischen Jugend Di\u00f6zesanverband Mainz, Mainz<\/p>\n<p>Norbert Bensch, Vorsitzender des Presbyteriums der Kirchengemeinde Ludwigshafen Mundenheim, Ludwigshafen<\/p>\n<p>Iris Berben, Schauspielerin, M\u00fcnchen<\/p>\n<p>Deidre Berger, Direktorin, American Jewish Committee, Berlin<\/p>\n<p>Michael, Dr. Bertrams, Pr\u00e4sident des Verfassungsgerichtshofs und des Oberverwaltungsgerichts Nordrhein-Westfalen a. D., Telgte<\/p>\n<p>Jochen Bohl, Landesbischof der Evangelisch-Lutherischen Landeskirche Sachsens, Dresden<\/p>\n<p>Nilsen Boudour, Kreisschatzmeisterin B\u00fcndnis 90\/Die Gr\u00fcnen M\u00fclheim an der Ruhr, M\u00fclheim<\/p>\n<p>Stefan Braun, fr\u00fcherer Landtagsabgeordneter und Publizist, Stuttgart, Mitglied in der BAG K+R sowie im Landesnetzwerk f\u00fcr Menschenrechte und Demokratieentwicklung \u2013 gegen Rechtsextremismus und Fremdenfeindlichkeit, Stuttgart<\/p>\n<p>Prof. Dr. Micha Brumlik, Erziehungswissenschaftler und Publizist, Frankfurt a. M.<\/p>\n<p>Maria Buchwitz, Koordinatorin &#8222;Iniative Menschenrechte&#8220; im Unterbezirksvorstand der SPD M\u00fcnster, M\u00fcnster<\/p>\n<p>Annelie Buntenbach, Mitglied des Gesch\u00e4ftsf\u00fchrenden DGB-Bundesvorstandes, Berlin<\/p>\n<p>G\u00fcnter Burkhardt, Gesch\u00e4ftsf\u00fchrer Pro Asyl, Frankfurt<\/p>\n<p>Stefan Carl, Schulreferat im Evangelischen Kirchenkreis Soest, Soest<\/p>\n<p>Angelika Censebrunn, Wissenschaftlicher Mitarbeiter bei Wolfgang Thierse, MdB, Berlin<\/p>\n<p>Ralph Charbonnier, Evangelisch-Lutherischer Kirchenkreis Burgdorf, Superintendent, Burgdorf<\/p>\n<p>Ermofilos Chontolidis, Schauspieler, K\u00f6ln<\/p>\n<p>Georg Classen, Fl\u00fcchtlingsrat Berlin e.V., Berlin<\/p>\n<p>Susanne Cordes, Europareferat Nordkirche, Zentrum f\u00fcr Mission und \u00d6kumene, Jesterburg<\/p>\n<p>PD Dr. Oliver Decker, Leiter der &#8222;Mitte&#8220;-Studien der Universit\u00e4t Leipzig zum Rechtsextremismus in Deutschland, Selbst. Abt. Medizinische Psychologie und Medizinische Soziologie<br \/>\nUniversit\u00e4t Leipzig, Leipzig<\/p>\n<p>Volkmar Deile, ehem. Generalsekret\u00e4r der deutschen Sektion von Amnesty International, Berlin<\/p>\n<p>Fanny Dethloff, Menschenrechts &#8211; und Fl\u00fcchtlingsbeauftragte der Ev.- L\u00fcth Kirche in Norddeutschland, Hamburg und Bundesvorsitzende der \u00d6kumenischen Bundesarbeitsgemeinschaft Asyl in der Kirche, Hamburg<\/p>\n<p>Markus, Dr. Dr\u00f6ge, Bischof der Evangelischen Kirche Berlin-Brandenburg, Detmold<\/p>\n<p>Dr. Martin Dutzmann, Landessuperintendent der Lippischen Landeskirche, Milit\u00e4rbischof der Evangelischen Kirche in Deutschland, Berlin<\/p>\n<p>Ursula Edelhoff, Grebenstein<\/p>\n<p>Susanne Edgington, Mitglied der Gewaltakademie Dortmund, Dortmund<\/p>\n<p>Dorothee Ernst, Pfarrerin, Esslingen<\/p>\n<p>Maria Faber, Bisch\u00f6fliches Ordinariat Magdeburg, Missio-Internationales kath. Missionswerk e. V., Magdeburg<\/p>\n<p>Gisela F\u00e4hndrich, Pr\u00e4sidentin des Antikriegshaus Sievershausen, Dokumentationsst\u00e4tte zu Kriegsgeschehen und \u00fcber Friedensarbeit Sievershausen e.V., Sievershausen<\/p>\n<p>Karlheinz Fichte, Presbyter der Kirchengemeinde Christuskirche, Ludwigshafen-Mundenheim, Ludwigshafen<\/p>\n<p>Dr. Ulrich Fischer, Landesbischof der Evangelischen Landeskirche in Baden, Karlsruhe<\/p>\n<p>Dr. Peter Fischer, In Vertretung f\u00fcr Zentralrat der Juden in Deutschland, Kuratoriumsmitglied von Aktion S\u00fchnezeichen Friedensdienste, Berlin<\/p>\n<p>Thomas Fl\u00f6rchinger, Gesch\u00e4ftsf\u00fchrer \u00d6kumenisches Netzwerks Asyl in der Kirche in NRW e.V., K\u00f6ln<\/p>\n<p>Dieter Frohloff, Amt f\u00fcr Jugendarbeit Ev. Kirche von Westfalen, Referat Gewalt-Rassismus-Rechtsextremismus, Gewalt Akademie Villigst &amp; Mobile Beratung gegen Rechtsextremismus, Villigst<\/p>\n<p>Hans-Georg Furian, Superintendent der Evangelische Kirche Berlin-Brandenburg-schlesische Oberlausitz, Kirchenkreis Lichtenberg-Oberspree, Berlin<\/p>\n<p>Joachim Garstecki, Theologe und Friedensethiker, ehem. Generalsekret\u00e4r von Pax Christ\/Deutsche Sektion (1991 &#8211; 2000), Magdeburg<\/p>\n<p>Thomas Gebauer, Gesch\u00e4ftsf\u00fchrer medico international, Frankfurt a. M.<\/p>\n<p>Dr. Wolfgang Gern, Pfarrer, Vorstandsvorsitzender Diakonie Hessen, Frankfurt am Main<\/p>\n<p>Dietrich Gerstner, Brot &amp; Rosen. Diakonische Basisgemeinschaft, Hamburg<\/p>\n<p>Werner Giese, Vorsitzender Presbyterium der Kirchengemeinde Dortmund-S\u00fcdwest, Dortmund<\/p>\n<p>Bernd Hans G\u00f6hrig, \u00d6kumenisches Netzwerk Initiative Kirche von unten, Bundesgesch\u00e4ftsf\u00fchrer, Frankfurt a. M.<\/p>\n<p>Katrin G\u00f6ring-Eckardt, Vizepr\u00e4sidentin des Deutschen Bundestages, Berlin<\/p>\n<p>Martin Haasler, Referat f\u00fcr \u00f6kumenische Partnerschaften, evangelisch-lutherische Kirche im Norden, Weede<\/p>\n<p>Dr. Judith Hahn, Wissenschaftlicher Mitarbeiter bei Wolfgang Thierse, MdB, Berlin<\/p>\n<p>Melanie Haller, Netzwerk f\u00fcr Demokratische Kultur e.V., Wurzen<\/p>\n<p>Grit Hanneforth, Gesch\u00e4ftsf\u00fchrerin Kulturb\u00fcro Sachsen e.V., Dresden<\/p>\n<p>Prof. Dr. Martin Hein, Bischof der Evangelischen Kirche von Kurhessen-Waldeck, Kassel<\/p>\n<p>Frank Helbeck, Deeskalationstrainer der Gewalt-Akademie-Villigst, Berufsschullehrer in Dortmund, Hagen<br \/>\nMadeleine Henfling, Fl\u00fcchtlingsrat Th\u00fcringen e.V., Vorstandsmitglied, Erfurt<\/p>\n<p>Giselher Hickel, Verein Freunde des Hendrik-Kraemer-Haus e.V., Vorstand, Berlin<\/p>\n<p>J\u00f6rg Hinderer, Leiter der Evang. Erwachsenenbildung Hochrhein-Markgr\u00e4flerland und Asyl-Beauftragter des Evang. Kirchenbezirks Markgr\u00e4flerland, Rheinfelden<\/p>\n<p>Dietmar Hoffmann, Presbyter der Prot. Kirche, Ludwigshafen<\/p>\n<p>Elke Hoffmann, Ehrenpresbyterin der Prot. Kirche, Ludwigshafen<\/p>\n<p>Josef Hofmann, Regensburg<\/p>\n<p>Elvin H\u00fclser, Vorsitzender des Antikriegshaus Sievershausen, Dokumentationsst\u00e4tte zu Kriegsgeschehen und \u00fcber Friedensarbeit Sievershausen e.V., Sievershausen<\/p>\n<p>Claudia H\u00fcttermann, Mitglied in der SPD\/Arbeitskreis: Menschenrechte, M\u00fcnster<\/p>\n<p>Barbara Joswig, Presbyterin, evangelische Kirche Dortmund S\u00fcdwest, Dortmund<\/p>\n<p>Dr. h.c. Frank Otfried July, Landesbischof des Landes W\u00fcrttemberg, Stuttgart<\/p>\n<p>Dr. Volker Jung, Kirchenpr\u00e4sident der Evangelischen Kirche in Hessen und Nassau, Darmstadt<\/p>\n<p>Ilse Junkermann, Landesbisch\u00f6fin der Evangelischen Kirche in Mitteldeutschland, Magdeburg<\/p>\n<p>Broder J\u00fcrgensen, Gesch\u00e4ftsf\u00fchrer Zentrum f\u00fcr Mission und \u00d6kumene &#8211; Nordkirche weltweit, Hamburg<\/p>\n<p>Prof. Dr. Wolf-Dieter Just, Ehrenvorsitzender der &#8222;\u00d6kumenischen BAG Asyl in der Kirche&#8220;, Berlin<\/p>\n<p>Ingrid Just, M\u00fclheimer Fl\u00fcchtlingsrat e. V., Duisburg<\/p>\n<p>Anetta Kahane, Vorsitzende der Amadeu Antonio Stiftung, Berlin<\/p>\n<p>Wolfgang Kaleck, Rechtsanwalt, Berlin<\/p>\n<p>Michael Kauer, Referent im Fachbereich \u201ePastoral\u201c im bisch\u00f6flichen Ordinariat Magdeburg, Magdeburg<\/p>\n<p>Dieter Kaufmann, Vorstandsvorsitzender Diakonisches Werk W\u00fcrttemberg, Oberkirchenrat, Stuttgart<\/p>\n<p>Urs Keller, Vorstandsvorsitzender des Diakonischen Werkes Baden, Oberkirchenrat, Karlsruhe<\/p>\n<p>Prof. Dr. Rainer Kessler, Universit\u00e4t Marburg, Marburg<\/p>\n<p>Johannes Kiess, Wissenschaftlicher Mitarbeiter, Institut f\u00fcr Soziologie der Universit\u00e4t Leipzig, Leipzig<\/p>\n<p>Heiko Klare, Mitarbeiter der Mobilen Beratung gegen Rechtsextremismus in M\u00fcnster (mobim), Haltern am See, M\u00fcnster<\/p>\n<p>Gitta Klein, Remshalden<\/p>\n<p>Bianca Klose, Vorstand des Vereins f\u00fcr Demokratische Kultur in Berlin e.V., Berlin<\/p>\n<p>Detlev Knoche, Leiter Zentrum \u00d6kumene der Evangelischen Kirche in Hessen und Nassau, Oberkirchenrat, Frankfurt a. M.<\/p>\n<p>Magnus Koschig, Dechant, Halle<\/p>\n<p>Prof. em. Dr. Barbara Krause, Katholische Hochschule Nordrhein-Westfalen, Abt. Aachen, Aachen<\/p>\n<p>Daniela Kreh, Sozialp\u00e4dagogin, www.echtstark-gewaltpraevention.de, Neustadt<\/p>\n<p>Franziska Krumwiede, Kreisvorstandsprecherin B\u00fcndnis 90\/Die Gr\u00fcnen M\u00fclheim an der Ruhr, M\u00fclheim<\/p>\n<p>Angelika K\u00fcenzlen, Evangelischer Oberkirchenrat, B\u00fcro f\u00fcr Chancengleichheit, Stuttgart<\/p>\n<p>Maximilian Kuntze, Schulrat, G\u00fctersloh<\/p>\n<p>Prof. Dr. Beate K\u00fcpper, Fachbereich Sozialwesen \/ Hochschule Niederrhein, M\u00f6nchengladbach<\/p>\n<p>Annette Kurschus, Pr\u00e4ses der Evangelischen Kirche von Westfalen, Bielefeld<\/p>\n<p>Robert Kusche, Gesch\u00e4ftsf\u00fchrer der s\u00e4chsischen Beratungsstellen f\u00fcr Betroffene rechter und rassistischer Gewalt des RAA Sachsen e.V., Dresden<\/p>\n<p>Mirjam Lewek, Fl\u00fcchtlingsrat Berlin e.V., Berlin<\/p>\n<p>Heiko Lietz, Menschenrechtler, Mitglied in der Arbeitsgruppe \u201eDemokratie lernen\u201c innerhalb der Nordkirche, Schwerin<\/p>\n<p>Frauke Lietz, Theologin, Rostock<\/p>\n<p>Andreas Lipsch, Vorsitzender PRO ASYL, Frankfurt a. M.<\/p>\n<p>Maria Loheide, Vorstand Sozialpolitik der Diakonie Deutschland &#8211; Evangelischer Bundesverband, Berlin<\/p>\n<p>Horst und Birgit Lohmeyer, Initiatoren der Initiative &#8222;Jemel rockt den F\u00f6rster&#8220;, Jemel<\/p>\n<p>Thomas L\u00f6hr, F\u00f6rderschullehrer &amp; Deeskalationstrainer, M\u00fcnster<\/p>\n<p>Siegrid Lorberg-Tamakloe, Deeskalationstrainerin, Interkulturelle Mediatorin und Beraterin (IACC), Multiplikatorin &#8222;Schritte gegen Tritte&#8220;, Hannover<\/p>\n<p>Cornelia L\u00fcddemann, B\u00fcndnis 90\/ Gr\u00fcne, MdL, Landesvorsitzendes B\u00fcndnis 90\/Gr\u00fcne Sachsen-Anhalt, Magdeburg<\/p>\n<p>Monika L\u00fcpke, M\u00fcnster<\/p>\n<p>Dr. Thomas Lutz, Gedenkst\u00e4ttenreferent der Stiftung Topographie des Terrors, Berlin<\/p>\n<p>Ursula Mai, Initiative pax christi\/Fl\u00fcchtlingskontakte Dresden, Dresden<\/p>\n<p>Aiman Mazyek, Vorsitzender des Zentralrats der Muslime, Berlin<\/p>\n<p>Markus Meckel, Au\u00dfenminister a.D. \/ MdB 1990 \u2013 2009, Berlin<\/p>\n<p>Ralf Meister, Landesbischof der Evangelisch-lutherischen Landeskirche Hannovers, Hannover<\/p>\n<p>Irmela Mensah-Schramm, Ausstellungsprojekt &#8222;Hass vernichtet&#8220;, Berlin<\/p>\n<p>Dr. Bj\u00f6rn Mensing, Pfarrer an der Evangelischen Vers\u00f6hnungskirche in der KZ-Gedenkst\u00e4tte Dachau, Dachau<\/p>\n<p>Heidi Merk, Nieders\u00e4chsische Justiz- und Sozialministerin und Stellvertretende Ministerpr\u00e4sidentin a. D., Hannover<\/p>\n<p>Prof. Dr. Dr. h.c. Hans-Joachim Meyer, S\u00e4chsischer Staatsminister a. D., Berlin<\/p>\n<p>Dr. Winfried Meyer, Gastwissenschaftler Zentrum f\u00fcr Antisemitismusforschung, Berlin<\/p>\n<p>Laines-Brigitte M\u00f6ller, Lehrtrainerin der Gewalt-Akademie-Villigst, Mitglied Tr\u00e4ger der freien Jugendhilfe- Spiel und Kultur \u201eSPUK\u201c e.V., Villigst<\/p>\n<p>Susanne M\u00f6ller, Staatl. anerkannte Erzieherin, Villigster Deeskalationstrainerin Gewalt-Akademie-Villigst, Villigst<\/p>\n<p>Ali Moradi, Gesch\u00e4ftsf\u00fchrer S\u00e4chsischer Fl\u00fcchtlingsrat e.V, Dresden<\/p>\n<p>Dr. Christoph M\u00fcnchow Oberlandeskirchenrat i.R., Bundesvorsitzender Evangelische Arbeitsgemeinschaft f\u00fcr Kriegsdienstverweigerung und Frieden, Bonn<\/p>\n<p>Hildegund Niebch, Referentin f\u00fcr Flucht und Integration, Diakonie Hessen, Frankfurt a. M.<\/p>\n<p>Joachim Nolte, Beauftragter Kirche und Rechtsextremismus, Ev.-Luth. Kirchenkreis L\u00fcbeck-Lauenburg, L\u00fcbeck, L\u00fcbeck<\/p>\n<p>Walter Nuss, Presbyter, Ludwigshafen<\/p>\n<p>Karl-Georg Ohse, Evangelisch-lutherische Kirche Norddeutschland, Schwerin<\/p>\n<p>Sophia Oppermann, Gesch\u00e4ftsf\u00fchrung Gesicht Zeigen! F\u00fcr ein weltoffenes Deutschland, Berlin<\/p>\n<p>Petra Pau, Vizepr\u00e4sidentin des Deutschen Bundestages, Berlin<\/p>\n<p>Alexandra Paul, Deeskalationstrainerin Gewalt und Rassismus Lehrtrainerin der Gewaltakademie Villigst, Schwerte<\/p>\n<p>Peter Perner, Beauftragter Kirche und Rechtsextremismus, Evangelisch-Lutherischen Kirchenkreis L\u00fcbeck-Lauenburg, Ratzeburg, L\u00fcbeck<\/p>\n<p>Ralf-Erik Posselt, Lehrtrainer Gewalt Akademie \/ SOS-Rassismus-NRW, M\u00fclheim an der Ruhr<\/p>\n<p>Thomas Quecke, Stiftungsdirektor Edith-Stein-Schulstiftung des Bistums Magdeburg, Magdeburg<\/p>\n<p>Dr. Elisabeth Raiser, Aktion S\u00fchnezeichen Friedensdienste, Vorsitzende, Berlin<\/p>\n<p>Prof. Dr. Konrad Raiser, Generalsekret\u00e4r des \u00d6kumenischen Rates der Kirchen a.D., Berlin<\/p>\n<p>Regina Reuter-Aller, Pfarrerin, Lauffen<\/p>\n<p>Petra Rosenberg, Landesverband Deutscher Sinti und Roma Berlin-Brandenburg e.V., Berlin<\/p>\n<p>Prof. Dr. Roland Roth, Fachbereich Sozial- und Gesundheitswesen Hochschule Magdeburg-Stendal, Magdeburg<\/p>\n<p>Barbara Rudolph, Oberkirchenr\u00e4tin Evangelische Kirche im Rheinland, D\u00fcsseldorf<\/p>\n<p>Katrin S\u00e4ltzer, Pfarrerin Evangelische Kontaktstelle f\u00fcr Asyl, Reutlingen<\/p>\n<p>Christian Schad, Kirchenpr\u00e4sident der Evangelischen Kirche der Pfalz (Protestantische Landeskirche), Speyer<\/p>\n<p>Dr. Klaus Sch\u00e4fer, Direktor Zentrum f\u00fcr Mission und \u00d6kumene, Kirche des Nordens, Hamburg<\/p>\n<p>Sebastian Scharmer, Rechtsanwalt, Kanzlei Hummel Kaleck Berlin, derzeit Nebenklagevertreter im sog. NSU-Prozess in M\u00fcnchen, Berlin<\/p>\n<p>Christine Scheiberg, Pfarrfrauendienst in W\u00fcrttemberg, Vorsitzende, M\u00fcnsingen<\/p>\n<p>Timmo Scherenberg, Hessischer Fl\u00fcchtlingsrat, Frankfurt a. M.<\/p>\n<p>Gabriele Scherle, Pr\u00f6pstin f\u00fcr Rhein-Main, Frankfurt a. M.<\/p>\n<p>Prof. Dr. Albert Scherr, P\u00e4dagogische Hochschule Freiburg, Freiburg<\/p>\n<p>Dr. h. c. Herbert Schmalstieg, Oberb\u00fcrgermeister der Landeshauptstadt Hannover a. D., Hannover<\/p>\n<p>Heidrun Schmidt, Presbyterin in der Protestantischen Christuskirche, Ludwigshafen Mundenheim, Mundenheim<\/p>\n<p>Jann Schmidt, Kirchenpr\u00e4sident der Evangelisch-reformierten Kirche, Leer<\/p>\n<p>Renate Schmitz-Gebel, www.ichduwirohnegewalt.de, Kleve-D\u00fcffelwald<\/p>\n<p>Stephan Schmitz-Tekaath, Jugendbildungsreferent Bistum Magdeburg, Naumburg<\/p>\n<p>Klaus Schultz, Diakon an der Evangelischen Vers\u00f6hnungskirche in der KZ-Gedenkst\u00e4tte Dachau, Dachau<\/p>\n<p>Susanne Schurr, Pfarrerin i.R., Reutlingen<\/p>\n<p>Prof. Dr. Gesine Schwan, Pr\u00e4sidentin der Humboldt-Viadrina School of Governance, Frankfurt\/Oder<\/p>\n<p>Ines Sedlick, DIE LINKE, Jerichower Land, Burg<\/p>\n<p>Dr. Axel Siegemund, Referat Indien, Zentrum f\u00fcr Mission und \u00d6kumene &#8211; nordkirche weltweit, Hamburg<\/p>\n<p>Yvonne Skerhut, Sozialp\u00e4dagogin, Rottweil<\/p>\n<p>Dr. Christian Staffa, Theologe, Berlin<\/p>\n<p>Dorothea Strube, Leiterin Zentrum Kirchlicher Dienste im Ev.-Luth. Kirchenkreis Mecklenburg, Rostock<\/p>\n<p>Michael Sturm, Mitarbeiter der Mobilen Beratung im Regierungsbezirk M\u00fcnster. Gegen Rechtsextremismus f\u00fcr Demokratie (mobim), M\u00fcnster<\/p>\n<p>Stephanie Sturmhoebel, Zentrum f\u00fcr Mission und \u00d6kumene, Kirche des Nordens, Norderstedt<\/p>\n<p>Syliva Takacs, Bereichsleitung Kirchliche Bahnhofsmission in W\u00fcrttemberg, In Tr\u00e4gerschaft des vij, Stuttgart<\/p>\n<p>Christof Theilemann, Landespfarrer der Evangelische Kirche Berlin-Brandenburg-schlesische Oberlausitz f\u00fcr \u00d6kumene und Weltmission, c\/o Berliner Missionswerk, Berlin<\/p>\n<p>Manfred Thesing, Vorsitzender Katholikenrat im Bistum Trier, Trier<\/p>\n<p>Wolfgang Thierse, Vizepr\u00e4sident des deutschen Bundestags, Berlin<\/p>\n<p>Hanns Thom\u00e4, Beauftragter f\u00fcr Migration und Integration ev. Kirche Berlin-Brandenburg, Berlin<\/p>\n<p>Dr. Andreas Tietze, Pr\u00e4ses der Synode der Nordkirche, Hamburg<\/p>\n<p>Christa Tobaben, Kirchlicher Entwicklungsdienst der Nordkirche, Ahrensburg<\/p>\n<p>Margareta Trende, Pfarrerin der Pankower Hoffnungskirchengemeinde, Berlin<\/p>\n<p>Dr. Ellen Uebersch\u00e4r, Generalsekret\u00e4rin Deutscher Evangelischer Kirchentag, Fulda<\/p>\n<p>Lutz Ulbrich, Trainer f\u00fcr Gewaltpr\u00e4vention u. Deeskalation (Gewalt-Akademie-Villigst), Berlin<\/p>\n<p>Gerhard Ulrich, Landesbischof der Evangelisch-LutherischenKirche in Norddeutschland, Schwerin<\/p>\n<p>Kinga v. Gy\u00f6k\u00f6ssy-Rudersdorf, Evangelische Frauen W\u00fcrttemberg, &#8222;Arbeitskreis Bewahrung der Sch\u00f6pfung&#8220;-CCC Stuttgart, Stuttgart<\/p>\n<p>Friedrich Vetter, Pfarrer i.R. &#8211; Mitglied der H\u00e4rtefallkommission in Rhreinland-Pfalz, Mainz<\/p>\n<p>Hedda Vogel, Deeskalationstrainerin, Gewaltpr\u00e4ventionstrainerin (Gewalt-Akadiemie-Villigst), freiberufliche Dozentin, Bochum<\/p>\n<p>Eva von Angern, Mitglied des Landtages von Sachsen-Anhalt, Fraktion DIE LINKE, Magdeburg<\/p>\n<p>Eberhard von der Heyde, Pastor der evangelischen Kirche im Norden, Zentrum f\u00fcr Mission und \u00d6kumene, Hamburg<\/p>\n<p>Friederike von Kirchbach, \u00d6kumenischer Rat Berlin Brandenburg, Berlin<\/p>\n<p>Dr. Beatrice von Weizs\u00e4cker, Publizistin \/ Mitglied im Pr\u00e4sidium des Deutschen Evangelischen Kirchentags, M\u00fcnchen<\/p>\n<p>Traudl Vorbrodt, Fl\u00fcchtlingsrat Berlin, Berlin<\/p>\n<p>Thomas Wagner, Leitung Aus- und Weiterbildung, Adolf W\u00fcrth GmbH &amp; Co. KG, K\u00fcnzelsau-Gaisbach<\/p>\n<p>Prof. Dr. theol. Friedrich Weber, Landesbischof der Ev.-luth. Landeskirche in Braunschweig, Gesch\u00e4ftsf\u00fchrender Pr\u00e4sident der Gemeinschaft Evangelischer Kirchen in Europa(GEKE), Braunschweig<\/p>\n<p>Rebecca Weis, Gesch\u00e4ftsf\u00fchrung Gesicht Zeigen! F\u00fcr ein weltoffenes Deutschland, Berlin<\/p>\n<p>Hans-Achim Wellnitz, Pfarrer, Wuppertal<\/p>\n<p>Fabian Wei\u00dfbarth, American Jewish Committee, Berlin<\/p>\n<p>Markus Wiechert, Evangelisch-Lutherische Kirche in Norddeutschland, Beauftragter f\u00fcr Landtag und Landesregierung in Mecklenburg-Vorpommern, Kirchenrat, Schwerin<\/p>\n<p>Ralf Wieschhoff, Pfarrer Presbyterium der Kirchengemeinde Dortmund-S\u00fcdwest, Dortmund<\/p>\n<p>Prof. Dr. Michael Wildt, Humboldt-Universit\u00e4t zu Berlin, Lehrstuhl Deutsche Geschichte im 20. Jahrhundert mit Schwerpunkt im Nationalsozialisms, Berlin<\/p>\n<p>Dr. Eske Wollrad, Gesch\u00e4ftsf\u00fchrerin Evangelische Frauen in Deutschland e.V., Hannover<\/p>\n<p>Inamaria Wronka, Sprecherin der M\u00fclheimer Initiative f\u00fcr Toleranz \u2013 M.I.T., M\u00fclheim<\/p>\n<p>Gabriele Wulz, Pr\u00e4latin der w\u00fcrttembergischen Landeskirche, Ulm<\/p>\n<p>Yasmina Zian, Doktorandin in Zentrum f\u00fcr Antisemitismusforschung Berlin , Berlin<\/p>\n<p>Bisch\u00f6fliche Fachkommission Gerechtigkeit, Frieden, Bewahrung der Sch\u00f6pfung&#8220;, Magdeburg<\/p>\n<p>pax christi Deutsche Sektion &#8211; Gesch\u00e4ftsf\u00fchrender Vorstand, Berlin<\/p>\n<p>Bund der Deutschen Katholischen Jugend, D\u00fcsseldorf<\/p>\n","protected":false},"excerpt":{"rendered":"<p>\u201eWir fordern eine Politik, die Fl\u00fcchtlinge sch\u00fctzt und nicht zur Zielscheibe rassistischer Hetze werden l\u00e4sst: F\u00fcr ein Recht von Asylsuchenden auf dezentrale Unterbringung, Bewegungsfreiheit und gleichrangigen Zugang zu Besch\u00e4ftigung.\u201c Mit diesem Statement unterst\u00fctzen mehr als 180 Prominente aus Kirchen, Politik, Gewerkschaften und Wissenschaft\u00a0 den dringenden Appell \u201eRassistischen Kampagnen gegen Fl\u00fcchtlinge und Asylsuchende entgegen zu treten!\u201c<\/p>\n","protected":false},"author":229,"featured_media":0,"comment_status":"open","ping_status":"open","sticky":false,"template":"","format":"standard","meta":{"_jetpack_memberships_contains_paid_content":false,"footnotes":""},"categories":[1515],"tags":[1752,97,955],"class_list":["post-14019","post","type-post","status-publish","format-standard","hentry","category-bundesweit","tag-protest","tag-rassismus","tag-wahlen"],"yoast_head":"<!-- This site is optimized with the Yoast SEO plugin v21.0 - https:\/\/yoast.com\/wordpress\/plugins\/seo\/ -->\n<title>Bundesweiter Appell gegen rassistische Hetze - St\u00f6rungsmelder<\/title>\n<meta name=\"robots\" content=\"index, follow, max-snippet:-1, max-image-preview:large, max-video-preview:-1\" \/>\n<link rel=\"canonical\" href=\"https:\/\/blog.zeit.de\/stoerungsmelder\/2013\/09\/17\/bundesweiter-appell-gegen-rassistische-hetze_14019\" \/>\n<meta property=\"og:locale\" content=\"de_DE\" \/>\n<meta property=\"og:type\" content=\"article\" \/>\n<meta property=\"og:title\" content=\"Bundesweiter Appell gegen rassistische Hetze - St\u00f6rungsmelder\" \/>\n<meta property=\"og:description\" content=\"\u201eWir fordern eine Politik, die Fl\u00fcchtlinge sch\u00fctzt und nicht zur Zielscheibe rassistischer Hetze werden l\u00e4sst: F\u00fcr ein Recht von Asylsuchenden auf dezentrale Unterbringung, Bewegungsfreiheit und gleichrangigen Zugang zu Besch\u00e4ftigung.\u201c Mit diesem Statement unterst\u00fctzen mehr als 180 Prominente aus Kirchen, Politik, Gewerkschaften und Wissenschaft\u00a0 den dringenden Appell \u201eRassistischen Kampagnen gegen Fl\u00fcchtlinge und Asylsuchende entgegen zu treten!\u201c\" \/>\n<meta property=\"og:url\" content=\"https:\/\/blog.zeit.de\/stoerungsmelder\/2013\/09\/17\/bundesweiter-appell-gegen-rassistische-hetze_14019\" \/>\n<meta property=\"og:site_name\" content=\"St\u00f6rungsmelder\" \/>\n<meta property=\"article:published_time\" content=\"2013-09-17T09:39:55+00:00\" \/>\n<meta property=\"article:modified_time\" content=\"2013-09-17T09:39:56+00:00\" \/>\n<meta name=\"author\" content=\"St\u00f6rungsmelder\" \/>\n<meta name=\"twitter:card\" content=\"summary_large_image\" \/>\n<meta name=\"twitter:label1\" content=\"Geschrieben von\" \/>\n\t<meta name=\"twitter:data1\" content=\"St\u00f6rungsmelder\" \/>\n\t<meta name=\"twitter:label2\" content=\"Gesch\u00e4tzte Lesezeit\" \/>\n\t<meta name=\"twitter:data2\" content=\"12\u00a0Minuten\" \/>\n<script type=\"application\/ld+json\" class=\"yoast-schema-graph\">{\"@context\":\"https:\/\/schema.org\",\"@graph\":[{\"@type\":\"WebPage\",\"@id\":\"https:\/\/blog.zeit.de\/stoerungsmelder\/2013\/09\/17\/bundesweiter-appell-gegen-rassistische-hetze_14019\",\"url\":\"https:\/\/blog.zeit.de\/stoerungsmelder\/2013\/09\/17\/bundesweiter-appell-gegen-rassistische-hetze_14019\",\"name\":\"Bundesweiter Appell gegen rassistische Hetze - St\u00f6rungsmelder\",\"isPartOf\":{\"@id\":\"https:\/\/blog.zeit.de\/stoerungsmelder\/#website\"},\"datePublished\":\"2013-09-17T09:39:55+00:00\",\"dateModified\":\"2013-09-17T09:39:56+00:00\",\"author\":{\"@id\":\"https:\/\/blog.zeit.de\/stoerungsmelder\/#\/schema\/person\/fdd0b9818f65738672810b6d6f037f71\"},\"breadcrumb\":{\"@id\":\"https:\/\/blog.zeit.de\/stoerungsmelder\/2013\/09\/17\/bundesweiter-appell-gegen-rassistische-hetze_14019#breadcrumb\"},\"inLanguage\":\"de\",\"potentialAction\":[{\"@type\":\"ReadAction\",\"target\":[\"https:\/\/blog.zeit.de\/stoerungsmelder\/2013\/09\/17\/bundesweiter-appell-gegen-rassistische-hetze_14019\"]}]},{\"@type\":\"BreadcrumbList\",\"@id\":\"https:\/\/blog.zeit.de\/stoerungsmelder\/2013\/09\/17\/bundesweiter-appell-gegen-rassistische-hetze_14019#breadcrumb\",\"itemListElement\":[{\"@type\":\"ListItem\",\"position\":1,\"name\":\"Startseite\",\"item\":\"https:\/\/blog.zeit.de\/stoerungsmelder\"},{\"@type\":\"ListItem\",\"position\":2,\"name\":\"Bundesweiter Appell gegen rassistische Hetze\"}]},{\"@type\":\"WebSite\",\"@id\":\"https:\/\/blog.zeit.de\/stoerungsmelder\/#website\",\"url\":\"https:\/\/blog.zeit.de\/stoerungsmelder\/\",\"name\":\"St\u00f6rungsmelder\",\"description\":\"Recherchen und Analysen \u00fcber die extreme Rechte\",\"potentialAction\":[{\"@type\":\"SearchAction\",\"target\":{\"@type\":\"EntryPoint\",\"urlTemplate\":\"https:\/\/blog.zeit.de\/stoerungsmelder\/?s={search_term_string}\"},\"query-input\":\"required name=search_term_string\"}],\"inLanguage\":\"de\"},{\"@type\":\"Person\",\"@id\":\"https:\/\/blog.zeit.de\/stoerungsmelder\/#\/schema\/person\/fdd0b9818f65738672810b6d6f037f71\",\"name\":\"St\u00f6rungsmelder\",\"image\":{\"@type\":\"ImageObject\",\"inLanguage\":\"de\",\"@id\":\"https:\/\/blog.zeit.de\/stoerungsmelder\/#\/schema\/person\/image\/\",\"url\":\"https:\/\/secure.gravatar.com\/avatar\/dfa4be514c3e82a71e4f9a0020035d38192d080ccaa5e4e6d7a1472c763535c5?s=96&d=mm&r=pg\",\"contentUrl\":\"https:\/\/secure.gravatar.com\/avatar\/dfa4be514c3e82a71e4f9a0020035d38192d080ccaa5e4e6d7a1472c763535c5?s=96&d=mm&r=pg\",\"caption\":\"St\u00f6rungsmelder\"},\"url\":\"https:\/\/blog.zeit.de\/stoerungsmelder\/author\/stoerungsmelder\"}]}<\/script>\n<!-- \/ Yoast SEO plugin. -->","yoast_head_json":{"title":"Bundesweiter Appell gegen rassistische Hetze - St\u00f6rungsmelder","robots":{"index":"index","follow":"follow","max-snippet":"max-snippet:-1","max-image-preview":"max-image-preview:large","max-video-preview":"max-video-preview:-1"},"canonical":"https:\/\/blog.zeit.de\/stoerungsmelder\/2013\/09\/17\/bundesweiter-appell-gegen-rassistische-hetze_14019","og_locale":"de_DE","og_type":"article","og_title":"Bundesweiter Appell gegen rassistische Hetze - St\u00f6rungsmelder","og_description":"\u201eWir fordern eine Politik, die Fl\u00fcchtlinge sch\u00fctzt und nicht zur Zielscheibe rassistischer Hetze werden l\u00e4sst: F\u00fcr ein Recht von Asylsuchenden auf dezentrale Unterbringung, Bewegungsfreiheit und gleichrangigen Zugang zu Besch\u00e4ftigung.\u201c Mit diesem Statement unterst\u00fctzen mehr als 180 Prominente aus Kirchen, Politik, Gewerkschaften und Wissenschaft\u00a0 den dringenden Appell \u201eRassistischen Kampagnen gegen Fl\u00fcchtlinge und Asylsuchende entgegen zu treten!\u201c","og_url":"https:\/\/blog.zeit.de\/stoerungsmelder\/2013\/09\/17\/bundesweiter-appell-gegen-rassistische-hetze_14019","og_site_name":"St\u00f6rungsmelder","article_published_time":"2013-09-17T09:39:55+00:00","article_modified_time":"2013-09-17T09:39:56+00:00","author":"St\u00f6rungsmelder","twitter_card":"summary_large_image","twitter_misc":{"Geschrieben von":"St\u00f6rungsmelder","Gesch\u00e4tzte Lesezeit":"12\u00a0Minuten"},"schema":{"@context":"https:\/\/schema.org","@graph":[{"@type":"WebPage","@id":"https:\/\/blog.zeit.de\/stoerungsmelder\/2013\/09\/17\/bundesweiter-appell-gegen-rassistische-hetze_14019","url":"https:\/\/blog.zeit.de\/stoerungsmelder\/2013\/09\/17\/bundesweiter-appell-gegen-rassistische-hetze_14019","name":"Bundesweiter Appell gegen rassistische Hetze - St\u00f6rungsmelder","isPartOf":{"@id":"https:\/\/blog.zeit.de\/stoerungsmelder\/#website"},"datePublished":"2013-09-17T09:39:55+00:00","dateModified":"2013-09-17T09:39:56+00:00","author":{"@id":"https:\/\/blog.zeit.de\/stoerungsmelder\/#\/schema\/person\/fdd0b9818f65738672810b6d6f037f71"},"breadcrumb":{"@id":"https:\/\/blog.zeit.de\/stoerungsmelder\/2013\/09\/17\/bundesweiter-appell-gegen-rassistische-hetze_14019#breadcrumb"},"inLanguage":"de","potentialAction":[{"@type":"ReadAction","target":["https:\/\/blog.zeit.de\/stoerungsmelder\/2013\/09\/17\/bundesweiter-appell-gegen-rassistische-hetze_14019"]}]},{"@type":"BreadcrumbList","@id":"https:\/\/blog.zeit.de\/stoerungsmelder\/2013\/09\/17\/bundesweiter-appell-gegen-rassistische-hetze_14019#breadcrumb","itemListElement":[{"@type":"ListItem","position":1,"name":"Startseite","item":"https:\/\/blog.zeit.de\/stoerungsmelder"},{"@type":"ListItem","position":2,"name":"Bundesweiter Appell gegen rassistische Hetze"}]},{"@type":"WebSite","@id":"https:\/\/blog.zeit.de\/stoerungsmelder\/#website","url":"https:\/\/blog.zeit.de\/stoerungsmelder\/","name":"St\u00f6rungsmelder","description":"Recherchen und Analysen \u00fcber die extreme Rechte","potentialAction":[{"@type":"SearchAction","target":{"@type":"EntryPoint","urlTemplate":"https:\/\/blog.zeit.de\/stoerungsmelder\/?s={search_term_string}"},"query-input":"required name=search_term_string"}],"inLanguage":"de"},{"@type":"Person","@id":"https:\/\/blog.zeit.de\/stoerungsmelder\/#\/schema\/person\/fdd0b9818f65738672810b6d6f037f71","name":"St\u00f6rungsmelder","image":{"@type":"ImageObject","inLanguage":"de","@id":"https:\/\/blog.zeit.de\/stoerungsmelder\/#\/schema\/person\/image\/","url":"https:\/\/secure.gravatar.com\/avatar\/dfa4be514c3e82a71e4f9a0020035d38192d080ccaa5e4e6d7a1472c763535c5?s=96&d=mm&r=pg","contentUrl":"https:\/\/secure.gravatar.com\/avatar\/dfa4be514c3e82a71e4f9a0020035d38192d080ccaa5e4e6d7a1472c763535c5?s=96&d=mm&r=pg","caption":"St\u00f6rungsmelder"},"url":"https:\/\/blog.zeit.de\/stoerungsmelder\/author\/stoerungsmelder"}]}},"jetpack_featured_media_url":"","jetpack_sharing_enabled":true,"_links":{"self":[{"href":"https:\/\/blog.zeit.de\/stoerungsmelder\/wp-json\/wp\/v2\/posts\/14019","targetHints":{"allow":["GET"]}}],"collection":[{"href":"https:\/\/blog.zeit.de\/stoerungsmelder\/wp-json\/wp\/v2\/posts"}],"about":[{"href":"https:\/\/blog.zeit.de\/stoerungsmelder\/wp-json\/wp\/v2\/types\/post"}],"author":[{"embeddable":true,"href":"https:\/\/blog.zeit.de\/stoerungsmelder\/wp-json\/wp\/v2\/users\/229"}],"replies":[{"embeddable":true,"href":"https:\/\/blog.zeit.de\/stoerungsmelder\/wp-json\/wp\/v2\/comments?post=14019"}],"version-history":[{"count":2,"href":"https:\/\/blog.zeit.de\/stoerungsmelder\/wp-json\/wp\/v2\/posts\/14019\/revisions"}],"predecessor-version":[{"id":14021,"href":"https:\/\/blog.zeit.de\/stoerungsmelder\/wp-json\/wp\/v2\/posts\/14019\/revisions\/14021"}],"wp:attachment":[{"href":"https:\/\/blog.zeit.de\/stoerungsmelder\/wp-json\/wp\/v2\/media?parent=14019"}],"wp:term":[{"taxonomy":"category","embeddable":true,"href":"https:\/\/blog.zeit.de\/stoerungsmelder\/wp-json\/wp\/v2\/categories?post=14019"},{"taxonomy":"post_tag","embeddable":true,"href":"https:\/\/blog.zeit.de\/stoerungsmelder\/wp-json\/wp\/v2\/tags?post=14019"}],"curies":[{"name":"wp","href":"https:\/\/api.w.org\/{rel}","templated":true}]}}