{"id":14022,"date":"2013-09-18T07:30:23","date_gmt":"2013-09-18T05:30:23","guid":{"rendered":"http:\/\/blog.zeit.de\/stoerungsmelder\/?p=14022"},"modified":"2013-09-18T10:43:33","modified_gmt":"2013-09-18T08:43:33","slug":"eine-kuh-in-bayern-hat-mehr-platzanspruch-als-ein-fluchtling","status":"publish","type":"post","link":"https:\/\/blog.zeit.de\/stoerungsmelder\/2013\/09\/18\/eine-kuh-in-bayern-hat-mehr-platzanspruch-als-ein-fluchtling_14022","title":{"rendered":"\u201eEine Kuh in Bayern hat mehr Platzanspruch als ein Fl\u00fcchtling\u201c"},"content":{"rendered":"<p><figure id=\"attachment_14027\" aria-describedby=\"caption-attachment-14027\" style=\"width: 580px\" class=\"wp-caption aligncenter\"><a href=\"https:\/\/blog.zeit.de\/stoerungsmelder\/files\/2013\/09\/IMG_3625.jpg\"><img loading=\"lazy\" decoding=\"async\" class=\"size-full wp-image-14027\" alt=\"Da das Gespr\u00e4ch der Landtagsabgeordneten mit den Fl\u00fcchtlingen nicht wie geplant im bayrischen Landtag stattfand, haben sie heute Morgen davor demonstriert \u00a9 Caro Lobig\" src=\"https:\/\/blog.zeit.de\/stoerungsmelder\/files\/2013\/09\/IMG_3625.jpg\" width=\"580\" height=\"300\" srcset=\"https:\/\/blog.zeit.de\/stoerungsmelder\/files\/2013\/09\/IMG_3625.jpg 580w, https:\/\/blog.zeit.de\/stoerungsmelder\/files\/2013\/09\/IMG_3625-300x155.jpg 300w\" sizes=\"auto, (max-width: 580px) 100vw, 580px\" \/><\/a><figcaption id=\"caption-attachment-14027\" class=\"wp-caption-text\">Da das Gespr\u00e4ch der Landtagsabgeordneten mit den Fl\u00fcchtlingen nicht wie geplant im bayrischen Landtag stattfand, haben sie heute Morgen davor demonstriert \u00a9 Caro Lobig<\/figcaption><\/figure><\/p>\n<p>Im Gro\u00dfen und Ganzen waren sich die bayerischen Landtagsabgeordneten bei ihrem Treffen mit den Asylbewerbern am Dienstag in M\u00fcnchen einig \u2013 sie wollen die Lebensbedingungen f\u00fcr Fl\u00fcchtlinge in Bayern verbessern. Und: die vier Politiker der Parteien SPD, Gr\u00fcne, Freie W\u00e4hler und CSU wollen sich f\u00fcr eine Anh\u00f6rung der Fl\u00fcchtlinge im Landtag einsetzen. Die wird aber fr\u00fchestens im Februar 2014 stattfinden.<!--more--><\/p>\n<p>\u201eJede Kuh in Bayern hat mehr Platzanspruch als ein Fl\u00fcchtling\u201c, erkl\u00e4rte die SPD-Politikerin Isabell Zacharias emp\u00f6rt. Und f\u00fcgte hinzu: \u201eDas geht nicht.\u201c Sie sa\u00df heute Morgen im Eine-Welt-Haus in M\u00fcnchen gemeinsam mit Margarete Bause von den GR\u00dcNEN, Hans J\u00fcrgen Fahn von den Freien W\u00e4hlern und Martin Neumeyer von der CSU sieben Fl\u00fcchtlingen gegen\u00fcber, die voller Hoffnung zuh\u00f6rten.<\/p>\n<p><figure id=\"attachment_14026\" aria-describedby=\"caption-attachment-14026\" style=\"width: 300px\" class=\"wp-caption alignright\"><a href=\"https:\/\/blog.zeit.de\/stoerungsmelder\/files\/2013\/09\/P1040110.jpg\"><img loading=\"lazy\" decoding=\"async\" class=\"size-medium wp-image-14026\" alt=\"Es ist schon die dritte Demonstration, die die Fl\u00fcchtlinge in den letzten zwei Wochen in M\u00fcnchen angemeldet haben \u00a9 Caro Lobig\" src=\"https:\/\/blog.zeit.de\/stoerungsmelder\/files\/2013\/09\/P1040110-300x225.jpg\" width=\"300\" height=\"225\" srcset=\"https:\/\/blog.zeit.de\/stoerungsmelder\/files\/2013\/09\/P1040110-300x225.jpg 300w, https:\/\/blog.zeit.de\/stoerungsmelder\/files\/2013\/09\/P1040110-1024x768.jpg 1024w\" sizes=\"auto, (max-width: 300px) 100vw, 300px\" \/><\/a><figcaption id=\"caption-attachment-14026\" class=\"wp-caption-text\">Es ist schon die dritte Demonstration, die die Fl\u00fcchtlinge in den letzten zwei Wochen in M\u00fcnchen angemeldet haben \u00a9 Caro Lobig<\/figcaption><\/figure><\/p>\n<p>Denn die \u201eNon-Citizens\u201c, wie sie sich selber nennen, sind in einem <a href=\"http:\/\/www.caro-lobig.de\/?p=894\" target=\"_blank\">zweiw\u00f6chigen Protestmarsch nach M\u00fcnchen gekommen<\/a> \u2013 im Kampf gegen Residenzpflicht, Abschiebung und Fl\u00fcchtlingslager. Weitere zwei Wochen haben sie <a href=\"https:\/\/blog.zeit.de\/stoerungsmelder\/2013\/09\/04\/fluchtlingsprotestler-geben-nicht-auf_13905\" target=\"_blank\">in M\u00fcnchen demonstriert<\/a> und auf eine Reaktion aus der Politik gewartet.<\/p>\n<p>Bis heute. Vier bayerische Landtagsabgeordnete waren bereit, mit den Fl\u00fcchtlingen zu sprechen. Erst sprachen drei der sieben Sprecher der <a href=\"http:\/\/refugeestruggle.org\" target=\"_blank\">\u201erefugeestruggle\u201c-Gruppe<\/a>. Anschlie\u00dfend trugen die Politiker ihre Standpunkte vor.<\/p>\n<p>Von Bause (GR\u00dcNE), Fahn (Freie W\u00e4hler) und Zacharias (SPD) erhielten die Fl\u00fcchtlinge f\u00fcr ihre Forderungen gro\u00dfe Zustimmung. Der CSU-Abgeordnete Neumeyer hingegen hielt sich etwas mehr zur\u00fcck. Bause erkl\u00e4rte zu Anfang: \u201eIch will nicht, dass ihr immer weiter protestieren m\u00fcsst, bis hin zum Hungerstreik\u201c. Als erste Rednerin machte die GR\u00dcNEN-Politikerin den Vorschlag, eine Anh\u00f6rung im Landtag zu organisieren. Dort k\u00f6nnten die Fl\u00fcchtlinge von ihrer Situation erz\u00e4hlen und die Politiker Verbesserungen diskutieren.<\/p>\n<p><figure id=\"attachment_14025\" aria-describedby=\"caption-attachment-14025\" style=\"width: 300px\" class=\"wp-caption alignleft\"><a href=\"https:\/\/blog.zeit.de\/stoerungsmelder\/files\/2013\/09\/IMG_3620.jpg\"><img loading=\"lazy\" decoding=\"async\" class=\"size-medium wp-image-14025\" alt=\"Ihre Parolen sind immer laut - egal ob 70 oder 700 Aktivisten demonstrieren \u00a9 Caro Lobig\" src=\"https:\/\/blog.zeit.de\/stoerungsmelder\/files\/2013\/09\/IMG_3620-300x224.jpg\" width=\"300\" height=\"224\" srcset=\"https:\/\/blog.zeit.de\/stoerungsmelder\/files\/2013\/09\/IMG_3620-300x224.jpg 300w, https:\/\/blog.zeit.de\/stoerungsmelder\/files\/2013\/09\/IMG_3620-1024x764.jpg 1024w\" sizes=\"auto, (max-width: 300px) 100vw, 300px\" \/><\/a><figcaption id=\"caption-attachment-14025\" class=\"wp-caption-text\">Ihre Parolen sind immer laut &#8211; egal ob 70 oder 700 Aktivisten demonstrieren \u00a9 Caro Lobig<\/figcaption><\/figure><\/p>\n<p>Fahn unterst\u00fctzte diesen Vorschlag \u2013 und betonte, dass diese Anh\u00f6rung nicht nur vor dem Innenausschuss, sondern gemeinsam mit dem Sozial- und Rechtsausschuss stattfinden solle. Er kritisierte, dass durch das Arbeitsverbot f\u00fcr Fl\u00fcchtlinge gute Arbeitskr\u00e4fte nicht genutzt und bei den Essenspaketen kulturelle Essgewohnheiten nicht ber\u00fccksichtigt werden. Zudem seien die Essenspakete zu teuer.<\/p>\n<p>Der CSU-Politiker und Integrationsbeauftragte Neumeyer widersprach: \u201eEs gibt die M\u00f6glichkeit, dass Fl\u00fcchtlinge sich ihr Essen je nach Kultur unterschiedlich bestellen\u201c. Fahn sch\u00fcttelte den Kopf. Neumeyer findet es dennoch vern\u00fcnftiger, statt Essenspakete Essensgutscheine zu verteilen.<\/p>\n<p>F\u00fcr die Fl\u00fcchtlinge ist das keine L\u00f6sung: \u201eDas ist f\u00fcr uns das gleiche wie Essenspakete\u201c, erkl\u00e4rte einer der sieben anwesenden \u201eNicht-B\u00fcrger\u201c. <a href=\"https:\/\/blog.zeit.de\/stoerungsmelder\/author\/carolobig\" target=\"_blank\">Den Asylsuchenden gehe es um Freiheit und Selbstbestimmung<\/a>. Sie wollten menschlich behandelt werden, eben wie jeder B\u00fcrger auch.<\/p>\n<p>Neumeyer wich aus und wurde ungeduldig. Der CSU-Abgeordnete konzentrierte sich eher auf die angeblichen \u201eVerbesserungen\u201c in der Asylpolitik: Diese habe er in manchen Gemeinschaftsunterk\u00fcnften schon gesehen. Es m\u00fcsse aber \u201einsgesamt noch eine L\u00f6sung gefunden werden\u201c. Weitere Erfolge in Bayern seien, dass die Residenzpflicht von den Landkreisen auf die Bezirke erweitert wurde, unbegleitete Minderj\u00e4hrige eine Ausbildung machen und die Fl\u00fcchtlinge mit Hilfe des Landes die deutsche Sprache lernen d\u00fcrften. Auch wenn es in seiner Partei sicherlich mehr Widerstand gebe als in den Oppositionsfraktionen, wolle Neumeyer sich f\u00fcr eine Anh\u00f6rung der Asylbewerber einsetzen.<\/p>\n<p><figure id=\"attachment_14023\" aria-describedby=\"caption-attachment-14023\" style=\"width: 300px\" class=\"wp-caption alignright\"><a href=\"https:\/\/blog.zeit.de\/stoerungsmelder\/files\/2013\/09\/IMG_3632.jpg\"><img loading=\"lazy\" decoding=\"async\" class=\"size-medium wp-image-14023\" alt=\"Die bayerischen Landtagsabgeordneten haben sich mit sieben Fl\u00fcchtlingen gemeinsam an einen Tisch gesetzt \u00a9 Caro Lobig\" src=\"https:\/\/blog.zeit.de\/stoerungsmelder\/files\/2013\/09\/IMG_3632-300x224.jpg\" width=\"300\" height=\"224\" srcset=\"https:\/\/blog.zeit.de\/stoerungsmelder\/files\/2013\/09\/IMG_3632-300x224.jpg 300w, https:\/\/blog.zeit.de\/stoerungsmelder\/files\/2013\/09\/IMG_3632-1024x764.jpg 1024w\" sizes=\"auto, (max-width: 300px) 100vw, 300px\" \/><\/a><figcaption id=\"caption-attachment-14023\" class=\"wp-caption-text\">Die bayerischen Landtagsabgeordneten haben sich mit sieben Fl\u00fcchtlingen gemeinsam an einen Tisch gesetzt \u00a9 Caro Lobig<\/figcaption><\/figure><\/p>\n<p>Auf so viel Zustimmung der Abgeordneten reagierten die Fl\u00fcchtlinge misstrauisch \u2013 sie konfrontierten die Politiker erneut: \u201eWir k\u00e4mpfen schon seit Anfang 2012 in W\u00fcrzburg. Und auch nach dem Hungerstreik am Rindermarkt haben wir unsere Ziele nicht erreicht\u201c, erkl\u00e4rte einer der Asylbewerber.<\/p>\n<p>Doch so leicht, wie sich die Asylsuchenden politische Ver\u00e4nderungen vorstellen, ist es nicht. \u201eAls Land k\u00f6nnen wir uns um die Lebensbedingungen k\u00fcmmern, aber ein pauschales Bleiberecht in Bayern wird es nicht geben. \u00dcber die Asylverfahren entscheidet der Bund\u201c, so Neumeyer. Alexander Thal vom bayrischen Fl\u00fcchtlingsrat, der das Gespr\u00e4ch moderierte, bat deshalb Zacharias darum, einen Termin beim Bundesamt f\u00fcr Migration und Fl\u00fcchtlinge (BAMF) zu vereinbaren. Dort sollten die Asylbewerber ebenfalls eine Chance bekommen, angeh\u00f6rt zu werden.<\/p>\n<p>Auch ein weiteres Treffen der Fl\u00fcchtlinge mit den Abgeordneten aus den Fraktionen soll es in diesem Jahr nochmal geben. Denn: \u201eVor Februar wird das nichts mit der Anh\u00f6rung im Landtag\u201c, betonte Zacharias.<\/p>\n","protected":false},"excerpt":{"rendered":"<p>Im Gro\u00dfen und Ganzen waren sich die bayerischen Landtagsabgeordneten bei ihrem Treffen mit den Asylbewerbern am Dienstag in M\u00fcnchen einig \u2013 sie wollen die Lebensbedingungen f\u00fcr Fl\u00fcchtlinge in Bayern verbessern. Und: die vier Politiker der Parteien SPD, Gr\u00fcne, Freie W\u00e4hler und CSU wollen sich f\u00fcr eine Anh\u00f6rung der Fl\u00fcchtlinge im Landtag einsetzen. Die wird aber [&hellip;]<\/p>\n","protected":false},"author":396,"featured_media":0,"comment_status":"open","ping_status":"open","sticky":false,"template":"","format":"standard","meta":{"_jetpack_memberships_contains_paid_content":false,"footnotes":""},"categories":[59],"tags":[29271,29270,903,28218,29269,29265,12223,24636,906,908,29268,1664,1680,29267,97,28195,26528,29242,1769,916,29266],"class_list":["post-14022","post","type-post","status-publish","format-standard","hentry","category-bayern","tag-anhorung","tag-bayrischer-landtag","tag-csu","tag-essenspakete","tag-fahn","tag-fluchtlinge-munchen","tag-fluchtlingslager","tag-forderungen","tag-freie-wahler","tag-grune","tag-hause","tag-landtag","tag-munchen","tag-neumeyer","tag-rassismus","tag-refugee","tag-refugeestrike","tag-refugeestruggle","tag-residenzpflicht","tag-spd","tag-zacharias"],"yoast_head":"<!-- This site is optimized with the Yoast SEO plugin v21.0 - https:\/\/yoast.com\/wordpress\/plugins\/seo\/ -->\n<title>\u201eEine Kuh in Bayern hat mehr Platzanspruch als ein Fl\u00fcchtling\u201c - St\u00f6rungsmelder<\/title>\n<meta name=\"robots\" content=\"index, follow, max-snippet:-1, max-image-preview:large, max-video-preview:-1\" \/>\n<link rel=\"canonical\" href=\"https:\/\/blog.zeit.de\/stoerungsmelder\/2013\/09\/18\/eine-kuh-in-bayern-hat-mehr-platzanspruch-als-ein-fluchtling_14022\" \/>\n<meta property=\"og:locale\" content=\"de_DE\" \/>\n<meta property=\"og:type\" content=\"article\" \/>\n<meta property=\"og:title\" content=\"\u201eEine Kuh in Bayern hat mehr Platzanspruch als ein Fl\u00fcchtling\u201c - St\u00f6rungsmelder\" \/>\n<meta property=\"og:description\" content=\"Im Gro\u00dfen und Ganzen waren sich die bayerischen Landtagsabgeordneten bei ihrem Treffen mit den Asylbewerbern am Dienstag in M\u00fcnchen einig \u2013 sie wollen die Lebensbedingungen f\u00fcr Fl\u00fcchtlinge in Bayern verbessern. Und: die vier Politiker der Parteien SPD, Gr\u00fcne, Freie W\u00e4hler und CSU wollen sich f\u00fcr eine Anh\u00f6rung der Fl\u00fcchtlinge im Landtag einsetzen. Die wird aber [&hellip;]\" \/>\n<meta property=\"og:url\" content=\"https:\/\/blog.zeit.de\/stoerungsmelder\/2013\/09\/18\/eine-kuh-in-bayern-hat-mehr-platzanspruch-als-ein-fluchtling_14022\" \/>\n<meta property=\"og:site_name\" content=\"St\u00f6rungsmelder\" \/>\n<meta property=\"article:published_time\" content=\"2013-09-18T05:30:23+00:00\" \/>\n<meta property=\"article:modified_time\" content=\"2013-09-18T08:43:33+00:00\" \/>\n<meta property=\"og:image\" content=\"https:\/\/blog.zeit.de\/stoerungsmelder\/files\/2013\/09\/IMG_3625.jpg\" \/>\n<meta name=\"author\" content=\"Caro Lobig\" \/>\n<meta name=\"twitter:card\" content=\"summary_large_image\" \/>\n<meta name=\"twitter:label1\" content=\"Geschrieben von\" \/>\n\t<meta name=\"twitter:data1\" content=\"Caro Lobig\" \/>\n\t<meta name=\"twitter:label2\" content=\"Gesch\u00e4tzte Lesezeit\" \/>\n\t<meta name=\"twitter:data2\" content=\"4\u00a0Minuten\" \/>\n<script type=\"application\/ld+json\" class=\"yoast-schema-graph\">{\"@context\":\"https:\/\/schema.org\",\"@graph\":[{\"@type\":\"WebPage\",\"@id\":\"https:\/\/blog.zeit.de\/stoerungsmelder\/2013\/09\/18\/eine-kuh-in-bayern-hat-mehr-platzanspruch-als-ein-fluchtling_14022\",\"url\":\"https:\/\/blog.zeit.de\/stoerungsmelder\/2013\/09\/18\/eine-kuh-in-bayern-hat-mehr-platzanspruch-als-ein-fluchtling_14022\",\"name\":\"\u201eEine Kuh in Bayern hat mehr Platzanspruch als ein Fl\u00fcchtling\u201c - St\u00f6rungsmelder\",\"isPartOf\":{\"@id\":\"https:\/\/blog.zeit.de\/stoerungsmelder\/#website\"},\"datePublished\":\"2013-09-18T05:30:23+00:00\",\"dateModified\":\"2013-09-18T08:43:33+00:00\",\"author\":{\"@id\":\"https:\/\/blog.zeit.de\/stoerungsmelder\/#\/schema\/person\/f3e6c1490ea5dfff0be6231854ccb666\"},\"breadcrumb\":{\"@id\":\"https:\/\/blog.zeit.de\/stoerungsmelder\/2013\/09\/18\/eine-kuh-in-bayern-hat-mehr-platzanspruch-als-ein-fluchtling_14022#breadcrumb\"},\"inLanguage\":\"de\",\"potentialAction\":[{\"@type\":\"ReadAction\",\"target\":[\"https:\/\/blog.zeit.de\/stoerungsmelder\/2013\/09\/18\/eine-kuh-in-bayern-hat-mehr-platzanspruch-als-ein-fluchtling_14022\"]}]},{\"@type\":\"BreadcrumbList\",\"@id\":\"https:\/\/blog.zeit.de\/stoerungsmelder\/2013\/09\/18\/eine-kuh-in-bayern-hat-mehr-platzanspruch-als-ein-fluchtling_14022#breadcrumb\",\"itemListElement\":[{\"@type\":\"ListItem\",\"position\":1,\"name\":\"Startseite\",\"item\":\"https:\/\/blog.zeit.de\/stoerungsmelder\"},{\"@type\":\"ListItem\",\"position\":2,\"name\":\"\u201eEine Kuh in Bayern hat mehr Platzanspruch als ein Fl\u00fcchtling\u201c\"}]},{\"@type\":\"WebSite\",\"@id\":\"https:\/\/blog.zeit.de\/stoerungsmelder\/#website\",\"url\":\"https:\/\/blog.zeit.de\/stoerungsmelder\/\",\"name\":\"St\u00f6rungsmelder\",\"description\":\"Recherchen und Analysen \u00fcber die extreme Rechte\",\"potentialAction\":[{\"@type\":\"SearchAction\",\"target\":{\"@type\":\"EntryPoint\",\"urlTemplate\":\"https:\/\/blog.zeit.de\/stoerungsmelder\/?s={search_term_string}\"},\"query-input\":\"required name=search_term_string\"}],\"inLanguage\":\"de\"},{\"@type\":\"Person\",\"@id\":\"https:\/\/blog.zeit.de\/stoerungsmelder\/#\/schema\/person\/f3e6c1490ea5dfff0be6231854ccb666\",\"name\":\"Caro Lobig\",\"image\":{\"@type\":\"ImageObject\",\"inLanguage\":\"de\",\"@id\":\"https:\/\/blog.zeit.de\/stoerungsmelder\/#\/schema\/person\/image\/\",\"url\":\"https:\/\/secure.gravatar.com\/avatar\/11e4070eb0d2dee2201c53b4642a1890cde21277959bf7e82b5e62a69720b0fe?s=96&d=mm&r=pg\",\"contentUrl\":\"https:\/\/secure.gravatar.com\/avatar\/11e4070eb0d2dee2201c53b4642a1890cde21277959bf7e82b5e62a69720b0fe?s=96&d=mm&r=pg\",\"caption\":\"Caro Lobig\"},\"sameAs\":[\"http:\/\/www.caro-lobig.de\"],\"url\":\"https:\/\/blog.zeit.de\/stoerungsmelder\/author\/carolobig\"}]}<\/script>\n<!-- \/ Yoast SEO plugin. -->","yoast_head_json":{"title":"\u201eEine Kuh in Bayern hat mehr Platzanspruch als ein Fl\u00fcchtling\u201c - St\u00f6rungsmelder","robots":{"index":"index","follow":"follow","max-snippet":"max-snippet:-1","max-image-preview":"max-image-preview:large","max-video-preview":"max-video-preview:-1"},"canonical":"https:\/\/blog.zeit.de\/stoerungsmelder\/2013\/09\/18\/eine-kuh-in-bayern-hat-mehr-platzanspruch-als-ein-fluchtling_14022","og_locale":"de_DE","og_type":"article","og_title":"\u201eEine Kuh in Bayern hat mehr Platzanspruch als ein Fl\u00fcchtling\u201c - St\u00f6rungsmelder","og_description":"Im Gro\u00dfen und Ganzen waren sich die bayerischen Landtagsabgeordneten bei ihrem Treffen mit den Asylbewerbern am Dienstag in M\u00fcnchen einig \u2013 sie wollen die Lebensbedingungen f\u00fcr Fl\u00fcchtlinge in Bayern verbessern. Und: die vier Politiker der Parteien SPD, Gr\u00fcne, Freie W\u00e4hler und CSU wollen sich f\u00fcr eine Anh\u00f6rung der Fl\u00fcchtlinge im Landtag einsetzen. Die wird aber [&hellip;]","og_url":"https:\/\/blog.zeit.de\/stoerungsmelder\/2013\/09\/18\/eine-kuh-in-bayern-hat-mehr-platzanspruch-als-ein-fluchtling_14022","og_site_name":"St\u00f6rungsmelder","article_published_time":"2013-09-18T05:30:23+00:00","article_modified_time":"2013-09-18T08:43:33+00:00","og_image":[{"url":"https:\/\/blog.zeit.de\/stoerungsmelder\/files\/2013\/09\/IMG_3625.jpg"}],"author":"Caro Lobig","twitter_card":"summary_large_image","twitter_misc":{"Geschrieben von":"Caro Lobig","Gesch\u00e4tzte Lesezeit":"4\u00a0Minuten"},"schema":{"@context":"https:\/\/schema.org","@graph":[{"@type":"WebPage","@id":"https:\/\/blog.zeit.de\/stoerungsmelder\/2013\/09\/18\/eine-kuh-in-bayern-hat-mehr-platzanspruch-als-ein-fluchtling_14022","url":"https:\/\/blog.zeit.de\/stoerungsmelder\/2013\/09\/18\/eine-kuh-in-bayern-hat-mehr-platzanspruch-als-ein-fluchtling_14022","name":"\u201eEine Kuh in Bayern hat mehr Platzanspruch als ein Fl\u00fcchtling\u201c - St\u00f6rungsmelder","isPartOf":{"@id":"https:\/\/blog.zeit.de\/stoerungsmelder\/#website"},"datePublished":"2013-09-18T05:30:23+00:00","dateModified":"2013-09-18T08:43:33+00:00","author":{"@id":"https:\/\/blog.zeit.de\/stoerungsmelder\/#\/schema\/person\/f3e6c1490ea5dfff0be6231854ccb666"},"breadcrumb":{"@id":"https:\/\/blog.zeit.de\/stoerungsmelder\/2013\/09\/18\/eine-kuh-in-bayern-hat-mehr-platzanspruch-als-ein-fluchtling_14022#breadcrumb"},"inLanguage":"de","potentialAction":[{"@type":"ReadAction","target":["https:\/\/blog.zeit.de\/stoerungsmelder\/2013\/09\/18\/eine-kuh-in-bayern-hat-mehr-platzanspruch-als-ein-fluchtling_14022"]}]},{"@type":"BreadcrumbList","@id":"https:\/\/blog.zeit.de\/stoerungsmelder\/2013\/09\/18\/eine-kuh-in-bayern-hat-mehr-platzanspruch-als-ein-fluchtling_14022#breadcrumb","itemListElement":[{"@type":"ListItem","position":1,"name":"Startseite","item":"https:\/\/blog.zeit.de\/stoerungsmelder"},{"@type":"ListItem","position":2,"name":"\u201eEine Kuh in Bayern hat mehr Platzanspruch als ein Fl\u00fcchtling\u201c"}]},{"@type":"WebSite","@id":"https:\/\/blog.zeit.de\/stoerungsmelder\/#website","url":"https:\/\/blog.zeit.de\/stoerungsmelder\/","name":"St\u00f6rungsmelder","description":"Recherchen und Analysen \u00fcber die extreme Rechte","potentialAction":[{"@type":"SearchAction","target":{"@type":"EntryPoint","urlTemplate":"https:\/\/blog.zeit.de\/stoerungsmelder\/?s={search_term_string}"},"query-input":"required name=search_term_string"}],"inLanguage":"de"},{"@type":"Person","@id":"https:\/\/blog.zeit.de\/stoerungsmelder\/#\/schema\/person\/f3e6c1490ea5dfff0be6231854ccb666","name":"Caro Lobig","image":{"@type":"ImageObject","inLanguage":"de","@id":"https:\/\/blog.zeit.de\/stoerungsmelder\/#\/schema\/person\/image\/","url":"https:\/\/secure.gravatar.com\/avatar\/11e4070eb0d2dee2201c53b4642a1890cde21277959bf7e82b5e62a69720b0fe?s=96&d=mm&r=pg","contentUrl":"https:\/\/secure.gravatar.com\/avatar\/11e4070eb0d2dee2201c53b4642a1890cde21277959bf7e82b5e62a69720b0fe?s=96&d=mm&r=pg","caption":"Caro Lobig"},"sameAs":["http:\/\/www.caro-lobig.de"],"url":"https:\/\/blog.zeit.de\/stoerungsmelder\/author\/carolobig"}]}},"jetpack_featured_media_url":"","jetpack_sharing_enabled":true,"_links":{"self":[{"href":"https:\/\/blog.zeit.de\/stoerungsmelder\/wp-json\/wp\/v2\/posts\/14022","targetHints":{"allow":["GET"]}}],"collection":[{"href":"https:\/\/blog.zeit.de\/stoerungsmelder\/wp-json\/wp\/v2\/posts"}],"about":[{"href":"https:\/\/blog.zeit.de\/stoerungsmelder\/wp-json\/wp\/v2\/types\/post"}],"author":[{"embeddable":true,"href":"https:\/\/blog.zeit.de\/stoerungsmelder\/wp-json\/wp\/v2\/users\/396"}],"replies":[{"embeddable":true,"href":"https:\/\/blog.zeit.de\/stoerungsmelder\/wp-json\/wp\/v2\/comments?post=14022"}],"version-history":[{"count":5,"href":"https:\/\/blog.zeit.de\/stoerungsmelder\/wp-json\/wp\/v2\/posts\/14022\/revisions"}],"predecessor-version":[{"id":14033,"href":"https:\/\/blog.zeit.de\/stoerungsmelder\/wp-json\/wp\/v2\/posts\/14022\/revisions\/14033"}],"wp:attachment":[{"href":"https:\/\/blog.zeit.de\/stoerungsmelder\/wp-json\/wp\/v2\/media?parent=14022"}],"wp:term":[{"taxonomy":"category","embeddable":true,"href":"https:\/\/blog.zeit.de\/stoerungsmelder\/wp-json\/wp\/v2\/categories?post=14022"},{"taxonomy":"post_tag","embeddable":true,"href":"https:\/\/blog.zeit.de\/stoerungsmelder\/wp-json\/wp\/v2\/tags?post=14022"}],"curies":[{"name":"wp","href":"https:\/\/api.w.org\/{rel}","templated":true}]}}