{"id":14035,"date":"2013-09-18T12:35:15","date_gmt":"2013-09-18T10:35:15","guid":{"rendered":"http:\/\/blog.zeit.de\/stoerungsmelder\/?p=14035"},"modified":"2013-09-18T13:56:39","modified_gmt":"2013-09-18T11:56:39","slug":"brandenburger-staatsschutz-im-zwielicht","status":"publish","type":"post","link":"https:\/\/blog.zeit.de\/stoerungsmelder\/2013\/09\/18\/brandenburger-staatsschutz-im-zwielicht_14035","title":{"rendered":"Brandenburger Staatsschutz im Zwielicht"},"content":{"rendered":"<p>Nach dem <a href=\"https:\/\/blog.zeit.de\/stoerungsmelder\/2013\/08\/16\/rechte-banner-braune-trikots-tus-sachsenhausen-im-braunen-dickicht_13756\" target=\"_blank\">Neonazi-Skandal beim Fu\u00dfballklub<\/a> TuS Sachsenhausen soll ein Beamter in Oranienburg Demokratieberater diffamiert haben.<!--more--><\/p>\n<p><em>Von Alexander Fr\u00f6hlich<\/em><\/p>\n<p>Nach dem Skandal um rechte Umtriebe beim Fu\u00dfballverein TuS Sachenhausen in Oranienburg (Oberhavel) geriet der polizeiliche Staatsschutz ins Zwielicht. Gegen einen Beamten hat es nach Beschwerden interne Ermittlungen gegeben. Es geht um einen schweren Vorwurf: Ein Staatssch\u00fctzer soll sich abf\u00e4llig \u00fcber das \u00f6rtlich zust\u00e4ndige Mobile Beratungsteam, das Kommunen und Vereine bei Problemen mit Rechtsextremisten ber\u00e4t, ge\u00e4u\u00dfert und den von Neonazi-Aktionen ersch\u00fctterten Fu\u00dfballverein von einer Zusammenarbeit abgeraten haben.<\/p>\n<p>Der Fall ist an oberster Stelle als so brisant eingestuft worden, dass sich Brandenburgs neuer Ministerpr\u00e4sident Dietmar Woidke (SPD) noch als Innenminister pers\u00f6nlich einschaltete. Ermittelt wurde polizeiintern, weil der Verdacht laut geworden war, der Staatssch\u00fctzer h\u00e4tte das Mobile Beratungsteam als linksextrem bezeichnet. Die 1998 gegr\u00fcndeten sechs Mobilen Beratungsteams des Gemeinweseninstituts demos gelten als wichtigster Baustein im Handlungskonzept \u201eTolerantes Brandenburg\u201c der Landesregierung. \u201eDas Modell ist ein Exportschlager und wurde von anderen Bundesl\u00e4ndern \u00fcbernommen\u201c, sagt Angelika Thiel-Vigh, Leiterin der Koordinierungsstelle im Bildungsministerium. \u201eSie leisten wichtige Arbeit im Kampf gegen Rechtsextremismus und zur St\u00e4rkung von Zivilgesellschaft und Demokratie. Sie haben eine guten Ruf bei Landr\u00e4ten und B\u00fcrgermeistern.\u201c Jonas Frykman, Gesch\u00e4ftsstellenleiter des landesweiten Aktionsb\u00fcndnisses gegen Gewalt, Rechtsextremismus und Fremdenfeindlichkeit, sagt: \u201eDie Mobilen Beratungsteams sind in Brandenburg entwickelt worden und nicht ohne Grund von anderen Bundesl\u00e4ndern \u00fcbernommen worden. Sie haben sich bew\u00e4hrt.\u201c<\/p>\n<p>Schon nach der ersten Aktion von Rechtsextremen im Sachsenhauser Stadion im Mai (siehe Kasten) wurden nicht nur die Sicherheitsbeh\u00f6rden, Staatsanwaltschaft, Polizei und Verfassungsschutz aktiv. Auch das landesweite Beratungs- und Eingreifsystem fuhr hoch, das im Rahmen von \u201eTolerantes Brandenburg\u201c beim Verdacht auf braune Umtriebe aktiv wird. Zumal der TuS Sachsenhausen seit Jahren Rechtsextreme in den eigenen Reihen duldete, mit mehreren braunen Propagandaaktionen aus den eigenen Reihen in die Schlagzeilen geriet und sich erstmals die Chance bot, das zu \u00e4ndern.<\/p>\n<p>Augenzeugenberichten zufolge soll ein Staatssch\u00fctzer bei einem Treffen mit Vertretern von Verein, Polizei und Kommune TuS Sachsenhausen von einer Kooperation mit dem Mobilen Beratungsteam abgeraten haben. \u201eZiemlich deutlich sogar\u201c, wie ein Augenzeuge berichtet. Der Staatssch\u00fctzer soll sich selbst als Ansprechpartner zur Aufkl\u00e4rung \u00fcber rechtes Gedankengut angeboten haben. Ob der Staatssch\u00fctzer die Mitarbeiter des MBT auch als linksextrem bezeichnet hat, dar\u00fcber gegen die Aussagen der Teilnehmer auseinander. \u201eMan konnte ihn missverstehen\u201c, erkl\u00e4rt ein Teilnehmer. Selbst Woidke erfuhr noch als Innenminister davon, interne Ermittlungen wurden eingeleitet, der Beamte musste einen Bericht an den Ex-Innenminister verfassen. Das Verfahren wurde aber eingestellt. Die Vorw\u00fcrfe seien vollst\u00e4ndig entkr\u00e4ftet worden, sagt ein Sprecher des Polizeipr\u00e4sidiums. Der Beamte habe sich nach Einsch\u00e4tzung des Pr\u00e4sidiums sach- und fachgerecht verhalten und in die Diskussion eingebracht. \u201eSofern es dabei zu Missdeutungen oder Missverst\u00e4ndnissen bei anderen Gespr\u00e4chsteilnehmern gekommen sein sollte, so waren diese durch den Beamten in keiner Weise beabsichtigt\u201c, teilt das Pr\u00e4sidium mit. F\u00fcr die Polizei sei die Zusammenarbeit mit dem MBT unverzichtbarer Bestandteil ihrer Strategie zur Bek\u00e4mpfung des Rechtsextremismus.<\/p>\n<p>Der Darstellung widersprechen Augenzeugen. Demnach soll der Beamte sich ganz klar gegen eine Zusammenarbeit des Vereins mit dem MBT gestellt haben. F\u00fcr Angelika Thiel-Vigh von \u201eTolerantes Brandenburg\u201c ein Affront. \u201eEs reicht schon, wenn jemand davon abr\u00e4t. Wenn jemand leichtfertig so etwas sagt, muss man alles tun, um sich dagegenzustellen.\u201c Sie kenne die Beratungsteams als \u201el\u00f6sungsorientiert und nicht ideologisch gepr\u00e4gt\u201c.<\/p>\n<p>Tats\u00e4chlich f\u00e4llt der Staatsschutz in Oranienburg nicht zum ersten Mal auf. Im Rathaus ist von fehlender Kommunikation und mangelhaftem Informationsaustausch die Rede. Das \u00f6rtliche \u201eForum gegen Rassismus und rechte Gewalt\u201c berichtet von Zerw\u00fcrfnissen. \u201eWir w\u00fcrden uns freuen, wenn die Polizei deutlicher ihr Interesse an einer Zusammenarbeit mit uns zeigen w\u00fcrde\u201c, teilt der Sprecherrat des Forums mit. Der Staatsschutz sei nicht unumstritten und Angriffe von Neonazis auf Veranstaltungen des Forums \u201eselten hilfreich\u201c gewesen. Ein \u201eNationales Jugendzentrum\u201c h\u00e4tte nicht \u201ezu erkennbaren Gegenma\u00dfnahmen\u201c gef\u00fchrt.<\/p>\n<p>Die Spitze der Polizeidirektion Nord mit Sitz in Neuruppin wusste von all dem lange nichts \u2013 und schaltete sich im Zuge der PNN-Recherchen ein.<\/p>\n","protected":false},"excerpt":{"rendered":"<p>Nach dem Neonazi-Skandal beim Fu\u00dfballklub TuS Sachsenhausen soll ein Beamter in Oranienburg Demokratieberater diffamiert haben.<\/p>\n","protected":false},"author":229,"featured_media":0,"comment_status":"open","ping_status":"open","sticky":false,"template":"","format":"standard","meta":{"_jetpack_memberships_contains_paid_content":false,"footnotes":""},"categories":[1451],"tags":[666,29272],"class_list":["post-14035","post","type-post","status-publish","format-standard","hentry","category-brandenburg","tag-fusball","tag-staatsschutz"],"yoast_head":"<!-- This site is optimized with the Yoast SEO plugin v21.0 - https:\/\/yoast.com\/wordpress\/plugins\/seo\/ -->\n<title>Brandenburger Staatsschutz im Zwielicht - St\u00f6rungsmelder<\/title>\n<meta name=\"robots\" content=\"index, follow, max-snippet:-1, max-image-preview:large, max-video-preview:-1\" \/>\n<link rel=\"canonical\" href=\"https:\/\/blog.zeit.de\/stoerungsmelder\/2013\/09\/18\/brandenburger-staatsschutz-im-zwielicht_14035\" \/>\n<meta property=\"og:locale\" content=\"de_DE\" \/>\n<meta property=\"og:type\" content=\"article\" \/>\n<meta property=\"og:title\" content=\"Brandenburger Staatsschutz im Zwielicht - St\u00f6rungsmelder\" \/>\n<meta property=\"og:description\" content=\"Nach dem Neonazi-Skandal beim Fu\u00dfballklub TuS Sachsenhausen soll ein Beamter in Oranienburg Demokratieberater diffamiert haben.\" \/>\n<meta property=\"og:url\" content=\"https:\/\/blog.zeit.de\/stoerungsmelder\/2013\/09\/18\/brandenburger-staatsschutz-im-zwielicht_14035\" \/>\n<meta property=\"og:site_name\" content=\"St\u00f6rungsmelder\" \/>\n<meta property=\"article:published_time\" content=\"2013-09-18T10:35:15+00:00\" \/>\n<meta property=\"article:modified_time\" content=\"2013-09-18T11:56:39+00:00\" \/>\n<meta name=\"author\" content=\"St\u00f6rungsmelder\" \/>\n<meta name=\"twitter:card\" content=\"summary_large_image\" \/>\n<meta name=\"twitter:label1\" content=\"Geschrieben von\" \/>\n\t<meta name=\"twitter:data1\" content=\"St\u00f6rungsmelder\" \/>\n\t<meta name=\"twitter:label2\" content=\"Gesch\u00e4tzte Lesezeit\" \/>\n\t<meta name=\"twitter:data2\" content=\"3\u00a0Minuten\" \/>\n<script type=\"application\/ld+json\" class=\"yoast-schema-graph\">{\"@context\":\"https:\/\/schema.org\",\"@graph\":[{\"@type\":\"WebPage\",\"@id\":\"https:\/\/blog.zeit.de\/stoerungsmelder\/2013\/09\/18\/brandenburger-staatsschutz-im-zwielicht_14035\",\"url\":\"https:\/\/blog.zeit.de\/stoerungsmelder\/2013\/09\/18\/brandenburger-staatsschutz-im-zwielicht_14035\",\"name\":\"Brandenburger Staatsschutz im Zwielicht - St\u00f6rungsmelder\",\"isPartOf\":{\"@id\":\"https:\/\/blog.zeit.de\/stoerungsmelder\/#website\"},\"datePublished\":\"2013-09-18T10:35:15+00:00\",\"dateModified\":\"2013-09-18T11:56:39+00:00\",\"author\":{\"@id\":\"https:\/\/blog.zeit.de\/stoerungsmelder\/#\/schema\/person\/fdd0b9818f65738672810b6d6f037f71\"},\"breadcrumb\":{\"@id\":\"https:\/\/blog.zeit.de\/stoerungsmelder\/2013\/09\/18\/brandenburger-staatsschutz-im-zwielicht_14035#breadcrumb\"},\"inLanguage\":\"de\",\"potentialAction\":[{\"@type\":\"ReadAction\",\"target\":[\"https:\/\/blog.zeit.de\/stoerungsmelder\/2013\/09\/18\/brandenburger-staatsschutz-im-zwielicht_14035\"]}]},{\"@type\":\"BreadcrumbList\",\"@id\":\"https:\/\/blog.zeit.de\/stoerungsmelder\/2013\/09\/18\/brandenburger-staatsschutz-im-zwielicht_14035#breadcrumb\",\"itemListElement\":[{\"@type\":\"ListItem\",\"position\":1,\"name\":\"Startseite\",\"item\":\"https:\/\/blog.zeit.de\/stoerungsmelder\"},{\"@type\":\"ListItem\",\"position\":2,\"name\":\"Brandenburger Staatsschutz im Zwielicht\"}]},{\"@type\":\"WebSite\",\"@id\":\"https:\/\/blog.zeit.de\/stoerungsmelder\/#website\",\"url\":\"https:\/\/blog.zeit.de\/stoerungsmelder\/\",\"name\":\"St\u00f6rungsmelder\",\"description\":\"Recherchen und Analysen \u00fcber die extreme Rechte\",\"potentialAction\":[{\"@type\":\"SearchAction\",\"target\":{\"@type\":\"EntryPoint\",\"urlTemplate\":\"https:\/\/blog.zeit.de\/stoerungsmelder\/?s={search_term_string}\"},\"query-input\":\"required name=search_term_string\"}],\"inLanguage\":\"de\"},{\"@type\":\"Person\",\"@id\":\"https:\/\/blog.zeit.de\/stoerungsmelder\/#\/schema\/person\/fdd0b9818f65738672810b6d6f037f71\",\"name\":\"St\u00f6rungsmelder\",\"image\":{\"@type\":\"ImageObject\",\"inLanguage\":\"de\",\"@id\":\"https:\/\/blog.zeit.de\/stoerungsmelder\/#\/schema\/person\/image\/\",\"url\":\"https:\/\/secure.gravatar.com\/avatar\/dfa4be514c3e82a71e4f9a0020035d38192d080ccaa5e4e6d7a1472c763535c5?s=96&d=mm&r=pg\",\"contentUrl\":\"https:\/\/secure.gravatar.com\/avatar\/dfa4be514c3e82a71e4f9a0020035d38192d080ccaa5e4e6d7a1472c763535c5?s=96&d=mm&r=pg\",\"caption\":\"St\u00f6rungsmelder\"},\"url\":\"https:\/\/blog.zeit.de\/stoerungsmelder\/author\/stoerungsmelder\"}]}<\/script>\n<!-- \/ Yoast SEO plugin. -->","yoast_head_json":{"title":"Brandenburger Staatsschutz im Zwielicht - St\u00f6rungsmelder","robots":{"index":"index","follow":"follow","max-snippet":"max-snippet:-1","max-image-preview":"max-image-preview:large","max-video-preview":"max-video-preview:-1"},"canonical":"https:\/\/blog.zeit.de\/stoerungsmelder\/2013\/09\/18\/brandenburger-staatsschutz-im-zwielicht_14035","og_locale":"de_DE","og_type":"article","og_title":"Brandenburger Staatsschutz im Zwielicht - St\u00f6rungsmelder","og_description":"Nach dem Neonazi-Skandal beim Fu\u00dfballklub TuS Sachsenhausen soll ein Beamter in Oranienburg Demokratieberater diffamiert haben.","og_url":"https:\/\/blog.zeit.de\/stoerungsmelder\/2013\/09\/18\/brandenburger-staatsschutz-im-zwielicht_14035","og_site_name":"St\u00f6rungsmelder","article_published_time":"2013-09-18T10:35:15+00:00","article_modified_time":"2013-09-18T11:56:39+00:00","author":"St\u00f6rungsmelder","twitter_card":"summary_large_image","twitter_misc":{"Geschrieben von":"St\u00f6rungsmelder","Gesch\u00e4tzte Lesezeit":"3\u00a0Minuten"},"schema":{"@context":"https:\/\/schema.org","@graph":[{"@type":"WebPage","@id":"https:\/\/blog.zeit.de\/stoerungsmelder\/2013\/09\/18\/brandenburger-staatsschutz-im-zwielicht_14035","url":"https:\/\/blog.zeit.de\/stoerungsmelder\/2013\/09\/18\/brandenburger-staatsschutz-im-zwielicht_14035","name":"Brandenburger Staatsschutz im Zwielicht - St\u00f6rungsmelder","isPartOf":{"@id":"https:\/\/blog.zeit.de\/stoerungsmelder\/#website"},"datePublished":"2013-09-18T10:35:15+00:00","dateModified":"2013-09-18T11:56:39+00:00","author":{"@id":"https:\/\/blog.zeit.de\/stoerungsmelder\/#\/schema\/person\/fdd0b9818f65738672810b6d6f037f71"},"breadcrumb":{"@id":"https:\/\/blog.zeit.de\/stoerungsmelder\/2013\/09\/18\/brandenburger-staatsschutz-im-zwielicht_14035#breadcrumb"},"inLanguage":"de","potentialAction":[{"@type":"ReadAction","target":["https:\/\/blog.zeit.de\/stoerungsmelder\/2013\/09\/18\/brandenburger-staatsschutz-im-zwielicht_14035"]}]},{"@type":"BreadcrumbList","@id":"https:\/\/blog.zeit.de\/stoerungsmelder\/2013\/09\/18\/brandenburger-staatsschutz-im-zwielicht_14035#breadcrumb","itemListElement":[{"@type":"ListItem","position":1,"name":"Startseite","item":"https:\/\/blog.zeit.de\/stoerungsmelder"},{"@type":"ListItem","position":2,"name":"Brandenburger Staatsschutz im Zwielicht"}]},{"@type":"WebSite","@id":"https:\/\/blog.zeit.de\/stoerungsmelder\/#website","url":"https:\/\/blog.zeit.de\/stoerungsmelder\/","name":"St\u00f6rungsmelder","description":"Recherchen und Analysen \u00fcber die extreme Rechte","potentialAction":[{"@type":"SearchAction","target":{"@type":"EntryPoint","urlTemplate":"https:\/\/blog.zeit.de\/stoerungsmelder\/?s={search_term_string}"},"query-input":"required name=search_term_string"}],"inLanguage":"de"},{"@type":"Person","@id":"https:\/\/blog.zeit.de\/stoerungsmelder\/#\/schema\/person\/fdd0b9818f65738672810b6d6f037f71","name":"St\u00f6rungsmelder","image":{"@type":"ImageObject","inLanguage":"de","@id":"https:\/\/blog.zeit.de\/stoerungsmelder\/#\/schema\/person\/image\/","url":"https:\/\/secure.gravatar.com\/avatar\/dfa4be514c3e82a71e4f9a0020035d38192d080ccaa5e4e6d7a1472c763535c5?s=96&d=mm&r=pg","contentUrl":"https:\/\/secure.gravatar.com\/avatar\/dfa4be514c3e82a71e4f9a0020035d38192d080ccaa5e4e6d7a1472c763535c5?s=96&d=mm&r=pg","caption":"St\u00f6rungsmelder"},"url":"https:\/\/blog.zeit.de\/stoerungsmelder\/author\/stoerungsmelder"}]}},"jetpack_featured_media_url":"","jetpack_sharing_enabled":true,"_links":{"self":[{"href":"https:\/\/blog.zeit.de\/stoerungsmelder\/wp-json\/wp\/v2\/posts\/14035","targetHints":{"allow":["GET"]}}],"collection":[{"href":"https:\/\/blog.zeit.de\/stoerungsmelder\/wp-json\/wp\/v2\/posts"}],"about":[{"href":"https:\/\/blog.zeit.de\/stoerungsmelder\/wp-json\/wp\/v2\/types\/post"}],"author":[{"embeddable":true,"href":"https:\/\/blog.zeit.de\/stoerungsmelder\/wp-json\/wp\/v2\/users\/229"}],"replies":[{"embeddable":true,"href":"https:\/\/blog.zeit.de\/stoerungsmelder\/wp-json\/wp\/v2\/comments?post=14035"}],"version-history":[{"count":2,"href":"https:\/\/blog.zeit.de\/stoerungsmelder\/wp-json\/wp\/v2\/posts\/14035\/revisions"}],"predecessor-version":[{"id":14037,"href":"https:\/\/blog.zeit.de\/stoerungsmelder\/wp-json\/wp\/v2\/posts\/14035\/revisions\/14037"}],"wp:attachment":[{"href":"https:\/\/blog.zeit.de\/stoerungsmelder\/wp-json\/wp\/v2\/media?parent=14035"}],"wp:term":[{"taxonomy":"category","embeddable":true,"href":"https:\/\/blog.zeit.de\/stoerungsmelder\/wp-json\/wp\/v2\/categories?post=14035"},{"taxonomy":"post_tag","embeddable":true,"href":"https:\/\/blog.zeit.de\/stoerungsmelder\/wp-json\/wp\/v2\/tags?post=14035"}],"curies":[{"name":"wp","href":"https:\/\/api.w.org\/{rel}","templated":true}]}}