{"id":143,"date":"2007-12-05T10:05:54","date_gmt":"2007-12-05T09:05:54","guid":{"rendered":"http:\/\/blog.zeit.de\/stoerungsmelder\/2007\/12\/05\/%e2%80%9enix-neger-raus-%e2%80%93-der-hsv-ist-raus%e2%80%9c_143"},"modified":"2007-12-05T10:05:54","modified_gmt":"2007-12-05T09:05:54","slug":"%e2%80%9enix-neger-raus-%e2%80%93-der-hsv-ist-raus%e2%80%9c","status":"publish","type":"post","link":"https:\/\/blog.zeit.de\/stoerungsmelder\/2007\/12\/05\/%e2%80%9enix-neger-raus-%e2%80%93-der-hsv-ist-raus%e2%80%9c_143","title":{"rendered":"\u201eNix Neger raus \u2013 der HSV ist raus!\u201c"},"content":{"rendered":"<p>Fu\u00dfballstadien sind nicht gerade Orte, an denen Frieden und V\u00f6lkerverst\u00e4ndigung einge\u00fcbt werden. Rassismus wird in so mancher Kurve als zum guten Ton geh\u00f6rig empfunden. Souleyman San\u00e9 bekam das zu sp\u00fcren: Als er als einer der ersten afrikanischst\u00e4mmigen Spieler in der Bundesliga anheuerte, wurde er mit Bananen beworfen. Auf der Internetseite des Fu\u00dfballmagazins \u201e11 Freunde\u201c spricht er nun im Interview \u00fcber seine Erfahrungen und warum er immer noch in Ruhrgebiet wohnt. <!--more-->\u201eBleib hier und k\u00e4mpfe! Weglaufen bringt nichts\u201c, erinnert sich San\u00e9 an den Rat eines Leidensgenossen. Und den habe er befolgt: Rassistische Rufe von den Trib\u00fcnen habe er als Anreiz gewertet, m\u00f6glichst bald ein Tor zu erzielen: \u201eNix Neger raus \u2013 der HSV ist raus!\u201c<\/p>\n<p>Interessant an dem Gespr\u00e4ch ist der Gleichmut, mit dem das spielt\u00e4gliche rassistische Geb\u00f6lke zur Kenntnis genommen wird. San\u00e9 vermutet, dass die Fremdenfeindlichkeit h\u00e4ufig nicht ideologisch grundiert sei: \u201eIch empfinde heute keinen Hass gegen diese vermeintlichen \u201aFans\u2019. Das waren einfach Menschen, die unzufrieden mit ihrem Leben waren. Denen ging es privat vielleicht nicht so gut, die hatten keine Arbeit, Probleme in der Ehe oder \u00c4hnliches. Und die sind dann ins Stadion gegangen und haben ihre Wut rausgelassen.\u201c<\/p>\n<p>Au\u00dferhalb des Stadions habe er fast nie negative Erfahrungen in diesem Zusammenhang gemacht. \u201eEs schien fast so, als ob die Fankurven die Menschen irgendwie verwandelten\u201c, sagte er gegen\u00fcber 11 Freunde. Ist Rassismus eine Art fu\u00dfballspezifisches Brauchtum? Handelt es sich um einen Teil deutscher Folklore? Das vollst\u00e4ndige Interview gibt es <a href=\"http:\/\/www.11freunde.de\/bundesligen\/106898\">hier<\/a> zu lesen.<\/p>\n","protected":false},"excerpt":{"rendered":"<p>Fu\u00dfballstadien sind nicht gerade Orte, an denen Frieden und V\u00f6lkerverst\u00e4ndigung einge\u00fcbt werden. Rassismus wird in so mancher Kurve als zum guten Ton geh\u00f6rig empfunden. Souleyman San\u00e9 bekam das zu sp\u00fcren: Als er als einer der ersten afrikanischst\u00e4mmigen Spieler in der Bundesliga anheuerte, wurde er mit Bananen beworfen. Auf der Internetseite des Fu\u00dfballmagazins \u201e11 Freunde\u201c spricht [&hellip;]<\/p>\n","protected":false},"author":236,"featured_media":0,"comment_status":"open","ping_status":"open","sticky":false,"template":"","format":"standard","meta":{"_jetpack_memberships_contains_paid_content":false,"footnotes":""},"categories":[1515],"tags":[666,97],"class_list":["post-143","post","type-post","status-publish","format-standard","hentry","category-bundesweit","tag-fusball","tag-rassismus"],"yoast_head":"<!-- This site is optimized with the Yoast SEO plugin v21.0 - https:\/\/yoast.com\/wordpress\/plugins\/seo\/ -->\n<title>\u201eNix Neger raus \u2013 der HSV ist raus!\u201c - St\u00f6rungsmelder<\/title>\n<meta name=\"robots\" content=\"index, follow, max-snippet:-1, max-image-preview:large, max-video-preview:-1\" \/>\n<link rel=\"canonical\" href=\"https:\/\/blog.zeit.de\/stoerungsmelder\/2007\/12\/05\/\u201enix-neger-raus-\u2013-der-hsv-ist-raus\u201c_143\" \/>\n<meta property=\"og:locale\" content=\"de_DE\" \/>\n<meta property=\"og:type\" content=\"article\" \/>\n<meta property=\"og:title\" content=\"\u201eNix Neger raus \u2013 der HSV ist raus!\u201c - St\u00f6rungsmelder\" \/>\n<meta property=\"og:description\" content=\"Fu\u00dfballstadien sind nicht gerade Orte, an denen Frieden und V\u00f6lkerverst\u00e4ndigung einge\u00fcbt werden. Rassismus wird in so mancher Kurve als zum guten Ton geh\u00f6rig empfunden. Souleyman San\u00e9 bekam das zu sp\u00fcren: Als er als einer der ersten afrikanischst\u00e4mmigen Spieler in der Bundesliga anheuerte, wurde er mit Bananen beworfen. Auf der Internetseite des Fu\u00dfballmagazins \u201e11 Freunde\u201c spricht [&hellip;]\" \/>\n<meta property=\"og:url\" content=\"https:\/\/blog.zeit.de\/stoerungsmelder\/2007\/12\/05\/\u201enix-neger-raus-\u2013-der-hsv-ist-raus\u201c_143\" \/>\n<meta property=\"og:site_name\" content=\"St\u00f6rungsmelder\" \/>\n<meta property=\"article:published_time\" content=\"2007-12-05T09:05:54+00:00\" \/>\n<meta name=\"author\" content=\"Boris Fust\" \/>\n<meta name=\"twitter:card\" content=\"summary_large_image\" \/>\n<meta name=\"twitter:label1\" content=\"Geschrieben von\" \/>\n\t<meta name=\"twitter:data1\" content=\"Boris Fust\" \/>\n\t<meta name=\"twitter:label2\" content=\"Gesch\u00e4tzte Lesezeit\" \/>\n\t<meta name=\"twitter:data2\" content=\"1\u00a0Minute\" \/>\n<script type=\"application\/ld+json\" class=\"yoast-schema-graph\">{\"@context\":\"https:\/\/schema.org\",\"@graph\":[{\"@type\":\"WebPage\",\"@id\":\"https:\/\/blog.zeit.de\/stoerungsmelder\/2007\/12\/05\/%e2%80%9enix-neger-raus-%e2%80%93-der-hsv-ist-raus%e2%80%9c_143\",\"url\":\"https:\/\/blog.zeit.de\/stoerungsmelder\/2007\/12\/05\/%e2%80%9enix-neger-raus-%e2%80%93-der-hsv-ist-raus%e2%80%9c_143\",\"name\":\"\u201eNix Neger raus \u2013 der HSV ist raus!\u201c - St\u00f6rungsmelder\",\"isPartOf\":{\"@id\":\"https:\/\/blog.zeit.de\/stoerungsmelder\/#website\"},\"datePublished\":\"2007-12-05T09:05:54+00:00\",\"dateModified\":\"2007-12-05T09:05:54+00:00\",\"author\":{\"@id\":\"https:\/\/blog.zeit.de\/stoerungsmelder\/#\/schema\/person\/81da08683c0546047f21e007e45c04d4\"},\"breadcrumb\":{\"@id\":\"https:\/\/blog.zeit.de\/stoerungsmelder\/2007\/12\/05\/%e2%80%9enix-neger-raus-%e2%80%93-der-hsv-ist-raus%e2%80%9c_143#breadcrumb\"},\"inLanguage\":\"de\",\"potentialAction\":[{\"@type\":\"ReadAction\",\"target\":[\"https:\/\/blog.zeit.de\/stoerungsmelder\/2007\/12\/05\/%e2%80%9enix-neger-raus-%e2%80%93-der-hsv-ist-raus%e2%80%9c_143\"]}]},{\"@type\":\"BreadcrumbList\",\"@id\":\"https:\/\/blog.zeit.de\/stoerungsmelder\/2007\/12\/05\/%e2%80%9enix-neger-raus-%e2%80%93-der-hsv-ist-raus%e2%80%9c_143#breadcrumb\",\"itemListElement\":[{\"@type\":\"ListItem\",\"position\":1,\"name\":\"Startseite\",\"item\":\"https:\/\/blog.zeit.de\/stoerungsmelder\"},{\"@type\":\"ListItem\",\"position\":2,\"name\":\"\u201eNix Neger raus \u2013 der HSV ist raus!\u201c\"}]},{\"@type\":\"WebSite\",\"@id\":\"https:\/\/blog.zeit.de\/stoerungsmelder\/#website\",\"url\":\"https:\/\/blog.zeit.de\/stoerungsmelder\/\",\"name\":\"St\u00f6rungsmelder\",\"description\":\"Recherchen und Analysen \u00fcber die extreme Rechte\",\"potentialAction\":[{\"@type\":\"SearchAction\",\"target\":{\"@type\":\"EntryPoint\",\"urlTemplate\":\"https:\/\/blog.zeit.de\/stoerungsmelder\/?s={search_term_string}\"},\"query-input\":\"required name=search_term_string\"}],\"inLanguage\":\"de\"},{\"@type\":\"Person\",\"@id\":\"https:\/\/blog.zeit.de\/stoerungsmelder\/#\/schema\/person\/81da08683c0546047f21e007e45c04d4\",\"name\":\"Boris Fust\",\"image\":{\"@type\":\"ImageObject\",\"inLanguage\":\"de\",\"@id\":\"https:\/\/blog.zeit.de\/stoerungsmelder\/#\/schema\/person\/image\/\",\"url\":\"https:\/\/secure.gravatar.com\/avatar\/43af3b56e84de42ec8839403862ebc575bab2ca38d6d8fb0bf57d3f568fb420b?s=96&d=mm&r=pg\",\"contentUrl\":\"https:\/\/secure.gravatar.com\/avatar\/43af3b56e84de42ec8839403862ebc575bab2ca38d6d8fb0bf57d3f568fb420b?s=96&d=mm&r=pg\",\"caption\":\"Boris Fust\"},\"url\":\"https:\/\/blog.zeit.de\/stoerungsmelder\/author\/boris-fust\"}]}<\/script>\n<!-- \/ Yoast SEO plugin. -->","yoast_head_json":{"title":"\u201eNix Neger raus \u2013 der HSV ist raus!\u201c - St\u00f6rungsmelder","robots":{"index":"index","follow":"follow","max-snippet":"max-snippet:-1","max-image-preview":"max-image-preview:large","max-video-preview":"max-video-preview:-1"},"canonical":"https:\/\/blog.zeit.de\/stoerungsmelder\/2007\/12\/05\/\u201enix-neger-raus-\u2013-der-hsv-ist-raus\u201c_143","og_locale":"de_DE","og_type":"article","og_title":"\u201eNix Neger raus \u2013 der HSV ist raus!\u201c - St\u00f6rungsmelder","og_description":"Fu\u00dfballstadien sind nicht gerade Orte, an denen Frieden und V\u00f6lkerverst\u00e4ndigung einge\u00fcbt werden. Rassismus wird in so mancher Kurve als zum guten Ton geh\u00f6rig empfunden. Souleyman San\u00e9 bekam das zu sp\u00fcren: Als er als einer der ersten afrikanischst\u00e4mmigen Spieler in der Bundesliga anheuerte, wurde er mit Bananen beworfen. Auf der Internetseite des Fu\u00dfballmagazins \u201e11 Freunde\u201c spricht [&hellip;]","og_url":"https:\/\/blog.zeit.de\/stoerungsmelder\/2007\/12\/05\/\u201enix-neger-raus-\u2013-der-hsv-ist-raus\u201c_143","og_site_name":"St\u00f6rungsmelder","article_published_time":"2007-12-05T09:05:54+00:00","author":"Boris Fust","twitter_card":"summary_large_image","twitter_misc":{"Geschrieben von":"Boris Fust","Gesch\u00e4tzte Lesezeit":"1\u00a0Minute"},"schema":{"@context":"https:\/\/schema.org","@graph":[{"@type":"WebPage","@id":"https:\/\/blog.zeit.de\/stoerungsmelder\/2007\/12\/05\/%e2%80%9enix-neger-raus-%e2%80%93-der-hsv-ist-raus%e2%80%9c_143","url":"https:\/\/blog.zeit.de\/stoerungsmelder\/2007\/12\/05\/%e2%80%9enix-neger-raus-%e2%80%93-der-hsv-ist-raus%e2%80%9c_143","name":"\u201eNix Neger raus \u2013 der HSV ist raus!\u201c - St\u00f6rungsmelder","isPartOf":{"@id":"https:\/\/blog.zeit.de\/stoerungsmelder\/#website"},"datePublished":"2007-12-05T09:05:54+00:00","dateModified":"2007-12-05T09:05:54+00:00","author":{"@id":"https:\/\/blog.zeit.de\/stoerungsmelder\/#\/schema\/person\/81da08683c0546047f21e007e45c04d4"},"breadcrumb":{"@id":"https:\/\/blog.zeit.de\/stoerungsmelder\/2007\/12\/05\/%e2%80%9enix-neger-raus-%e2%80%93-der-hsv-ist-raus%e2%80%9c_143#breadcrumb"},"inLanguage":"de","potentialAction":[{"@type":"ReadAction","target":["https:\/\/blog.zeit.de\/stoerungsmelder\/2007\/12\/05\/%e2%80%9enix-neger-raus-%e2%80%93-der-hsv-ist-raus%e2%80%9c_143"]}]},{"@type":"BreadcrumbList","@id":"https:\/\/blog.zeit.de\/stoerungsmelder\/2007\/12\/05\/%e2%80%9enix-neger-raus-%e2%80%93-der-hsv-ist-raus%e2%80%9c_143#breadcrumb","itemListElement":[{"@type":"ListItem","position":1,"name":"Startseite","item":"https:\/\/blog.zeit.de\/stoerungsmelder"},{"@type":"ListItem","position":2,"name":"\u201eNix Neger raus \u2013 der HSV ist raus!\u201c"}]},{"@type":"WebSite","@id":"https:\/\/blog.zeit.de\/stoerungsmelder\/#website","url":"https:\/\/blog.zeit.de\/stoerungsmelder\/","name":"St\u00f6rungsmelder","description":"Recherchen und Analysen \u00fcber die extreme Rechte","potentialAction":[{"@type":"SearchAction","target":{"@type":"EntryPoint","urlTemplate":"https:\/\/blog.zeit.de\/stoerungsmelder\/?s={search_term_string}"},"query-input":"required name=search_term_string"}],"inLanguage":"de"},{"@type":"Person","@id":"https:\/\/blog.zeit.de\/stoerungsmelder\/#\/schema\/person\/81da08683c0546047f21e007e45c04d4","name":"Boris Fust","image":{"@type":"ImageObject","inLanguage":"de","@id":"https:\/\/blog.zeit.de\/stoerungsmelder\/#\/schema\/person\/image\/","url":"https:\/\/secure.gravatar.com\/avatar\/43af3b56e84de42ec8839403862ebc575bab2ca38d6d8fb0bf57d3f568fb420b?s=96&d=mm&r=pg","contentUrl":"https:\/\/secure.gravatar.com\/avatar\/43af3b56e84de42ec8839403862ebc575bab2ca38d6d8fb0bf57d3f568fb420b?s=96&d=mm&r=pg","caption":"Boris Fust"},"url":"https:\/\/blog.zeit.de\/stoerungsmelder\/author\/boris-fust"}]}},"jetpack_featured_media_url":"","jetpack_sharing_enabled":true,"_links":{"self":[{"href":"https:\/\/blog.zeit.de\/stoerungsmelder\/wp-json\/wp\/v2\/posts\/143","targetHints":{"allow":["GET"]}}],"collection":[{"href":"https:\/\/blog.zeit.de\/stoerungsmelder\/wp-json\/wp\/v2\/posts"}],"about":[{"href":"https:\/\/blog.zeit.de\/stoerungsmelder\/wp-json\/wp\/v2\/types\/post"}],"author":[{"embeddable":true,"href":"https:\/\/blog.zeit.de\/stoerungsmelder\/wp-json\/wp\/v2\/users\/236"}],"replies":[{"embeddable":true,"href":"https:\/\/blog.zeit.de\/stoerungsmelder\/wp-json\/wp\/v2\/comments?post=143"}],"version-history":[{"count":0,"href":"https:\/\/blog.zeit.de\/stoerungsmelder\/wp-json\/wp\/v2\/posts\/143\/revisions"}],"wp:attachment":[{"href":"https:\/\/blog.zeit.de\/stoerungsmelder\/wp-json\/wp\/v2\/media?parent=143"}],"wp:term":[{"taxonomy":"category","embeddable":true,"href":"https:\/\/blog.zeit.de\/stoerungsmelder\/wp-json\/wp\/v2\/categories?post=143"},{"taxonomy":"post_tag","embeddable":true,"href":"https:\/\/blog.zeit.de\/stoerungsmelder\/wp-json\/wp\/v2\/tags?post=143"}],"curies":[{"name":"wp","href":"https:\/\/api.w.org\/{rel}","templated":true}]}}