{"id":14303,"date":"2013-11-03T14:26:52","date_gmt":"2013-11-03T13:26:52","guid":{"rendered":"http:\/\/blog.zeit.de\/stoerungsmelder\/?p=14303"},"modified":"2015-11-24T00:45:01","modified_gmt":"2015-11-23T23:45:01","slug":"furth-neonazis-gestoppt","status":"publish","type":"post","link":"https:\/\/blog.zeit.de\/stoerungsmelder\/2013\/11\/03\/furth-neonazis-gestoppt_14303","title":{"rendered":"F\u00fcrth: Neonazis gestoppt!"},"content":{"rendered":"<p><figure id=\"attachment_14304\" aria-describedby=\"caption-attachment-14304\" style=\"width: 600px\" class=\"wp-caption aligncenter\"><a href=\"https:\/\/blog.zeit.de\/stoerungsmelder\/2013\/11\/03\/furth-neonazis-gestoppt_14303\/titel_storungsmelder\" rel=\"attachment wp-att-14304\"><img loading=\"lazy\" decoding=\"async\" class=\"size-full wp-image-14304\" src=\"https:\/\/blog.zeit.de\/stoerungsmelder\/files\/2013\/11\/Titel_St\u00f6rungsmelder.jpg\" alt=\"FNS- AktivistInnen bei der Kundgebung in F\u00fcrth \u00a9Timo M\u00fcller\" width=\"600\" height=\"370\" srcset=\"https:\/\/blog.zeit.de\/stoerungsmelder\/files\/2013\/11\/Titel_St\u00f6rungsmelder.jpg 600w, https:\/\/blog.zeit.de\/stoerungsmelder\/files\/2013\/11\/Titel_St\u00f6rungsmelder-300x185.jpg 300w\" sizes=\"auto, (max-width: 600px) 100vw, 600px\" \/><\/a><figcaption id=\"caption-attachment-14304\" class=\"wp-caption-text\">FNS-Aktivisten bei der Kundgebung in F\u00fcrth \u00a9 Jonas Miller<\/figcaption><\/figure><\/p>\n<p style=\"text-align: left\">In den letzten Wochen war es um die mittelfr\u00e4nkische Neonaziszene sehr ruhig geworden. Bis gestern. Am Samstagabend versammelten sich knapp 30 Neonazis, aus den Reihen des \u201eFreien Netzes S\u00fcd\u201c (FNS), in der F\u00fcrther Innenstadt, um eine Kundgebung abzuhalten. Nazigegner waren schnell vor Ort und st\u00f6rten die rechte Versammlung massiv.<!--more--><\/p>\n<p>Am Samstagnachmittag meldete der F\u00fcrther Neonazikader Matthias Fischer vom Freien Netz S\u00fcd (FNS) die spontane Kundgebung f\u00fcr 21-22 Uhr an. Als Kundgebungsort war urspr\u00fcnglich das alte Marktkaufareal in der Gabelsbergerstra\u00dfe vorgesehen. Da schon kurz vor 21 Uhr \u00fcber hundert Nazigegner diese Stelle besetzten, war es nicht mehr m\u00f6glich die Kundgebung dort abzuhalten. Als sich die eintreffenden Neonazis in Richtung Gegendemonstranten aufmachten, wurden sie von Nazigegnern vor der Gesch\u00e4ftsstelle der F\u00fcrther Nachrichten gestoppt und eingekesselt. Die Polizei hatte M\u00fche, die verfeindeten Gruppen auf Abstand zu halten. Die Neonazis stellten sich auf, entrollten ein Transparent mit der Aufschrift \u201eKeine Kugel stoppt eine Idee, deren Zeit gekommen ist\u201c mit dem, an ein Hakenkreuz angelehntes Parteisymbol, der griechischen Neonazipartei Chrysi Avgi (Goldene Morgenr\u00f6te).<\/p>\n<p><figure id=\"attachment_14305\" aria-describedby=\"caption-attachment-14305\" style=\"width: 240px\" class=\"wp-caption alignleft\"><a href=\"https:\/\/blog.zeit.de\/stoerungsmelder\/2013\/11\/03\/furth-neonazis-gestoppt_14303\/neonazis-mit-transpi\" rel=\"attachment wp-att-14305\"><img loading=\"lazy\" decoding=\"async\" class=\"  wp-image-14305\" src=\"https:\/\/blog.zeit.de\/stoerungsmelder\/files\/2013\/11\/Neonazis-mit-Transpi-300x199.jpg\" alt=\"Im Lorbeerkranz das Logo der Goldenen Morgenr\u00f6te  \u00a9 Jonas Miller\" width=\"240\" height=\"159\" srcset=\"https:\/\/blog.zeit.de\/stoerungsmelder\/files\/2013\/11\/Neonazis-mit-Transpi-300x199.jpg 300w, https:\/\/blog.zeit.de\/stoerungsmelder\/files\/2013\/11\/Neonazis-mit-Transpi-1024x681.jpg 1024w, https:\/\/blog.zeit.de\/stoerungsmelder\/files\/2013\/11\/Neonazis-mit-Transpi.jpg 1277w\" sizes=\"auto, (max-width: 240px) 100vw, 240px\" \/><\/a><figcaption id=\"caption-attachment-14305\" class=\"wp-caption-text\">Im Lorbeerkranz das Logo der Goldenen Morgenr\u00f6te \u00a9 Jonas Miller<\/figcaption><\/figure><\/p>\n<p>Gegen die Partei l\u00e4uft aktuell ein Ermittlungsverfahren wegen \u201eBildung einer kriminellen Vereinigung\u201c, da Parteimitglieder den linken griechischen Rapper Pavlos Fyssas auf offener Stra\u00dfe ermordeten und die griechische Bev\u00f6lkerung mit Pr\u00fcgeltruppen regelrecht terrorisieren. Medienberichten zufolge bezieht sich die Partei auch positiv auf den deutschen Nationalsozialismus, erkennbar unter anderem daran, dass der, in Deutschland verbotene Hitlergru\u00df, zum Standardrepertoire der Anh\u00e4ngerschaft geh\u00f6rt. Auch nach Mittelfranken hat die Partei beste Kontakte. Im November 2012 besuchte eine deutsche Delegation, der unter anderem Matthias Fischer und der N\u00fcrnberger Stadtrat der B\u00fcrgerinitiative Ausl\u00e4nderstopp (BIA) Sebastian Schmaus beiwohnten, die Goldene Morgenr\u00f6te im griechischen Parlament und lie\u00dfen sich mit deren Chef, Nikolaos Michaloliakos, ablichten.<\/p>\n<p>Die Neonazis um die FNS-Kader Matthias Fischer, Norman Kempken (N\u00fcrnberg) und Tony Gentsch (Oberprex) versuchten mehrmals Reden zu halten, wurden aber durch die anwesenden B\u00fcrger im wahrsten Sinne des Wortes niedergebr\u00fcllt. Als die Neonazis ihre Kundgebung beendeten, war ein gro\u00dfes taktisches Man\u00f6ver der Polizei erforderlich um die Neonazis wieder abfahren zu lassen. So wurde der komplette Parkplatz der \u201ekleinen Freiheit\u201c gesperrt, vor dem ehemaligen Marktkaufgel\u00e4nde wartete ein Bus der infra F\u00fcrth und fuhr die Neonazis Richtung N\u00fcrnberg.<\/p>\n<p><figure id=\"attachment_14306\" aria-describedby=\"caption-attachment-14306\" style=\"width: 240px\" class=\"wp-caption alignright\"><a href=\"https:\/\/blog.zeit.de\/stoerungsmelder\/2013\/11\/03\/furth-neonazis-gestoppt_14303\/antifaschisten\" rel=\"attachment wp-att-14306\"><img loading=\"lazy\" decoding=\"async\" class=\"  wp-image-14306\" src=\"https:\/\/blog.zeit.de\/stoerungsmelder\/files\/2013\/11\/Antifaschisten-300x199.jpg\" alt=\"GegendemonstrantInnen vor der Nazikundgebung \u00a9 Jonas Miller\" width=\"240\" height=\"159\" srcset=\"https:\/\/blog.zeit.de\/stoerungsmelder\/files\/2013\/11\/Antifaschisten-300x199.jpg 300w, https:\/\/blog.zeit.de\/stoerungsmelder\/files\/2013\/11\/Antifaschisten-1024x681.jpg 1024w, https:\/\/blog.zeit.de\/stoerungsmelder\/files\/2013\/11\/Antifaschisten.jpg 1277w\" sizes=\"auto, (max-width: 240px) 100vw, 240px\" \/><\/a><figcaption id=\"caption-attachment-14306\" class=\"wp-caption-text\">Gegendemonstranten vor der Nazikundgebung \u00a9 Jonas Miller<\/figcaption><\/figure><\/p>\n<p>Die Antifaschistische Linke F\u00fcrth (ALF) spricht in einer Pressemitteilung von einem \u201egro\u00dfen Erfolg\u201c, kritisiert aber im gleichen Atemzug auch die Vorgehensweise von Stadt und Polizei: \u201eDurch die Tatsache, (..) dass sich das FNS mit Faschisten aus Griechenland solidarisiert, die in den vergangen Monaten mehrere Menschen ermordete, ist es \u00e4u\u00dfert unverst\u00e4ndlich, dass solche Veranstaltungen zum wiederholten Male mit allen Mitteln durchgesetzt werden.\u201c<br \/>\nLaut einer Pressemitteilung der Polizei wurden drei Beamte im Einsatz verletzt, unter anderem auch F\u00fcrths Polizeichef Peter Messing, der mittlerweile wieder aus dem Krankenhaus entlassen werden konnte. Ein Stein hatte ihn am Kopf getroffen, ein Ermittlungsverfahren gegen Unbekannt wurde eingeleitet. Das F\u00fcrther B\u00fcndnis gegen Rechts bedauert diesen Vorfall in der Presseekl\u00e4rung, spricht aber von einem \u201epositiven Zeichen &#8211; Nazis sind weder in F\u00fcrth noch sonst wo zu keiner Tages- und Nachtzeit erw\u00fcnscht!\u201c.<\/p>\n<p>In Aachen griffen am selben Abend mehrere Neonazis eine Solidarit\u00e4tsdemonstration gegen Rassismus an. Nach vorliegenden Informationen, haben die Neonazis dabei ein Transparent des Freien Netz S\u00fcd mit dem Emblem der Goldenen Morgenr\u00f6te gezeigt. Bekannte Neonazis der B\u00fcrgerinitiative Ausl\u00e4nderstopp M\u00fcnchen und der Kameradschaft M\u00fcnchen waren am gleichen Tag nach Aachen gereist.<\/p>\n<p>&nbsp;<\/p>\n<p><em>Dieser Artikel wurde am 04.11.2013 um 22:23 Uhr aufgrund der Pressemitteilung des F\u00fcrther B\u00fcndnis gegen Rechts aktualisiert.<\/em><\/p>\n","protected":false},"excerpt":{"rendered":"<p>In den letzten Wochen war es um die mittelfr\u00e4nkische Neonaziszene sehr ruhig geworden. Bis gestern. Am Samstagabend versammelten sich knapp 30 Neonazis, aus den Reihen des \u201eFreien Netzes S\u00fcd\u201c (FNS), in der F\u00fcrther Innenstadt, um eine Kundgebung abzuhalten. Nazigegner waren schnell vor Ort und st\u00f6rten die rechte Versammlung massiv.<\/p>\n","protected":false},"author":363,"featured_media":0,"comment_status":"open","ping_status":"open","sticky":false,"template":"","format":"standard","meta":{"_jetpack_memberships_contains_paid_content":false,"footnotes":""},"categories":[59],"tags":[29321,39398,29323,29322,29289,26534,12719,654,29288,17874,17824,17826,991,1755,29320,29319,11378],"class_list":["post-14303","post","type-post","status-publish","format-standard","hentry","category-bayern","tag-aachen","tag-bayern","tag-bisf","tag-burgerinitiative-soziales-furth","tag-chrysi-avgi","tag-fns","tag-freies-netz-sud","tag-furth","tag-goldene-morgenrote","tag-kundgebung","tag-matthias-fischer","tag-norman-kempken","tag-polizei","tag-rechte-gewalt","tag-steinwurf","tag-tony-gentsch","tag-verbot"],"yoast_head":"<!-- This site is optimized with the Yoast SEO plugin v21.0 - https:\/\/yoast.com\/wordpress\/plugins\/seo\/ -->\n<title>F\u00fcrth: Neonazis gestoppt! - St\u00f6rungsmelder<\/title>\n<meta name=\"robots\" content=\"index, follow, max-snippet:-1, max-image-preview:large, max-video-preview:-1\" \/>\n<link rel=\"canonical\" href=\"https:\/\/blog.zeit.de\/stoerungsmelder\/2013\/11\/03\/furth-neonazis-gestoppt_14303\" \/>\n<meta property=\"og:locale\" content=\"de_DE\" \/>\n<meta property=\"og:type\" content=\"article\" \/>\n<meta property=\"og:title\" content=\"F\u00fcrth: Neonazis gestoppt! - St\u00f6rungsmelder\" \/>\n<meta property=\"og:description\" content=\"In den letzten Wochen war es um die mittelfr\u00e4nkische Neonaziszene sehr ruhig geworden. Bis gestern. Am Samstagabend versammelten sich knapp 30 Neonazis, aus den Reihen des \u201eFreien Netzes S\u00fcd\u201c (FNS), in der F\u00fcrther Innenstadt, um eine Kundgebung abzuhalten. Nazigegner waren schnell vor Ort und st\u00f6rten die rechte Versammlung massiv.\" \/>\n<meta property=\"og:url\" content=\"https:\/\/blog.zeit.de\/stoerungsmelder\/2013\/11\/03\/furth-neonazis-gestoppt_14303\" \/>\n<meta property=\"og:site_name\" content=\"St\u00f6rungsmelder\" \/>\n<meta property=\"article:published_time\" content=\"2013-11-03T13:26:52+00:00\" \/>\n<meta property=\"article:modified_time\" content=\"2015-11-23T23:45:01+00:00\" \/>\n<meta property=\"og:image\" content=\"https:\/\/blog.zeit.de\/stoerungsmelder\/files\/2013\/11\/Neonazis-mit-Transpi-300x199.jpg\" \/>\n<meta name=\"author\" content=\"Jonas Miller\" \/>\n<meta name=\"twitter:card\" content=\"summary_large_image\" \/>\n<meta name=\"twitter:label1\" content=\"Geschrieben von\" \/>\n\t<meta name=\"twitter:data1\" content=\"Jonas Miller\" \/>\n\t<meta name=\"twitter:label2\" content=\"Gesch\u00e4tzte Lesezeit\" \/>\n\t<meta name=\"twitter:data2\" content=\"3\u00a0Minuten\" \/>\n<script type=\"application\/ld+json\" class=\"yoast-schema-graph\">{\"@context\":\"https:\/\/schema.org\",\"@graph\":[{\"@type\":\"WebPage\",\"@id\":\"https:\/\/blog.zeit.de\/stoerungsmelder\/2013\/11\/03\/furth-neonazis-gestoppt_14303\",\"url\":\"https:\/\/blog.zeit.de\/stoerungsmelder\/2013\/11\/03\/furth-neonazis-gestoppt_14303\",\"name\":\"F\u00fcrth: Neonazis gestoppt! - St\u00f6rungsmelder\",\"isPartOf\":{\"@id\":\"https:\/\/blog.zeit.de\/stoerungsmelder\/#website\"},\"datePublished\":\"2013-11-03T13:26:52+00:00\",\"dateModified\":\"2015-11-23T23:45:01+00:00\",\"author\":{\"@id\":\"https:\/\/blog.zeit.de\/stoerungsmelder\/#\/schema\/person\/abb0b5e2ae04ea00291f461511cf0e6b\"},\"breadcrumb\":{\"@id\":\"https:\/\/blog.zeit.de\/stoerungsmelder\/2013\/11\/03\/furth-neonazis-gestoppt_14303#breadcrumb\"},\"inLanguage\":\"de\",\"potentialAction\":[{\"@type\":\"ReadAction\",\"target\":[\"https:\/\/blog.zeit.de\/stoerungsmelder\/2013\/11\/03\/furth-neonazis-gestoppt_14303\"]}]},{\"@type\":\"BreadcrumbList\",\"@id\":\"https:\/\/blog.zeit.de\/stoerungsmelder\/2013\/11\/03\/furth-neonazis-gestoppt_14303#breadcrumb\",\"itemListElement\":[{\"@type\":\"ListItem\",\"position\":1,\"name\":\"Startseite\",\"item\":\"https:\/\/blog.zeit.de\/stoerungsmelder\"},{\"@type\":\"ListItem\",\"position\":2,\"name\":\"F\u00fcrth: Neonazis gestoppt!\"}]},{\"@type\":\"WebSite\",\"@id\":\"https:\/\/blog.zeit.de\/stoerungsmelder\/#website\",\"url\":\"https:\/\/blog.zeit.de\/stoerungsmelder\/\",\"name\":\"St\u00f6rungsmelder\",\"description\":\"Recherchen und Analysen \u00fcber die extreme Rechte\",\"potentialAction\":[{\"@type\":\"SearchAction\",\"target\":{\"@type\":\"EntryPoint\",\"urlTemplate\":\"https:\/\/blog.zeit.de\/stoerungsmelder\/?s={search_term_string}\"},\"query-input\":\"required name=search_term_string\"}],\"inLanguage\":\"de\"},{\"@type\":\"Person\",\"@id\":\"https:\/\/blog.zeit.de\/stoerungsmelder\/#\/schema\/person\/abb0b5e2ae04ea00291f461511cf0e6b\",\"name\":\"Jonas Miller\",\"image\":{\"@type\":\"ImageObject\",\"inLanguage\":\"de\",\"@id\":\"https:\/\/blog.zeit.de\/stoerungsmelder\/#\/schema\/person\/image\/\",\"url\":\"https:\/\/secure.gravatar.com\/avatar\/c86a48d8af5f6cb474e5792b625c0051659345670c87ad1d34ce5dc50fecf79f?s=96&d=mm&r=pg\",\"contentUrl\":\"https:\/\/secure.gravatar.com\/avatar\/c86a48d8af5f6cb474e5792b625c0051659345670c87ad1d34ce5dc50fecf79f?s=96&d=mm&r=pg\",\"caption\":\"Jonas Miller\"},\"url\":\"https:\/\/blog.zeit.de\/stoerungsmelder\/author\/timomueller\"}]}<\/script>\n<!-- \/ Yoast SEO plugin. -->","yoast_head_json":{"title":"F\u00fcrth: Neonazis gestoppt! - St\u00f6rungsmelder","robots":{"index":"index","follow":"follow","max-snippet":"max-snippet:-1","max-image-preview":"max-image-preview:large","max-video-preview":"max-video-preview:-1"},"canonical":"https:\/\/blog.zeit.de\/stoerungsmelder\/2013\/11\/03\/furth-neonazis-gestoppt_14303","og_locale":"de_DE","og_type":"article","og_title":"F\u00fcrth: Neonazis gestoppt! - St\u00f6rungsmelder","og_description":"In den letzten Wochen war es um die mittelfr\u00e4nkische Neonaziszene sehr ruhig geworden. Bis gestern. Am Samstagabend versammelten sich knapp 30 Neonazis, aus den Reihen des \u201eFreien Netzes S\u00fcd\u201c (FNS), in der F\u00fcrther Innenstadt, um eine Kundgebung abzuhalten. Nazigegner waren schnell vor Ort und st\u00f6rten die rechte Versammlung massiv.","og_url":"https:\/\/blog.zeit.de\/stoerungsmelder\/2013\/11\/03\/furth-neonazis-gestoppt_14303","og_site_name":"St\u00f6rungsmelder","article_published_time":"2013-11-03T13:26:52+00:00","article_modified_time":"2015-11-23T23:45:01+00:00","og_image":[{"url":"https:\/\/blog.zeit.de\/stoerungsmelder\/files\/2013\/11\/Neonazis-mit-Transpi-300x199.jpg"}],"author":"Jonas Miller","twitter_card":"summary_large_image","twitter_misc":{"Geschrieben von":"Jonas Miller","Gesch\u00e4tzte Lesezeit":"3\u00a0Minuten"},"schema":{"@context":"https:\/\/schema.org","@graph":[{"@type":"WebPage","@id":"https:\/\/blog.zeit.de\/stoerungsmelder\/2013\/11\/03\/furth-neonazis-gestoppt_14303","url":"https:\/\/blog.zeit.de\/stoerungsmelder\/2013\/11\/03\/furth-neonazis-gestoppt_14303","name":"F\u00fcrth: Neonazis gestoppt! - St\u00f6rungsmelder","isPartOf":{"@id":"https:\/\/blog.zeit.de\/stoerungsmelder\/#website"},"datePublished":"2013-11-03T13:26:52+00:00","dateModified":"2015-11-23T23:45:01+00:00","author":{"@id":"https:\/\/blog.zeit.de\/stoerungsmelder\/#\/schema\/person\/abb0b5e2ae04ea00291f461511cf0e6b"},"breadcrumb":{"@id":"https:\/\/blog.zeit.de\/stoerungsmelder\/2013\/11\/03\/furth-neonazis-gestoppt_14303#breadcrumb"},"inLanguage":"de","potentialAction":[{"@type":"ReadAction","target":["https:\/\/blog.zeit.de\/stoerungsmelder\/2013\/11\/03\/furth-neonazis-gestoppt_14303"]}]},{"@type":"BreadcrumbList","@id":"https:\/\/blog.zeit.de\/stoerungsmelder\/2013\/11\/03\/furth-neonazis-gestoppt_14303#breadcrumb","itemListElement":[{"@type":"ListItem","position":1,"name":"Startseite","item":"https:\/\/blog.zeit.de\/stoerungsmelder"},{"@type":"ListItem","position":2,"name":"F\u00fcrth: Neonazis gestoppt!"}]},{"@type":"WebSite","@id":"https:\/\/blog.zeit.de\/stoerungsmelder\/#website","url":"https:\/\/blog.zeit.de\/stoerungsmelder\/","name":"St\u00f6rungsmelder","description":"Recherchen und Analysen \u00fcber die extreme Rechte","potentialAction":[{"@type":"SearchAction","target":{"@type":"EntryPoint","urlTemplate":"https:\/\/blog.zeit.de\/stoerungsmelder\/?s={search_term_string}"},"query-input":"required name=search_term_string"}],"inLanguage":"de"},{"@type":"Person","@id":"https:\/\/blog.zeit.de\/stoerungsmelder\/#\/schema\/person\/abb0b5e2ae04ea00291f461511cf0e6b","name":"Jonas Miller","image":{"@type":"ImageObject","inLanguage":"de","@id":"https:\/\/blog.zeit.de\/stoerungsmelder\/#\/schema\/person\/image\/","url":"https:\/\/secure.gravatar.com\/avatar\/c86a48d8af5f6cb474e5792b625c0051659345670c87ad1d34ce5dc50fecf79f?s=96&d=mm&r=pg","contentUrl":"https:\/\/secure.gravatar.com\/avatar\/c86a48d8af5f6cb474e5792b625c0051659345670c87ad1d34ce5dc50fecf79f?s=96&d=mm&r=pg","caption":"Jonas Miller"},"url":"https:\/\/blog.zeit.de\/stoerungsmelder\/author\/timomueller"}]}},"jetpack_featured_media_url":"","jetpack_sharing_enabled":true,"_links":{"self":[{"href":"https:\/\/blog.zeit.de\/stoerungsmelder\/wp-json\/wp\/v2\/posts\/14303","targetHints":{"allow":["GET"]}}],"collection":[{"href":"https:\/\/blog.zeit.de\/stoerungsmelder\/wp-json\/wp\/v2\/posts"}],"about":[{"href":"https:\/\/blog.zeit.de\/stoerungsmelder\/wp-json\/wp\/v2\/types\/post"}],"author":[{"embeddable":true,"href":"https:\/\/blog.zeit.de\/stoerungsmelder\/wp-json\/wp\/v2\/users\/363"}],"replies":[{"embeddable":true,"href":"https:\/\/blog.zeit.de\/stoerungsmelder\/wp-json\/wp\/v2\/comments?post=14303"}],"version-history":[{"count":14,"href":"https:\/\/blog.zeit.de\/stoerungsmelder\/wp-json\/wp\/v2\/posts\/14303\/revisions"}],"predecessor-version":[{"id":20807,"href":"https:\/\/blog.zeit.de\/stoerungsmelder\/wp-json\/wp\/v2\/posts\/14303\/revisions\/20807"}],"wp:attachment":[{"href":"https:\/\/blog.zeit.de\/stoerungsmelder\/wp-json\/wp\/v2\/media?parent=14303"}],"wp:term":[{"taxonomy":"category","embeddable":true,"href":"https:\/\/blog.zeit.de\/stoerungsmelder\/wp-json\/wp\/v2\/categories?post=14303"},{"taxonomy":"post_tag","embeddable":true,"href":"https:\/\/blog.zeit.de\/stoerungsmelder\/wp-json\/wp\/v2\/tags?post=14303"}],"curies":[{"name":"wp","href":"https:\/\/api.w.org\/{rel}","templated":true}]}}