{"id":14321,"date":"2013-11-04T11:00:44","date_gmt":"2013-11-04T10:00:44","guid":{"rendered":"http:\/\/blog.zeit.de\/stoerungsmelder\/?p=14321"},"modified":"2013-11-04T11:00:45","modified_gmt":"2013-11-04T10:00:45","slug":"mobile-opferberatung-in-sachsen-vor-dem-aus","status":"publish","type":"post","link":"https:\/\/blog.zeit.de\/stoerungsmelder\/2013\/11\/04\/mobile-opferberatung-in-sachsen-vor-dem-aus_14321","title":{"rendered":"Mobile Opferberatung in Sachsen vor dem Aus"},"content":{"rendered":"<p><figure id=\"attachment_1315\" aria-describedby=\"caption-attachment-1315\" style=\"width: 580px\" class=\"wp-caption aligncenter\"><a href=\"https:\/\/blog.zeit.de\/stoerungsmelder\/2009\/08\/21\/wenn-demokratie-vor-nazigewalt-kapituliert_1314\/colditz-artikel-410\" rel=\"attachment wp-att-1315\"><img loading=\"lazy\" decoding=\"async\" class=\"size-full wp-image-1315 \" alt=\"Rechte Gewalt geh\u00f6rt in Sachsen zum Alltag - Hilfe f\u00fcr die Opfer demn\u00e4chst  nicht mehr.\" src=\"https:\/\/blog.zeit.de\/stoerungsmelder\/files\/2009\/08\/colditz-artikel-410.jpg\" width=\"580\" height=\"282\" srcset=\"https:\/\/blog.zeit.de\/stoerungsmelder\/files\/2009\/08\/colditz-artikel-410.jpg 410w, https:\/\/blog.zeit.de\/stoerungsmelder\/files\/2009\/08\/colditz-artikel-410-300x146.jpg 300w\" sizes=\"auto, (max-width: 580px) 100vw, 580px\" \/><\/a><figcaption id=\"caption-attachment-1315\" class=\"wp-caption-text\">Rechte Gewalt geh\u00f6rt in Sachsen zum Alltag &#8211; Hilfe f\u00fcr die Opfer demn\u00e4chst nicht mehr.<\/figcaption><\/figure><\/p>\n<p>Die Arbeit der Mobilen Beratungsteams gegen Rechts in Sachsen sowie der Opferberatung f\u00fcr Betroffene rechter und rassistischer Gewalt des RAA Sachsen e.V. steht aufgrund fehlender Kofinanzierung durch den Freistaat vor dem Aus. Auf einer heutigen gemeinsamen Pressekonferenz forderten die Vereine die Politik auf, die Finanzierung endlich langfristig sicherzustellen. Neben den Gesch\u00e4ftsf\u00fchrern der Vereine auch den rechtspolitischen Sprechern der Oppositionsfraktionen im S\u00e4chsischen Landtag, waren auch Kirchen- und Gewerkschaftsvertreter anwesend. Die Perspektive der Opfer des NSU-Terrors vertrat ein Rechtsanwalt, der im aktuellen Prozess um das Terrornetzwerk die Nebenkl\u00e4ger der Familie eines der Opfer vertritt.<!--more--><\/p>\n<p><strong>Stellungnahme der Vereine:<\/strong><\/p>\n<p>Am 22. August 2013 haben alle Parteien im Deutschen Bundestag einstimmig die gemeinsamen Empfehlungen des 2. Untersuchungsausschusses \u201eTerrorgruppe nationalsozialistischer Untergrund\u201c (DS 17\/14600) angenommen und beschlossenen. Alle vorhandenen Strukturen sind \u201ezu sichern und drohende K\u00fcrzungen zu verhindern\u201c. Dies gelte insbesondere f\u00fcr diejenigen Strukturen, die tagt\u00e4glich \u201esichtbar und aktiv f\u00fcr die freiheitliche Demokratische Grundordnung eintreten\u201c. Hierzu z\u00e4hlen die Mobilen Beratungsteams gegen Rechtsextremismus, die \u201eKommunal- und Landespolitikerinnen und \u2013Politik\u201c beraten, sowie die Beratungsstellen, die \u201eOpfer neonazistischer und rassistischer Gewalt\u201c unterst\u00fctzen.<\/p>\n<p>In der letzten Bundestagssitzung vor den Wahlen hat Bundeskanzlerin Angela Merkel die Zusage gemacht, alle Empfehlungen des NSU Untersuchungsausschusses umzusetzen. Trotz dieser eindeutigen Beschlusslage bringt die fragile F\u00f6rdersituation im Bund die L\u00e4nder in Bedr\u00e4ngnis und gef\u00e4hrdet die gute Beratungspraxis gegen Rechtsextremismus in Sachsen.<\/p>\n<p>Auch in Sachsen scheint man sich einig, dass die Arbeit weitergehen soll. So lie\u00df die Sozialministerin Christine Clau\u00df am 19. September 2013 im S\u00e4chsischen Landtag folgende \u00c4u\u00dferung verk\u00fcnden: \u201eDie Staatsregierung plant eine Fortf\u00fchrung der Kofinanzierung des Beratungsnetzwerks Sachsens im Jahr 2014. Zurzeit arbeitet das Sozialministerium an einer L\u00f6sung, entsprechende Mittel bereitzustellen\u201c (Plenarprotokoll 19. September 2013)\u201c<\/p>\n<p>Robert Kusche, Gesch\u00e4ftsf\u00fchrer des Bereichs Opferberatung des RAA Sachsen e.V., sagt dazu: \u201eTrotz dieser Bekenntnisse auf der politischen B\u00fchne haben weder wir noch die Kolleg_innen des Kulturb\u00fcros Sachsen irgendwelche verbindlichen Aussagen von SMS und SMI bekommen.\u201c Grit Hanneforth, Gesch\u00e4ftsf\u00fchrerin des Kulturb\u00fcro Sachsen e.V., erg\u00e4nzt: \u201eDiese untragbare und ungekl\u00e4rte Situation wird auf dem R\u00fccken der Mitarbeiter_innen, der Opfer rechter Gewalt sowie zahlreicher Beratungsnehmer_innen ausgetragen. Wir fordern daher die Staatsregierung auf, endlich zu handeln\u201c.<\/p>\n<p><strong>Hintergrund zur Situation:<\/strong><\/p>\n<p>Im aktuellen s\u00e4chsischen Doppelhaushalt ist keine Kofinanzierung f\u00fcr die Mobile Beratung und die Opferberatung und damit f\u00fcr das Beratungsnetzwerk Sachsen f\u00fcr 2014 eingestellt worden. Hintergrund sind versp\u00e4tete Finanzzusagen des Bundes f\u00fcr 2014.<\/p>\n<p>Bis heute konnte die s\u00e4chsische Staatsregierung das Dilemma der fehlenden Kofinanzierung f\u00fcr 2014 nicht kl\u00e4ren. Der sp\u00e4te Entschluss des Bundes und die zeitaufw\u00e4ndigen Abl\u00e4ufe der s\u00e4chsischen Verwaltung gef\u00e4hrden die gute Beratungspraxis von Mobiler Beratung und Opferberatung im kommenden Jahr. Das seit 2007 kontinuierlich durch das Land Sachsen kofinanzierte Beratungsnetzwerk mit seinen beiden Beratungstr\u00e4gern f\u00fcr Mobile Beratung und f\u00fcr Opferberatung rutscht damit in eine chronische Unterfinanzierung. Gef\u00e4hrdet werden dadurch auch die bereits zugesagten Bundesmittel in H\u00f6he von 280.000 Euro.<\/p>\n","protected":false},"excerpt":{"rendered":"<p>Die Arbeit der Mobilen Beratungsteams gegen Rechts in Sachsen sowie der Opferberatung f\u00fcr Betroffene rechter und rassistischer Gewalt des RAA Sachsen e.V. steht aufgrund fehlender Kofinanzierung durch den Freistaat vor dem Aus. Auf einer heutigen gemeinsamen Pressekonferenz forderten die Vereine die Politik auf, die Finanzierung endlich langfristig sicherzustellen. Neben den Gesch\u00e4ftsf\u00fchrern der Vereine auch den [&hellip;]<\/p>\n","protected":false},"author":229,"featured_media":0,"comment_status":"open","ping_status":"open","sticky":false,"template":"","format":"standard","meta":{"_jetpack_memberships_contains_paid_content":false,"footnotes":""},"categories":[1456],"tags":[26427,1755],"class_list":["post-14321","post","type-post","status-publish","format-standard","hentry","category-sachsen","tag-opferberatung","tag-rechte-gewalt"],"yoast_head":"<!-- This site is optimized with the Yoast SEO plugin v21.0 - https:\/\/yoast.com\/wordpress\/plugins\/seo\/ -->\n<title>Mobile Opferberatung in Sachsen vor dem Aus - St\u00f6rungsmelder<\/title>\n<meta name=\"robots\" content=\"index, follow, max-snippet:-1, max-image-preview:large, max-video-preview:-1\" \/>\n<link rel=\"canonical\" href=\"https:\/\/blog.zeit.de\/stoerungsmelder\/2013\/11\/04\/mobile-opferberatung-in-sachsen-vor-dem-aus_14321\" \/>\n<meta property=\"og:locale\" content=\"de_DE\" \/>\n<meta property=\"og:type\" content=\"article\" \/>\n<meta property=\"og:title\" content=\"Mobile Opferberatung in Sachsen vor dem Aus - St\u00f6rungsmelder\" \/>\n<meta property=\"og:description\" content=\"Die Arbeit der Mobilen Beratungsteams gegen Rechts in Sachsen sowie der Opferberatung f\u00fcr Betroffene rechter und rassistischer Gewalt des RAA Sachsen e.V. steht aufgrund fehlender Kofinanzierung durch den Freistaat vor dem Aus. Auf einer heutigen gemeinsamen Pressekonferenz forderten die Vereine die Politik auf, die Finanzierung endlich langfristig sicherzustellen. Neben den Gesch\u00e4ftsf\u00fchrern der Vereine auch den [&hellip;]\" \/>\n<meta property=\"og:url\" content=\"https:\/\/blog.zeit.de\/stoerungsmelder\/2013\/11\/04\/mobile-opferberatung-in-sachsen-vor-dem-aus_14321\" \/>\n<meta property=\"og:site_name\" content=\"St\u00f6rungsmelder\" \/>\n<meta property=\"article:published_time\" content=\"2013-11-04T10:00:44+00:00\" \/>\n<meta property=\"article:modified_time\" content=\"2013-11-04T10:00:45+00:00\" \/>\n<meta property=\"og:image\" content=\"https:\/\/blog.zeit.de\/stoerungsmelder\/files\/2009\/08\/colditz-artikel-410.jpg\" \/>\n<meta name=\"author\" content=\"St\u00f6rungsmelder\" \/>\n<meta name=\"twitter:card\" content=\"summary_large_image\" \/>\n<meta name=\"twitter:label1\" content=\"Geschrieben von\" \/>\n\t<meta name=\"twitter:data1\" content=\"St\u00f6rungsmelder\" \/>\n\t<meta name=\"twitter:label2\" content=\"Gesch\u00e4tzte Lesezeit\" \/>\n\t<meta name=\"twitter:data2\" content=\"3\u00a0Minuten\" \/>\n<script type=\"application\/ld+json\" class=\"yoast-schema-graph\">{\"@context\":\"https:\/\/schema.org\",\"@graph\":[{\"@type\":\"WebPage\",\"@id\":\"https:\/\/blog.zeit.de\/stoerungsmelder\/2013\/11\/04\/mobile-opferberatung-in-sachsen-vor-dem-aus_14321\",\"url\":\"https:\/\/blog.zeit.de\/stoerungsmelder\/2013\/11\/04\/mobile-opferberatung-in-sachsen-vor-dem-aus_14321\",\"name\":\"Mobile Opferberatung in Sachsen vor dem Aus - St\u00f6rungsmelder\",\"isPartOf\":{\"@id\":\"https:\/\/blog.zeit.de\/stoerungsmelder\/#website\"},\"datePublished\":\"2013-11-04T10:00:44+00:00\",\"dateModified\":\"2013-11-04T10:00:45+00:00\",\"author\":{\"@id\":\"https:\/\/blog.zeit.de\/stoerungsmelder\/#\/schema\/person\/fdd0b9818f65738672810b6d6f037f71\"},\"breadcrumb\":{\"@id\":\"https:\/\/blog.zeit.de\/stoerungsmelder\/2013\/11\/04\/mobile-opferberatung-in-sachsen-vor-dem-aus_14321#breadcrumb\"},\"inLanguage\":\"de\",\"potentialAction\":[{\"@type\":\"ReadAction\",\"target\":[\"https:\/\/blog.zeit.de\/stoerungsmelder\/2013\/11\/04\/mobile-opferberatung-in-sachsen-vor-dem-aus_14321\"]}]},{\"@type\":\"BreadcrumbList\",\"@id\":\"https:\/\/blog.zeit.de\/stoerungsmelder\/2013\/11\/04\/mobile-opferberatung-in-sachsen-vor-dem-aus_14321#breadcrumb\",\"itemListElement\":[{\"@type\":\"ListItem\",\"position\":1,\"name\":\"Startseite\",\"item\":\"https:\/\/blog.zeit.de\/stoerungsmelder\"},{\"@type\":\"ListItem\",\"position\":2,\"name\":\"Mobile Opferberatung in Sachsen vor dem Aus\"}]},{\"@type\":\"WebSite\",\"@id\":\"https:\/\/blog.zeit.de\/stoerungsmelder\/#website\",\"url\":\"https:\/\/blog.zeit.de\/stoerungsmelder\/\",\"name\":\"St\u00f6rungsmelder\",\"description\":\"Recherchen und Analysen \u00fcber die extreme Rechte\",\"potentialAction\":[{\"@type\":\"SearchAction\",\"target\":{\"@type\":\"EntryPoint\",\"urlTemplate\":\"https:\/\/blog.zeit.de\/stoerungsmelder\/?s={search_term_string}\"},\"query-input\":\"required name=search_term_string\"}],\"inLanguage\":\"de\"},{\"@type\":\"Person\",\"@id\":\"https:\/\/blog.zeit.de\/stoerungsmelder\/#\/schema\/person\/fdd0b9818f65738672810b6d6f037f71\",\"name\":\"St\u00f6rungsmelder\",\"image\":{\"@type\":\"ImageObject\",\"inLanguage\":\"de\",\"@id\":\"https:\/\/blog.zeit.de\/stoerungsmelder\/#\/schema\/person\/image\/\",\"url\":\"https:\/\/secure.gravatar.com\/avatar\/dfa4be514c3e82a71e4f9a0020035d38192d080ccaa5e4e6d7a1472c763535c5?s=96&d=mm&r=pg\",\"contentUrl\":\"https:\/\/secure.gravatar.com\/avatar\/dfa4be514c3e82a71e4f9a0020035d38192d080ccaa5e4e6d7a1472c763535c5?s=96&d=mm&r=pg\",\"caption\":\"St\u00f6rungsmelder\"},\"url\":\"https:\/\/blog.zeit.de\/stoerungsmelder\/author\/stoerungsmelder\"}]}<\/script>\n<!-- \/ Yoast SEO plugin. -->","yoast_head_json":{"title":"Mobile Opferberatung in Sachsen vor dem Aus - St\u00f6rungsmelder","robots":{"index":"index","follow":"follow","max-snippet":"max-snippet:-1","max-image-preview":"max-image-preview:large","max-video-preview":"max-video-preview:-1"},"canonical":"https:\/\/blog.zeit.de\/stoerungsmelder\/2013\/11\/04\/mobile-opferberatung-in-sachsen-vor-dem-aus_14321","og_locale":"de_DE","og_type":"article","og_title":"Mobile Opferberatung in Sachsen vor dem Aus - St\u00f6rungsmelder","og_description":"Die Arbeit der Mobilen Beratungsteams gegen Rechts in Sachsen sowie der Opferberatung f\u00fcr Betroffene rechter und rassistischer Gewalt des RAA Sachsen e.V. steht aufgrund fehlender Kofinanzierung durch den Freistaat vor dem Aus. Auf einer heutigen gemeinsamen Pressekonferenz forderten die Vereine die Politik auf, die Finanzierung endlich langfristig sicherzustellen. Neben den Gesch\u00e4ftsf\u00fchrern der Vereine auch den [&hellip;]","og_url":"https:\/\/blog.zeit.de\/stoerungsmelder\/2013\/11\/04\/mobile-opferberatung-in-sachsen-vor-dem-aus_14321","og_site_name":"St\u00f6rungsmelder","article_published_time":"2013-11-04T10:00:44+00:00","article_modified_time":"2013-11-04T10:00:45+00:00","og_image":[{"url":"https:\/\/blog.zeit.de\/stoerungsmelder\/files\/2009\/08\/colditz-artikel-410.jpg"}],"author":"St\u00f6rungsmelder","twitter_card":"summary_large_image","twitter_misc":{"Geschrieben von":"St\u00f6rungsmelder","Gesch\u00e4tzte Lesezeit":"3\u00a0Minuten"},"schema":{"@context":"https:\/\/schema.org","@graph":[{"@type":"WebPage","@id":"https:\/\/blog.zeit.de\/stoerungsmelder\/2013\/11\/04\/mobile-opferberatung-in-sachsen-vor-dem-aus_14321","url":"https:\/\/blog.zeit.de\/stoerungsmelder\/2013\/11\/04\/mobile-opferberatung-in-sachsen-vor-dem-aus_14321","name":"Mobile Opferberatung in Sachsen vor dem Aus - St\u00f6rungsmelder","isPartOf":{"@id":"https:\/\/blog.zeit.de\/stoerungsmelder\/#website"},"datePublished":"2013-11-04T10:00:44+00:00","dateModified":"2013-11-04T10:00:45+00:00","author":{"@id":"https:\/\/blog.zeit.de\/stoerungsmelder\/#\/schema\/person\/fdd0b9818f65738672810b6d6f037f71"},"breadcrumb":{"@id":"https:\/\/blog.zeit.de\/stoerungsmelder\/2013\/11\/04\/mobile-opferberatung-in-sachsen-vor-dem-aus_14321#breadcrumb"},"inLanguage":"de","potentialAction":[{"@type":"ReadAction","target":["https:\/\/blog.zeit.de\/stoerungsmelder\/2013\/11\/04\/mobile-opferberatung-in-sachsen-vor-dem-aus_14321"]}]},{"@type":"BreadcrumbList","@id":"https:\/\/blog.zeit.de\/stoerungsmelder\/2013\/11\/04\/mobile-opferberatung-in-sachsen-vor-dem-aus_14321#breadcrumb","itemListElement":[{"@type":"ListItem","position":1,"name":"Startseite","item":"https:\/\/blog.zeit.de\/stoerungsmelder"},{"@type":"ListItem","position":2,"name":"Mobile Opferberatung in Sachsen vor dem Aus"}]},{"@type":"WebSite","@id":"https:\/\/blog.zeit.de\/stoerungsmelder\/#website","url":"https:\/\/blog.zeit.de\/stoerungsmelder\/","name":"St\u00f6rungsmelder","description":"Recherchen und Analysen \u00fcber die extreme Rechte","potentialAction":[{"@type":"SearchAction","target":{"@type":"EntryPoint","urlTemplate":"https:\/\/blog.zeit.de\/stoerungsmelder\/?s={search_term_string}"},"query-input":"required name=search_term_string"}],"inLanguage":"de"},{"@type":"Person","@id":"https:\/\/blog.zeit.de\/stoerungsmelder\/#\/schema\/person\/fdd0b9818f65738672810b6d6f037f71","name":"St\u00f6rungsmelder","image":{"@type":"ImageObject","inLanguage":"de","@id":"https:\/\/blog.zeit.de\/stoerungsmelder\/#\/schema\/person\/image\/","url":"https:\/\/secure.gravatar.com\/avatar\/dfa4be514c3e82a71e4f9a0020035d38192d080ccaa5e4e6d7a1472c763535c5?s=96&d=mm&r=pg","contentUrl":"https:\/\/secure.gravatar.com\/avatar\/dfa4be514c3e82a71e4f9a0020035d38192d080ccaa5e4e6d7a1472c763535c5?s=96&d=mm&r=pg","caption":"St\u00f6rungsmelder"},"url":"https:\/\/blog.zeit.de\/stoerungsmelder\/author\/stoerungsmelder"}]}},"jetpack_featured_media_url":"","jetpack_sharing_enabled":true,"_links":{"self":[{"href":"https:\/\/blog.zeit.de\/stoerungsmelder\/wp-json\/wp\/v2\/posts\/14321","targetHints":{"allow":["GET"]}}],"collection":[{"href":"https:\/\/blog.zeit.de\/stoerungsmelder\/wp-json\/wp\/v2\/posts"}],"about":[{"href":"https:\/\/blog.zeit.de\/stoerungsmelder\/wp-json\/wp\/v2\/types\/post"}],"author":[{"embeddable":true,"href":"https:\/\/blog.zeit.de\/stoerungsmelder\/wp-json\/wp\/v2\/users\/229"}],"replies":[{"embeddable":true,"href":"https:\/\/blog.zeit.de\/stoerungsmelder\/wp-json\/wp\/v2\/comments?post=14321"}],"version-history":[{"count":2,"href":"https:\/\/blog.zeit.de\/stoerungsmelder\/wp-json\/wp\/v2\/posts\/14321\/revisions"}],"predecessor-version":[{"id":14323,"href":"https:\/\/blog.zeit.de\/stoerungsmelder\/wp-json\/wp\/v2\/posts\/14321\/revisions\/14323"}],"wp:attachment":[{"href":"https:\/\/blog.zeit.de\/stoerungsmelder\/wp-json\/wp\/v2\/media?parent=14321"}],"wp:term":[{"taxonomy":"category","embeddable":true,"href":"https:\/\/blog.zeit.de\/stoerungsmelder\/wp-json\/wp\/v2\/categories?post=14321"},{"taxonomy":"post_tag","embeddable":true,"href":"https:\/\/blog.zeit.de\/stoerungsmelder\/wp-json\/wp\/v2\/tags?post=14321"}],"curies":[{"name":"wp","href":"https:\/\/api.w.org\/{rel}","templated":true}]}}