{"id":14325,"date":"2013-11-05T13:05:19","date_gmt":"2013-11-05T12:05:19","guid":{"rendered":"http:\/\/blog.zeit.de\/stoerungsmelder\/?p=14325"},"modified":"2015-10-29T15:12:47","modified_gmt":"2015-10-29T14:12:47","slug":"verurteilter-nazirocker-trat-in-furth-auf","status":"publish","type":"post","link":"https:\/\/blog.zeit.de\/stoerungsmelder\/2013\/11\/05\/verurteilter-nazirocker-trat-in-furth-auf_14325","title":{"rendered":"Verurteilter Nazirocker trat in F\u00fcrth auf"},"content":{"rendered":"<p><figure id=\"attachment_14326\" aria-describedby=\"caption-attachment-14326\" style=\"width: 415px\" class=\"wp-caption aligncenter\"><a href=\"https:\/\/blog.zeit.de\/stoerungsmelder\/2013\/11\/05\/verurteilter-nazirocker-trat-in-furth-auf_14325\/2013-10-17_michael-regener_vanessa-becker_screenshot_aida\" rel=\"attachment wp-att-14326\"><img loading=\"lazy\" decoding=\"async\" class=\"size-full wp-image-14326\" src=\"https:\/\/blog.zeit.de\/stoerungsmelder\/files\/2013\/11\/2013-10-17_michael-regener_vanessa-becker_screenshot_aida.jpg\" alt=\"Neonazirocker Michael Regener und FNS- Aktivistin Vanessa Becker | Screenshot: a.i.d.a. Archiv\" width=\"415\" height=\"284\" srcset=\"https:\/\/blog.zeit.de\/stoerungsmelder\/files\/2013\/11\/2013-10-17_michael-regener_vanessa-becker_screenshot_aida.jpg 415w, https:\/\/blog.zeit.de\/stoerungsmelder\/files\/2013\/11\/2013-10-17_michael-regener_vanessa-becker_screenshot_aida-300x205.jpg 300w\" sizes=\"auto, (max-width: 415px) 100vw, 415px\" \/><\/a><figcaption id=\"caption-attachment-14326\" class=\"wp-caption-text\">Neonazirocker Michael Regener und FNS- Aktivistin Vanessa Becker | Screenshot: a.i.d.a. Archiv<\/figcaption><\/figure><\/p>\n<p>Wie erst vor kurzem bekannt wurde, trat der ehemalige S\u00e4nger der, 2003 verbotenen Nazirockgruppe \u201eLandser\u201c, am 17.10. im Landkreis F\u00fcrth auf einem, konspirativ organisierten, Konzert auf. Organisiert wurde der Liederabend vom \u201eFreien Netz S\u00fcd\u201c (FNS).<!--more--><\/p>\n<p>Bis zu 60 Neonazis sollen an dem Liederabend in Veitsbronn\/Bernbach (Landkreis F\u00fcrth) teilgenommen haben, teilt das bayerische Innenministerium mit. Das Spektakel soll auf dem Grundst\u00fcck eines Sympathisanten der rechten Szene stattgefunden haben. Organisator soll der F\u00fcrther Neonazi und FNS-Kader, Matthias Fischer, gewesen sein. \u00a0Nach Informationen des Innenministeriums, ist der verurteilte neonazistische S\u00e4nger und Liedermacher Michael \u201eLunikoff\u201c Regener, der fr\u00fcher als Frontman der international bekannten Nazirockband \u201eLandser\u201c fungierte, bei dem \u201eGartenfest mit Liederabend\u201c aufgetreten. Nachdem Verbot der Musikgruppe 2003, gr\u00fcndete Regener noch vor seinem Gef\u00e4ngnisaufenthalt\u00a0 das musikalische Projekt \u201eDie Lunikoff Verschw\u00f6rung\u201c. Regener verf\u00fcgt auch \u00fcber gute Kontakte nach Franken. So sollte Regener im letzten Jahr bei der beh\u00f6rdlich verbotenen Neonaziveranstaltung \u201eEuropa erwache\u201c auftreten, welche vom bayerischen Neonazidachverband Freies Netz S\u00fcd (FNS) vorbereitet wurde. Fotos von Regener und FNS-Aktivisten belegen zudem deren Kontakte. Wenige Tage vor dem braunen Liederabend in Veitsbronn, spielte Regener vor seinen Gesinnungskameraden in der M\u00fcnchner Nazi-Immobilie in Obermenzing, in welcher u.a. auch die FNS- und \u201eB\u00fcrgerinitiative Ausl\u00e4nderstopp M\u00fcnchen&#8220;-Aktivistin \u00a0Vanessa Becker (siehe Foto oben) wohnt.<\/p>\n<p><figure id=\"attachment_14327\" aria-describedby=\"caption-attachment-14327\" style=\"width: 270px\" class=\"wp-caption alignright\"><a href=\"https:\/\/blog.zeit.de\/stoerungsmelder\/2013\/11\/05\/verurteilter-nazirocker-trat-in-furth-auf_14325\/matthias-fischer\" rel=\"attachment wp-att-14327\"><img loading=\"lazy\" decoding=\"async\" class=\" wp-image-14327 \" src=\"https:\/\/blog.zeit.de\/stoerungsmelder\/files\/2013\/11\/Matthias-Fischer-300x201.jpg\" alt=\"FNS- Kader Matthias Fischer \u00a9 Timo M\u00fcller\" width=\"270\" height=\"181\" srcset=\"https:\/\/blog.zeit.de\/stoerungsmelder\/files\/2013\/11\/Matthias-Fischer-300x201.jpg 300w, https:\/\/blog.zeit.de\/stoerungsmelder\/files\/2013\/11\/Matthias-Fischer-1024x687.jpg 1024w, https:\/\/blog.zeit.de\/stoerungsmelder\/files\/2013\/11\/Matthias-Fischer.jpg 1126w\" sizes=\"auto, (max-width: 270px) 100vw, 270px\" \/><\/a><figcaption id=\"caption-attachment-14327\" class=\"wp-caption-text\">FNS- Kader Matthias Fischer \u00a9 Jonas Miller<\/figcaption><\/figure><\/p>\n<p>Das Freie Netz S\u00fcd hatte schon im Dezember 2011 versucht in Veitsbronn eine Veranstaltungshalle zu mieten, schrieben die \u201eF\u00fcrther Nachrichten\u201c in ihrer Printausgabe vom Freitag. Damals legten die Organisatoren aber ihren rechten Hintergrund offen und die Veranstaltung platze.<br \/>\nDass sich die rechte Szene in F\u00fcrth immer wieder zu konspirativen Treffen und Liederabenden verabredet ist dabei nichts Neues. Ab und an gelingt es Nazigegnern die <a href=\"https:\/\/blog.zeit.de\/stoerungsmelder\/2013\/07\/21\/konspirative-naziveranstaltung-verhindert_13597\">Neonazitreffen im Vorfeld zu verhindern<\/a>. Die Lokalit\u00e4t in Veitsbronn klingt f\u00fcr die Neonazis aber durchaus interessant. Bei einem bislang unbekannten Szenesympathisanten, ist es schwieriger einen \u00f6ffentlichen Druck zu erzeugen. Zudem sehen die Beh\u00f6rden in solchen F\u00e4llen oftmals keine Handhabe, gegen die Veranstaltung vorzugehen.<br \/>\nIm konkreten Fall wusste auch die Gemeinde Veitsbronn nichts von einem stattgefundenen rechten Konzert, wie Gesch\u00e4ftsf\u00fchrer Thomas M\u00f6rtel auf Nachfrage des St\u00f6rungsmelders mitteilte. Laut einer Mitteilung des bayerischen Innenministeriums, f\u00fchrten Einsatzkr\u00e4fte der Polizei Personen- und Verkehrskontrollen in Veitsbronn durch.<\/p>\n<p>Erst im Oktober sorgte ein <a href=\"https:\/\/blog.zeit.de\/stoerungsmelder\/2013\/10\/17\/behorden-verheimlichen-nazi-konzert_14188\">konspirativ organsiertes Neonazikonzert f\u00fcr Schlagzeilen<\/a>. Die Organisatoren Patrick Schr\u00f6der und Axel Michaelis, beide Funktion\u00e4re in der bayerischen NPD, veranstalteten das gr\u00f6\u00dfte Neonazikonzert der letzten Jahre in Bayern mit ca. 1000 Besuchern. Stadt und Polizei waren damals heftig in die Kritik geraten, da das Konzert den Sicherheitsbeh\u00f6rden vorher zwar bekannt war, man sich aber darauf verst\u00e4ndigte, die Bev\u00f6lkerung der 4600-Seelen Gemeinde Scheinfeld, nicht zu informieren und die rechten Rockfans gew\u00e4hren zu lassen.<\/p>\n","protected":false},"excerpt":{"rendered":"<p>Wie erst vor kurzem bekannt wurde, trat der ehemalige S\u00e4nger der, 2003 verbotenen Nazirockgruppe \u201eLandser\u201c, am 17.10. im Landkreis F\u00fcrth auf einem, konspirativ organisierten, Konzert auf. Organisiert wurde der Liederabend vom \u201eFreien Netz S\u00fcd\u201c (FNS).<\/p>\n","protected":false},"author":363,"featured_media":14326,"comment_status":"open","ping_status":"open","sticky":false,"template":"","format":"standard","meta":{"_jetpack_memberships_contains_paid_content":false,"footnotes":""},"categories":[59],"tags":[29332,29326,17875,17876,29325,29330,26534,662,12719,29327,23215,8168,1663,1672,17824,11364,29301,1680,28133,1711,1716,29324,2454,1765,29300,29329,17925],"class_list":["post-14325","post","type-post","status-publish","format-standard","has-post-thumbnail","hentry","category-bayern","tag-axel-michaelis","tag-bernbach","tag-bia","tag-burgerinitiative-auslanderstopp","tag-bveitsbronn","tag-europa-erwache","tag-fns","tag-franken","tag-freies-netz-sud","tag-further-nachrichten","tag-innenministerium","tag-konzert","tag-landser","tag-lunikoff","tag-matthias-fischer","tag-michael-regener","tag-mittelfranken","tag-munchen","tag-nazikonzert","tag-neonazis","tag-npd","tag-obermenzing","tag-patrick-schroder","tag-rechtsrock","tag-scheinfeld","tag-timo-muller","tag-vanessa-becker"],"yoast_head":"<!-- This site is optimized with the Yoast SEO plugin v21.0 - https:\/\/yoast.com\/wordpress\/plugins\/seo\/ -->\n<title>Verurteilter Nazirocker trat in F\u00fcrth auf - St\u00f6rungsmelder<\/title>\n<meta name=\"robots\" content=\"index, follow, max-snippet:-1, max-image-preview:large, max-video-preview:-1\" \/>\n<link rel=\"canonical\" href=\"https:\/\/blog.zeit.de\/stoerungsmelder\/2013\/11\/05\/verurteilter-nazirocker-trat-in-furth-auf_14325\" \/>\n<meta property=\"og:locale\" content=\"de_DE\" \/>\n<meta property=\"og:type\" content=\"article\" \/>\n<meta property=\"og:title\" content=\"Verurteilter Nazirocker trat in F\u00fcrth auf - St\u00f6rungsmelder\" \/>\n<meta property=\"og:description\" content=\"Wie erst vor kurzem bekannt wurde, trat der ehemalige S\u00e4nger der, 2003 verbotenen Nazirockgruppe \u201eLandser\u201c, am 17.10. im Landkreis F\u00fcrth auf einem, konspirativ organisierten, Konzert auf. Organisiert wurde der Liederabend vom \u201eFreien Netz S\u00fcd\u201c (FNS).\" \/>\n<meta property=\"og:url\" content=\"https:\/\/blog.zeit.de\/stoerungsmelder\/2013\/11\/05\/verurteilter-nazirocker-trat-in-furth-auf_14325\" \/>\n<meta property=\"og:site_name\" content=\"St\u00f6rungsmelder\" \/>\n<meta property=\"article:published_time\" content=\"2013-11-05T12:05:19+00:00\" \/>\n<meta property=\"article:modified_time\" content=\"2015-10-29T14:12:47+00:00\" \/>\n<meta property=\"og:image\" content=\"https:\/\/blog.zeit.de\/stoerungsmelder\/files\/2013\/11\/2013-10-17_michael-regener_vanessa-becker_screenshot_aida.jpg\" \/>\n\t<meta property=\"og:image:width\" content=\"415\" \/>\n\t<meta property=\"og:image:height\" content=\"284\" \/>\n\t<meta property=\"og:image:type\" content=\"image\/jpeg\" \/>\n<meta name=\"author\" content=\"Jonas Miller\" \/>\n<meta name=\"twitter:card\" content=\"summary_large_image\" \/>\n<meta name=\"twitter:label1\" content=\"Geschrieben von\" \/>\n\t<meta name=\"twitter:data1\" content=\"Jonas Miller\" \/>\n\t<meta name=\"twitter:label2\" content=\"Gesch\u00e4tzte Lesezeit\" \/>\n\t<meta name=\"twitter:data2\" content=\"2\u00a0Minuten\" \/>\n<script type=\"application\/ld+json\" class=\"yoast-schema-graph\">{\"@context\":\"https:\/\/schema.org\",\"@graph\":[{\"@type\":\"WebPage\",\"@id\":\"https:\/\/blog.zeit.de\/stoerungsmelder\/2013\/11\/05\/verurteilter-nazirocker-trat-in-furth-auf_14325\",\"url\":\"https:\/\/blog.zeit.de\/stoerungsmelder\/2013\/11\/05\/verurteilter-nazirocker-trat-in-furth-auf_14325\",\"name\":\"Verurteilter Nazirocker trat in F\u00fcrth auf - St\u00f6rungsmelder\",\"isPartOf\":{\"@id\":\"https:\/\/blog.zeit.de\/stoerungsmelder\/#website\"},\"datePublished\":\"2013-11-05T12:05:19+00:00\",\"dateModified\":\"2015-10-29T14:12:47+00:00\",\"author\":{\"@id\":\"https:\/\/blog.zeit.de\/stoerungsmelder\/#\/schema\/person\/abb0b5e2ae04ea00291f461511cf0e6b\"},\"breadcrumb\":{\"@id\":\"https:\/\/blog.zeit.de\/stoerungsmelder\/2013\/11\/05\/verurteilter-nazirocker-trat-in-furth-auf_14325#breadcrumb\"},\"inLanguage\":\"de\",\"potentialAction\":[{\"@type\":\"ReadAction\",\"target\":[\"https:\/\/blog.zeit.de\/stoerungsmelder\/2013\/11\/05\/verurteilter-nazirocker-trat-in-furth-auf_14325\"]}]},{\"@type\":\"BreadcrumbList\",\"@id\":\"https:\/\/blog.zeit.de\/stoerungsmelder\/2013\/11\/05\/verurteilter-nazirocker-trat-in-furth-auf_14325#breadcrumb\",\"itemListElement\":[{\"@type\":\"ListItem\",\"position\":1,\"name\":\"Startseite\",\"item\":\"https:\/\/blog.zeit.de\/stoerungsmelder\"},{\"@type\":\"ListItem\",\"position\":2,\"name\":\"Verurteilter Nazirocker trat in F\u00fcrth auf\"}]},{\"@type\":\"WebSite\",\"@id\":\"https:\/\/blog.zeit.de\/stoerungsmelder\/#website\",\"url\":\"https:\/\/blog.zeit.de\/stoerungsmelder\/\",\"name\":\"St\u00f6rungsmelder\",\"description\":\"Recherchen und Analysen \u00fcber die extreme Rechte\",\"potentialAction\":[{\"@type\":\"SearchAction\",\"target\":{\"@type\":\"EntryPoint\",\"urlTemplate\":\"https:\/\/blog.zeit.de\/stoerungsmelder\/?s={search_term_string}\"},\"query-input\":\"required name=search_term_string\"}],\"inLanguage\":\"de\"},{\"@type\":\"Person\",\"@id\":\"https:\/\/blog.zeit.de\/stoerungsmelder\/#\/schema\/person\/abb0b5e2ae04ea00291f461511cf0e6b\",\"name\":\"Jonas Miller\",\"image\":{\"@type\":\"ImageObject\",\"inLanguage\":\"de\",\"@id\":\"https:\/\/blog.zeit.de\/stoerungsmelder\/#\/schema\/person\/image\/\",\"url\":\"https:\/\/secure.gravatar.com\/avatar\/c86a48d8af5f6cb474e5792b625c0051659345670c87ad1d34ce5dc50fecf79f?s=96&d=mm&r=pg\",\"contentUrl\":\"https:\/\/secure.gravatar.com\/avatar\/c86a48d8af5f6cb474e5792b625c0051659345670c87ad1d34ce5dc50fecf79f?s=96&d=mm&r=pg\",\"caption\":\"Jonas Miller\"},\"url\":\"https:\/\/blog.zeit.de\/stoerungsmelder\/author\/timomueller\"}]}<\/script>\n<!-- \/ Yoast SEO plugin. -->","yoast_head_json":{"title":"Verurteilter Nazirocker trat in F\u00fcrth auf - St\u00f6rungsmelder","robots":{"index":"index","follow":"follow","max-snippet":"max-snippet:-1","max-image-preview":"max-image-preview:large","max-video-preview":"max-video-preview:-1"},"canonical":"https:\/\/blog.zeit.de\/stoerungsmelder\/2013\/11\/05\/verurteilter-nazirocker-trat-in-furth-auf_14325","og_locale":"de_DE","og_type":"article","og_title":"Verurteilter Nazirocker trat in F\u00fcrth auf - St\u00f6rungsmelder","og_description":"Wie erst vor kurzem bekannt wurde, trat der ehemalige S\u00e4nger der, 2003 verbotenen Nazirockgruppe \u201eLandser\u201c, am 17.10. im Landkreis F\u00fcrth auf einem, konspirativ organisierten, Konzert auf. Organisiert wurde der Liederabend vom \u201eFreien Netz S\u00fcd\u201c (FNS).","og_url":"https:\/\/blog.zeit.de\/stoerungsmelder\/2013\/11\/05\/verurteilter-nazirocker-trat-in-furth-auf_14325","og_site_name":"St\u00f6rungsmelder","article_published_time":"2013-11-05T12:05:19+00:00","article_modified_time":"2015-10-29T14:12:47+00:00","og_image":[{"width":415,"height":284,"url":"https:\/\/blog.zeit.de\/stoerungsmelder\/files\/2013\/11\/2013-10-17_michael-regener_vanessa-becker_screenshot_aida.jpg","type":"image\/jpeg"}],"author":"Jonas Miller","twitter_card":"summary_large_image","twitter_misc":{"Geschrieben von":"Jonas Miller","Gesch\u00e4tzte Lesezeit":"2\u00a0Minuten"},"schema":{"@context":"https:\/\/schema.org","@graph":[{"@type":"WebPage","@id":"https:\/\/blog.zeit.de\/stoerungsmelder\/2013\/11\/05\/verurteilter-nazirocker-trat-in-furth-auf_14325","url":"https:\/\/blog.zeit.de\/stoerungsmelder\/2013\/11\/05\/verurteilter-nazirocker-trat-in-furth-auf_14325","name":"Verurteilter Nazirocker trat in F\u00fcrth auf - St\u00f6rungsmelder","isPartOf":{"@id":"https:\/\/blog.zeit.de\/stoerungsmelder\/#website"},"datePublished":"2013-11-05T12:05:19+00:00","dateModified":"2015-10-29T14:12:47+00:00","author":{"@id":"https:\/\/blog.zeit.de\/stoerungsmelder\/#\/schema\/person\/abb0b5e2ae04ea00291f461511cf0e6b"},"breadcrumb":{"@id":"https:\/\/blog.zeit.de\/stoerungsmelder\/2013\/11\/05\/verurteilter-nazirocker-trat-in-furth-auf_14325#breadcrumb"},"inLanguage":"de","potentialAction":[{"@type":"ReadAction","target":["https:\/\/blog.zeit.de\/stoerungsmelder\/2013\/11\/05\/verurteilter-nazirocker-trat-in-furth-auf_14325"]}]},{"@type":"BreadcrumbList","@id":"https:\/\/blog.zeit.de\/stoerungsmelder\/2013\/11\/05\/verurteilter-nazirocker-trat-in-furth-auf_14325#breadcrumb","itemListElement":[{"@type":"ListItem","position":1,"name":"Startseite","item":"https:\/\/blog.zeit.de\/stoerungsmelder"},{"@type":"ListItem","position":2,"name":"Verurteilter Nazirocker trat in F\u00fcrth auf"}]},{"@type":"WebSite","@id":"https:\/\/blog.zeit.de\/stoerungsmelder\/#website","url":"https:\/\/blog.zeit.de\/stoerungsmelder\/","name":"St\u00f6rungsmelder","description":"Recherchen und Analysen \u00fcber die extreme Rechte","potentialAction":[{"@type":"SearchAction","target":{"@type":"EntryPoint","urlTemplate":"https:\/\/blog.zeit.de\/stoerungsmelder\/?s={search_term_string}"},"query-input":"required name=search_term_string"}],"inLanguage":"de"},{"@type":"Person","@id":"https:\/\/blog.zeit.de\/stoerungsmelder\/#\/schema\/person\/abb0b5e2ae04ea00291f461511cf0e6b","name":"Jonas Miller","image":{"@type":"ImageObject","inLanguage":"de","@id":"https:\/\/blog.zeit.de\/stoerungsmelder\/#\/schema\/person\/image\/","url":"https:\/\/secure.gravatar.com\/avatar\/c86a48d8af5f6cb474e5792b625c0051659345670c87ad1d34ce5dc50fecf79f?s=96&d=mm&r=pg","contentUrl":"https:\/\/secure.gravatar.com\/avatar\/c86a48d8af5f6cb474e5792b625c0051659345670c87ad1d34ce5dc50fecf79f?s=96&d=mm&r=pg","caption":"Jonas Miller"},"url":"https:\/\/blog.zeit.de\/stoerungsmelder\/author\/timomueller"}]}},"jetpack_featured_media_url":"https:\/\/blog.zeit.de\/stoerungsmelder\/files\/2013\/11\/2013-10-17_michael-regener_vanessa-becker_screenshot_aida.jpg","jetpack_sharing_enabled":true,"_links":{"self":[{"href":"https:\/\/blog.zeit.de\/stoerungsmelder\/wp-json\/wp\/v2\/posts\/14325","targetHints":{"allow":["GET"]}}],"collection":[{"href":"https:\/\/blog.zeit.de\/stoerungsmelder\/wp-json\/wp\/v2\/posts"}],"about":[{"href":"https:\/\/blog.zeit.de\/stoerungsmelder\/wp-json\/wp\/v2\/types\/post"}],"author":[{"embeddable":true,"href":"https:\/\/blog.zeit.de\/stoerungsmelder\/wp-json\/wp\/v2\/users\/363"}],"replies":[{"embeddable":true,"href":"https:\/\/blog.zeit.de\/stoerungsmelder\/wp-json\/wp\/v2\/comments?post=14325"}],"version-history":[{"count":5,"href":"https:\/\/blog.zeit.de\/stoerungsmelder\/wp-json\/wp\/v2\/posts\/14325\/revisions"}],"predecessor-version":[{"id":20411,"href":"https:\/\/blog.zeit.de\/stoerungsmelder\/wp-json\/wp\/v2\/posts\/14325\/revisions\/20411"}],"wp:featuredmedia":[{"embeddable":true,"href":"https:\/\/blog.zeit.de\/stoerungsmelder\/wp-json\/wp\/v2\/media\/14326"}],"wp:attachment":[{"href":"https:\/\/blog.zeit.de\/stoerungsmelder\/wp-json\/wp\/v2\/media?parent=14325"}],"wp:term":[{"taxonomy":"category","embeddable":true,"href":"https:\/\/blog.zeit.de\/stoerungsmelder\/wp-json\/wp\/v2\/categories?post=14325"},{"taxonomy":"post_tag","embeddable":true,"href":"https:\/\/blog.zeit.de\/stoerungsmelder\/wp-json\/wp\/v2\/tags?post=14325"}],"curies":[{"name":"wp","href":"https:\/\/api.w.org\/{rel}","templated":true}]}}