{"id":14460,"date":"2013-11-26T12:48:33","date_gmt":"2013-11-26T11:48:33","guid":{"rendered":"http:\/\/blog.zeit.de\/stoerungsmelder\/?p=14460"},"modified":"2013-11-26T13:17:37","modified_gmt":"2013-11-26T12:17:37","slug":"npd-verbot-ja-oder-nein-interaktiver-meinungstest-der-bundeszentrale","status":"publish","type":"post","link":"https:\/\/blog.zeit.de\/stoerungsmelder\/2013\/11\/26\/npd-verbot-ja-oder-nein-interaktiver-meinungstest-der-bundeszentrale_14460","title":{"rendered":"NPD-Verbot Ja oder Nein? &#8211; Interaktiver Meinungstest im Netz"},"content":{"rendered":"<p><figure id=\"attachment_10600\" aria-describedby=\"caption-attachment-10600\" style=\"width: 540px\" class=\"wp-caption aligncenter\"><a href=\"https:\/\/blog.zeit.de\/stoerungsmelder\/2012\/11\/21\/zwei-npd-kundgebungen-am-samstag-in-berlin_10599\/npd-fahne\" rel=\"attachment wp-att-10600\"><img loading=\"lazy\" decoding=\"async\" class=\"size-full wp-image-10600\" alt=\"Ein NPD-Aktivist mit Fahne auf einem Aufmarsch in Berlin \u00a9 Theo Schneider\" src=\"https:\/\/blog.zeit.de\/stoerungsmelder\/files\/2012\/11\/npd-fahne.jpg\" width=\"540\" height=\"300\" srcset=\"https:\/\/blog.zeit.de\/stoerungsmelder\/files\/2012\/11\/npd-fahne.jpg 540w, https:\/\/blog.zeit.de\/stoerungsmelder\/files\/2012\/11\/npd-fahne-300x166.jpg 300w\" sizes=\"auto, (max-width: 540px) 100vw, 540px\" \/><\/a><figcaption id=\"caption-attachment-10600\" class=\"wp-caption-text\">NPD-Mitglieder bei einem Aufmarsch in Berlin \u00a9 Theo Schneider<\/figcaption><\/figure><\/p>\n<p>\u201eIm Kampf gegen Rechtsextremismus ist mehr Bildungs- und Aufkl\u00e4rungsarbeit besser als ein NPD-Verbot\u201c oder \u201eDie Parteienfreiheit darf nicht f\u00fcr verfassungsfeindliche Parteien gelten\u201c. Zwei von insgesamt 12 Thesen, zu denen sich die Nutzer im neuen Angebot der Bundeszentrale f\u00fcr politische Bildung positionieren m\u00fcssen. Auf der Webseite der <a href=\"http:\/\/www.bpb.de\/NPD-Verbot-Test\" target=\"_blank\">Bundeszentrale<\/a> steht zur Debatte: die NPD verbieten oder nicht.<!--more--><\/p>\n<p>Welche Gr\u00fcnde sprechen f\u00fcr, welche gegen ein Verbot der NPD? Mit dem interaktiven Meinungstest der Bundeszentrale f\u00fcr politische Bildung k\u00f6nnen sich auf\u00a0<a href=\"http:\/\/www.bpb.de\/NPD-Verbot-Test\" target=\"_blank\">www.bpb.de\/NPD-Verbot-Test<\/a> Internet-Nutzer einen direkten \u00dcberblick \u00fcber die wichtigsten Argumente verschaffen, die bei der Debatte um ein NPD-Verbot eine Rolle spielen \u2013 und sich selbst eine Meinung bilden. Nach der Beantwortung der 12 Thesen wird dem Nutzer, \u00e4hnlich wie beim Wahl-O-Mat, angezeigt, wie stark die eigene Position mit der eines Bef\u00fcrworters oder Gegners \u00fcbereinstimmt. Das Ergebnis kann \u2013 selbstverst\u00e4ndlich anonym &#8211; gepostet werden und so entsteht eine \u2013 nichtrepr\u00e4sentative \u2013 \u00dcbersicht \u00fcber die Ergebnisse der bisherigen Nutzer.<\/p>\n<p>Erg\u00e4nzt wird der interaktive Test im Online-Dossier \u201eRechtsextremismus\u201c durch multimediale Informationsangebote des Themenschwerpunktes zum <a href=\"http:\/\/www.bpb.de\/NPD-Verbot\" target=\"_blank\">NPD-Verbot<\/a>. Pro- und Contra-Texte, Video-Statements aus Politik, Wissenschaft und Zivilgesellschaft oder O-T\u00f6ne. Au\u00dferdem bieten ein interaktiver Webtalk und eine Bildergalerie Orientierung beim Themenkomplex NPD-Verbot und liefern Antworten f\u00fcr Fragen zu Parteienverboten im Allgemeinen.<\/p>\n<p>\u201eDer NPD-Verbots-Check versucht ein ernstes Thema mit den spielerischen M\u00f6glichkeiten des Web 2.0 f\u00fcr die politische Bildung und insbesondere f\u00fcr j\u00fcngere Nutzer aufzubereiten\u201c, sagt Thomas Kr\u00fcger, Pr\u00e4sident der Bundeszentrale f\u00fcr politische Bildung. Kr\u00fcger w\u00fcnscht sich eine \u201em\u00f6glichst lebhafte Diskussion \u00fcber das NPD-Verbot\u201c. Nicht nur im Web.<\/p>\n","protected":false},"excerpt":{"rendered":"<p>\u201eIm Kampf gegen Rechtsextremismus ist mehr Bildungs- und Aufkl\u00e4rungsarbeit besser als ein NPD-Verbot\u201c oder \u201eDie Parteienfreiheit darf nicht f\u00fcr verfassungsfeindliche Parteien gelten\u201c. Zwei von insgesamt 12 Thesen, zu denen sich die Nutzer im neuen Angebot der Bundeszentrale f\u00fcr politische Bildung positionieren m\u00fcssen. Auf der Webseite der Bundeszentrale steht zur Debatte: die NPD verbieten oder nicht.<\/p>\n","protected":false},"author":229,"featured_media":0,"comment_status":"open","ping_status":"open","sticky":false,"template":"","format":"standard","meta":{"_jetpack_memberships_contains_paid_content":false,"footnotes":""},"categories":[1515],"tags":[1638,1716,11378],"class_list":["post-14460","post","type-post","status-publish","format-standard","hentry","category-bundesweit","tag-justiz","tag-npd","tag-verbot"],"yoast_head":"<!-- This site is optimized with the Yoast SEO plugin v21.0 - https:\/\/yoast.com\/wordpress\/plugins\/seo\/ -->\n<title>NPD-Verbot Ja oder Nein? - Interaktiver Meinungstest im Netz - St\u00f6rungsmelder<\/title>\n<meta name=\"robots\" content=\"index, follow, max-snippet:-1, max-image-preview:large, max-video-preview:-1\" \/>\n<link rel=\"canonical\" href=\"https:\/\/blog.zeit.de\/stoerungsmelder\/2013\/11\/26\/npd-verbot-ja-oder-nein-interaktiver-meinungstest-der-bundeszentrale_14460\" \/>\n<meta property=\"og:locale\" content=\"de_DE\" \/>\n<meta property=\"og:type\" content=\"article\" \/>\n<meta property=\"og:title\" content=\"NPD-Verbot Ja oder Nein? - Interaktiver Meinungstest im Netz - St\u00f6rungsmelder\" \/>\n<meta property=\"og:description\" content=\"\u201eIm Kampf gegen Rechtsextremismus ist mehr Bildungs- und Aufkl\u00e4rungsarbeit besser als ein NPD-Verbot\u201c oder \u201eDie Parteienfreiheit darf nicht f\u00fcr verfassungsfeindliche Parteien gelten\u201c. Zwei von insgesamt 12 Thesen, zu denen sich die Nutzer im neuen Angebot der Bundeszentrale f\u00fcr politische Bildung positionieren m\u00fcssen. Auf der Webseite der Bundeszentrale steht zur Debatte: die NPD verbieten oder nicht.\" \/>\n<meta property=\"og:url\" content=\"https:\/\/blog.zeit.de\/stoerungsmelder\/2013\/11\/26\/npd-verbot-ja-oder-nein-interaktiver-meinungstest-der-bundeszentrale_14460\" \/>\n<meta property=\"og:site_name\" content=\"St\u00f6rungsmelder\" \/>\n<meta property=\"article:published_time\" content=\"2013-11-26T11:48:33+00:00\" \/>\n<meta property=\"article:modified_time\" content=\"2013-11-26T12:17:37+00:00\" \/>\n<meta property=\"og:image\" content=\"https:\/\/blog.zeit.de\/stoerungsmelder\/files\/2012\/11\/npd-fahne.jpg\" \/>\n<meta name=\"author\" content=\"St\u00f6rungsmelder\" \/>\n<meta name=\"twitter:card\" content=\"summary_large_image\" \/>\n<meta name=\"twitter:label1\" content=\"Geschrieben von\" \/>\n\t<meta name=\"twitter:data1\" content=\"St\u00f6rungsmelder\" \/>\n\t<meta name=\"twitter:label2\" content=\"Gesch\u00e4tzte Lesezeit\" \/>\n\t<meta name=\"twitter:data2\" content=\"1\u00a0Minute\" \/>\n<script type=\"application\/ld+json\" class=\"yoast-schema-graph\">{\"@context\":\"https:\/\/schema.org\",\"@graph\":[{\"@type\":\"WebPage\",\"@id\":\"https:\/\/blog.zeit.de\/stoerungsmelder\/2013\/11\/26\/npd-verbot-ja-oder-nein-interaktiver-meinungstest-der-bundeszentrale_14460\",\"url\":\"https:\/\/blog.zeit.de\/stoerungsmelder\/2013\/11\/26\/npd-verbot-ja-oder-nein-interaktiver-meinungstest-der-bundeszentrale_14460\",\"name\":\"NPD-Verbot Ja oder Nein? - Interaktiver Meinungstest im Netz - St\u00f6rungsmelder\",\"isPartOf\":{\"@id\":\"https:\/\/blog.zeit.de\/stoerungsmelder\/#website\"},\"datePublished\":\"2013-11-26T11:48:33+00:00\",\"dateModified\":\"2013-11-26T12:17:37+00:00\",\"author\":{\"@id\":\"https:\/\/blog.zeit.de\/stoerungsmelder\/#\/schema\/person\/fdd0b9818f65738672810b6d6f037f71\"},\"breadcrumb\":{\"@id\":\"https:\/\/blog.zeit.de\/stoerungsmelder\/2013\/11\/26\/npd-verbot-ja-oder-nein-interaktiver-meinungstest-der-bundeszentrale_14460#breadcrumb\"},\"inLanguage\":\"de\",\"potentialAction\":[{\"@type\":\"ReadAction\",\"target\":[\"https:\/\/blog.zeit.de\/stoerungsmelder\/2013\/11\/26\/npd-verbot-ja-oder-nein-interaktiver-meinungstest-der-bundeszentrale_14460\"]}]},{\"@type\":\"BreadcrumbList\",\"@id\":\"https:\/\/blog.zeit.de\/stoerungsmelder\/2013\/11\/26\/npd-verbot-ja-oder-nein-interaktiver-meinungstest-der-bundeszentrale_14460#breadcrumb\",\"itemListElement\":[{\"@type\":\"ListItem\",\"position\":1,\"name\":\"Startseite\",\"item\":\"https:\/\/blog.zeit.de\/stoerungsmelder\"},{\"@type\":\"ListItem\",\"position\":2,\"name\":\"NPD-Verbot Ja oder Nein? &#8211; Interaktiver Meinungstest im Netz\"}]},{\"@type\":\"WebSite\",\"@id\":\"https:\/\/blog.zeit.de\/stoerungsmelder\/#website\",\"url\":\"https:\/\/blog.zeit.de\/stoerungsmelder\/\",\"name\":\"St\u00f6rungsmelder\",\"description\":\"Recherchen und Analysen \u00fcber die extreme Rechte\",\"potentialAction\":[{\"@type\":\"SearchAction\",\"target\":{\"@type\":\"EntryPoint\",\"urlTemplate\":\"https:\/\/blog.zeit.de\/stoerungsmelder\/?s={search_term_string}\"},\"query-input\":\"required name=search_term_string\"}],\"inLanguage\":\"de\"},{\"@type\":\"Person\",\"@id\":\"https:\/\/blog.zeit.de\/stoerungsmelder\/#\/schema\/person\/fdd0b9818f65738672810b6d6f037f71\",\"name\":\"St\u00f6rungsmelder\",\"image\":{\"@type\":\"ImageObject\",\"inLanguage\":\"de\",\"@id\":\"https:\/\/blog.zeit.de\/stoerungsmelder\/#\/schema\/person\/image\/\",\"url\":\"https:\/\/secure.gravatar.com\/avatar\/dfa4be514c3e82a71e4f9a0020035d38192d080ccaa5e4e6d7a1472c763535c5?s=96&d=mm&r=pg\",\"contentUrl\":\"https:\/\/secure.gravatar.com\/avatar\/dfa4be514c3e82a71e4f9a0020035d38192d080ccaa5e4e6d7a1472c763535c5?s=96&d=mm&r=pg\",\"caption\":\"St\u00f6rungsmelder\"},\"url\":\"https:\/\/blog.zeit.de\/stoerungsmelder\/author\/stoerungsmelder\"}]}<\/script>\n<!-- \/ Yoast SEO plugin. -->","yoast_head_json":{"title":"NPD-Verbot Ja oder Nein? - Interaktiver Meinungstest im Netz - St\u00f6rungsmelder","robots":{"index":"index","follow":"follow","max-snippet":"max-snippet:-1","max-image-preview":"max-image-preview:large","max-video-preview":"max-video-preview:-1"},"canonical":"https:\/\/blog.zeit.de\/stoerungsmelder\/2013\/11\/26\/npd-verbot-ja-oder-nein-interaktiver-meinungstest-der-bundeszentrale_14460","og_locale":"de_DE","og_type":"article","og_title":"NPD-Verbot Ja oder Nein? - Interaktiver Meinungstest im Netz - St\u00f6rungsmelder","og_description":"\u201eIm Kampf gegen Rechtsextremismus ist mehr Bildungs- und Aufkl\u00e4rungsarbeit besser als ein NPD-Verbot\u201c oder \u201eDie Parteienfreiheit darf nicht f\u00fcr verfassungsfeindliche Parteien gelten\u201c. Zwei von insgesamt 12 Thesen, zu denen sich die Nutzer im neuen Angebot der Bundeszentrale f\u00fcr politische Bildung positionieren m\u00fcssen. Auf der Webseite der Bundeszentrale steht zur Debatte: die NPD verbieten oder nicht.","og_url":"https:\/\/blog.zeit.de\/stoerungsmelder\/2013\/11\/26\/npd-verbot-ja-oder-nein-interaktiver-meinungstest-der-bundeszentrale_14460","og_site_name":"St\u00f6rungsmelder","article_published_time":"2013-11-26T11:48:33+00:00","article_modified_time":"2013-11-26T12:17:37+00:00","og_image":[{"url":"https:\/\/blog.zeit.de\/stoerungsmelder\/files\/2012\/11\/npd-fahne.jpg"}],"author":"St\u00f6rungsmelder","twitter_card":"summary_large_image","twitter_misc":{"Geschrieben von":"St\u00f6rungsmelder","Gesch\u00e4tzte Lesezeit":"1\u00a0Minute"},"schema":{"@context":"https:\/\/schema.org","@graph":[{"@type":"WebPage","@id":"https:\/\/blog.zeit.de\/stoerungsmelder\/2013\/11\/26\/npd-verbot-ja-oder-nein-interaktiver-meinungstest-der-bundeszentrale_14460","url":"https:\/\/blog.zeit.de\/stoerungsmelder\/2013\/11\/26\/npd-verbot-ja-oder-nein-interaktiver-meinungstest-der-bundeszentrale_14460","name":"NPD-Verbot Ja oder Nein? - Interaktiver Meinungstest im Netz - St\u00f6rungsmelder","isPartOf":{"@id":"https:\/\/blog.zeit.de\/stoerungsmelder\/#website"},"datePublished":"2013-11-26T11:48:33+00:00","dateModified":"2013-11-26T12:17:37+00:00","author":{"@id":"https:\/\/blog.zeit.de\/stoerungsmelder\/#\/schema\/person\/fdd0b9818f65738672810b6d6f037f71"},"breadcrumb":{"@id":"https:\/\/blog.zeit.de\/stoerungsmelder\/2013\/11\/26\/npd-verbot-ja-oder-nein-interaktiver-meinungstest-der-bundeszentrale_14460#breadcrumb"},"inLanguage":"de","potentialAction":[{"@type":"ReadAction","target":["https:\/\/blog.zeit.de\/stoerungsmelder\/2013\/11\/26\/npd-verbot-ja-oder-nein-interaktiver-meinungstest-der-bundeszentrale_14460"]}]},{"@type":"BreadcrumbList","@id":"https:\/\/blog.zeit.de\/stoerungsmelder\/2013\/11\/26\/npd-verbot-ja-oder-nein-interaktiver-meinungstest-der-bundeszentrale_14460#breadcrumb","itemListElement":[{"@type":"ListItem","position":1,"name":"Startseite","item":"https:\/\/blog.zeit.de\/stoerungsmelder"},{"@type":"ListItem","position":2,"name":"NPD-Verbot Ja oder Nein? &#8211; Interaktiver Meinungstest im Netz"}]},{"@type":"WebSite","@id":"https:\/\/blog.zeit.de\/stoerungsmelder\/#website","url":"https:\/\/blog.zeit.de\/stoerungsmelder\/","name":"St\u00f6rungsmelder","description":"Recherchen und Analysen \u00fcber die extreme Rechte","potentialAction":[{"@type":"SearchAction","target":{"@type":"EntryPoint","urlTemplate":"https:\/\/blog.zeit.de\/stoerungsmelder\/?s={search_term_string}"},"query-input":"required name=search_term_string"}],"inLanguage":"de"},{"@type":"Person","@id":"https:\/\/blog.zeit.de\/stoerungsmelder\/#\/schema\/person\/fdd0b9818f65738672810b6d6f037f71","name":"St\u00f6rungsmelder","image":{"@type":"ImageObject","inLanguage":"de","@id":"https:\/\/blog.zeit.de\/stoerungsmelder\/#\/schema\/person\/image\/","url":"https:\/\/secure.gravatar.com\/avatar\/dfa4be514c3e82a71e4f9a0020035d38192d080ccaa5e4e6d7a1472c763535c5?s=96&d=mm&r=pg","contentUrl":"https:\/\/secure.gravatar.com\/avatar\/dfa4be514c3e82a71e4f9a0020035d38192d080ccaa5e4e6d7a1472c763535c5?s=96&d=mm&r=pg","caption":"St\u00f6rungsmelder"},"url":"https:\/\/blog.zeit.de\/stoerungsmelder\/author\/stoerungsmelder"}]}},"jetpack_featured_media_url":"","jetpack_sharing_enabled":true,"_links":{"self":[{"href":"https:\/\/blog.zeit.de\/stoerungsmelder\/wp-json\/wp\/v2\/posts\/14460","targetHints":{"allow":["GET"]}}],"collection":[{"href":"https:\/\/blog.zeit.de\/stoerungsmelder\/wp-json\/wp\/v2\/posts"}],"about":[{"href":"https:\/\/blog.zeit.de\/stoerungsmelder\/wp-json\/wp\/v2\/types\/post"}],"author":[{"embeddable":true,"href":"https:\/\/blog.zeit.de\/stoerungsmelder\/wp-json\/wp\/v2\/users\/229"}],"replies":[{"embeddable":true,"href":"https:\/\/blog.zeit.de\/stoerungsmelder\/wp-json\/wp\/v2\/comments?post=14460"}],"version-history":[{"count":4,"href":"https:\/\/blog.zeit.de\/stoerungsmelder\/wp-json\/wp\/v2\/posts\/14460\/revisions"}],"predecessor-version":[{"id":14464,"href":"https:\/\/blog.zeit.de\/stoerungsmelder\/wp-json\/wp\/v2\/posts\/14460\/revisions\/14464"}],"wp:attachment":[{"href":"https:\/\/blog.zeit.de\/stoerungsmelder\/wp-json\/wp\/v2\/media?parent=14460"}],"wp:term":[{"taxonomy":"category","embeddable":true,"href":"https:\/\/blog.zeit.de\/stoerungsmelder\/wp-json\/wp\/v2\/categories?post=14460"},{"taxonomy":"post_tag","embeddable":true,"href":"https:\/\/blog.zeit.de\/stoerungsmelder\/wp-json\/wp\/v2\/tags?post=14460"}],"curies":[{"name":"wp","href":"https:\/\/api.w.org\/{rel}","templated":true}]}}