{"id":14465,"date":"2013-11-26T13:27:31","date_gmt":"2013-11-26T12:27:31","guid":{"rendered":"http:\/\/blog.zeit.de\/stoerungsmelder\/?p=14465"},"modified":"2013-11-26T13:27:31","modified_gmt":"2013-11-26T12:27:31","slug":"die-freiheit-ruft-zum-neuanfang-nach-erfurt","status":"publish","type":"post","link":"https:\/\/blog.zeit.de\/stoerungsmelder\/2013\/11\/26\/die-freiheit-ruft-zum-neuanfang-nach-erfurt_14465","title":{"rendered":"\u201eDie Freiheit\u201c ruft zum Neuanfang nach Erfurt"},"content":{"rendered":"<p><figure id=\"attachment_9565\" aria-describedby=\"caption-attachment-9565\" style=\"width: 300px\" class=\"wp-caption alignleft\"><a href=\"https:\/\/blog.zeit.de\/stoerungsmelder\/2012\/08\/27\/distanzierer-und-provokateure_9563\/freiheit_kundgebung\" rel=\"attachment wp-att-9565\"><img loading=\"lazy\" decoding=\"async\" class=\"size-full wp-image-9565\" alt=\"W\u00e4hrend St\u00fcrzenberger redet, werden Unterschriften gegen ein islamisches Zentrum gesammelt \u00a9 ash-bayern\" src=\"https:\/\/blog.zeit.de\/stoerungsmelder\/files\/2012\/08\/Freiheit_Kundgebung.jpg\" width=\"300\" height=\"200\" \/><\/a><figcaption id=\"caption-attachment-9565\" class=\"wp-caption-text\">Michael St\u00fcrzenberger bei einer Kundgebung in M\u00fcnchen \u00a9 ash-bayern<\/figcaption><\/figure><\/p>\n<p>Das letzte Mal hatte die rechtspopulistische Kleinpartei \u201eDie Freiheit\u201c Schlagzeilen gemacht, nachdem Hunderte ihrer Mitglieder zur \u201eAlternative f\u00fcr Deutschland\u201c (AfD) \u00fcberlaufen wollten. Auf ihrem Bundesparteitag in Erfurt wollen die Islamhasser nach eigenen Angaben nun einen \u201eNeuanfang\u201c wagen und \u201edie Massen hinter sich vereinen\u201c.<!--more--><\/p>\n<p>Nicht einmal 500 Mitglieder z\u00e4hlt die 2010 in Berlin gegr\u00fcndete Partei inzwischen noch und der Mitgliederschwund d\u00fcrfte vor allem in der direkten Konkurrenz der AfD begr\u00fcndet liegen. Mit 4,7 Prozent bei der letzten Bundestagswahl erzielten die Eurokritiker einen beachtichen Erfolg, auch wenn sie damit knapp unter der 5 Prozent-H\u00fcrde blieben. Zwar betonte der Bundesvorsitzende der \u201eFreiheit\u201c, Michael St\u00fcrzenberger, j\u00fcngst, das Programm der AfD sei weitgehend deckungsgleich mit dem der rechtspopulistischen Kleinpartei, die erfolgreichen Eurokritiker aber reagierten angesichts der unerwarteten Unterst\u00fctzung offiziell mit Ablehnung.<\/p>\n<p><strong>Letztes Aufb\u00e4umen einer Kleinpartei<\/strong><\/p>\n<p>St\u00fcrzenberger nennt dies eine \u201ev\u00f6llig unangemessene Reaktion der AfD\u201c auf den Plan, nach dem rechtspopulistische Kleinparteien ihre Aktivit\u00e4ten zugunsten der AfD einstellen sollen. \u201eDie Freiheit\u201c k\u00fcndigt deshalb an, \u201emit unserer Partei verst\u00e4rkt weiterzuarbeiten\u201c. Dieser \u201eNeuanfang\u201c soll im Mittelpunkt des bevorstehenden vierten Bundesparteitages am 14. Dezember in der Th\u00fcringer Landeshauptstadt Erfurt stehen, thematisch halluziniert die Partei weiter eine \u201eIslamisierung unseres Landes\u201c als \u201eexistentielle Gefahr\u201c herbei. In ihren Ank\u00fcndigungen dazu gibt sich die Kleinpartei selbstbewusst: \u201eMit unseren Botschaften k\u00f6nnen wir sehr bald Massen hinter uns vereinen\u201c, aber auch Durchhalteparolen d\u00fcrfen in der Einladung nicht fehlen: \u201eAuch wenn wir bisher noch nicht die Fr\u00fcchte unserer Arbeit ernten konnten, wird unsere Zeit kommen\u201c.<\/p>\n<p><strong>Unter falscher Flagge<\/strong><\/p>\n<p>In der konkreten Planung ist von dem postulierten Selbstbewusstsein jedoch nicht viel zu sp\u00fcren. Der Parteitag in dem Hotel unweit der Erfurter Innenstadt wird nicht von Personen aus dem Vorstand oder anderen Gremien der Partei veranstaltet, sondern von einer Rechtsanwaltskanzlei im 50km entfernten Jena. Entsprechend seien im Hotel \u201eauch die Hinweise ausgeschildert\u201c, hei\u00dft es in der Einladung. Gleich zwei Anw\u00e4lte der Kanzlei in Jena dienen \u00fcber den Vorstand der \u201eStresemann-Stiftung\u201c offenbar auch als Br\u00fccke zur intellektuellen extremen Rechten. Unter anderem pr\u00e4sentierte sich die nach eigenen Angaben \u201enationalliberale\u201c Stiftung im vergangenen Jahr auf dem von G\u00f6tz Kubitschek und Felix Menzel organisierten ersten \u201eZwischentag\u201c in Berlin. Seit ihrer Premiere gilt die \u201efreie Messe\u201c als \u201edas derzeit gr\u00f6\u00dfte Treffen der vermeintlich intelektuellen extremen Rechten\u201c, wie Lucius Teidelbaum es in der aktuellen Ausgabe der Fachzeitschrift \u201eDer Rechte Rand\u201c formuliert. In ihrer Internetzeitung und ihren Publikationen kontert die Stifung gegen eine vermeintliche \u201ePolitical Correctness\u201c und setzt vor allem auf Islamfeindlichkeit. Ob die Zusammenarbeit mit der \u201e Freiheit\u201c f\u00fcr das auf den ersten Blick seri\u00f6se Image der Stiftung und f\u00fcr den Ruf der Kanzlei f\u00f6rderlich ist, steht noch in den Sternen. Zumindest der bayrische Landesvorstand der Partei wird wegen der Verbreitung von Hass gegen den Islam vom bayrischen Landesamt f\u00fcr Verfassungsschutz beobachtet.<\/p>\n","protected":false},"excerpt":{"rendered":"<p>Das letzte Mal hatte die rechtspopulistische Kleinpartei \u201eDie Freiheit\u201c Schlagzeilen gemacht, nachdem Hunderte ihrer Mitglieder zur \u201eAlternative f\u00fcr Deutschland\u201c (AfD) \u00fcberlaufen wollten. Auf ihrem Bundesparteitag in Erfurt wollen die Islamhasser nach eigenen Angaben nun einen \u201eNeuanfang\u201c wagen und \u201edie Massen hinter sich vereinen\u201c.<\/p>\n","protected":false},"author":254,"featured_media":0,"comment_status":"open","ping_status":"open","sticky":false,"template":"","format":"standard","meta":{"_jetpack_memberships_contains_paid_content":false,"footnotes":""},"categories":[978],"tags":[11366,1559,24510,17791,1767],"class_list":["post-14465","post","type-post","status-publish","format-standard","hentry","category-thuringen","tag-die-freiheit","tag-felix-menzel","tag-gotz-kubitschek","tag-michael-sturzenberger","tag-rene-stadtkewitz"],"yoast_head":"<!-- This site is optimized with the Yoast SEO plugin v21.0 - https:\/\/yoast.com\/wordpress\/plugins\/seo\/ -->\n<title>\u201eDie Freiheit\u201c ruft zum Neuanfang nach Erfurt - St\u00f6rungsmelder<\/title>\n<meta name=\"robots\" content=\"index, follow, max-snippet:-1, max-image-preview:large, max-video-preview:-1\" \/>\n<link rel=\"canonical\" href=\"https:\/\/blog.zeit.de\/stoerungsmelder\/2013\/11\/26\/die-freiheit-ruft-zum-neuanfang-nach-erfurt_14465\" \/>\n<meta property=\"og:locale\" content=\"de_DE\" \/>\n<meta property=\"og:type\" content=\"article\" \/>\n<meta property=\"og:title\" content=\"\u201eDie Freiheit\u201c ruft zum Neuanfang nach Erfurt - St\u00f6rungsmelder\" \/>\n<meta property=\"og:description\" content=\"Das letzte Mal hatte die rechtspopulistische Kleinpartei \u201eDie Freiheit\u201c Schlagzeilen gemacht, nachdem Hunderte ihrer Mitglieder zur \u201eAlternative f\u00fcr Deutschland\u201c (AfD) \u00fcberlaufen wollten. Auf ihrem Bundesparteitag in Erfurt wollen die Islamhasser nach eigenen Angaben nun einen \u201eNeuanfang\u201c wagen und \u201edie Massen hinter sich vereinen\u201c.\" \/>\n<meta property=\"og:url\" content=\"https:\/\/blog.zeit.de\/stoerungsmelder\/2013\/11\/26\/die-freiheit-ruft-zum-neuanfang-nach-erfurt_14465\" \/>\n<meta property=\"og:site_name\" content=\"St\u00f6rungsmelder\" \/>\n<meta property=\"article:published_time\" content=\"2013-11-26T12:27:31+00:00\" \/>\n<meta property=\"og:image\" content=\"https:\/\/blog.zeit.de\/stoerungsmelder\/files\/2012\/08\/Freiheit_Kundgebung.jpg\" \/>\n<meta name=\"author\" content=\"Kai Budler\" \/>\n<meta name=\"twitter:card\" content=\"summary_large_image\" \/>\n<meta name=\"twitter:label1\" content=\"Geschrieben von\" \/>\n\t<meta name=\"twitter:data1\" content=\"Kai Budler\" \/>\n\t<meta name=\"twitter:label2\" content=\"Gesch\u00e4tzte Lesezeit\" \/>\n\t<meta name=\"twitter:data2\" content=\"2\u00a0Minuten\" \/>\n<script type=\"application\/ld+json\" class=\"yoast-schema-graph\">{\"@context\":\"https:\/\/schema.org\",\"@graph\":[{\"@type\":\"WebPage\",\"@id\":\"https:\/\/blog.zeit.de\/stoerungsmelder\/2013\/11\/26\/die-freiheit-ruft-zum-neuanfang-nach-erfurt_14465\",\"url\":\"https:\/\/blog.zeit.de\/stoerungsmelder\/2013\/11\/26\/die-freiheit-ruft-zum-neuanfang-nach-erfurt_14465\",\"name\":\"\u201eDie Freiheit\u201c ruft zum Neuanfang nach Erfurt - St\u00f6rungsmelder\",\"isPartOf\":{\"@id\":\"https:\/\/blog.zeit.de\/stoerungsmelder\/#website\"},\"datePublished\":\"2013-11-26T12:27:31+00:00\",\"dateModified\":\"2013-11-26T12:27:31+00:00\",\"author\":{\"@id\":\"https:\/\/blog.zeit.de\/stoerungsmelder\/#\/schema\/person\/58f28fa43c55337b17b93e3622cc8b37\"},\"breadcrumb\":{\"@id\":\"https:\/\/blog.zeit.de\/stoerungsmelder\/2013\/11\/26\/die-freiheit-ruft-zum-neuanfang-nach-erfurt_14465#breadcrumb\"},\"inLanguage\":\"de\",\"potentialAction\":[{\"@type\":\"ReadAction\",\"target\":[\"https:\/\/blog.zeit.de\/stoerungsmelder\/2013\/11\/26\/die-freiheit-ruft-zum-neuanfang-nach-erfurt_14465\"]}]},{\"@type\":\"BreadcrumbList\",\"@id\":\"https:\/\/blog.zeit.de\/stoerungsmelder\/2013\/11\/26\/die-freiheit-ruft-zum-neuanfang-nach-erfurt_14465#breadcrumb\",\"itemListElement\":[{\"@type\":\"ListItem\",\"position\":1,\"name\":\"Startseite\",\"item\":\"https:\/\/blog.zeit.de\/stoerungsmelder\"},{\"@type\":\"ListItem\",\"position\":2,\"name\":\"\u201eDie Freiheit\u201c ruft zum Neuanfang nach Erfurt\"}]},{\"@type\":\"WebSite\",\"@id\":\"https:\/\/blog.zeit.de\/stoerungsmelder\/#website\",\"url\":\"https:\/\/blog.zeit.de\/stoerungsmelder\/\",\"name\":\"St\u00f6rungsmelder\",\"description\":\"Recherchen und Analysen \u00fcber die extreme Rechte\",\"potentialAction\":[{\"@type\":\"SearchAction\",\"target\":{\"@type\":\"EntryPoint\",\"urlTemplate\":\"https:\/\/blog.zeit.de\/stoerungsmelder\/?s={search_term_string}\"},\"query-input\":\"required name=search_term_string\"}],\"inLanguage\":\"de\"},{\"@type\":\"Person\",\"@id\":\"https:\/\/blog.zeit.de\/stoerungsmelder\/#\/schema\/person\/58f28fa43c55337b17b93e3622cc8b37\",\"name\":\"Kai Budler\",\"image\":{\"@type\":\"ImageObject\",\"inLanguage\":\"de\",\"@id\":\"https:\/\/blog.zeit.de\/stoerungsmelder\/#\/schema\/person\/image\/\",\"url\":\"https:\/\/secure.gravatar.com\/avatar\/126c2f44b51c178dc1db1bb6e040fcff157c88000cfae96c983070e6153484e3?s=96&d=mm&r=pg\",\"contentUrl\":\"https:\/\/secure.gravatar.com\/avatar\/126c2f44b51c178dc1db1bb6e040fcff157c88000cfae96c983070e6153484e3?s=96&d=mm&r=pg\",\"caption\":\"Kai Budler\"},\"url\":\"https:\/\/blog.zeit.de\/stoerungsmelder\/author\/kai-budler\"}]}<\/script>\n<!-- \/ Yoast SEO plugin. -->","yoast_head_json":{"title":"\u201eDie Freiheit\u201c ruft zum Neuanfang nach Erfurt - St\u00f6rungsmelder","robots":{"index":"index","follow":"follow","max-snippet":"max-snippet:-1","max-image-preview":"max-image-preview:large","max-video-preview":"max-video-preview:-1"},"canonical":"https:\/\/blog.zeit.de\/stoerungsmelder\/2013\/11\/26\/die-freiheit-ruft-zum-neuanfang-nach-erfurt_14465","og_locale":"de_DE","og_type":"article","og_title":"\u201eDie Freiheit\u201c ruft zum Neuanfang nach Erfurt - St\u00f6rungsmelder","og_description":"Das letzte Mal hatte die rechtspopulistische Kleinpartei \u201eDie Freiheit\u201c Schlagzeilen gemacht, nachdem Hunderte ihrer Mitglieder zur \u201eAlternative f\u00fcr Deutschland\u201c (AfD) \u00fcberlaufen wollten. Auf ihrem Bundesparteitag in Erfurt wollen die Islamhasser nach eigenen Angaben nun einen \u201eNeuanfang\u201c wagen und \u201edie Massen hinter sich vereinen\u201c.","og_url":"https:\/\/blog.zeit.de\/stoerungsmelder\/2013\/11\/26\/die-freiheit-ruft-zum-neuanfang-nach-erfurt_14465","og_site_name":"St\u00f6rungsmelder","article_published_time":"2013-11-26T12:27:31+00:00","og_image":[{"url":"https:\/\/blog.zeit.de\/stoerungsmelder\/files\/2012\/08\/Freiheit_Kundgebung.jpg"}],"author":"Kai Budler","twitter_card":"summary_large_image","twitter_misc":{"Geschrieben von":"Kai Budler","Gesch\u00e4tzte Lesezeit":"2\u00a0Minuten"},"schema":{"@context":"https:\/\/schema.org","@graph":[{"@type":"WebPage","@id":"https:\/\/blog.zeit.de\/stoerungsmelder\/2013\/11\/26\/die-freiheit-ruft-zum-neuanfang-nach-erfurt_14465","url":"https:\/\/blog.zeit.de\/stoerungsmelder\/2013\/11\/26\/die-freiheit-ruft-zum-neuanfang-nach-erfurt_14465","name":"\u201eDie Freiheit\u201c ruft zum Neuanfang nach Erfurt - St\u00f6rungsmelder","isPartOf":{"@id":"https:\/\/blog.zeit.de\/stoerungsmelder\/#website"},"datePublished":"2013-11-26T12:27:31+00:00","dateModified":"2013-11-26T12:27:31+00:00","author":{"@id":"https:\/\/blog.zeit.de\/stoerungsmelder\/#\/schema\/person\/58f28fa43c55337b17b93e3622cc8b37"},"breadcrumb":{"@id":"https:\/\/blog.zeit.de\/stoerungsmelder\/2013\/11\/26\/die-freiheit-ruft-zum-neuanfang-nach-erfurt_14465#breadcrumb"},"inLanguage":"de","potentialAction":[{"@type":"ReadAction","target":["https:\/\/blog.zeit.de\/stoerungsmelder\/2013\/11\/26\/die-freiheit-ruft-zum-neuanfang-nach-erfurt_14465"]}]},{"@type":"BreadcrumbList","@id":"https:\/\/blog.zeit.de\/stoerungsmelder\/2013\/11\/26\/die-freiheit-ruft-zum-neuanfang-nach-erfurt_14465#breadcrumb","itemListElement":[{"@type":"ListItem","position":1,"name":"Startseite","item":"https:\/\/blog.zeit.de\/stoerungsmelder"},{"@type":"ListItem","position":2,"name":"\u201eDie Freiheit\u201c ruft zum Neuanfang nach Erfurt"}]},{"@type":"WebSite","@id":"https:\/\/blog.zeit.de\/stoerungsmelder\/#website","url":"https:\/\/blog.zeit.de\/stoerungsmelder\/","name":"St\u00f6rungsmelder","description":"Recherchen und Analysen \u00fcber die extreme Rechte","potentialAction":[{"@type":"SearchAction","target":{"@type":"EntryPoint","urlTemplate":"https:\/\/blog.zeit.de\/stoerungsmelder\/?s={search_term_string}"},"query-input":"required name=search_term_string"}],"inLanguage":"de"},{"@type":"Person","@id":"https:\/\/blog.zeit.de\/stoerungsmelder\/#\/schema\/person\/58f28fa43c55337b17b93e3622cc8b37","name":"Kai Budler","image":{"@type":"ImageObject","inLanguage":"de","@id":"https:\/\/blog.zeit.de\/stoerungsmelder\/#\/schema\/person\/image\/","url":"https:\/\/secure.gravatar.com\/avatar\/126c2f44b51c178dc1db1bb6e040fcff157c88000cfae96c983070e6153484e3?s=96&d=mm&r=pg","contentUrl":"https:\/\/secure.gravatar.com\/avatar\/126c2f44b51c178dc1db1bb6e040fcff157c88000cfae96c983070e6153484e3?s=96&d=mm&r=pg","caption":"Kai Budler"},"url":"https:\/\/blog.zeit.de\/stoerungsmelder\/author\/kai-budler"}]}},"jetpack_featured_media_url":"","jetpack_sharing_enabled":true,"_links":{"self":[{"href":"https:\/\/blog.zeit.de\/stoerungsmelder\/wp-json\/wp\/v2\/posts\/14465","targetHints":{"allow":["GET"]}}],"collection":[{"href":"https:\/\/blog.zeit.de\/stoerungsmelder\/wp-json\/wp\/v2\/posts"}],"about":[{"href":"https:\/\/blog.zeit.de\/stoerungsmelder\/wp-json\/wp\/v2\/types\/post"}],"author":[{"embeddable":true,"href":"https:\/\/blog.zeit.de\/stoerungsmelder\/wp-json\/wp\/v2\/users\/254"}],"replies":[{"embeddable":true,"href":"https:\/\/blog.zeit.de\/stoerungsmelder\/wp-json\/wp\/v2\/comments?post=14465"}],"version-history":[{"count":1,"href":"https:\/\/blog.zeit.de\/stoerungsmelder\/wp-json\/wp\/v2\/posts\/14465\/revisions"}],"predecessor-version":[{"id":14466,"href":"https:\/\/blog.zeit.de\/stoerungsmelder\/wp-json\/wp\/v2\/posts\/14465\/revisions\/14466"}],"wp:attachment":[{"href":"https:\/\/blog.zeit.de\/stoerungsmelder\/wp-json\/wp\/v2\/media?parent=14465"}],"wp:term":[{"taxonomy":"category","embeddable":true,"href":"https:\/\/blog.zeit.de\/stoerungsmelder\/wp-json\/wp\/v2\/categories?post=14465"},{"taxonomy":"post_tag","embeddable":true,"href":"https:\/\/blog.zeit.de\/stoerungsmelder\/wp-json\/wp\/v2\/tags?post=14465"}],"curies":[{"name":"wp","href":"https:\/\/api.w.org\/{rel}","templated":true}]}}