{"id":1461,"date":"2009-09-18T16:59:35","date_gmt":"2009-09-18T14:59:35","guid":{"rendered":"http:\/\/blog.zeit.de\/stoerungsmelder\/?p=1461"},"modified":"2009-09-18T16:59:35","modified_gmt":"2009-09-18T14:59:35","slug":"piraten-auf-abwegen","status":"publish","type":"post","link":"https:\/\/blog.zeit.de\/stoerungsmelder\/2009\/09\/18\/piraten-auf-abwegen_1461","title":{"rendered":"Piraten auf Abwegen"},"content":{"rendered":"<p>Der stellvertretende Vorsitzende der Piratenpartei, <a href=\"http:\/\/andipopp.wordpress.com\/\">Andreas Popp<\/a>, hat der \u201eJungen Freiheit\u201c ein Interview gegeben. Seitdem ist die Aufregung gro\u00df \u2013 und niemand wundert sich mehr dar\u00fcber als er.<\/p>\n<p><a href=\"https:\/\/blog.zeit.de\/stoerungsmelder\/files\/2009\/09\/piraten-410.jpg\"><img loading=\"lazy\" decoding=\"async\" class=\"aligncenter size-full wp-image-1464\" title=\"piraten-410\" src=\"https:\/\/blog.zeit.de\/stoerungsmelder\/files\/2009\/09\/piraten-410.jpg\" alt=\"\" width=\"410\" height=\"200\" srcset=\"https:\/\/blog.zeit.de\/stoerungsmelder\/files\/2009\/09\/piraten-410.jpg 410w, https:\/\/blog.zeit.de\/stoerungsmelder\/files\/2009\/09\/piraten-410-300x146.jpg 300w\" sizes=\"auto, (max-width: 410px) 100vw, 410px\" \/><\/a><\/p>\n<p><!--more--><\/p>\n<p>Es ist allerdings schon sehr verwunderlich, dass ausgerechnet die Piraten \u2013 jung, aufgekl\u00e4rt, medienaffin \u2013 nicht wissen, um welches Medium es sich bei der \u201eJungen Freiheit\u201c handelt. Immer wieder sorgt die rechtskonservative Zeitung f\u00fcr Z\u00fcndstoff, es ist kaum vorstellbar, dass jemand, der sich f\u00fcr Medien interessiert, diese Zeitung nicht kennt. Die \u201eJunge Freiheit\u201c versucht sich immer wieder als seri\u00f6s zu tarnen, und das schon seit vielen Jahren, indem sie sich gezielt Interviewpartner sucht, die eigentlich nicht dem rechten Rand zuzurechnen sind. Doch eben jenen bietet sie oft genug Raum f\u00fcr ihre Aussagen. F\u00fcr Andreas Popp hat \u201esich erst im nachhinein herausgestellt, um welch ein rechtslastiges Blatt es sich handelt\u201c. Willkommen in der Informationsgesellschaft!<\/p>\n<p>Wie naiv darf jemand sein, der politische \u00c4mter anstrebt? Die \u201ePiraten\u201c sind schnell mit dem Ruf nach unbegrenzter Freiheit und gegen Zensur. Doch mit dem blo\u00dfen Postulat nach &#8222;mehr Freiheit&#8220; ist es in der politischen Auseinandersetzung nicht getan. Gerade am rechten Rand ist Vorsicht geboten und eine klare Abgrenzung!<\/p>\n<p><a href=\"http:\/\/www.netz-gegen-nazis.de\/artikel\/junge-freiheit\">Weitere Infos zur &#8222;Jungen Freiheit&#8220; bei Netz gegen Nazis<\/a><\/p>\n","protected":false},"excerpt":{"rendered":"<p>Der stellvertretende Vorsitzende der Piratenpartei, Andreas Popp, hat der \u201eJungen Freiheit\u201c ein Interview gegeben. Seitdem ist die Aufregung gro\u00df \u2013 und niemand wundert sich mehr dar\u00fcber als er.<\/p>\n","protected":false},"author":224,"featured_media":0,"comment_status":"open","ping_status":"open","sticky":false,"template":"","format":"standard","meta":{"_jetpack_memberships_contains_paid_content":false,"footnotes":""},"categories":[1515],"tags":[1635,1741],"class_list":["post-1461","post","type-post","status-publish","format-standard","hentry","category-bundesweit","tag-junge-freiheit","tag-piratenpartei"],"yoast_head":"<!-- This site is optimized with the Yoast SEO plugin v21.0 - https:\/\/yoast.com\/wordpress\/plugins\/seo\/ -->\n<title>Piraten auf Abwegen - St\u00f6rungsmelder<\/title>\n<meta name=\"robots\" content=\"index, follow, max-snippet:-1, max-image-preview:large, max-video-preview:-1\" \/>\n<link rel=\"canonical\" href=\"https:\/\/blog.zeit.de\/stoerungsmelder\/2009\/09\/18\/piraten-auf-abwegen_1461\" \/>\n<meta property=\"og:locale\" content=\"de_DE\" \/>\n<meta property=\"og:type\" content=\"article\" \/>\n<meta property=\"og:title\" content=\"Piraten auf Abwegen - St\u00f6rungsmelder\" \/>\n<meta property=\"og:description\" content=\"Der stellvertretende Vorsitzende der Piratenpartei, Andreas Popp, hat der \u201eJungen Freiheit\u201c ein Interview gegeben. Seitdem ist die Aufregung gro\u00df \u2013 und niemand wundert sich mehr dar\u00fcber als er.\" \/>\n<meta property=\"og:url\" content=\"https:\/\/blog.zeit.de\/stoerungsmelder\/2009\/09\/18\/piraten-auf-abwegen_1461\" \/>\n<meta property=\"og:site_name\" content=\"St\u00f6rungsmelder\" \/>\n<meta property=\"article:published_time\" content=\"2009-09-18T14:59:35+00:00\" \/>\n<meta property=\"og:image\" content=\"https:\/\/blog.zeit.de\/stoerungsmelder\/files\/2009\/09\/piraten-410.jpg\" \/>\n<meta name=\"author\" content=\"Rebecca Weis\" \/>\n<meta name=\"twitter:card\" content=\"summary_large_image\" \/>\n<meta name=\"twitter:label1\" content=\"Geschrieben von\" \/>\n\t<meta name=\"twitter:data1\" content=\"Rebecca Weis\" \/>\n\t<meta name=\"twitter:label2\" content=\"Gesch\u00e4tzte Lesezeit\" \/>\n\t<meta name=\"twitter:data2\" content=\"1\u00a0Minute\" \/>\n<script type=\"application\/ld+json\" class=\"yoast-schema-graph\">{\"@context\":\"https:\/\/schema.org\",\"@graph\":[{\"@type\":\"WebPage\",\"@id\":\"https:\/\/blog.zeit.de\/stoerungsmelder\/2009\/09\/18\/piraten-auf-abwegen_1461\",\"url\":\"https:\/\/blog.zeit.de\/stoerungsmelder\/2009\/09\/18\/piraten-auf-abwegen_1461\",\"name\":\"Piraten auf Abwegen - St\u00f6rungsmelder\",\"isPartOf\":{\"@id\":\"https:\/\/blog.zeit.de\/stoerungsmelder\/#website\"},\"datePublished\":\"2009-09-18T14:59:35+00:00\",\"dateModified\":\"2009-09-18T14:59:35+00:00\",\"author\":{\"@id\":\"https:\/\/blog.zeit.de\/stoerungsmelder\/#\/schema\/person\/0ed1169ad066599e4f0c58a8a9929895\"},\"breadcrumb\":{\"@id\":\"https:\/\/blog.zeit.de\/stoerungsmelder\/2009\/09\/18\/piraten-auf-abwegen_1461#breadcrumb\"},\"inLanguage\":\"de\",\"potentialAction\":[{\"@type\":\"ReadAction\",\"target\":[\"https:\/\/blog.zeit.de\/stoerungsmelder\/2009\/09\/18\/piraten-auf-abwegen_1461\"]}]},{\"@type\":\"BreadcrumbList\",\"@id\":\"https:\/\/blog.zeit.de\/stoerungsmelder\/2009\/09\/18\/piraten-auf-abwegen_1461#breadcrumb\",\"itemListElement\":[{\"@type\":\"ListItem\",\"position\":1,\"name\":\"Startseite\",\"item\":\"https:\/\/blog.zeit.de\/stoerungsmelder\"},{\"@type\":\"ListItem\",\"position\":2,\"name\":\"Piraten auf Abwegen\"}]},{\"@type\":\"WebSite\",\"@id\":\"https:\/\/blog.zeit.de\/stoerungsmelder\/#website\",\"url\":\"https:\/\/blog.zeit.de\/stoerungsmelder\/\",\"name\":\"St\u00f6rungsmelder\",\"description\":\"Recherchen und Analysen \u00fcber die extreme Rechte\",\"potentialAction\":[{\"@type\":\"SearchAction\",\"target\":{\"@type\":\"EntryPoint\",\"urlTemplate\":\"https:\/\/blog.zeit.de\/stoerungsmelder\/?s={search_term_string}\"},\"query-input\":\"required name=search_term_string\"}],\"inLanguage\":\"de\"},{\"@type\":\"Person\",\"@id\":\"https:\/\/blog.zeit.de\/stoerungsmelder\/#\/schema\/person\/0ed1169ad066599e4f0c58a8a9929895\",\"name\":\"Rebecca Weis\",\"image\":{\"@type\":\"ImageObject\",\"inLanguage\":\"de\",\"@id\":\"https:\/\/blog.zeit.de\/stoerungsmelder\/#\/schema\/person\/image\/\",\"url\":\"https:\/\/secure.gravatar.com\/avatar\/0c30ffc2efb12f4ca266bf92546e3b8e2f335baa85fa1a06085989ef420fa0bf?s=96&d=mm&r=pg\",\"contentUrl\":\"https:\/\/secure.gravatar.com\/avatar\/0c30ffc2efb12f4ca266bf92546e3b8e2f335baa85fa1a06085989ef420fa0bf?s=96&d=mm&r=pg\",\"caption\":\"Rebecca Weis\"},\"url\":\"https:\/\/blog.zeit.de\/stoerungsmelder\/author\/rebecca-weis\"}]}<\/script>\n<!-- \/ Yoast SEO plugin. -->","yoast_head_json":{"title":"Piraten auf Abwegen - St\u00f6rungsmelder","robots":{"index":"index","follow":"follow","max-snippet":"max-snippet:-1","max-image-preview":"max-image-preview:large","max-video-preview":"max-video-preview:-1"},"canonical":"https:\/\/blog.zeit.de\/stoerungsmelder\/2009\/09\/18\/piraten-auf-abwegen_1461","og_locale":"de_DE","og_type":"article","og_title":"Piraten auf Abwegen - St\u00f6rungsmelder","og_description":"Der stellvertretende Vorsitzende der Piratenpartei, Andreas Popp, hat der \u201eJungen Freiheit\u201c ein Interview gegeben. Seitdem ist die Aufregung gro\u00df \u2013 und niemand wundert sich mehr dar\u00fcber als er.","og_url":"https:\/\/blog.zeit.de\/stoerungsmelder\/2009\/09\/18\/piraten-auf-abwegen_1461","og_site_name":"St\u00f6rungsmelder","article_published_time":"2009-09-18T14:59:35+00:00","og_image":[{"url":"https:\/\/blog.zeit.de\/stoerungsmelder\/files\/2009\/09\/piraten-410.jpg"}],"author":"Rebecca Weis","twitter_card":"summary_large_image","twitter_misc":{"Geschrieben von":"Rebecca Weis","Gesch\u00e4tzte Lesezeit":"1\u00a0Minute"},"schema":{"@context":"https:\/\/schema.org","@graph":[{"@type":"WebPage","@id":"https:\/\/blog.zeit.de\/stoerungsmelder\/2009\/09\/18\/piraten-auf-abwegen_1461","url":"https:\/\/blog.zeit.de\/stoerungsmelder\/2009\/09\/18\/piraten-auf-abwegen_1461","name":"Piraten auf Abwegen - St\u00f6rungsmelder","isPartOf":{"@id":"https:\/\/blog.zeit.de\/stoerungsmelder\/#website"},"datePublished":"2009-09-18T14:59:35+00:00","dateModified":"2009-09-18T14:59:35+00:00","author":{"@id":"https:\/\/blog.zeit.de\/stoerungsmelder\/#\/schema\/person\/0ed1169ad066599e4f0c58a8a9929895"},"breadcrumb":{"@id":"https:\/\/blog.zeit.de\/stoerungsmelder\/2009\/09\/18\/piraten-auf-abwegen_1461#breadcrumb"},"inLanguage":"de","potentialAction":[{"@type":"ReadAction","target":["https:\/\/blog.zeit.de\/stoerungsmelder\/2009\/09\/18\/piraten-auf-abwegen_1461"]}]},{"@type":"BreadcrumbList","@id":"https:\/\/blog.zeit.de\/stoerungsmelder\/2009\/09\/18\/piraten-auf-abwegen_1461#breadcrumb","itemListElement":[{"@type":"ListItem","position":1,"name":"Startseite","item":"https:\/\/blog.zeit.de\/stoerungsmelder"},{"@type":"ListItem","position":2,"name":"Piraten auf Abwegen"}]},{"@type":"WebSite","@id":"https:\/\/blog.zeit.de\/stoerungsmelder\/#website","url":"https:\/\/blog.zeit.de\/stoerungsmelder\/","name":"St\u00f6rungsmelder","description":"Recherchen und Analysen \u00fcber die extreme Rechte","potentialAction":[{"@type":"SearchAction","target":{"@type":"EntryPoint","urlTemplate":"https:\/\/blog.zeit.de\/stoerungsmelder\/?s={search_term_string}"},"query-input":"required name=search_term_string"}],"inLanguage":"de"},{"@type":"Person","@id":"https:\/\/blog.zeit.de\/stoerungsmelder\/#\/schema\/person\/0ed1169ad066599e4f0c58a8a9929895","name":"Rebecca Weis","image":{"@type":"ImageObject","inLanguage":"de","@id":"https:\/\/blog.zeit.de\/stoerungsmelder\/#\/schema\/person\/image\/","url":"https:\/\/secure.gravatar.com\/avatar\/0c30ffc2efb12f4ca266bf92546e3b8e2f335baa85fa1a06085989ef420fa0bf?s=96&d=mm&r=pg","contentUrl":"https:\/\/secure.gravatar.com\/avatar\/0c30ffc2efb12f4ca266bf92546e3b8e2f335baa85fa1a06085989ef420fa0bf?s=96&d=mm&r=pg","caption":"Rebecca Weis"},"url":"https:\/\/blog.zeit.de\/stoerungsmelder\/author\/rebecca-weis"}]}},"jetpack_featured_media_url":"","jetpack_sharing_enabled":true,"_links":{"self":[{"href":"https:\/\/blog.zeit.de\/stoerungsmelder\/wp-json\/wp\/v2\/posts\/1461","targetHints":{"allow":["GET"]}}],"collection":[{"href":"https:\/\/blog.zeit.de\/stoerungsmelder\/wp-json\/wp\/v2\/posts"}],"about":[{"href":"https:\/\/blog.zeit.de\/stoerungsmelder\/wp-json\/wp\/v2\/types\/post"}],"author":[{"embeddable":true,"href":"https:\/\/blog.zeit.de\/stoerungsmelder\/wp-json\/wp\/v2\/users\/224"}],"replies":[{"embeddable":true,"href":"https:\/\/blog.zeit.de\/stoerungsmelder\/wp-json\/wp\/v2\/comments?post=1461"}],"version-history":[{"count":0,"href":"https:\/\/blog.zeit.de\/stoerungsmelder\/wp-json\/wp\/v2\/posts\/1461\/revisions"}],"wp:attachment":[{"href":"https:\/\/blog.zeit.de\/stoerungsmelder\/wp-json\/wp\/v2\/media?parent=1461"}],"wp:term":[{"taxonomy":"category","embeddable":true,"href":"https:\/\/blog.zeit.de\/stoerungsmelder\/wp-json\/wp\/v2\/categories?post=1461"},{"taxonomy":"post_tag","embeddable":true,"href":"https:\/\/blog.zeit.de\/stoerungsmelder\/wp-json\/wp\/v2\/tags?post=1461"}],"curies":[{"name":"wp","href":"https:\/\/api.w.org\/{rel}","templated":true}]}}