{"id":14664,"date":"2014-01-11T19:43:07","date_gmt":"2014-01-11T18:43:07","guid":{"rendered":"http:\/\/blog.zeit.de\/stoerungsmelder\/?p=14664"},"modified":"2015-10-29T14:55:04","modified_gmt":"2015-10-29T13:55:04","slug":"furth-deutliches-zeichen-gegen-neonazis","status":"publish","type":"post","link":"https:\/\/blog.zeit.de\/stoerungsmelder\/2014\/01\/11\/furth-deutliches-zeichen-gegen-neonazis_14664","title":{"rendered":"F\u00fcrth: Deutliches Zeichen gegen Neonazis"},"content":{"rendered":"<p><figure id=\"attachment_14665\" aria-describedby=\"caption-attachment-14665\" style=\"width: 540px\" class=\"wp-caption aligncenter\"><a href=\"https:\/\/blog.zeit.de\/stoerungsmelder\/2014\/01\/11\/furth-deutliches-zeichen-gegen-neonazis_14664\/header_antifademofuerth\" rel=\"attachment wp-att-14665\"><img loading=\"lazy\" decoding=\"async\" class=\"size-full wp-image-14665 \" src=\"https:\/\/blog.zeit.de\/stoerungsmelder\/files\/2014\/01\/header_antifademofuerth.jpg\" alt=\"\u00dcber 2000 Menschen sind in F\u00fcrth gegen Neonazis auf die Stra\u00dfe gegangen \u00a9Timo M\u00fcller\" width=\"540\" height=\"359\" srcset=\"https:\/\/blog.zeit.de\/stoerungsmelder\/files\/2014\/01\/header_antifademofuerth.jpg 540w, https:\/\/blog.zeit.de\/stoerungsmelder\/files\/2014\/01\/header_antifademofuerth-300x199.jpg 300w\" sizes=\"auto, (max-width: 540px) 100vw, 540px\" \/><\/a><figcaption id=\"caption-attachment-14665\" class=\"wp-caption-text\">\u00dcber 2000 Menschen sind in F\u00fcrth gegen Neonazis auf die Stra\u00dfe gegangen \u00a9 Jonas Miller<\/figcaption><\/figure><\/p>\n<p>In F\u00fcrth (Bayern) haben heute \u00fcber 2000 Menschen gegen Rechts demonstriert. Neonazis aus dem \u201eFreien Netz S\u00fcd\u201c versuchen aktuell mit ihrer Tarnorganisation \u201eB\u00fcrgerinitiative Soziales F\u00fcrth\u201c (BiSF) Stimmung zu machen, um ins F\u00fcrther Rathaus einzuziehen. Sie ben\u00f6tigen daf\u00fcr knapp 400 Unterschriften. Die Nazigegner in F\u00fcrth sind t\u00e4glich im Kampf gegen die BiSF im Einsatz.<!--more--><\/p>\n<p>Seit Wochen und Monaten verteilen lokale Nazigegner Informationsflugbl\u00e4tter \u00fcber die neonazistischen Hintergr\u00fcnde der \u201eB\u00fcrgerinitiative Soziales F\u00fcrth\u201c (BiSF) an F\u00fcrther Haushalte. Nach Angaben der Antifa und des F\u00fcrther &#8222;B\u00fcndnis gegen Rechts&#8220; (BgR) wurden zusammen \u00fcber 60.000 Flugbl\u00e4tter gedruckt. Mehrere Organisationen, Gewerkschaften und antifaschistische Gruppen haben sich zusammengeschlossen, um den Nazis den Wahlkampf zu vermiesen. H\u00f6hepunkt der gemeinsamen Aktionen war die heutige Demonstration.<\/p>\n<p>\u00dcber 2000 B\u00fcrger sind den Aufrufen gefolgt und haben ein klares Zeichen gegen Neonazis gesetzt. Auf den Kundgebungen redeten unter anderem die Sprecherin des BgR, Ruth Brenner, ein Vertreter des Integrationsbeirats, der Oberb\u00fcrgermeister der Stadt F\u00fcrth, Thomas Jung, und Vertreter der Antifa. Auch Vetreter der F\u00fcrther Ultra Gruppierung \u201eHoridos 1000\u201c und der Gewerkschaften hielten Reden. Die Demonstration war die gr\u00f6\u00dfte antifaschistische Demonstration seit Jahren in F\u00fcrth.<\/p>\n<p>Am 16. M\u00e4rz 2014 sind in F\u00fcrth Stadtratswahlen. Parteien und Organisationen, die bislang \u00fcber kein Stadtratsmandat verf\u00fcgen, m\u00fcssen bis Anfang Februar 385 Unterst\u00fctzungsunterschriften sammeln, um bei den Wahlen anzutreten. Seit dem 19. Dezember sind deshalb Neonazis fast t\u00e4glich in der Innenstadt anzutreffen. Antifaschisten versuchen t\u00e4glich, zeitgleich zu den Neonazis, in der Innenstadt pr\u00e4sent zu sein, um Passanten \u00fcber die rassistische BiSF aufzukl\u00e4ren. Das BgR und Antifagruppen berichten von \u00dcbergriffen auf Andersdenkende. Kritisiert wird dabei auch die F\u00fcrther Polizei: Laut einer Pressemitteilung des B\u00fcndnisses trete die Polizei gegen\u00fcber den Neonazis &#8222;sehr wohlwollend&#8220; auf und nehme bereitwillig jede Strafanzeige der Rechten auf, die Antifaschisten mit &#8222;erfundenen Vorw\u00fcrfen&#8220; diffamieren. Anzeigen von Neonazigegner werden der Erkl\u00e4rung zufolge dagegen nicht an Ort und Stelle aufgenommen, sondern sollen auf der F\u00fcrther Polizeiwache aufgegeben werden.<\/p>\n<p>\u201eMit dieser kraftvollen Demonstration haben wir gezeigt, dass in F\u00fcrth kein Platz f\u00fcr Rassismus und Antisemitismus ist. Wir werden uns auch nicht von den Neonazis einsch\u00fcchtern lassen!\u201c, so ein Mitglied des F\u00fcrther B\u00fcndnisses gegen\u00fcber dem St\u00f6rungsmelder.<br \/>\n<a href=\"https:\/\/secure.flickr.com\/photos\/timo_mueller\/sets\/72157639657231465\/\"><br \/>\nFotostrecke zur Demonstration: https:\/\/secure.flickr.com\/photos\/timo_mueller\/sets\/72157639657231465\/<\/a><\/p>\n","protected":false},"excerpt":{"rendered":"<p>In F\u00fcrth (Bayern) haben heute \u00fcber 2000 Menschen gegen Rechts demonstriert. Neonazis aus dem \u201eFreien Netz S\u00fcd\u201c versuchen aktuell mit ihrer Tarnorganisation \u201eB\u00fcrgerinitiative Soziales F\u00fcrth\u201c (BiSF) Stimmung zu machen, um ins F\u00fcrther Rathaus einzuziehen. Sie ben\u00f6tigen daf\u00fcr knapp 400 Unterschriften. Die Nazigegner in F\u00fcrth sind t\u00e4glich im Kampf gegen die BiSF im Einsatz.<\/p>\n","protected":false},"author":363,"featured_media":0,"comment_status":"open","ping_status":"open","sticky":false,"template":"","format":"standard","meta":{"_jetpack_memberships_contains_paid_content":false,"footnotes":""},"categories":[59],"tags":[29378,24563,29379,29323,29322,984,26534,12719,654,17824,28234,29329],"class_list":["post-14664","post","type-post","status-publish","format-standard","hentry","category-bayern","tag-alf","tag-antifa","tag-antifa-furth","tag-bisf","tag-burgerinitiative-soziales-furth","tag-demonstration","tag-fns","tag-freies-netz-sud","tag-furth","tag-matthias-fischer","tag-stella-ruff","tag-timo-muller"],"yoast_head":"<!-- This site is optimized with the Yoast SEO plugin v21.0 - https:\/\/yoast.com\/wordpress\/plugins\/seo\/ -->\n<title>F\u00fcrth: Deutliches Zeichen gegen Neonazis - St\u00f6rungsmelder<\/title>\n<meta name=\"robots\" content=\"index, follow, max-snippet:-1, max-image-preview:large, max-video-preview:-1\" \/>\n<link rel=\"canonical\" href=\"https:\/\/blog.zeit.de\/stoerungsmelder\/2014\/01\/11\/furth-deutliches-zeichen-gegen-neonazis_14664\" \/>\n<meta property=\"og:locale\" content=\"de_DE\" \/>\n<meta property=\"og:type\" content=\"article\" \/>\n<meta property=\"og:title\" content=\"F\u00fcrth: Deutliches Zeichen gegen Neonazis - St\u00f6rungsmelder\" \/>\n<meta property=\"og:description\" content=\"In F\u00fcrth (Bayern) haben heute \u00fcber 2000 Menschen gegen Rechts demonstriert. Neonazis aus dem \u201eFreien Netz S\u00fcd\u201c versuchen aktuell mit ihrer Tarnorganisation \u201eB\u00fcrgerinitiative Soziales F\u00fcrth\u201c (BiSF) Stimmung zu machen, um ins F\u00fcrther Rathaus einzuziehen. Sie ben\u00f6tigen daf\u00fcr knapp 400 Unterschriften. Die Nazigegner in F\u00fcrth sind t\u00e4glich im Kampf gegen die BiSF im Einsatz.\" \/>\n<meta property=\"og:url\" content=\"https:\/\/blog.zeit.de\/stoerungsmelder\/2014\/01\/11\/furth-deutliches-zeichen-gegen-neonazis_14664\" \/>\n<meta property=\"og:site_name\" content=\"St\u00f6rungsmelder\" \/>\n<meta property=\"article:published_time\" content=\"2014-01-11T18:43:07+00:00\" \/>\n<meta property=\"article:modified_time\" content=\"2015-10-29T13:55:04+00:00\" \/>\n<meta property=\"og:image\" content=\"https:\/\/blog.zeit.de\/stoerungsmelder\/files\/2014\/01\/header_antifademofuerth.jpg\" \/>\n<meta name=\"author\" content=\"Jonas Miller\" \/>\n<meta name=\"twitter:card\" content=\"summary_large_image\" \/>\n<meta name=\"twitter:label1\" content=\"Geschrieben von\" \/>\n\t<meta name=\"twitter:data1\" content=\"Jonas Miller\" \/>\n\t<meta name=\"twitter:label2\" content=\"Gesch\u00e4tzte Lesezeit\" \/>\n\t<meta name=\"twitter:data2\" content=\"2\u00a0Minuten\" \/>\n<script type=\"application\/ld+json\" class=\"yoast-schema-graph\">{\"@context\":\"https:\/\/schema.org\",\"@graph\":[{\"@type\":\"WebPage\",\"@id\":\"https:\/\/blog.zeit.de\/stoerungsmelder\/2014\/01\/11\/furth-deutliches-zeichen-gegen-neonazis_14664\",\"url\":\"https:\/\/blog.zeit.de\/stoerungsmelder\/2014\/01\/11\/furth-deutliches-zeichen-gegen-neonazis_14664\",\"name\":\"F\u00fcrth: Deutliches Zeichen gegen Neonazis - St\u00f6rungsmelder\",\"isPartOf\":{\"@id\":\"https:\/\/blog.zeit.de\/stoerungsmelder\/#website\"},\"datePublished\":\"2014-01-11T18:43:07+00:00\",\"dateModified\":\"2015-10-29T13:55:04+00:00\",\"author\":{\"@id\":\"https:\/\/blog.zeit.de\/stoerungsmelder\/#\/schema\/person\/abb0b5e2ae04ea00291f461511cf0e6b\"},\"breadcrumb\":{\"@id\":\"https:\/\/blog.zeit.de\/stoerungsmelder\/2014\/01\/11\/furth-deutliches-zeichen-gegen-neonazis_14664#breadcrumb\"},\"inLanguage\":\"de\",\"potentialAction\":[{\"@type\":\"ReadAction\",\"target\":[\"https:\/\/blog.zeit.de\/stoerungsmelder\/2014\/01\/11\/furth-deutliches-zeichen-gegen-neonazis_14664\"]}]},{\"@type\":\"BreadcrumbList\",\"@id\":\"https:\/\/blog.zeit.de\/stoerungsmelder\/2014\/01\/11\/furth-deutliches-zeichen-gegen-neonazis_14664#breadcrumb\",\"itemListElement\":[{\"@type\":\"ListItem\",\"position\":1,\"name\":\"Startseite\",\"item\":\"https:\/\/blog.zeit.de\/stoerungsmelder\"},{\"@type\":\"ListItem\",\"position\":2,\"name\":\"F\u00fcrth: Deutliches Zeichen gegen Neonazis\"}]},{\"@type\":\"WebSite\",\"@id\":\"https:\/\/blog.zeit.de\/stoerungsmelder\/#website\",\"url\":\"https:\/\/blog.zeit.de\/stoerungsmelder\/\",\"name\":\"St\u00f6rungsmelder\",\"description\":\"Recherchen und Analysen \u00fcber die extreme Rechte\",\"potentialAction\":[{\"@type\":\"SearchAction\",\"target\":{\"@type\":\"EntryPoint\",\"urlTemplate\":\"https:\/\/blog.zeit.de\/stoerungsmelder\/?s={search_term_string}\"},\"query-input\":\"required name=search_term_string\"}],\"inLanguage\":\"de\"},{\"@type\":\"Person\",\"@id\":\"https:\/\/blog.zeit.de\/stoerungsmelder\/#\/schema\/person\/abb0b5e2ae04ea00291f461511cf0e6b\",\"name\":\"Jonas Miller\",\"image\":{\"@type\":\"ImageObject\",\"inLanguage\":\"de\",\"@id\":\"https:\/\/blog.zeit.de\/stoerungsmelder\/#\/schema\/person\/image\/\",\"url\":\"https:\/\/secure.gravatar.com\/avatar\/c86a48d8af5f6cb474e5792b625c0051659345670c87ad1d34ce5dc50fecf79f?s=96&d=mm&r=pg\",\"contentUrl\":\"https:\/\/secure.gravatar.com\/avatar\/c86a48d8af5f6cb474e5792b625c0051659345670c87ad1d34ce5dc50fecf79f?s=96&d=mm&r=pg\",\"caption\":\"Jonas Miller\"},\"url\":\"https:\/\/blog.zeit.de\/stoerungsmelder\/author\/timomueller\"}]}<\/script>\n<!-- \/ Yoast SEO plugin. -->","yoast_head_json":{"title":"F\u00fcrth: Deutliches Zeichen gegen Neonazis - St\u00f6rungsmelder","robots":{"index":"index","follow":"follow","max-snippet":"max-snippet:-1","max-image-preview":"max-image-preview:large","max-video-preview":"max-video-preview:-1"},"canonical":"https:\/\/blog.zeit.de\/stoerungsmelder\/2014\/01\/11\/furth-deutliches-zeichen-gegen-neonazis_14664","og_locale":"de_DE","og_type":"article","og_title":"F\u00fcrth: Deutliches Zeichen gegen Neonazis - St\u00f6rungsmelder","og_description":"In F\u00fcrth (Bayern) haben heute \u00fcber 2000 Menschen gegen Rechts demonstriert. Neonazis aus dem \u201eFreien Netz S\u00fcd\u201c versuchen aktuell mit ihrer Tarnorganisation \u201eB\u00fcrgerinitiative Soziales F\u00fcrth\u201c (BiSF) Stimmung zu machen, um ins F\u00fcrther Rathaus einzuziehen. Sie ben\u00f6tigen daf\u00fcr knapp 400 Unterschriften. Die Nazigegner in F\u00fcrth sind t\u00e4glich im Kampf gegen die BiSF im Einsatz.","og_url":"https:\/\/blog.zeit.de\/stoerungsmelder\/2014\/01\/11\/furth-deutliches-zeichen-gegen-neonazis_14664","og_site_name":"St\u00f6rungsmelder","article_published_time":"2014-01-11T18:43:07+00:00","article_modified_time":"2015-10-29T13:55:04+00:00","og_image":[{"url":"https:\/\/blog.zeit.de\/stoerungsmelder\/files\/2014\/01\/header_antifademofuerth.jpg"}],"author":"Jonas Miller","twitter_card":"summary_large_image","twitter_misc":{"Geschrieben von":"Jonas Miller","Gesch\u00e4tzte Lesezeit":"2\u00a0Minuten"},"schema":{"@context":"https:\/\/schema.org","@graph":[{"@type":"WebPage","@id":"https:\/\/blog.zeit.de\/stoerungsmelder\/2014\/01\/11\/furth-deutliches-zeichen-gegen-neonazis_14664","url":"https:\/\/blog.zeit.de\/stoerungsmelder\/2014\/01\/11\/furth-deutliches-zeichen-gegen-neonazis_14664","name":"F\u00fcrth: Deutliches Zeichen gegen Neonazis - St\u00f6rungsmelder","isPartOf":{"@id":"https:\/\/blog.zeit.de\/stoerungsmelder\/#website"},"datePublished":"2014-01-11T18:43:07+00:00","dateModified":"2015-10-29T13:55:04+00:00","author":{"@id":"https:\/\/blog.zeit.de\/stoerungsmelder\/#\/schema\/person\/abb0b5e2ae04ea00291f461511cf0e6b"},"breadcrumb":{"@id":"https:\/\/blog.zeit.de\/stoerungsmelder\/2014\/01\/11\/furth-deutliches-zeichen-gegen-neonazis_14664#breadcrumb"},"inLanguage":"de","potentialAction":[{"@type":"ReadAction","target":["https:\/\/blog.zeit.de\/stoerungsmelder\/2014\/01\/11\/furth-deutliches-zeichen-gegen-neonazis_14664"]}]},{"@type":"BreadcrumbList","@id":"https:\/\/blog.zeit.de\/stoerungsmelder\/2014\/01\/11\/furth-deutliches-zeichen-gegen-neonazis_14664#breadcrumb","itemListElement":[{"@type":"ListItem","position":1,"name":"Startseite","item":"https:\/\/blog.zeit.de\/stoerungsmelder"},{"@type":"ListItem","position":2,"name":"F\u00fcrth: Deutliches Zeichen gegen Neonazis"}]},{"@type":"WebSite","@id":"https:\/\/blog.zeit.de\/stoerungsmelder\/#website","url":"https:\/\/blog.zeit.de\/stoerungsmelder\/","name":"St\u00f6rungsmelder","description":"Recherchen und Analysen \u00fcber die extreme Rechte","potentialAction":[{"@type":"SearchAction","target":{"@type":"EntryPoint","urlTemplate":"https:\/\/blog.zeit.de\/stoerungsmelder\/?s={search_term_string}"},"query-input":"required name=search_term_string"}],"inLanguage":"de"},{"@type":"Person","@id":"https:\/\/blog.zeit.de\/stoerungsmelder\/#\/schema\/person\/abb0b5e2ae04ea00291f461511cf0e6b","name":"Jonas Miller","image":{"@type":"ImageObject","inLanguage":"de","@id":"https:\/\/blog.zeit.de\/stoerungsmelder\/#\/schema\/person\/image\/","url":"https:\/\/secure.gravatar.com\/avatar\/c86a48d8af5f6cb474e5792b625c0051659345670c87ad1d34ce5dc50fecf79f?s=96&d=mm&r=pg","contentUrl":"https:\/\/secure.gravatar.com\/avatar\/c86a48d8af5f6cb474e5792b625c0051659345670c87ad1d34ce5dc50fecf79f?s=96&d=mm&r=pg","caption":"Jonas Miller"},"url":"https:\/\/blog.zeit.de\/stoerungsmelder\/author\/timomueller"}]}},"jetpack_featured_media_url":"","jetpack_sharing_enabled":true,"_links":{"self":[{"href":"https:\/\/blog.zeit.de\/stoerungsmelder\/wp-json\/wp\/v2\/posts\/14664","targetHints":{"allow":["GET"]}}],"collection":[{"href":"https:\/\/blog.zeit.de\/stoerungsmelder\/wp-json\/wp\/v2\/posts"}],"about":[{"href":"https:\/\/blog.zeit.de\/stoerungsmelder\/wp-json\/wp\/v2\/types\/post"}],"author":[{"embeddable":true,"href":"https:\/\/blog.zeit.de\/stoerungsmelder\/wp-json\/wp\/v2\/users\/363"}],"replies":[{"embeddable":true,"href":"https:\/\/blog.zeit.de\/stoerungsmelder\/wp-json\/wp\/v2\/comments?post=14664"}],"version-history":[{"count":12,"href":"https:\/\/blog.zeit.de\/stoerungsmelder\/wp-json\/wp\/v2\/posts\/14664\/revisions"}],"predecessor-version":[{"id":20404,"href":"https:\/\/blog.zeit.de\/stoerungsmelder\/wp-json\/wp\/v2\/posts\/14664\/revisions\/20404"}],"wp:attachment":[{"href":"https:\/\/blog.zeit.de\/stoerungsmelder\/wp-json\/wp\/v2\/media?parent=14664"}],"wp:term":[{"taxonomy":"category","embeddable":true,"href":"https:\/\/blog.zeit.de\/stoerungsmelder\/wp-json\/wp\/v2\/categories?post=14664"},{"taxonomy":"post_tag","embeddable":true,"href":"https:\/\/blog.zeit.de\/stoerungsmelder\/wp-json\/wp\/v2\/tags?post=14664"}],"curies":[{"name":"wp","href":"https:\/\/api.w.org\/{rel}","templated":true}]}}