{"id":14695,"date":"2014-01-13T10:38:04","date_gmt":"2014-01-13T09:38:04","guid":{"rendered":"http:\/\/blog.zeit.de\/stoerungsmelder\/?p=14695"},"modified":"2014-01-14T15:51:45","modified_gmt":"2014-01-14T14:51:45","slug":"trauermarsch-in-magdeburg-same-procedure-as-every-year","status":"publish","type":"post","link":"https:\/\/blog.zeit.de\/stoerungsmelder\/2014\/01\/13\/trauermarsch-in-magdeburg-same-procedure-as-every-year_14695","title":{"rendered":"\u201eTrauermarsch\u201c in Magdeburg: Same procedure as every year?"},"content":{"rendered":"<p><figure id=\"attachment_14701\" aria-describedby=\"caption-attachment-14701\" style=\"width: 580px\" class=\"wp-caption aligncenter\"><img loading=\"lazy\" decoding=\"async\" class=\"size-full wp-image-14701 \" alt=\"Jahr f\u00fcr Jahr kommen mehr: Neonazis im vergangenen Jahr in Magdeburg. Foto: Danny Frank\" src=\"https:\/\/blog.zeit.de\/stoerungsmelder\/files\/2014\/01\/IMG_1571.jpg\" width=\"580\" height=\"300\" srcset=\"https:\/\/blog.zeit.de\/stoerungsmelder\/files\/2014\/01\/IMG_1571.jpg 580w, https:\/\/blog.zeit.de\/stoerungsmelder\/files\/2014\/01\/IMG_1571-300x155.jpg 300w\" sizes=\"auto, (max-width: 580px) 100vw, 580px\" \/><figcaption id=\"caption-attachment-14701\" class=\"wp-caption-text\">Jahr f\u00fcr Jahr kommen mehr: Neonazis beim \u201eGedenkmarsch\u201c im vergangenen Jahr in Magdeburg. \u00a9 Danny Frank<\/figcaption><\/figure><\/p>\n<p>Einst war Dresden das Mekka f\u00fcr Europas Rechte, dann entwickelte sich Bad Nenndorf zur Pilgerst\u00e4tte f\u00fcr Demonstranten des neonazistischen Lagers. In beiden Orten ist die Tendenz der Teilnehmer inzwischen r\u00fcckl\u00e4ufig. Anders hingegen im Magdeburg (Sachsen-Anhalt): Dort meldet die sogenannte \u201eInitiative gegen das Vergessen\u201c kontinuierlich seit 1999 einen vorgeblichen \u201eGedenkmarsch\u201c, an. Jahr f\u00fcr Jahr kommen mehr &#8211; in diesem Jahr erwartet die Polizei 900 Neonazis. Doch auch der Widerstand gegen die Nazidemonstration am 18. Januar 2014 w\u00e4chst.<!--more--><\/p>\n<p style=\"text-align: justify\"><em>Von Danny Frank, Hardy Kr\u00fcger &amp; Lea Paulowitsch<\/em><\/p>\n<p style=\"text-align: justify\">Es ist das typische Mobilisierungsthema des neonazistischen Milieus Ende der 1990er Jahre: das vermeintliche \u201eVerbrechen\u201c der Alliierten am deutschen Volk.\u00a0Nach der Schaffung des Holocaust-Gedenktages im Jahr 1996, Nahum Goldmanns \u201eT\u00e4tervolk\u201c-Buch, Steven Spielbergs \u201eSchindlers Liste\u201c und der Ausstellung \u201eVerbrechen der Wehrmacht\u201c sehen sich Neonazis im Zugzwang und versuchen durch Gegenkampagnen im Gespr\u00e4ch zu bleiben.\u00a0Zun\u00e4chst ging es vor allem gegen die Wehrmachtsausstellung, dann, auch durch die gesellschaftliche Debatte um J\u00f6rg Friedrichs \u201eFeuersturm\u201c, um die Bombenangriffe der Alliierten auf deutsche St\u00e4dte w\u00e4hrend des zweiten Weltkrieges. Die \u201eNationaldemokratischen Partei Deutschlands\u201c (NPD) spricht in diesem Zusammenhang gern vom \u201eBombenholocaust\u201c und setzt ihre Funktion\u00e4re an die Spitze der Bewegung.<\/p>\n<p style=\"text-align: justify\">Erst in Dresden (Sachsen), dann aber auch in Dessau (Sachsen-Anhalt), Cottbus (Brandenburg) und eben insbesondere auch in der sachsen-anhaltischen Landeshauptstadt Magdeburg finden seither gr\u00f6\u00dfere \u201eGedenkm\u00e4rsche\u201c statt, deren Intention die Relativierung der Verbrechen des nationalsozialistischen Regimes ist.\u00a0In Magdeburg hat sich hierf\u00fcr eigens eine so genannte \u201eInitiative gegen das Vergessen\u201c gegr\u00fcndet, die inzwischen eng mit der NPD und ihrer Jugendorganisation \u201eJunge Nationaldemokraten\u201c (JN) verwoben ist. Am deutlichsten wird dies am Beispiel des Mitinitiators der Initiative, Andy Knape.<\/p>\n<p style=\"text-align: justify\"><strong>Andy Knape<br \/>\n<\/strong>Andy Knape, Jahrgang 1986, kommt urspr\u00fcnglich aus dem Magdeburger Kameradschaftsspektrum und ging sp\u00e4testens Mitte der 2000er Jahre ins rechtsextreme Parteimilieu. Seit 2008 ist er Landesvorsitzender der JN in Sachsen-Anhalt, seit 2011 Beisitzer im Bundesvorstand der NPD und seit 2012 Bundesvorsitzender der JN. Knape gibt sich gern dynamisch, jung, redegewandt und b\u00fcrgernah.\u00a0Erst im Juni letzten Jahres zeigte sich Andy Knape solidarisch im Hochwasser-Einsatz an der Elbe: Sands\u00e4cke stapeln f\u00fcr die \u201eFestungsstadt Magdeburg\u201c, lautete ihre Devise. Via Facebook und Twitter feierten sich die Nazis und propagierten eine \u201cnationale Solidarit\u00e4t\u201d: \u201eRechte Kerle packen an \u2013 JN im Hochwassereinsatz\u201c und \u201eWir reden nicht, wir packen an.\u201c, hie\u00df es da.\u00a0Worum es Knape und seinen JN-J\u00fcnglingen eigentlich ging liest sich dann so: \u201eWo bleibt die Spendenfreudigkeit der fremden L\u00e4nder f\u00fcr ein von Naturkatastrophe gebeuteltes Land?\u201c. Des weiteren f\u00fchrte Knape jahrelang die JN-Ortsgruppe, kandidierte f\u00fcr die Stadtverordnetenversammlung, schwingt gerne Reden bei \u00f6ffentlichen Veranstaltungen und l\u00e4uft seit Jahren auch als Kopf des \u201eGedenkmarsches\u201c Anfang Januar mit.<\/p>\n<p style=\"text-align: justify\"><strong>The same procedure as every year? \u2013 Not at all!<br \/>\n<\/strong>Im Januar j\u00e4hrt sich die Bombardierung Magedburgs zum 69. Mal. Die Stadt tut sich schwer im Umgang mit der Art des Gedenkens: Der neonazistische \u201eGedenkmarsch\u201c wurde jahrelang ignoriert, bis, ja bis er nicht mehr zu ignorieren war. Seit 1998 veranstaltet man nun parallel eine \u201eMeile der Demokratie\u201c, bei der Vereine und Initiativen gern ein weltoffenes Magdeburg pr\u00e4sentieren.\u00a0Iniativen wie \u201eMagdeburg Nazifrei\u201c bezweifeln jedoch die alleinige Wirksamkeit dieser Aktion und sehen eher im zivilen Ungehorsam, mittels Massenblockaden wie einst in Dresden, ein effektiveres Vorgehen gegen Neonazis.\u00a0Und das Beispiel Dresden, wo lange Zeit Europas gr\u00f6\u00dfter Neonaziaufmarsch stattfand, gibt ihnen recht: Seit 2010 gelang es mehreren tausend Gegendemonstranen, Neonazis nicht durch Dresdens Stra\u00dfen ziehen zu lassen. \u00c4hnliche Beispiele sind auch aus Berlin und Brandenburg zu vernehmen.<\/p>\n<p style=\"text-align: justify\"><strong>\u201eMagdeburg Nazifrei\u201c<br \/>\n<\/strong>Im Jahr 2012 hat sich das B\u00fcndnis \u201eMagdeburg Nazifrei\u201c gegr\u00fcndet. Ziel war und ist es B\u00fcndnisse, Einzelpersonen und Initiativen mit in die Mobilisierung zu Massenblockaden von Menschenblockaden einzubinden.\u00a0\u201eMagdeburg Nazifrei\u201c will auch in diesem Jahr an diesem (Teil)-erfolg von 2012 ankn\u00fcpfen. Anders als im letzten Jahr hat sich das b\u00fcrgerliche Blockadeb\u00fcndnis dazu entschlossen, sich aktiver an der Verhinderung des Aufmarsches zu beteiligen.\u00a0Mit einer Protestmeile in der Innenstadt, weiteren Anmeldungen von Kundgebungen an S-Bahnh\u00f6fen und anderen Orten werden diesj\u00e4hrig mehr Anlaufpunkte f\u00fcr m\u00f6gliche Blockaden geschaffen und somit der Erfolg auf eine g\u00e4nzliche Verhinderung des Aufmarsches erh\u00f6ht. Das B\u00fcndnis betont dabei: \u201eWir leisten zivilen Ungehorsam gegen den Naziaufmarsch. Unsere Massenblockaden sind Menschenblockaden. Von uns geht dabei keine Eskalation aus.\u201c<\/p>\n<p style=\"text-align: justify\"><strong>Nie mehr ungest\u00f6rt \u201egedenken\u201c!<br \/>\n<\/strong>Unter dem Motto \u201eStaat und Nazis \u2013 Hand in Hand! Or\u00adga\u00adni\u00adsiert den Wi\u00adder\u00adstand!\u201c wird es wie bereits im Vorjahr am Vorabend, dem 17. Januar 2014, eine antifaschistische Demonstration geben. Sie will eigene Akzente setzen und Stellung zu Polizeima\u00dfnahmen gegen Antifa-Mitglieder beziehen. Start ist um 18:00 Uhr am Hauptbahnhof in Magdeburg.<\/p>\n<p style=\"text-align: justify\"><strong>Am 18. Januar 2014 selbst werden bisher folgende Termine beworben (nach Uhrzeit sortiert):<\/strong><\/p>\n<p style=\"text-align: justify\">10:00 \u2013 15:00 Uhr: \u201eAlternative Formen des Umgangs mit Gewalt: Kampfk\u00fcnste stellen sich vor\u201c in der Judohalle des Fermersleber Sportvereins am Platz der Freundschaft<\/p>\n<p style=\"text-align: justify\">10:00 \u2013 18:00 Uhr: Ausstellung\u00a0\u201eHass vernichtet\u201c\u00a0in der Otto-von-Guericke-Universit\u00e4t<\/p>\n<p style=\"text-align: justify\">11:00 \u2013 13:00 Uhr: Stra\u00dfenbahnsonderfahrt mit dem Historiker Gert Sommerfeldt an der Haltestelle Fermersleber Weg<\/p>\n<p style=\"text-align: justify\">12:00 Uhr: Auftaktkundgebung der auf dem Willy-Brandt-Platz<\/p>\n<p style=\"text-align: justify\">12:00 \u2013 18:00 Uhr: \u201e6. Meile der Demokratie\u201c auf dem Breiten Weg mit rund\u00a0\u00a0160 Vereinen, Bands und Kultureinrichtungen<\/p>\n<p style=\"text-align: justify\">14:00 \u2013 15:00 Uhr: Gedenkzeit f\u00fcr die Opfer rechter Gewalt in der St. Sebastian Kathedralkirche<\/p>\n<p style=\"text-align: justify\">16:30 \u2013 18:00 Uhr: Laternenumzug gegen Intoleranz und nationalsozialistisches Gedankengut ab Breiter Weg\/Ecke Danzstra\u00dfe<\/p>\n<p style=\"text-align: justify\">20:00 Uhr \u2013 24:00 Uhr: Konzert \u201eBunt statt Braun: Den Nazis entgegentreten\u201c im Veranstaltungszentrum Factory in der Karl-Schmidt-Stra\u00dfe<em><br \/>\n<\/em><\/p>\n<p style=\"text-align: justify\"><strong>Die rechtsextreme \u201eInitiative gegen das Vergessen\u201c bewirbt bislang ihren Anlaufpunkt zu 12:00 Uhr am Bahnhof Magdeburg-Neustadt.<\/strong><\/p>\n","protected":false},"excerpt":{"rendered":"<p>Einst war Dresden das Mekka f\u00fcr Europas Rechte, dann entwickelte sich Bad Nenndorf zur Pilgerst\u00e4tte f\u00fcr Demonstranten des neonazistischen Lagers. In beiden Orten ist die Tendenz der Teilnehmer inzwischen r\u00fcckl\u00e4ufig. Anders hingegen im Magdeburg (Sachsen-Anhalt): Dort meldet die sogenannte \u201eInitiative gegen das Vergessen\u201c kontinuierlich seit 1999 einen vorgeblichen \u201eGedenkmarsch\u201c, an. Jahr f\u00fcr Jahr kommen mehr [&hellip;]<\/p>\n","protected":false},"author":229,"featured_media":0,"comment_status":"open","ping_status":"open","sticky":false,"template":"","format":"standard","meta":{"_jetpack_memberships_contains_paid_content":false,"footnotes":""},"categories":[1457],"tags":[11348,28243,1988,28245,39407,29381,12726,1539,1628,23499,1707,1709,1711,1716,24526],"class_list":["post-14695","post","type-post","status-publish","format-standard","hentry","category-sachsen-anhalt","tag-andy-knape","tag-bad-nenndorf","tag-blockaden","tag-bombenholocaust","tag-brandenburg","tag-cottbus","tag-dessau","tag-dresden","tag-jn","tag-magdeburg","tag-naziaufmarsch","tag-nazis","tag-neonazis","tag-npd","tag-trauermarsch"],"yoast_head":"<!-- This site is optimized with the Yoast SEO plugin v21.0 - https:\/\/yoast.com\/wordpress\/plugins\/seo\/ -->\n<title>\u201eTrauermarsch\u201c in Magdeburg: Same procedure as every year? - St\u00f6rungsmelder<\/title>\n<meta name=\"robots\" content=\"index, follow, max-snippet:-1, max-image-preview:large, max-video-preview:-1\" \/>\n<link rel=\"canonical\" href=\"https:\/\/blog.zeit.de\/stoerungsmelder\/2014\/01\/13\/trauermarsch-in-magdeburg-same-procedure-as-every-year_14695\" \/>\n<meta property=\"og:locale\" content=\"de_DE\" \/>\n<meta property=\"og:type\" content=\"article\" \/>\n<meta property=\"og:title\" content=\"\u201eTrauermarsch\u201c in Magdeburg: Same procedure as every year? - St\u00f6rungsmelder\" \/>\n<meta property=\"og:description\" content=\"Einst war Dresden das Mekka f\u00fcr Europas Rechte, dann entwickelte sich Bad Nenndorf zur Pilgerst\u00e4tte f\u00fcr Demonstranten des neonazistischen Lagers. In beiden Orten ist die Tendenz der Teilnehmer inzwischen r\u00fcckl\u00e4ufig. Anders hingegen im Magdeburg (Sachsen-Anhalt): Dort meldet die sogenannte \u201eInitiative gegen das Vergessen\u201c kontinuierlich seit 1999 einen vorgeblichen \u201eGedenkmarsch\u201c, an. Jahr f\u00fcr Jahr kommen mehr [&hellip;]\" \/>\n<meta property=\"og:url\" content=\"https:\/\/blog.zeit.de\/stoerungsmelder\/2014\/01\/13\/trauermarsch-in-magdeburg-same-procedure-as-every-year_14695\" \/>\n<meta property=\"og:site_name\" content=\"St\u00f6rungsmelder\" \/>\n<meta property=\"article:published_time\" content=\"2014-01-13T09:38:04+00:00\" \/>\n<meta property=\"article:modified_time\" content=\"2014-01-14T14:51:45+00:00\" \/>\n<meta property=\"og:image\" content=\"https:\/\/blog.zeit.de\/stoerungsmelder\/files\/2014\/01\/IMG_1571.jpg\" \/>\n<meta name=\"author\" content=\"St\u00f6rungsmelder\" \/>\n<meta name=\"twitter:card\" content=\"summary_large_image\" \/>\n<meta name=\"twitter:label1\" content=\"Geschrieben von\" \/>\n\t<meta name=\"twitter:data1\" content=\"St\u00f6rungsmelder\" \/>\n\t<meta name=\"twitter:label2\" content=\"Gesch\u00e4tzte Lesezeit\" \/>\n\t<meta name=\"twitter:data2\" content=\"5\u00a0Minuten\" \/>\n<script type=\"application\/ld+json\" class=\"yoast-schema-graph\">{\"@context\":\"https:\/\/schema.org\",\"@graph\":[{\"@type\":\"WebPage\",\"@id\":\"https:\/\/blog.zeit.de\/stoerungsmelder\/2014\/01\/13\/trauermarsch-in-magdeburg-same-procedure-as-every-year_14695\",\"url\":\"https:\/\/blog.zeit.de\/stoerungsmelder\/2014\/01\/13\/trauermarsch-in-magdeburg-same-procedure-as-every-year_14695\",\"name\":\"\u201eTrauermarsch\u201c in Magdeburg: Same procedure as every year? - St\u00f6rungsmelder\",\"isPartOf\":{\"@id\":\"https:\/\/blog.zeit.de\/stoerungsmelder\/#website\"},\"datePublished\":\"2014-01-13T09:38:04+00:00\",\"dateModified\":\"2014-01-14T14:51:45+00:00\",\"author\":{\"@id\":\"https:\/\/blog.zeit.de\/stoerungsmelder\/#\/schema\/person\/fdd0b9818f65738672810b6d6f037f71\"},\"breadcrumb\":{\"@id\":\"https:\/\/blog.zeit.de\/stoerungsmelder\/2014\/01\/13\/trauermarsch-in-magdeburg-same-procedure-as-every-year_14695#breadcrumb\"},\"inLanguage\":\"de\",\"potentialAction\":[{\"@type\":\"ReadAction\",\"target\":[\"https:\/\/blog.zeit.de\/stoerungsmelder\/2014\/01\/13\/trauermarsch-in-magdeburg-same-procedure-as-every-year_14695\"]}]},{\"@type\":\"BreadcrumbList\",\"@id\":\"https:\/\/blog.zeit.de\/stoerungsmelder\/2014\/01\/13\/trauermarsch-in-magdeburg-same-procedure-as-every-year_14695#breadcrumb\",\"itemListElement\":[{\"@type\":\"ListItem\",\"position\":1,\"name\":\"Startseite\",\"item\":\"https:\/\/blog.zeit.de\/stoerungsmelder\"},{\"@type\":\"ListItem\",\"position\":2,\"name\":\"\u201eTrauermarsch\u201c in Magdeburg: Same procedure as every year?\"}]},{\"@type\":\"WebSite\",\"@id\":\"https:\/\/blog.zeit.de\/stoerungsmelder\/#website\",\"url\":\"https:\/\/blog.zeit.de\/stoerungsmelder\/\",\"name\":\"St\u00f6rungsmelder\",\"description\":\"Recherchen und Analysen \u00fcber die extreme Rechte\",\"potentialAction\":[{\"@type\":\"SearchAction\",\"target\":{\"@type\":\"EntryPoint\",\"urlTemplate\":\"https:\/\/blog.zeit.de\/stoerungsmelder\/?s={search_term_string}\"},\"query-input\":\"required name=search_term_string\"}],\"inLanguage\":\"de\"},{\"@type\":\"Person\",\"@id\":\"https:\/\/blog.zeit.de\/stoerungsmelder\/#\/schema\/person\/fdd0b9818f65738672810b6d6f037f71\",\"name\":\"St\u00f6rungsmelder\",\"image\":{\"@type\":\"ImageObject\",\"inLanguage\":\"de\",\"@id\":\"https:\/\/blog.zeit.de\/stoerungsmelder\/#\/schema\/person\/image\/\",\"url\":\"https:\/\/secure.gravatar.com\/avatar\/dfa4be514c3e82a71e4f9a0020035d38192d080ccaa5e4e6d7a1472c763535c5?s=96&d=mm&r=pg\",\"contentUrl\":\"https:\/\/secure.gravatar.com\/avatar\/dfa4be514c3e82a71e4f9a0020035d38192d080ccaa5e4e6d7a1472c763535c5?s=96&d=mm&r=pg\",\"caption\":\"St\u00f6rungsmelder\"},\"url\":\"https:\/\/blog.zeit.de\/stoerungsmelder\/author\/stoerungsmelder\"}]}<\/script>\n<!-- \/ Yoast SEO plugin. -->","yoast_head_json":{"title":"\u201eTrauermarsch\u201c in Magdeburg: Same procedure as every year? - St\u00f6rungsmelder","robots":{"index":"index","follow":"follow","max-snippet":"max-snippet:-1","max-image-preview":"max-image-preview:large","max-video-preview":"max-video-preview:-1"},"canonical":"https:\/\/blog.zeit.de\/stoerungsmelder\/2014\/01\/13\/trauermarsch-in-magdeburg-same-procedure-as-every-year_14695","og_locale":"de_DE","og_type":"article","og_title":"\u201eTrauermarsch\u201c in Magdeburg: Same procedure as every year? - St\u00f6rungsmelder","og_description":"Einst war Dresden das Mekka f\u00fcr Europas Rechte, dann entwickelte sich Bad Nenndorf zur Pilgerst\u00e4tte f\u00fcr Demonstranten des neonazistischen Lagers. In beiden Orten ist die Tendenz der Teilnehmer inzwischen r\u00fcckl\u00e4ufig. Anders hingegen im Magdeburg (Sachsen-Anhalt): Dort meldet die sogenannte \u201eInitiative gegen das Vergessen\u201c kontinuierlich seit 1999 einen vorgeblichen \u201eGedenkmarsch\u201c, an. Jahr f\u00fcr Jahr kommen mehr [&hellip;]","og_url":"https:\/\/blog.zeit.de\/stoerungsmelder\/2014\/01\/13\/trauermarsch-in-magdeburg-same-procedure-as-every-year_14695","og_site_name":"St\u00f6rungsmelder","article_published_time":"2014-01-13T09:38:04+00:00","article_modified_time":"2014-01-14T14:51:45+00:00","og_image":[{"url":"https:\/\/blog.zeit.de\/stoerungsmelder\/files\/2014\/01\/IMG_1571.jpg"}],"author":"St\u00f6rungsmelder","twitter_card":"summary_large_image","twitter_misc":{"Geschrieben von":"St\u00f6rungsmelder","Gesch\u00e4tzte Lesezeit":"5\u00a0Minuten"},"schema":{"@context":"https:\/\/schema.org","@graph":[{"@type":"WebPage","@id":"https:\/\/blog.zeit.de\/stoerungsmelder\/2014\/01\/13\/trauermarsch-in-magdeburg-same-procedure-as-every-year_14695","url":"https:\/\/blog.zeit.de\/stoerungsmelder\/2014\/01\/13\/trauermarsch-in-magdeburg-same-procedure-as-every-year_14695","name":"\u201eTrauermarsch\u201c in Magdeburg: Same procedure as every year? - St\u00f6rungsmelder","isPartOf":{"@id":"https:\/\/blog.zeit.de\/stoerungsmelder\/#website"},"datePublished":"2014-01-13T09:38:04+00:00","dateModified":"2014-01-14T14:51:45+00:00","author":{"@id":"https:\/\/blog.zeit.de\/stoerungsmelder\/#\/schema\/person\/fdd0b9818f65738672810b6d6f037f71"},"breadcrumb":{"@id":"https:\/\/blog.zeit.de\/stoerungsmelder\/2014\/01\/13\/trauermarsch-in-magdeburg-same-procedure-as-every-year_14695#breadcrumb"},"inLanguage":"de","potentialAction":[{"@type":"ReadAction","target":["https:\/\/blog.zeit.de\/stoerungsmelder\/2014\/01\/13\/trauermarsch-in-magdeburg-same-procedure-as-every-year_14695"]}]},{"@type":"BreadcrumbList","@id":"https:\/\/blog.zeit.de\/stoerungsmelder\/2014\/01\/13\/trauermarsch-in-magdeburg-same-procedure-as-every-year_14695#breadcrumb","itemListElement":[{"@type":"ListItem","position":1,"name":"Startseite","item":"https:\/\/blog.zeit.de\/stoerungsmelder"},{"@type":"ListItem","position":2,"name":"\u201eTrauermarsch\u201c in Magdeburg: Same procedure as every year?"}]},{"@type":"WebSite","@id":"https:\/\/blog.zeit.de\/stoerungsmelder\/#website","url":"https:\/\/blog.zeit.de\/stoerungsmelder\/","name":"St\u00f6rungsmelder","description":"Recherchen und Analysen \u00fcber die extreme Rechte","potentialAction":[{"@type":"SearchAction","target":{"@type":"EntryPoint","urlTemplate":"https:\/\/blog.zeit.de\/stoerungsmelder\/?s={search_term_string}"},"query-input":"required name=search_term_string"}],"inLanguage":"de"},{"@type":"Person","@id":"https:\/\/blog.zeit.de\/stoerungsmelder\/#\/schema\/person\/fdd0b9818f65738672810b6d6f037f71","name":"St\u00f6rungsmelder","image":{"@type":"ImageObject","inLanguage":"de","@id":"https:\/\/blog.zeit.de\/stoerungsmelder\/#\/schema\/person\/image\/","url":"https:\/\/secure.gravatar.com\/avatar\/dfa4be514c3e82a71e4f9a0020035d38192d080ccaa5e4e6d7a1472c763535c5?s=96&d=mm&r=pg","contentUrl":"https:\/\/secure.gravatar.com\/avatar\/dfa4be514c3e82a71e4f9a0020035d38192d080ccaa5e4e6d7a1472c763535c5?s=96&d=mm&r=pg","caption":"St\u00f6rungsmelder"},"url":"https:\/\/blog.zeit.de\/stoerungsmelder\/author\/stoerungsmelder"}]}},"jetpack_featured_media_url":"","jetpack_sharing_enabled":true,"_links":{"self":[{"href":"https:\/\/blog.zeit.de\/stoerungsmelder\/wp-json\/wp\/v2\/posts\/14695","targetHints":{"allow":["GET"]}}],"collection":[{"href":"https:\/\/blog.zeit.de\/stoerungsmelder\/wp-json\/wp\/v2\/posts"}],"about":[{"href":"https:\/\/blog.zeit.de\/stoerungsmelder\/wp-json\/wp\/v2\/types\/post"}],"author":[{"embeddable":true,"href":"https:\/\/blog.zeit.de\/stoerungsmelder\/wp-json\/wp\/v2\/users\/229"}],"replies":[{"embeddable":true,"href":"https:\/\/blog.zeit.de\/stoerungsmelder\/wp-json\/wp\/v2\/comments?post=14695"}],"version-history":[{"count":14,"href":"https:\/\/blog.zeit.de\/stoerungsmelder\/wp-json\/wp\/v2\/posts\/14695\/revisions"}],"predecessor-version":[{"id":14711,"href":"https:\/\/blog.zeit.de\/stoerungsmelder\/wp-json\/wp\/v2\/posts\/14695\/revisions\/14711"}],"wp:attachment":[{"href":"https:\/\/blog.zeit.de\/stoerungsmelder\/wp-json\/wp\/v2\/media?parent=14695"}],"wp:term":[{"taxonomy":"category","embeddable":true,"href":"https:\/\/blog.zeit.de\/stoerungsmelder\/wp-json\/wp\/v2\/categories?post=14695"},{"taxonomy":"post_tag","embeddable":true,"href":"https:\/\/blog.zeit.de\/stoerungsmelder\/wp-json\/wp\/v2\/tags?post=14695"}],"curies":[{"name":"wp","href":"https:\/\/api.w.org\/{rel}","templated":true}]}}