{"id":14714,"date":"2014-01-15T09:47:39","date_gmt":"2014-01-15T08:47:39","guid":{"rendered":"http:\/\/blog.zeit.de\/stoerungsmelder\/?p=14714"},"modified":"2014-01-15T09:47:39","modified_gmt":"2014-01-15T08:47:39","slug":"prozess-wegen-nazi-ubergriff-in-hoyerswerda-unterbrochen","status":"publish","type":"post","link":"https:\/\/blog.zeit.de\/stoerungsmelder\/2014\/01\/15\/prozess-wegen-nazi-ubergriff-in-hoyerswerda-unterbrochen_14714","title":{"rendered":"Prozess wegen Nazi-\u00dcbergriff in Hoyerswerda unterbrochen"},"content":{"rendered":"<p><figure id=\"attachment_14726\" aria-describedby=\"caption-attachment-14726\" style=\"width: 580px\" class=\"wp-caption aligncenter\"><a href=\"https:\/\/blog.zeit.de\/stoerungsmelder\/2014\/01\/15\/prozess-wegen-nazi-ubergriff-in-hoyerswerda-unterbrochen_14714\/prozesshoyerswerda\" rel=\"attachment wp-att-14726\"><img loading=\"lazy\" decoding=\"async\" class=\"size-full wp-image-14726\" alt=\"Ein Angeklagter musste in Handschellen vorgef\u00fchrt werden \u00a9  Silvio Werner\" src=\"https:\/\/blog.zeit.de\/stoerungsmelder\/files\/2014\/01\/ProzessHoyerswerda.jpg\" width=\"580\" height=\"300\" srcset=\"https:\/\/blog.zeit.de\/stoerungsmelder\/files\/2014\/01\/ProzessHoyerswerda.jpg 580w, https:\/\/blog.zeit.de\/stoerungsmelder\/files\/2014\/01\/ProzessHoyerswerda-300x155.jpg 300w\" sizes=\"auto, (max-width: 580px) 100vw, 580px\" \/><\/a><figcaption id=\"caption-attachment-14726\" class=\"wp-caption-text\">Ein Angeklagter musste in Handschellen vorgef\u00fchrt werden \u00a9 Silvio Werner<\/figcaption><\/figure><\/p>\n<p>Den stadtbekannten Neonazis wird vorgeworfen, am 17. Oktober 2012 Monique L. und Ronny S. bedroht und beleidigt zu haben. Am Tatabend versammelten sich etwa 15 dunkel gekleidete, teilweise vermummte Personen vor dem Mietshaus. Sie beginnen aggressiv zu klingeln, der Strom in der Etage wird abgedreht und die Rechtsextremen versuchen die Wohnungst\u00fcr aufzubrechen. Das Paar ist durch das Entfernen von rechten Stickern in das Visier der Neonazis geraten. Die Anklage stand in der Kritik, der Anwalt der Nebenkl\u00e4ger, Klaus Bartl, sieht den Tatbestand des Landfriedensbruchs erf\u00fcllt.<!--more--><\/p>\n<p>Schon vor der Verhandlung wurden zwei Dinge klar: Das \u00f6ffentliche Interesse an der Strafsache \u00fcbersteigt die Kapazit\u00e4ten des Amtsgericht deutlich. Der Saal war restlos gef\u00fcllt, einige Journalisten hatten Probleme, einen Platz zu finden. Linke Gruppierungen hatten aufgerufen, den Prozess zu beobachten, Sympathisanten der Angeklagten waren ebenfalls vor Ort. Die Stimmung war dementsprechend angespannt. Zweitens: Der Plan von Richter Michael Goebel, den Prozess an nur einem Tag zu bew\u00e4ltigen war sehr ambitioniert. 14 Zeugen hatte er geladen, schon die Verlesung der Anklageschrift verz\u00f6gerte sich um Stunden, da ein Beschuldiger nicht erschienen war. Er musste aus Bautzen vorgef\u00fchrt werden.<\/p>\n<p>Nur drei der Angeklagten \u00e4u\u00dferten sich zum Fall. Sie gaben an, im alkoholisierten Zustand vor Ort gewesen zu sein und unter erheblichen Erinnerungsl\u00fccken zu leiden. Sven R. behauptete, die Lampe im Hausflur herausgeschraubt zu habe, da diese ihn blendete. Kai P. bestritt, das Haus betreten zu haben. In einer polizeilichen Vernehmung soll eine Zeugin diesen allerdings an seiner Frisur erkannt haben.<\/p>\n<p>Die beiden Gesch\u00e4digten und Nebenkl\u00e4ger \u00e4u\u00dferten \u00fcbereinstimmend, dass sie bis heute unter den Folgen des Angriffs leiden. Ronny S. berichtete von vorangegangenen Drohungen \u00fcber eine Chat-Plattform und betonte, er sei kein Mitglied eines Vereines oder einer politischen Organisation, der Staatsanwalt ordnete Ronny S. in der Anklageschrift der Antifa. Am Tatabend skandierten laut ihm die T\u00e4ter \u201eZeckensau\u201c und drohten an, ihn fertig zu machen und seine Wohnung \u201eleerzur\u00e4umen\u201c. Sie sollen ebenfalls \u201eWir sind der nationale Widerstand\u201c gerufen haben. Die Beleidigungen w\u00e4ren in Anwesenheit der Polizei weitergef\u00fchrt worden \u2013 was die Beamten w\u00e4hrend ihren Vernehmungen bestritten.<\/p>\n<p>W\u00e4hrend Monique L. unter Tr\u00e4nen beschrieb, wie einer der Angeklagten ank\u00fcndigte, sie vergewaltigen zu wollen, bewies ein Nazi-Sympathisant auf den Zuschauerb\u00e4nken die grenzenlose Respektlosigkeit der Neonazis: Er spielte mit seinem Handy einen lachenden Sound ab, h\u00f6rbar f\u00fcr alle Beteiligten. Richter Goebel zog aus diesem Vorfall keine Konsequenzen.<\/p>\n<p>In den folgenden Vernehmungen war die \u00c4u\u00dferung eines Polizeibeamten interessant: Er gab an, die ehemalige Lebensgef\u00e4hrtin eines Angeklagten sprach in einer vorausgegangen Vernehmung davon, dass \u201ealle von denen\u201c Mitglieder der ANH (Autonome Nationalisten Hoyerswerda) seien. Die Angeklagten bestritten vehement, Mitglieder einer rechtsextremen Vereinigung zu sein.<\/p>\n<p>Insgesamt hatte man den Eindruck, der Richter habe das Geschehen im Saal nicht im Griff. Die Angeklagten lachten w\u00e4hrend der Beweisaufnahme und nahmen den Prozess in keiner Weise ernst. W\u00e4hrend der Vernehmung von Monique starteten einige Zuschauer eine rege Diskussion dar\u00fcber, dass die Aussage ja wohl kaum stimmen k\u00f6nnte.<\/p>\n<p>Bundesweite Aufmerksamkeit erhielt der Fall durch das Verhalten der Polizei w\u00e4hrend und nach der Tat: Man legte den Betroffenen nahe, die Stadt zu verlassen, ein Polizeisprecher erkl\u00e4rte damals: \u201eEs ist einfacher, zwei Personen von einem Ort zu einem anderen sicheren Ort zu verbringen, als 30 Personen zu bewachen oder permanent f\u00fcnf Funkstreifen vor ein Haus zu stellen\u201c. Die Einsatzkr\u00e4fte nahmen vor dem Haus keine Personalien auf und erteilten keine Platzverweise.<\/p>\n<p>Am 27.01 (11 Uhr) wird der Prozess fortgesetzt. Anwalt Bartl l\u00e4sst neue Zeugen laden, darunter 2 Polizisten.<\/p>\n","protected":false},"excerpt":{"rendered":"<p>Den stadtbekannten Neonazis wird vorgeworfen, am 17. Oktober 2012 Monique L. und Ronny S. bedroht und beleidigt zu haben. Am Tatabend versammelten sich etwa 15 dunkel gekleidete, teilweise vermummte Personen vor dem Mietshaus. Sie beginnen aggressiv zu klingeln, der Strom in der Etage wird abgedreht und die Rechtsextremen versuchen die Wohnungst\u00fcr aufzubrechen. Das Paar ist [&hellip;]<\/p>\n","protected":false},"author":439,"featured_media":0,"comment_status":"open","ping_status":"open","sticky":false,"template":"","format":"standard","meta":{"_jetpack_memberships_contains_paid_content":false,"footnotes":""},"categories":[1456],"tags":[17913,29383,1612,1638,29382,1699,1755],"class_list":["post-14714","post","type-post","status-publish","format-standard","hentry","category-sachsen","tag-anh","tag-autonome-nationalisten-hoyerswerda","tag-hoyerswerda","tag-justiz","tag-klaus-bartl","tag-nationaler-widerstand","tag-rechte-gewalt"],"yoast_head":"<!-- This site is optimized with the Yoast SEO plugin v21.0 - https:\/\/yoast.com\/wordpress\/plugins\/seo\/ -->\n<title>Prozess wegen Nazi-\u00dcbergriff in Hoyerswerda unterbrochen - St\u00f6rungsmelder<\/title>\n<meta name=\"robots\" content=\"index, follow, max-snippet:-1, max-image-preview:large, max-video-preview:-1\" \/>\n<link rel=\"canonical\" href=\"https:\/\/blog.zeit.de\/stoerungsmelder\/2014\/01\/15\/prozess-wegen-nazi-ubergriff-in-hoyerswerda-unterbrochen_14714\" \/>\n<meta property=\"og:locale\" content=\"de_DE\" \/>\n<meta property=\"og:type\" content=\"article\" \/>\n<meta property=\"og:title\" content=\"Prozess wegen Nazi-\u00dcbergriff in Hoyerswerda unterbrochen - St\u00f6rungsmelder\" \/>\n<meta property=\"og:description\" content=\"Den stadtbekannten Neonazis wird vorgeworfen, am 17. Oktober 2012 Monique L. und Ronny S. bedroht und beleidigt zu haben. Am Tatabend versammelten sich etwa 15 dunkel gekleidete, teilweise vermummte Personen vor dem Mietshaus. Sie beginnen aggressiv zu klingeln, der Strom in der Etage wird abgedreht und die Rechtsextremen versuchen die Wohnungst\u00fcr aufzubrechen. Das Paar ist [&hellip;]\" \/>\n<meta property=\"og:url\" content=\"https:\/\/blog.zeit.de\/stoerungsmelder\/2014\/01\/15\/prozess-wegen-nazi-ubergriff-in-hoyerswerda-unterbrochen_14714\" \/>\n<meta property=\"og:site_name\" content=\"St\u00f6rungsmelder\" \/>\n<meta property=\"article:published_time\" content=\"2014-01-15T08:47:39+00:00\" \/>\n<meta property=\"og:image\" content=\"https:\/\/blog.zeit.de\/stoerungsmelder\/files\/2014\/01\/ProzessHoyerswerda.jpg\" \/>\n<meta name=\"author\" content=\"Silvio Werner\" \/>\n<meta name=\"twitter:card\" content=\"summary_large_image\" \/>\n<meta name=\"twitter:label1\" content=\"Geschrieben von\" \/>\n\t<meta name=\"twitter:data1\" content=\"Silvio Werner\" \/>\n\t<meta name=\"twitter:label2\" content=\"Gesch\u00e4tzte Lesezeit\" \/>\n\t<meta name=\"twitter:data2\" content=\"3\u00a0Minuten\" \/>\n<script type=\"application\/ld+json\" class=\"yoast-schema-graph\">{\"@context\":\"https:\/\/schema.org\",\"@graph\":[{\"@type\":\"WebPage\",\"@id\":\"https:\/\/blog.zeit.de\/stoerungsmelder\/2014\/01\/15\/prozess-wegen-nazi-ubergriff-in-hoyerswerda-unterbrochen_14714\",\"url\":\"https:\/\/blog.zeit.de\/stoerungsmelder\/2014\/01\/15\/prozess-wegen-nazi-ubergriff-in-hoyerswerda-unterbrochen_14714\",\"name\":\"Prozess wegen Nazi-\u00dcbergriff in Hoyerswerda unterbrochen - St\u00f6rungsmelder\",\"isPartOf\":{\"@id\":\"https:\/\/blog.zeit.de\/stoerungsmelder\/#website\"},\"datePublished\":\"2014-01-15T08:47:39+00:00\",\"dateModified\":\"2014-01-15T08:47:39+00:00\",\"author\":{\"@id\":\"https:\/\/blog.zeit.de\/stoerungsmelder\/#\/schema\/person\/2cade6163f0e7983b307dfd703b26c11\"},\"breadcrumb\":{\"@id\":\"https:\/\/blog.zeit.de\/stoerungsmelder\/2014\/01\/15\/prozess-wegen-nazi-ubergriff-in-hoyerswerda-unterbrochen_14714#breadcrumb\"},\"inLanguage\":\"de\",\"potentialAction\":[{\"@type\":\"ReadAction\",\"target\":[\"https:\/\/blog.zeit.de\/stoerungsmelder\/2014\/01\/15\/prozess-wegen-nazi-ubergriff-in-hoyerswerda-unterbrochen_14714\"]}]},{\"@type\":\"BreadcrumbList\",\"@id\":\"https:\/\/blog.zeit.de\/stoerungsmelder\/2014\/01\/15\/prozess-wegen-nazi-ubergriff-in-hoyerswerda-unterbrochen_14714#breadcrumb\",\"itemListElement\":[{\"@type\":\"ListItem\",\"position\":1,\"name\":\"Startseite\",\"item\":\"https:\/\/blog.zeit.de\/stoerungsmelder\"},{\"@type\":\"ListItem\",\"position\":2,\"name\":\"Prozess wegen Nazi-\u00dcbergriff in Hoyerswerda unterbrochen\"}]},{\"@type\":\"WebSite\",\"@id\":\"https:\/\/blog.zeit.de\/stoerungsmelder\/#website\",\"url\":\"https:\/\/blog.zeit.de\/stoerungsmelder\/\",\"name\":\"St\u00f6rungsmelder\",\"description\":\"Recherchen und Analysen \u00fcber die extreme Rechte\",\"potentialAction\":[{\"@type\":\"SearchAction\",\"target\":{\"@type\":\"EntryPoint\",\"urlTemplate\":\"https:\/\/blog.zeit.de\/stoerungsmelder\/?s={search_term_string}\"},\"query-input\":\"required name=search_term_string\"}],\"inLanguage\":\"de\"},{\"@type\":\"Person\",\"@id\":\"https:\/\/blog.zeit.de\/stoerungsmelder\/#\/schema\/person\/2cade6163f0e7983b307dfd703b26c11\",\"name\":\"Silvio Werner\",\"image\":{\"@type\":\"ImageObject\",\"inLanguage\":\"de\",\"@id\":\"https:\/\/blog.zeit.de\/stoerungsmelder\/#\/schema\/person\/image\/\",\"url\":\"https:\/\/secure.gravatar.com\/avatar\/096d3a80ac0518a5fa1adfd05e3227a5bbd66510473899cf4e23bdd3e5bddc85?s=96&d=mm&r=pg\",\"contentUrl\":\"https:\/\/secure.gravatar.com\/avatar\/096d3a80ac0518a5fa1adfd05e3227a5bbd66510473899cf4e23bdd3e5bddc85?s=96&d=mm&r=pg\",\"caption\":\"Silvio Werner\"},\"url\":\"https:\/\/blog.zeit.de\/stoerungsmelder\/author\/silviowerner\"}]}<\/script>\n<!-- \/ Yoast SEO plugin. -->","yoast_head_json":{"title":"Prozess wegen Nazi-\u00dcbergriff in Hoyerswerda unterbrochen - St\u00f6rungsmelder","robots":{"index":"index","follow":"follow","max-snippet":"max-snippet:-1","max-image-preview":"max-image-preview:large","max-video-preview":"max-video-preview:-1"},"canonical":"https:\/\/blog.zeit.de\/stoerungsmelder\/2014\/01\/15\/prozess-wegen-nazi-ubergriff-in-hoyerswerda-unterbrochen_14714","og_locale":"de_DE","og_type":"article","og_title":"Prozess wegen Nazi-\u00dcbergriff in Hoyerswerda unterbrochen - St\u00f6rungsmelder","og_description":"Den stadtbekannten Neonazis wird vorgeworfen, am 17. Oktober 2012 Monique L. und Ronny S. bedroht und beleidigt zu haben. Am Tatabend versammelten sich etwa 15 dunkel gekleidete, teilweise vermummte Personen vor dem Mietshaus. Sie beginnen aggressiv zu klingeln, der Strom in der Etage wird abgedreht und die Rechtsextremen versuchen die Wohnungst\u00fcr aufzubrechen. Das Paar ist [&hellip;]","og_url":"https:\/\/blog.zeit.de\/stoerungsmelder\/2014\/01\/15\/prozess-wegen-nazi-ubergriff-in-hoyerswerda-unterbrochen_14714","og_site_name":"St\u00f6rungsmelder","article_published_time":"2014-01-15T08:47:39+00:00","og_image":[{"url":"https:\/\/blog.zeit.de\/stoerungsmelder\/files\/2014\/01\/ProzessHoyerswerda.jpg"}],"author":"Silvio Werner","twitter_card":"summary_large_image","twitter_misc":{"Geschrieben von":"Silvio Werner","Gesch\u00e4tzte Lesezeit":"3\u00a0Minuten"},"schema":{"@context":"https:\/\/schema.org","@graph":[{"@type":"WebPage","@id":"https:\/\/blog.zeit.de\/stoerungsmelder\/2014\/01\/15\/prozess-wegen-nazi-ubergriff-in-hoyerswerda-unterbrochen_14714","url":"https:\/\/blog.zeit.de\/stoerungsmelder\/2014\/01\/15\/prozess-wegen-nazi-ubergriff-in-hoyerswerda-unterbrochen_14714","name":"Prozess wegen Nazi-\u00dcbergriff in Hoyerswerda unterbrochen - St\u00f6rungsmelder","isPartOf":{"@id":"https:\/\/blog.zeit.de\/stoerungsmelder\/#website"},"datePublished":"2014-01-15T08:47:39+00:00","dateModified":"2014-01-15T08:47:39+00:00","author":{"@id":"https:\/\/blog.zeit.de\/stoerungsmelder\/#\/schema\/person\/2cade6163f0e7983b307dfd703b26c11"},"breadcrumb":{"@id":"https:\/\/blog.zeit.de\/stoerungsmelder\/2014\/01\/15\/prozess-wegen-nazi-ubergriff-in-hoyerswerda-unterbrochen_14714#breadcrumb"},"inLanguage":"de","potentialAction":[{"@type":"ReadAction","target":["https:\/\/blog.zeit.de\/stoerungsmelder\/2014\/01\/15\/prozess-wegen-nazi-ubergriff-in-hoyerswerda-unterbrochen_14714"]}]},{"@type":"BreadcrumbList","@id":"https:\/\/blog.zeit.de\/stoerungsmelder\/2014\/01\/15\/prozess-wegen-nazi-ubergriff-in-hoyerswerda-unterbrochen_14714#breadcrumb","itemListElement":[{"@type":"ListItem","position":1,"name":"Startseite","item":"https:\/\/blog.zeit.de\/stoerungsmelder"},{"@type":"ListItem","position":2,"name":"Prozess wegen Nazi-\u00dcbergriff in Hoyerswerda unterbrochen"}]},{"@type":"WebSite","@id":"https:\/\/blog.zeit.de\/stoerungsmelder\/#website","url":"https:\/\/blog.zeit.de\/stoerungsmelder\/","name":"St\u00f6rungsmelder","description":"Recherchen und Analysen \u00fcber die extreme Rechte","potentialAction":[{"@type":"SearchAction","target":{"@type":"EntryPoint","urlTemplate":"https:\/\/blog.zeit.de\/stoerungsmelder\/?s={search_term_string}"},"query-input":"required name=search_term_string"}],"inLanguage":"de"},{"@type":"Person","@id":"https:\/\/blog.zeit.de\/stoerungsmelder\/#\/schema\/person\/2cade6163f0e7983b307dfd703b26c11","name":"Silvio Werner","image":{"@type":"ImageObject","inLanguage":"de","@id":"https:\/\/blog.zeit.de\/stoerungsmelder\/#\/schema\/person\/image\/","url":"https:\/\/secure.gravatar.com\/avatar\/096d3a80ac0518a5fa1adfd05e3227a5bbd66510473899cf4e23bdd3e5bddc85?s=96&d=mm&r=pg","contentUrl":"https:\/\/secure.gravatar.com\/avatar\/096d3a80ac0518a5fa1adfd05e3227a5bbd66510473899cf4e23bdd3e5bddc85?s=96&d=mm&r=pg","caption":"Silvio Werner"},"url":"https:\/\/blog.zeit.de\/stoerungsmelder\/author\/silviowerner"}]}},"jetpack_featured_media_url":"","jetpack_sharing_enabled":true,"_links":{"self":[{"href":"https:\/\/blog.zeit.de\/stoerungsmelder\/wp-json\/wp\/v2\/posts\/14714","targetHints":{"allow":["GET"]}}],"collection":[{"href":"https:\/\/blog.zeit.de\/stoerungsmelder\/wp-json\/wp\/v2\/posts"}],"about":[{"href":"https:\/\/blog.zeit.de\/stoerungsmelder\/wp-json\/wp\/v2\/types\/post"}],"author":[{"embeddable":true,"href":"https:\/\/blog.zeit.de\/stoerungsmelder\/wp-json\/wp\/v2\/users\/439"}],"replies":[{"embeddable":true,"href":"https:\/\/blog.zeit.de\/stoerungsmelder\/wp-json\/wp\/v2\/comments?post=14714"}],"version-history":[{"count":13,"href":"https:\/\/blog.zeit.de\/stoerungsmelder\/wp-json\/wp\/v2\/posts\/14714\/revisions"}],"predecessor-version":[{"id":14723,"href":"https:\/\/blog.zeit.de\/stoerungsmelder\/wp-json\/wp\/v2\/posts\/14714\/revisions\/14723"}],"wp:attachment":[{"href":"https:\/\/blog.zeit.de\/stoerungsmelder\/wp-json\/wp\/v2\/media?parent=14714"}],"wp:term":[{"taxonomy":"category","embeddable":true,"href":"https:\/\/blog.zeit.de\/stoerungsmelder\/wp-json\/wp\/v2\/categories?post=14714"},{"taxonomy":"post_tag","embeddable":true,"href":"https:\/\/blog.zeit.de\/stoerungsmelder\/wp-json\/wp\/v2\/tags?post=14714"}],"curies":[{"name":"wp","href":"https:\/\/api.w.org\/{rel}","templated":true}]}}