{"id":14765,"date":"2014-01-22T17:05:07","date_gmt":"2014-01-22T16:05:07","guid":{"rendered":"http:\/\/blog.zeit.de\/stoerungsmelder\/?p=14765"},"modified":"2015-10-29T14:48:13","modified_gmt":"2015-10-29T13:48:13","slug":"furth-nazigegner-abgefangen-und-mit-messer-bedroht","status":"publish","type":"post","link":"https:\/\/blog.zeit.de\/stoerungsmelder\/2014\/01\/22\/furth-nazigegner-abgefangen-und-mit-messer-bedroht_14765","title":{"rendered":"F\u00fcrth: Nazigegner abgefangen und mit Messer bedroht"},"content":{"rendered":"<p><figure id=\"attachment_14766\" aria-describedby=\"caption-attachment-14766\" style=\"width: 540px\" class=\"wp-caption aligncenter\"><a href=\"https:\/\/blog.zeit.de\/stoerungsmelder\/2014\/01\/22\/furth-nazigegner-abgefangen-und-mit-messer-bedroht_14765\/fuerth_header\" rel=\"attachment wp-att-14766\"><img loading=\"lazy\" decoding=\"async\" class=\"size-full wp-image-14766\" src=\"https:\/\/blog.zeit.de\/stoerungsmelder\/files\/2014\/01\/fuerth_header.jpg\" alt=\"NazigegnerInnen demonstrieren in F\u00fcrth gegen \u00dcbergriffe \u00a9TM (Symbolbild)\" width=\"540\" height=\"356\" srcset=\"https:\/\/blog.zeit.de\/stoerungsmelder\/files\/2014\/01\/fuerth_header.jpg 540w, https:\/\/blog.zeit.de\/stoerungsmelder\/files\/2014\/01\/fuerth_header-300x197.jpg 300w\" sizes=\"auto, (max-width: 540px) 100vw, 540px\" \/><\/a><figcaption id=\"caption-attachment-14766\" class=\"wp-caption-text\">Nazigegner demonstrieren in F\u00fcrth gegen \u00dcbergriffe \u00a9 Jonas Miller (Symbolbild)<\/figcaption><\/figure><\/p>\n<p>In F\u00fcrth soll ein Neonazi einen Antifaschisten mit einem Messer bedroht haben. Der Neonazi wurde festgenommen. Bayerische Neonazis versuchen gerade mit ihrer Tarnorganisation \u201eB\u00fcrgerinitiative Soziales F\u00fcrth\u201c (BiSF) die ben\u00f6tigen Unterschriften f\u00fcr einen Wahlantritt zu sammeln. In F\u00fcrth hat sich deshalb ein breites B\u00fcndnis formiert, um ein klares Zeichen gegen Rechts zu setzen.<!--more--><\/p>\n<p>Der Vorfall habe sich laut einer Pressemitteilung des F\u00fcrther B\u00fcndnisses gegen Rechts (BgR) \u00a0am Morgen des 22.01.2014 in der F\u00fcrther Innenstadt ereignet. Ein stadtbekannter Neonazi soll sich einem dort wohnenden Antifaschistischen vermummt in den Weg gestellt, diesen verbal attackiert und mit einem Messer bedroht haben. Nur durch die schnelle Reaktion des Nazigegners sei weiterer Schaden abgewendet worden. Dieser Vorfall stellt eine neue Qualit\u00e4t der neonazistischen Eskalation in F\u00fcrth dar.<\/p>\n<p><figure id=\"attachment_14551\" aria-describedby=\"caption-attachment-14551\" style=\"width: 300px\" class=\"wp-caption alignleft\"><a href=\"https:\/\/blog.zeit.de\/stoerungsmelder\/2014\/01\/07\/neonazis-wollen-in-den-further-stadtrat_14547\/frank-zunner-der-ungarische-nazi-sascha-rudisch-und-matthias-fischer-beim-flyerverteilen\" rel=\"attachment wp-att-14551\"><img loading=\"lazy\" decoding=\"async\" class=\"size-medium wp-image-14551\" src=\"https:\/\/blog.zeit.de\/stoerungsmelder\/files\/2014\/01\/Frank-Zunner-der-ungarische-Nazi-Sascha-Rudisch-und-Matthias-Fischer-beim-Flyerverteilen-300x211.jpg\" alt=\"FNS- Aktivisten verteilen BiSF- Material, rechts Matthias Fischer \u00a9 Timo M\u00fcller \" width=\"300\" height=\"211\" srcset=\"https:\/\/blog.zeit.de\/stoerungsmelder\/files\/2014\/01\/Frank-Zunner-der-ungarische-Nazi-Sascha-Rudisch-und-Matthias-Fischer-beim-Flyerverteilen-300x211.jpg 300w, https:\/\/blog.zeit.de\/stoerungsmelder\/files\/2014\/01\/Frank-Zunner-der-ungarische-Nazi-Sascha-Rudisch-und-Matthias-Fischer-beim-Flyerverteilen-1024x722.jpg 1024w, https:\/\/blog.zeit.de\/stoerungsmelder\/files\/2014\/01\/Frank-Zunner-der-ungarische-Nazi-Sascha-Rudisch-und-Matthias-Fischer-beim-Flyerverteilen.jpg 1873w\" sizes=\"auto, (max-width: 300px) 100vw, 300px\" \/><\/a><figcaption id=\"caption-attachment-14551\" class=\"wp-caption-text\">FNS- Aktivisten verteilen BiSF- Material, rechts Matthias Fischer \u00a9 Jonas Miller<\/figcaption><\/figure><\/p>\n<p>Bei dem Zwischenfall soll sich die Polizei sehr unr\u00fchmlich verhalten haben. In der Pressemitteilung des F\u00fcrther B\u00fcndnisses hei\u00dft es:\u00a0<em>\u201eDer Antifaschist bet\u00e4tigte sofort nach der Flucht des Neonazis den Notruf. Der zust\u00e4ndige Polizist verweigerte ihm jedoch Kollegen an den Tatort zu schicken und sagte ihm lapidar, dass er sich doch auf der Polizeistelle in der Kappellenstra\u00dfe einfinden soll, um eine Anzeige aufzugeben\u201c<\/em>. \u00a0Die Polizei spricht in einer Pressemitteilung davon, dass Ermittlungen aufgenommen wurden, <em>\u201enachdem dem Gesch\u00e4digten die Personalien des Bedrohers bekannt waren\u201c<\/em>. Warum nicht sofort eine Polizeistreife zum Tatort geschickt wurde, erkl\u00e4rt Peter Schnellinger, \u00a0Pressesprecher der Polizei Mittelfranken, damit, dass der Sachverhalt zuerst falsch eingesch\u00e4tzt worden war.<\/p>\n<p>Bayerische Neonazis, die dem \u201eFreien Netz S\u00fcd\u201c (FNS) angeh\u00f6ren, sind derzeit fast t\u00e4glich in F\u00fcrth unterwegs und werben f\u00fcr Unterst\u00fctzungsunterschriften. Die \u201eB\u00fcrgerinitiative Soziales F\u00fcrth\u201c (BiSF) ist eine Tarnorganisation fr\u00e4nkischer Neonazis. Hinter der Gruppe stecken f\u00fchrende bayerische Neonazis wie Matthias Fischer (F\u00fcrth), Stella Ruff (F\u00fcrth), Sebastian Schmaus (N\u00fcrnberg) und Kai Zimmermann (F\u00fcrth). Mit einem angestrebten seri\u00f6seren Image soll eine breitere Zielgruppe angesprochen werden. &#8222;B\u00fcrgerinitiative&#8220; klingt zudem nach kritischem Engagement und sinnvollen Einsatz.<\/p>\n<p>Auch der 24-j\u00e4hrige Tatverd\u00e4chtige ist f\u00fcr die BiSF aktiv. Er ist als Gr\u00fcndungsmitglied der BiSF e.V. im Vereinsregister aufgef\u00fchrt und regelm\u00e4\u00dfig als Verteiler f\u00fcr die BiSF im Einsatz. Mitglieder des BgR berichten gegen\u00fcber dem St\u00f6rungsmelder, dass dieser schon des \u00d6fteren aggressiv gegen\u00fcber Nazigegner aufgetreten sei. Nach St\u00f6rungsmelder-Recherchen schaut es derzeit nicht gut f\u00fcr die Neonazis aus. Von den ben\u00f6tigten 385 Unterst\u00fctzungsunterschriften sind sie noch weit entfernt. Die Neonazis um Matthias Fischer und Stella Ruff versuchten schon 2008 in den F\u00fcrther Stadtrat einzuziehen, damals noch unter dem Label NPD. Auch 2008 organisierten Nazigegner einen erfolgreichen Widerstand, die Neonazis durften nicht zur Stadtratswahl antreten.<\/p>\n<p><figure id=\"attachment_11188\" aria-describedby=\"caption-attachment-11188\" style=\"width: 300px\" class=\"wp-caption alignright\"><a href=\"https:\/\/blog.zeit.de\/stoerungsmelder\/2013\/01\/25\/anti-antifa-nurnberg-bedrohungen-angriffe-anschlage_11186\/angegriffenes-auto-2009cindymedia\" rel=\"attachment wp-att-11188\"><img loading=\"lazy\" decoding=\"async\" class=\"size-medium wp-image-11188\" src=\"https:\/\/blog.zeit.de\/stoerungsmelder\/files\/2013\/01\/Angegriffenes-Auto-2009cindymedia-300x249.jpg\" alt=\"Von Rechten demoliertes Auto einer Antifaschistin\" width=\"300\" height=\"249\" srcset=\"https:\/\/blog.zeit.de\/stoerungsmelder\/files\/2013\/01\/Angegriffenes-Auto-2009cindymedia-300x249.jpg 300w, https:\/\/blog.zeit.de\/stoerungsmelder\/files\/2013\/01\/Angegriffenes-Auto-2009cindymedia.jpg 640w\" sizes=\"auto, (max-width: 300px) 100vw, 300px\" \/><\/a><figcaption id=\"caption-attachment-11188\" class=\"wp-caption-text\">Von Rechten demoliertes Auto einer Antifaschistin<\/figcaption><\/figure><\/p>\n<p>Dar\u00adauf\u00adhin grif\u00adfen Neo\u00adna\u00adzis das Haus einer an\u00adti\u00adfa\u00adschis\u00adtisch ak\u00adti\u00adven Fa\u00admi\u00adlie in F\u00fcrth an. Lo\u00adka\u00adle An\u00adti\u00adfa\u00adschis\u00adten be\u00adf\u00fcrch\u00adten, dass es auch die\u00adses Jahr zu An\u00adschl\u00e4\u00adgen kom\u00admen k\u00f6nn\u00adte, wenn es der BiSF nicht ge\u00adlingt, die n\u00f6\u00adti\u00adgen Un\u00adter\u00adst\u00fct\u00adzungs\u00adun\u00adter\u00adschrif\u00adten zu sam\u00admeln. Zudem sei gerade auch von einer erh\u00f6hten Gewaltbereitschaft der Neonazis auszugehen. Die Nazigegner in F\u00fcrth lassen sich laut eigener Aussage aber nicht von den Anschl\u00e4gen und \u00dcbergriffen einsch\u00fcchtern. \u201eWir werden auch weiterhin aktiv gegen Neonazis einstehen!\u201c, so Ruth Brenner vom B\u00fcndnis gegen Rechts.<\/p>\n","protected":false},"excerpt":{"rendered":"<p>In F\u00fcrth soll ein Neonazi einen Antifaschisten mit einem Messer bedroht haben. Der Neonazi wurde festgenommen. Bayerische Neonazis versuchen gerade mit ihrer Tarnorganisation \u201eB\u00fcrgerinitiative Soziales F\u00fcrth\u201c (BiSF) die ben\u00f6tigen Unterschriften f\u00fcr einen Wahlantritt zu sammeln. In F\u00fcrth hat sich deshalb ein breites B\u00fcndnis formiert, um ein klares Zeichen gegen Rechts zu setzen.<\/p>\n","protected":false},"author":363,"featured_media":14766,"comment_status":"open","ping_status":"open","sticky":false,"template":"","format":"standard","meta":{"_jetpack_memberships_contains_paid_content":false,"footnotes":""},"categories":[59],"tags":[26484,12781,29323,29322,26534,17846,12719,654,22919,17824,29335,26535,28234],"class_list":["post-14765","post","type-post","status-publish","format-standard","has-post-thumbnail","hentry","category-bayern","tag-angriff","tag-bedrohung","tag-bisf","tag-burgerinitiative-soziales-furth","tag-fns","tag-fns-kader","tag-freies-netz-sud","tag-furth","tag-kai-zimmermann","tag-matthias-fischer","tag-messer","tag-sebastian-schmaus","tag-stella-ruff"],"yoast_head":"<!-- This site is optimized with the Yoast SEO plugin v21.0 - https:\/\/yoast.com\/wordpress\/plugins\/seo\/ -->\n<title>F\u00fcrth: Nazigegner abgefangen und mit Messer bedroht - St\u00f6rungsmelder<\/title>\n<meta name=\"robots\" content=\"index, follow, max-snippet:-1, max-image-preview:large, max-video-preview:-1\" \/>\n<link rel=\"canonical\" href=\"https:\/\/blog.zeit.de\/stoerungsmelder\/2014\/01\/22\/furth-nazigegner-abgefangen-und-mit-messer-bedroht_14765\" \/>\n<meta property=\"og:locale\" content=\"de_DE\" \/>\n<meta property=\"og:type\" content=\"article\" \/>\n<meta property=\"og:title\" content=\"F\u00fcrth: Nazigegner abgefangen und mit Messer bedroht - St\u00f6rungsmelder\" \/>\n<meta property=\"og:description\" content=\"In F\u00fcrth soll ein Neonazi einen Antifaschisten mit einem Messer bedroht haben. Der Neonazi wurde festgenommen. Bayerische Neonazis versuchen gerade mit ihrer Tarnorganisation \u201eB\u00fcrgerinitiative Soziales F\u00fcrth\u201c (BiSF) die ben\u00f6tigen Unterschriften f\u00fcr einen Wahlantritt zu sammeln. In F\u00fcrth hat sich deshalb ein breites B\u00fcndnis formiert, um ein klares Zeichen gegen Rechts zu setzen.\" \/>\n<meta property=\"og:url\" content=\"https:\/\/blog.zeit.de\/stoerungsmelder\/2014\/01\/22\/furth-nazigegner-abgefangen-und-mit-messer-bedroht_14765\" \/>\n<meta property=\"og:site_name\" content=\"St\u00f6rungsmelder\" \/>\n<meta property=\"article:published_time\" content=\"2014-01-22T16:05:07+00:00\" \/>\n<meta property=\"article:modified_time\" content=\"2015-10-29T13:48:13+00:00\" \/>\n<meta property=\"og:image\" content=\"https:\/\/blog.zeit.de\/stoerungsmelder\/files\/2014\/01\/fuerth_header.jpg\" \/>\n\t<meta property=\"og:image:width\" content=\"540\" \/>\n\t<meta property=\"og:image:height\" content=\"356\" \/>\n\t<meta property=\"og:image:type\" content=\"image\/jpeg\" \/>\n<meta name=\"author\" content=\"Jonas Miller\" \/>\n<meta name=\"twitter:card\" content=\"summary_large_image\" \/>\n<meta name=\"twitter:label1\" content=\"Geschrieben von\" \/>\n\t<meta name=\"twitter:data1\" content=\"Jonas Miller\" \/>\n\t<meta name=\"twitter:label2\" content=\"Gesch\u00e4tzte Lesezeit\" \/>\n\t<meta name=\"twitter:data2\" content=\"3\u00a0Minuten\" \/>\n<script type=\"application\/ld+json\" class=\"yoast-schema-graph\">{\"@context\":\"https:\/\/schema.org\",\"@graph\":[{\"@type\":\"WebPage\",\"@id\":\"https:\/\/blog.zeit.de\/stoerungsmelder\/2014\/01\/22\/furth-nazigegner-abgefangen-und-mit-messer-bedroht_14765\",\"url\":\"https:\/\/blog.zeit.de\/stoerungsmelder\/2014\/01\/22\/furth-nazigegner-abgefangen-und-mit-messer-bedroht_14765\",\"name\":\"F\u00fcrth: Nazigegner abgefangen und mit Messer bedroht - St\u00f6rungsmelder\",\"isPartOf\":{\"@id\":\"https:\/\/blog.zeit.de\/stoerungsmelder\/#website\"},\"datePublished\":\"2014-01-22T16:05:07+00:00\",\"dateModified\":\"2015-10-29T13:48:13+00:00\",\"author\":{\"@id\":\"https:\/\/blog.zeit.de\/stoerungsmelder\/#\/schema\/person\/abb0b5e2ae04ea00291f461511cf0e6b\"},\"breadcrumb\":{\"@id\":\"https:\/\/blog.zeit.de\/stoerungsmelder\/2014\/01\/22\/furth-nazigegner-abgefangen-und-mit-messer-bedroht_14765#breadcrumb\"},\"inLanguage\":\"de\",\"potentialAction\":[{\"@type\":\"ReadAction\",\"target\":[\"https:\/\/blog.zeit.de\/stoerungsmelder\/2014\/01\/22\/furth-nazigegner-abgefangen-und-mit-messer-bedroht_14765\"]}]},{\"@type\":\"BreadcrumbList\",\"@id\":\"https:\/\/blog.zeit.de\/stoerungsmelder\/2014\/01\/22\/furth-nazigegner-abgefangen-und-mit-messer-bedroht_14765#breadcrumb\",\"itemListElement\":[{\"@type\":\"ListItem\",\"position\":1,\"name\":\"Startseite\",\"item\":\"https:\/\/blog.zeit.de\/stoerungsmelder\"},{\"@type\":\"ListItem\",\"position\":2,\"name\":\"F\u00fcrth: Nazigegner abgefangen und mit Messer bedroht\"}]},{\"@type\":\"WebSite\",\"@id\":\"https:\/\/blog.zeit.de\/stoerungsmelder\/#website\",\"url\":\"https:\/\/blog.zeit.de\/stoerungsmelder\/\",\"name\":\"St\u00f6rungsmelder\",\"description\":\"Recherchen und Analysen \u00fcber die extreme Rechte\",\"potentialAction\":[{\"@type\":\"SearchAction\",\"target\":{\"@type\":\"EntryPoint\",\"urlTemplate\":\"https:\/\/blog.zeit.de\/stoerungsmelder\/?s={search_term_string}\"},\"query-input\":\"required name=search_term_string\"}],\"inLanguage\":\"de\"},{\"@type\":\"Person\",\"@id\":\"https:\/\/blog.zeit.de\/stoerungsmelder\/#\/schema\/person\/abb0b5e2ae04ea00291f461511cf0e6b\",\"name\":\"Jonas Miller\",\"image\":{\"@type\":\"ImageObject\",\"inLanguage\":\"de\",\"@id\":\"https:\/\/blog.zeit.de\/stoerungsmelder\/#\/schema\/person\/image\/\",\"url\":\"https:\/\/secure.gravatar.com\/avatar\/c86a48d8af5f6cb474e5792b625c0051659345670c87ad1d34ce5dc50fecf79f?s=96&d=mm&r=pg\",\"contentUrl\":\"https:\/\/secure.gravatar.com\/avatar\/c86a48d8af5f6cb474e5792b625c0051659345670c87ad1d34ce5dc50fecf79f?s=96&d=mm&r=pg\",\"caption\":\"Jonas Miller\"},\"url\":\"https:\/\/blog.zeit.de\/stoerungsmelder\/author\/timomueller\"}]}<\/script>\n<!-- \/ Yoast SEO plugin. -->","yoast_head_json":{"title":"F\u00fcrth: Nazigegner abgefangen und mit Messer bedroht - St\u00f6rungsmelder","robots":{"index":"index","follow":"follow","max-snippet":"max-snippet:-1","max-image-preview":"max-image-preview:large","max-video-preview":"max-video-preview:-1"},"canonical":"https:\/\/blog.zeit.de\/stoerungsmelder\/2014\/01\/22\/furth-nazigegner-abgefangen-und-mit-messer-bedroht_14765","og_locale":"de_DE","og_type":"article","og_title":"F\u00fcrth: Nazigegner abgefangen und mit Messer bedroht - St\u00f6rungsmelder","og_description":"In F\u00fcrth soll ein Neonazi einen Antifaschisten mit einem Messer bedroht haben. Der Neonazi wurde festgenommen. Bayerische Neonazis versuchen gerade mit ihrer Tarnorganisation \u201eB\u00fcrgerinitiative Soziales F\u00fcrth\u201c (BiSF) die ben\u00f6tigen Unterschriften f\u00fcr einen Wahlantritt zu sammeln. In F\u00fcrth hat sich deshalb ein breites B\u00fcndnis formiert, um ein klares Zeichen gegen Rechts zu setzen.","og_url":"https:\/\/blog.zeit.de\/stoerungsmelder\/2014\/01\/22\/furth-nazigegner-abgefangen-und-mit-messer-bedroht_14765","og_site_name":"St\u00f6rungsmelder","article_published_time":"2014-01-22T16:05:07+00:00","article_modified_time":"2015-10-29T13:48:13+00:00","og_image":[{"width":540,"height":356,"url":"https:\/\/blog.zeit.de\/stoerungsmelder\/files\/2014\/01\/fuerth_header.jpg","type":"image\/jpeg"}],"author":"Jonas Miller","twitter_card":"summary_large_image","twitter_misc":{"Geschrieben von":"Jonas Miller","Gesch\u00e4tzte Lesezeit":"3\u00a0Minuten"},"schema":{"@context":"https:\/\/schema.org","@graph":[{"@type":"WebPage","@id":"https:\/\/blog.zeit.de\/stoerungsmelder\/2014\/01\/22\/furth-nazigegner-abgefangen-und-mit-messer-bedroht_14765","url":"https:\/\/blog.zeit.de\/stoerungsmelder\/2014\/01\/22\/furth-nazigegner-abgefangen-und-mit-messer-bedroht_14765","name":"F\u00fcrth: Nazigegner abgefangen und mit Messer bedroht - St\u00f6rungsmelder","isPartOf":{"@id":"https:\/\/blog.zeit.de\/stoerungsmelder\/#website"},"datePublished":"2014-01-22T16:05:07+00:00","dateModified":"2015-10-29T13:48:13+00:00","author":{"@id":"https:\/\/blog.zeit.de\/stoerungsmelder\/#\/schema\/person\/abb0b5e2ae04ea00291f461511cf0e6b"},"breadcrumb":{"@id":"https:\/\/blog.zeit.de\/stoerungsmelder\/2014\/01\/22\/furth-nazigegner-abgefangen-und-mit-messer-bedroht_14765#breadcrumb"},"inLanguage":"de","potentialAction":[{"@type":"ReadAction","target":["https:\/\/blog.zeit.de\/stoerungsmelder\/2014\/01\/22\/furth-nazigegner-abgefangen-und-mit-messer-bedroht_14765"]}]},{"@type":"BreadcrumbList","@id":"https:\/\/blog.zeit.de\/stoerungsmelder\/2014\/01\/22\/furth-nazigegner-abgefangen-und-mit-messer-bedroht_14765#breadcrumb","itemListElement":[{"@type":"ListItem","position":1,"name":"Startseite","item":"https:\/\/blog.zeit.de\/stoerungsmelder"},{"@type":"ListItem","position":2,"name":"F\u00fcrth: Nazigegner abgefangen und mit Messer bedroht"}]},{"@type":"WebSite","@id":"https:\/\/blog.zeit.de\/stoerungsmelder\/#website","url":"https:\/\/blog.zeit.de\/stoerungsmelder\/","name":"St\u00f6rungsmelder","description":"Recherchen und Analysen \u00fcber die extreme Rechte","potentialAction":[{"@type":"SearchAction","target":{"@type":"EntryPoint","urlTemplate":"https:\/\/blog.zeit.de\/stoerungsmelder\/?s={search_term_string}"},"query-input":"required name=search_term_string"}],"inLanguage":"de"},{"@type":"Person","@id":"https:\/\/blog.zeit.de\/stoerungsmelder\/#\/schema\/person\/abb0b5e2ae04ea00291f461511cf0e6b","name":"Jonas Miller","image":{"@type":"ImageObject","inLanguage":"de","@id":"https:\/\/blog.zeit.de\/stoerungsmelder\/#\/schema\/person\/image\/","url":"https:\/\/secure.gravatar.com\/avatar\/c86a48d8af5f6cb474e5792b625c0051659345670c87ad1d34ce5dc50fecf79f?s=96&d=mm&r=pg","contentUrl":"https:\/\/secure.gravatar.com\/avatar\/c86a48d8af5f6cb474e5792b625c0051659345670c87ad1d34ce5dc50fecf79f?s=96&d=mm&r=pg","caption":"Jonas Miller"},"url":"https:\/\/blog.zeit.de\/stoerungsmelder\/author\/timomueller"}]}},"jetpack_featured_media_url":"https:\/\/blog.zeit.de\/stoerungsmelder\/files\/2014\/01\/fuerth_header.jpg","jetpack_sharing_enabled":true,"_links":{"self":[{"href":"https:\/\/blog.zeit.de\/stoerungsmelder\/wp-json\/wp\/v2\/posts\/14765","targetHints":{"allow":["GET"]}}],"collection":[{"href":"https:\/\/blog.zeit.de\/stoerungsmelder\/wp-json\/wp\/v2\/posts"}],"about":[{"href":"https:\/\/blog.zeit.de\/stoerungsmelder\/wp-json\/wp\/v2\/types\/post"}],"author":[{"embeddable":true,"href":"https:\/\/blog.zeit.de\/stoerungsmelder\/wp-json\/wp\/v2\/users\/363"}],"replies":[{"embeddable":true,"href":"https:\/\/blog.zeit.de\/stoerungsmelder\/wp-json\/wp\/v2\/comments?post=14765"}],"version-history":[{"count":11,"href":"https:\/\/blog.zeit.de\/stoerungsmelder\/wp-json\/wp\/v2\/posts\/14765\/revisions"}],"predecessor-version":[{"id":20401,"href":"https:\/\/blog.zeit.de\/stoerungsmelder\/wp-json\/wp\/v2\/posts\/14765\/revisions\/20401"}],"wp:featuredmedia":[{"embeddable":true,"href":"https:\/\/blog.zeit.de\/stoerungsmelder\/wp-json\/wp\/v2\/media\/14766"}],"wp:attachment":[{"href":"https:\/\/blog.zeit.de\/stoerungsmelder\/wp-json\/wp\/v2\/media?parent=14765"}],"wp:term":[{"taxonomy":"category","embeddable":true,"href":"https:\/\/blog.zeit.de\/stoerungsmelder\/wp-json\/wp\/v2\/categories?post=14765"},{"taxonomy":"post_tag","embeddable":true,"href":"https:\/\/blog.zeit.de\/stoerungsmelder\/wp-json\/wp\/v2\/tags?post=14765"}],"curies":[{"name":"wp","href":"https:\/\/api.w.org\/{rel}","templated":true}]}}