{"id":14845,"date":"2014-01-29T10:49:30","date_gmt":"2014-01-29T09:49:30","guid":{"rendered":"http:\/\/blog.zeit.de\/stoerungsmelder\/?p=14845"},"modified":"2014-01-30T12:43:10","modified_gmt":"2014-01-30T11:43:10","slug":"deckte-der-verfassungsschutz-den-angriff-auf-einen-fotografen","status":"publish","type":"post","link":"https:\/\/blog.zeit.de\/stoerungsmelder\/2014\/01\/29\/deckte-der-verfassungsschutz-den-angriff-auf-einen-fotografen_14845","title":{"rendered":"Deckte der Verfassungsschutz den Angriff auf einen Fotografen?"},"content":{"rendered":"<p><figure id=\"attachment_1315\" aria-describedby=\"caption-attachment-1315\" style=\"width: 410px\" class=\"wp-caption aligncenter\"><a href=\"https:\/\/blog.zeit.de\/stoerungsmelder\/2009\/08\/21\/wenn-demokratie-vor-nazigewalt-kapituliert_1314\/colditz-artikel-410\" rel=\"attachment wp-att-1315\"><img loading=\"lazy\" decoding=\"async\" class=\"size-full wp-image-1315\" alt=\"Mit Gewalt gegen Demokraten - eindeutige Botschaft auf dem T-Shirt eines Neonazis\" src=\"https:\/\/blog.zeit.de\/stoerungsmelder\/files\/2009\/08\/colditz-artikel-410.jpg\" width=\"410\" height=\"200\" srcset=\"https:\/\/blog.zeit.de\/stoerungsmelder\/files\/2009\/08\/colditz-artikel-410.jpg 410w, https:\/\/blog.zeit.de\/stoerungsmelder\/files\/2009\/08\/colditz-artikel-410-300x146.jpg 300w\" sizes=\"auto, (max-width: 410px) 100vw, 410px\" \/><\/a><figcaption id=\"caption-attachment-1315\" class=\"wp-caption-text\">Mit Gewalt gegen Demokraten &#8211; eindeutige Botschaft auf dem T-Shirt eines Neonazis<\/figcaption><\/figure><\/p>\n<p>Der Th\u00fcringer Verfassungsschutz hat m\u00f6glicherweise eine rechtsextreme Straftat vom Mai 2007 unter den Tisch gekehrt \u2013 der V-Mann-F\u00fchrer eines ehemaligen Spitzels belastet den Geheimdienst in seiner Vernehmung vor dem NSU-Untersuchungsausschuss. Haben Vorgesetzte Th\u00fcringer Beamte in den Ermittlungen behindert?<!--more--><\/p>\n<p><em>Zuerst erschienen beim <a href=\"http:\/\/www.bnr.de\/artikel\/hintergrund\/thueringer-behoerdensumpf\" target=\"_blank\">blick nach rechts<\/a><\/em><\/p>\n<p>Am 1. Mai 2007 schlugen Neonazis einen Fotografen der \u201e<a href=\"http:\/\/www.tlz.de\/\" target=\"_blank\">Th\u00fcringer Landeszeitung<\/a>\u201c am Rande einer NPD-Demonstration am Hauptbahnhof Erfurt zusammen. Bei dem \u00dcberfall im Bahnhofsgeb\u00e4ude wurde die Kamera entwendet. F\u00fcr den brutalen \u00dcberfall wurden zwei Rechtsextremisten verurteilt. Beide stritten jedoch ab, mit dem Raub zu tun zu haben. Die Fotos tauchten an ungew\u00f6hnlicher Stelle wieder auf: In den Akten des Trinkaus&#8211;Untersuchungsausschusses des Th\u00fcringer Landtages.<\/p>\n<p>Am 16. Dezember vergangenen Jahres wurde dem 2. Untersuchungsausschuss des Th\u00fcringer Landtages klar, dass der Geheimdienst mehr \u00fcber den Vorfall von mehr als sechseinhalb Jahren gewusst haben k\u00f6nnte. Zuvor hatten Ausschuss-Mitglieder bei der Durchsicht von Unterlagen bereits die gestohlenen Photos des Journalisten in den Akten des Verfassungsschutzes entdeckt. Nun belastete der ehemalige V-Mann-F\u00fchrer des Ex-NPD-Funktion\u00e4rs Kai-Uwe Trinkaus die Beh\u00f6rde in seiner Vernehmung.<\/p>\n<p><strong>Den eigenen Beamten einen Maulkorb verpasst?<\/strong><\/p>\n<p>Der Beamte berichtete, bereits kurz nach der NPD-Demonstration am 1. Mai 2007 von Trinkaus informiert worden zu sein, dass der Neonazi Dominik W. den Fotografen durch die Glast\u00fcr geworfen und die Kamera gestohlen habe. Ahnungslos \u00fcbergab W. dem spitzelnden Kameraden die CD mit den entwendeten Photos, der reichte sie sofort an ihn weiter, so der Zeuge. Seinen Angaben zufolge war der Inlandsgeheimdienst also schnell \u00fcber Vorgang und T\u00e4ter informiert, verpasste aber den eigenen Beamten einen Maulkorb. Die Polizei sei nicht informiert worden.<\/p>\n<p>Der ehemalige V-Mann-Betreuer G. belastet in seiner Aussage vor allem den damaligen Vorgesetzten Gerd Lang. Der war damals stellvertretender Pr\u00e4sident des Landesamtes f\u00fcr Verfassungsschutz, stammte aber aus den Reihen der Polizei und ist heute Leiter des Bildungszentrums der Th\u00fcringer Polizei. Sein ehemaliger Untergebener behauptet, bereits am 2. Mai 2007 habe in Langs Dienstzimmer eine Unterrichtung \u00fcber den Vorfall stattgefunden. Den Datentr\u00e4ger habe er zuvor nicht selber gesichtet, sondern gleich bei einem zweiten Treffen an den Vorgesetzten weitergereicht. Daraufhin habe er als V-Mann-F\u00fchrer die dienstliche Weisung erhalten, keine Quellenkenntnisse \u00fcber den Angriff in einem Arbeitsdeckblatt niederzuschreiben und die Quelle \u201eAres\u201c alias Trinkaus nicht mehr mit einer weiteren Informationsbeschaffung \u00fcber den Vorfall zu beauftragen. Die Polizei sei nicht zu informieren. Lang widerspricht den Aussagen und muss sich erneut vor dem Untersuchungsgremium verantworten. An der Glaubw\u00fcrdigkeit des leitenden Beamten r\u00fcttelt nun auch der Datenschutzbeauftragte des Landes Th\u00fcringen. In anderer Sache wirft er ihm vor, falsche Angaben gemacht zu haben.<br \/>\n<strong>Mutma\u00dflicher T\u00e4ter f\u00fcr die Tat nie belangt<\/strong><\/p>\n<p>Am 6. Januar 2014 best\u00e4tigte Trinkaus in seiner Aussage vor dem Untersuchungsausschuss, eine CD mit den Photos aus dem gestohlenen Apparat des Photografen an seinen V-Mann-F\u00fchrer \u00fcbergeben zu haben. Der Erfurter Neonazi behauptet, den Datentr\u00e4ger im Briefkasten gefunden zu haben. Vor \u00fcber einem Jahr hatte er gegen\u00fcber dem \u201eMDR Th\u00fcringen\u201c angegeben, unter dem Decknamen \u201eAres\u201c mehrere Jahre lang Informationen aus der rechten Szene geliefert zu haben. 2010 sei er vom Landesamt f\u00fcr Verfassungsschutz abgeschaltet worden. Die Beh\u00f6rde dagegen spricht nur von einer k\u00fcrzeren Zusammenarbeit bis 2007. An dem \u00dcberfall von 2007 will sich der damals f\u00fchrende Neonazi nicht beteiligt haben. Auch als \u201eVerr\u00e4ter\u201c m\u00f6chte Trinkaus, der die organisierten braunen Strukturen zwar verlassen hat, aber noch den Blog \u201enpde.speicher18.de\u201c betreibt, nicht gelten. Denn vor dem Ausschuss stritt er ab, damals den Namen des Angreifers oder Angaben zum Verkauf der erbeuteten Kamera weitergegeben zu haben. Der mutma\u00dfliche T\u00e4ter Dominik W. wurde f\u00fcr die Tat nie belangt.<\/p>\n<p>Es ist das zweite Mal innerhalb weniger Wochen, dass Th\u00fcringer Sicherheitsbeamte Ex-Vorgesetzte schwer belasten. So hatte ein ehemaliger LKA-Mann im NSU-Ausschusses des Landtages zu Protokoll gegeben, vom damaligen Vize-Pr\u00e4sidenten des Landeskriminalamtes Werner Jakstat 2003 die Anweisung erhalten zu haben, einem Tipp zum Aufenthalt des fl\u00fcchtigen Bombenbastlers und sp\u00e4teren Rechtsterroristen Uwe B\u00f6hnhardt nur zum Schein nachzugehen. Der Beamte spricht von einer Order, \u201ein der Sache nichts weiter herauszubekommen\u201c. Die Ermittlungen wurden eingestellt. Jakstat widerspricht den Anschuldigungen.<\/p>\n","protected":false},"excerpt":{"rendered":"<p>Der Th\u00fcringer Verfassungsschutz hat m\u00f6glicherweise eine rechtsextreme Straftat vom Mai 2007 unter den Tisch gekehrt \u2013 der V-Mann-F\u00fchrer eines ehemaligen Spitzels belastet den Geheimdienst in seiner Vernehmung vor dem NSU-Untersuchungsausschuss. Haben Vorgesetzte Th\u00fcringer Beamte in den Ermittlungen behindert?<\/p>\n","protected":false},"author":443,"featured_media":0,"comment_status":"open","ping_status":"open","sticky":false,"template":"","format":"standard","meta":{"_jetpack_memberships_contains_paid_content":false,"footnotes":""},"categories":[978],"tags":[2479,1716,12752,1755,1836],"class_list":["post-14845","post","type-post","status-publish","format-standard","hentry","category-thuringen","tag-kai-uwe-trinkaus","tag-npd","tag-nsu","tag-rechte-gewalt","tag-verfassungsschutz"],"yoast_head":"<!-- This site is optimized with the Yoast SEO plugin v21.0 - https:\/\/yoast.com\/wordpress\/plugins\/seo\/ -->\n<title>Deckte der Verfassungsschutz den Angriff auf einen Fotografen?  - St\u00f6rungsmelder<\/title>\n<meta name=\"robots\" content=\"index, follow, max-snippet:-1, max-image-preview:large, max-video-preview:-1\" \/>\n<link rel=\"canonical\" href=\"https:\/\/blog.zeit.de\/stoerungsmelder\/2014\/01\/29\/deckte-der-verfassungsschutz-den-angriff-auf-einen-fotografen_14845\" \/>\n<meta property=\"og:locale\" content=\"de_DE\" \/>\n<meta property=\"og:type\" content=\"article\" \/>\n<meta property=\"og:title\" content=\"Deckte der Verfassungsschutz den Angriff auf einen Fotografen?  - St\u00f6rungsmelder\" \/>\n<meta property=\"og:description\" content=\"Der Th\u00fcringer Verfassungsschutz hat m\u00f6glicherweise eine rechtsextreme Straftat vom Mai 2007 unter den Tisch gekehrt \u2013 der V-Mann-F\u00fchrer eines ehemaligen Spitzels belastet den Geheimdienst in seiner Vernehmung vor dem NSU-Untersuchungsausschuss. Haben Vorgesetzte Th\u00fcringer Beamte in den Ermittlungen behindert?\" \/>\n<meta property=\"og:url\" content=\"https:\/\/blog.zeit.de\/stoerungsmelder\/2014\/01\/29\/deckte-der-verfassungsschutz-den-angriff-auf-einen-fotografen_14845\" \/>\n<meta property=\"og:site_name\" content=\"St\u00f6rungsmelder\" \/>\n<meta property=\"article:published_time\" content=\"2014-01-29T09:49:30+00:00\" \/>\n<meta property=\"article:modified_time\" content=\"2014-01-30T11:43:10+00:00\" \/>\n<meta property=\"og:image\" content=\"https:\/\/blog.zeit.de\/stoerungsmelder\/files\/2009\/08\/colditz-artikel-410.jpg\" \/>\n<meta name=\"author\" content=\"Andrea R\u00f6pke\" \/>\n<meta name=\"twitter:card\" content=\"summary_large_image\" \/>\n<meta name=\"twitter:label1\" content=\"Geschrieben von\" \/>\n\t<meta name=\"twitter:data1\" content=\"Andrea R\u00f6pke\" \/>\n\t<meta name=\"twitter:label2\" content=\"Gesch\u00e4tzte Lesezeit\" \/>\n\t<meta name=\"twitter:data2\" content=\"4\u00a0Minuten\" \/>\n<script type=\"application\/ld+json\" class=\"yoast-schema-graph\">{\"@context\":\"https:\/\/schema.org\",\"@graph\":[{\"@type\":\"WebPage\",\"@id\":\"https:\/\/blog.zeit.de\/stoerungsmelder\/2014\/01\/29\/deckte-der-verfassungsschutz-den-angriff-auf-einen-fotografen_14845\",\"url\":\"https:\/\/blog.zeit.de\/stoerungsmelder\/2014\/01\/29\/deckte-der-verfassungsschutz-den-angriff-auf-einen-fotografen_14845\",\"name\":\"Deckte der Verfassungsschutz den Angriff auf einen Fotografen? - St\u00f6rungsmelder\",\"isPartOf\":{\"@id\":\"https:\/\/blog.zeit.de\/stoerungsmelder\/#website\"},\"datePublished\":\"2014-01-29T09:49:30+00:00\",\"dateModified\":\"2014-01-30T11:43:10+00:00\",\"author\":{\"@id\":\"https:\/\/blog.zeit.de\/stoerungsmelder\/#\/schema\/person\/dab5d2ffe2eca23fa74c9ec3c27fe56d\"},\"breadcrumb\":{\"@id\":\"https:\/\/blog.zeit.de\/stoerungsmelder\/2014\/01\/29\/deckte-der-verfassungsschutz-den-angriff-auf-einen-fotografen_14845#breadcrumb\"},\"inLanguage\":\"de\",\"potentialAction\":[{\"@type\":\"ReadAction\",\"target\":[\"https:\/\/blog.zeit.de\/stoerungsmelder\/2014\/01\/29\/deckte-der-verfassungsschutz-den-angriff-auf-einen-fotografen_14845\"]}]},{\"@type\":\"BreadcrumbList\",\"@id\":\"https:\/\/blog.zeit.de\/stoerungsmelder\/2014\/01\/29\/deckte-der-verfassungsschutz-den-angriff-auf-einen-fotografen_14845#breadcrumb\",\"itemListElement\":[{\"@type\":\"ListItem\",\"position\":1,\"name\":\"Startseite\",\"item\":\"https:\/\/blog.zeit.de\/stoerungsmelder\"},{\"@type\":\"ListItem\",\"position\":2,\"name\":\"Deckte der Verfassungsschutz den Angriff auf einen Fotografen?\"}]},{\"@type\":\"WebSite\",\"@id\":\"https:\/\/blog.zeit.de\/stoerungsmelder\/#website\",\"url\":\"https:\/\/blog.zeit.de\/stoerungsmelder\/\",\"name\":\"St\u00f6rungsmelder\",\"description\":\"Recherchen und Analysen \u00fcber die extreme Rechte\",\"potentialAction\":[{\"@type\":\"SearchAction\",\"target\":{\"@type\":\"EntryPoint\",\"urlTemplate\":\"https:\/\/blog.zeit.de\/stoerungsmelder\/?s={search_term_string}\"},\"query-input\":\"required name=search_term_string\"}],\"inLanguage\":\"de\"},{\"@type\":\"Person\",\"@id\":\"https:\/\/blog.zeit.de\/stoerungsmelder\/#\/schema\/person\/dab5d2ffe2eca23fa74c9ec3c27fe56d\",\"name\":\"Andrea R\u00f6pke\",\"image\":{\"@type\":\"ImageObject\",\"inLanguage\":\"de\",\"@id\":\"https:\/\/blog.zeit.de\/stoerungsmelder\/#\/schema\/person\/image\/\",\"url\":\"https:\/\/secure.gravatar.com\/avatar\/3231a51bf3489ba5445154b1a9f78a3d6295dfdfbae569934ced0a5b8c73fe51?s=96&d=mm&r=pg\",\"contentUrl\":\"https:\/\/secure.gravatar.com\/avatar\/3231a51bf3489ba5445154b1a9f78a3d6295dfdfbae569934ced0a5b8c73fe51?s=96&d=mm&r=pg\",\"caption\":\"Andrea R\u00f6pke\"},\"url\":\"https:\/\/blog.zeit.de\/stoerungsmelder\/author\/andrea\"}]}<\/script>\n<!-- \/ Yoast SEO plugin. -->","yoast_head_json":{"title":"Deckte der Verfassungsschutz den Angriff auf einen Fotografen?  - St\u00f6rungsmelder","robots":{"index":"index","follow":"follow","max-snippet":"max-snippet:-1","max-image-preview":"max-image-preview:large","max-video-preview":"max-video-preview:-1"},"canonical":"https:\/\/blog.zeit.de\/stoerungsmelder\/2014\/01\/29\/deckte-der-verfassungsschutz-den-angriff-auf-einen-fotografen_14845","og_locale":"de_DE","og_type":"article","og_title":"Deckte der Verfassungsschutz den Angriff auf einen Fotografen?  - St\u00f6rungsmelder","og_description":"Der Th\u00fcringer Verfassungsschutz hat m\u00f6glicherweise eine rechtsextreme Straftat vom Mai 2007 unter den Tisch gekehrt \u2013 der V-Mann-F\u00fchrer eines ehemaligen Spitzels belastet den Geheimdienst in seiner Vernehmung vor dem NSU-Untersuchungsausschuss. Haben Vorgesetzte Th\u00fcringer Beamte in den Ermittlungen behindert?","og_url":"https:\/\/blog.zeit.de\/stoerungsmelder\/2014\/01\/29\/deckte-der-verfassungsschutz-den-angriff-auf-einen-fotografen_14845","og_site_name":"St\u00f6rungsmelder","article_published_time":"2014-01-29T09:49:30+00:00","article_modified_time":"2014-01-30T11:43:10+00:00","og_image":[{"url":"https:\/\/blog.zeit.de\/stoerungsmelder\/files\/2009\/08\/colditz-artikel-410.jpg"}],"author":"Andrea R\u00f6pke","twitter_card":"summary_large_image","twitter_misc":{"Geschrieben von":"Andrea R\u00f6pke","Gesch\u00e4tzte Lesezeit":"4\u00a0Minuten"},"schema":{"@context":"https:\/\/schema.org","@graph":[{"@type":"WebPage","@id":"https:\/\/blog.zeit.de\/stoerungsmelder\/2014\/01\/29\/deckte-der-verfassungsschutz-den-angriff-auf-einen-fotografen_14845","url":"https:\/\/blog.zeit.de\/stoerungsmelder\/2014\/01\/29\/deckte-der-verfassungsschutz-den-angriff-auf-einen-fotografen_14845","name":"Deckte der Verfassungsschutz den Angriff auf einen Fotografen? - St\u00f6rungsmelder","isPartOf":{"@id":"https:\/\/blog.zeit.de\/stoerungsmelder\/#website"},"datePublished":"2014-01-29T09:49:30+00:00","dateModified":"2014-01-30T11:43:10+00:00","author":{"@id":"https:\/\/blog.zeit.de\/stoerungsmelder\/#\/schema\/person\/dab5d2ffe2eca23fa74c9ec3c27fe56d"},"breadcrumb":{"@id":"https:\/\/blog.zeit.de\/stoerungsmelder\/2014\/01\/29\/deckte-der-verfassungsschutz-den-angriff-auf-einen-fotografen_14845#breadcrumb"},"inLanguage":"de","potentialAction":[{"@type":"ReadAction","target":["https:\/\/blog.zeit.de\/stoerungsmelder\/2014\/01\/29\/deckte-der-verfassungsschutz-den-angriff-auf-einen-fotografen_14845"]}]},{"@type":"BreadcrumbList","@id":"https:\/\/blog.zeit.de\/stoerungsmelder\/2014\/01\/29\/deckte-der-verfassungsschutz-den-angriff-auf-einen-fotografen_14845#breadcrumb","itemListElement":[{"@type":"ListItem","position":1,"name":"Startseite","item":"https:\/\/blog.zeit.de\/stoerungsmelder"},{"@type":"ListItem","position":2,"name":"Deckte der Verfassungsschutz den Angriff auf einen Fotografen?"}]},{"@type":"WebSite","@id":"https:\/\/blog.zeit.de\/stoerungsmelder\/#website","url":"https:\/\/blog.zeit.de\/stoerungsmelder\/","name":"St\u00f6rungsmelder","description":"Recherchen und Analysen \u00fcber die extreme Rechte","potentialAction":[{"@type":"SearchAction","target":{"@type":"EntryPoint","urlTemplate":"https:\/\/blog.zeit.de\/stoerungsmelder\/?s={search_term_string}"},"query-input":"required name=search_term_string"}],"inLanguage":"de"},{"@type":"Person","@id":"https:\/\/blog.zeit.de\/stoerungsmelder\/#\/schema\/person\/dab5d2ffe2eca23fa74c9ec3c27fe56d","name":"Andrea R\u00f6pke","image":{"@type":"ImageObject","inLanguage":"de","@id":"https:\/\/blog.zeit.de\/stoerungsmelder\/#\/schema\/person\/image\/","url":"https:\/\/secure.gravatar.com\/avatar\/3231a51bf3489ba5445154b1a9f78a3d6295dfdfbae569934ced0a5b8c73fe51?s=96&d=mm&r=pg","contentUrl":"https:\/\/secure.gravatar.com\/avatar\/3231a51bf3489ba5445154b1a9f78a3d6295dfdfbae569934ced0a5b8c73fe51?s=96&d=mm&r=pg","caption":"Andrea R\u00f6pke"},"url":"https:\/\/blog.zeit.de\/stoerungsmelder\/author\/andrea"}]}},"jetpack_featured_media_url":"","jetpack_sharing_enabled":true,"_links":{"self":[{"href":"https:\/\/blog.zeit.de\/stoerungsmelder\/wp-json\/wp\/v2\/posts\/14845","targetHints":{"allow":["GET"]}}],"collection":[{"href":"https:\/\/blog.zeit.de\/stoerungsmelder\/wp-json\/wp\/v2\/posts"}],"about":[{"href":"https:\/\/blog.zeit.de\/stoerungsmelder\/wp-json\/wp\/v2\/types\/post"}],"author":[{"embeddable":true,"href":"https:\/\/blog.zeit.de\/stoerungsmelder\/wp-json\/wp\/v2\/users\/443"}],"replies":[{"embeddable":true,"href":"https:\/\/blog.zeit.de\/stoerungsmelder\/wp-json\/wp\/v2\/comments?post=14845"}],"version-history":[{"count":5,"href":"https:\/\/blog.zeit.de\/stoerungsmelder\/wp-json\/wp\/v2\/posts\/14845\/revisions"}],"predecessor-version":[{"id":14866,"href":"https:\/\/blog.zeit.de\/stoerungsmelder\/wp-json\/wp\/v2\/posts\/14845\/revisions\/14866"}],"wp:attachment":[{"href":"https:\/\/blog.zeit.de\/stoerungsmelder\/wp-json\/wp\/v2\/media?parent=14845"}],"wp:term":[{"taxonomy":"category","embeddable":true,"href":"https:\/\/blog.zeit.de\/stoerungsmelder\/wp-json\/wp\/v2\/categories?post=14845"},{"taxonomy":"post_tag","embeddable":true,"href":"https:\/\/blog.zeit.de\/stoerungsmelder\/wp-json\/wp\/v2\/tags?post=14845"}],"curies":[{"name":"wp","href":"https:\/\/api.w.org\/{rel}","templated":true}]}}