{"id":14970,"date":"2014-02-09T13:31:53","date_gmt":"2014-02-09T12:31:53","guid":{"rendered":"http:\/\/blog.zeit.de\/stoerungsmelder\/?p=14970"},"modified":"2014-02-09T13:31:53","modified_gmt":"2014-02-09T12:31:53","slug":"ein-ratgeber-fur-politik-und-zivilgesellschaft","status":"publish","type":"post","link":"https:\/\/blog.zeit.de\/stoerungsmelder\/2014\/02\/09\/ein-ratgeber-fur-politik-und-zivilgesellschaft_14970","title":{"rendered":"Ein Ratgeber f\u00fcr Politik und Zivilgesellschaft"},"content":{"rendered":"<p><figure id=\"attachment_14971\" aria-describedby=\"caption-attachment-14971\" style=\"width: 540px\" class=\"wp-caption aligncenter\"><img loading=\"lazy\" decoding=\"async\" class=\"size-full wp-image-14971 \" alt=\"Ein Ratgeber f\u00fcr die Praxis: \u201e33 Fragen und Antworten zu Pro K\u00f6ln\/Pro NRW\u201c (Foto: Jan Maximilian Gerlach)\" src=\"https:\/\/blog.zeit.de\/stoerungsmelder\/files\/2014\/02\/33_fragen_antworten_pro.jpg\" width=\"540\" height=\"300\" srcset=\"https:\/\/blog.zeit.de\/stoerungsmelder\/files\/2014\/02\/33_fragen_antworten_pro.jpg 540w, https:\/\/blog.zeit.de\/stoerungsmelder\/files\/2014\/02\/33_fragen_antworten_pro-300x166.jpg 300w\" sizes=\"auto, (max-width: 540px) 100vw, 540px\" \/><figcaption id=\"caption-attachment-14971\" class=\"wp-caption-text\">Ein Ratgeber f\u00fcr die Praxis: \u201e33 Fragen und Antworten zu Pro K\u00f6ln\/Pro NRW\u201c (\u00a9 Jan Maximilian Gerlach)<\/figcaption><\/figure><\/p>\n<p>\u201e33 Fragen und Antworten zu Pro K\u00f6ln\/Pro NRW\u201c hei\u00dft ein neu erschienener Sammelband, der sich mit den rechtspopulistischen \u201ePro\u201c-Parteien besch\u00e4ftigt. P\u00fcnktlich zur Europa- und einigen Kommunalwahlen im Kalenderjahr 2014 liegt mit dem 142-seitigen Buch eine ausf\u00fchrliche aktuelle Bestandsaufnahme der \u201ePro\u201c-Parteien vor. Es richtet sich insbesondere an diejenigen, \u201edie sich vor Ort mit der rechtspopulistischen Agitation und ihren Folgen auseinander setzen m\u00fcssen\u201c, wie die Herausgeber Dominik Clemens und Hendrik Puls in ihrem Vorwort schreiben.<!--more--><\/p>\n<p>27 Autoren antworten kompakt und allgemeinverst\u00e4ndlich auf 33 Einzelfragen. Etwa: \u201eWo liegen die Urspr\u00fcnge von Pro NRW?\u201c, \u201eWarum wollte Pro NRW beim Christopher Street Day mitmachen?\u201c oder, mit Blick auf Handlungsoptionen, gegen \u201ePro\u201c: \u201eWas kann ich pers\u00f6nlich tun?\u201c. Unterteilt sind die Fragen in drei inhaltliche Kapitel.<\/p>\n<p><strong>33 Fragen in drei Kapiteln<\/strong><\/p>\n<p>Das erste Kapitel besch\u00e4ftigen sich in 12 Fragen mit Ursprung, Entwicklung und Strategie der \u201ePro\u201c-Parteien. Verbindungen zur NS-Braunszene und internationalen rechten Parteien werden hier ebenso behandelt wie die Parteigeschichten von \u201ePro K\u00f6ln\u201c und \u201ePro NRW\u201c.<\/p>\n<p>Da ein Verweis auf politische Kontakte keine Auseinandersetzung mit Inhalten ersetzt erkl\u00e4rt das zweite Kapitel an Hand von 14 Fragen Ideologie und Programmatik der Parteienfamilie. Anschaulich wird, dass dort (antimuslimischer) Rassismus fast alle Politikfelder durchzieht: egal ob es um Moscheebauten, Frauenrechte oder Schul- und Bildungspolitik geht. Deutlich wird auch wie \u201ePro\u201c den Nationalsozialismus f\u00fcr seine Zwecke instrumentalisiert. Die Autoren bem\u00fchen sich aber nicht um eine umfassende Theoriebildung oder eine stringent theoriegeleitete systematische Untersuchung. Daher eignet sich das Buch nur bedingt f\u00fcr eine wissenschaftliche Auseinandersetzung mit Rechtspopulismus. Dessen sind sich die Herausgeber durchaus auch bewusst. Ihre Hauptadressaten sind zivilgesellschaftlich engagierte Personen.<\/p>\n<p>Im dritten Kapitel stehen folgerichtig praxisnahe Interventionsm\u00f6glichkeiten im Vordergrund. An Hand der verbleibenden sieben Fragen werden Handlungsempfehlungen f\u00fcr engagierte Einzelpersonen, Anti-Rechts-B\u00fcndnisse, Politiker und Lehrer gegeben. \u00dcbrigens sind viele Antworten auch durchaus auf \u201ePro Deutschland\u201c \u00fcbertragbar.<\/p>\n<p><strong>Wer profitiert von dem Buch?<\/strong><\/p>\n<p>Alle, die sich bereits intensiv mit der extremen Rechten besch\u00e4ftigen, finden in dem Sammelband eine aktuelle Zustandsbeschreibung und k\u00f6nnen das eigene Wissen schnell wieder auffrischen. Doch g\u00e4nzlich neue Erkenntnisse oder Denkanst\u00f6\u00dfe liefert das Buch nicht. In diesem Mangel liegt zugleich seine zentrale St\u00e4rke: Wer sich nicht regelm\u00e4\u00dfig mit der extremen Rechten im Allgemeinen und der \u201ePro\u201c-Bewegung im besonderen besch\u00e4ftigt, bekommt einen breiten, gut fundierten und einfach verst\u00e4ndlichen \u00dcberblick \u00fcber Strukturen, Ideologie und Gegenstrategien. Auch als Nachschlagewerk kann das Buch dienen. Ein Kauf empfiehlt sich f\u00fcr alle, die sich einen \u00dcberblick \u00fcber die \u201ePro\u201c-Parteienfamilie verschaffen oder ihr Wissen auffrischen wollen \u2013 beziehungsweise m\u00fcssen.<\/p>\n<p><strong>Dominik Clemens\/Hendrik Puls (Hg.): \u201e33 Fragen und Antworten zu Pro K\u00f6ln\/Pro NRW. Entwicklung, Ideologie und Strategien einer vermeintlichen B\u00fcrgerbewegung.\u201c 142 Seiten, DIN A5 Paperback, ISBN 978-3-938636-21-3<\/strong><\/p>\n<p>Das Buch kann f\u00fcr 5,- \u20ac zzgl. Versandkosten wahlweise bei der Volkshochschule Aachen \u00fcber die Mailadresse toleranz.foerdern(at)mail.aachen.de oder beim NS-Dokumentationszentrum K\u00f6ln \u00fcber die Mailadresse ibs(at)stadt-koeln.de bestellt werden.<img loading=\"lazy\" decoding=\"async\" alt=\"\" src=\"http:\/\/vg09.met.vgwort.de\/na\/d31d0f376bce4177a5ce6891e0d2e6f4\" width=\"1\" height=\"1\" \/><\/p>\n","protected":false},"excerpt":{"rendered":"<p>\u201e33 Fragen und Antworten zu Pro K\u00f6ln\/Pro NRW\u201c hei\u00dft ein neu erschienener Sammelband, der sich mit den rechtspopulistischen \u201ePro\u201c-Parteien besch\u00e4ftigt. P\u00fcnktlich zur Europa- und einigen Kommunalwahlen im Kalenderjahr 2014 liegt mit dem 142-seitigen Buch eine ausf\u00fchrliche aktuelle Bestandsaufnahme der \u201ePro\u201c-Parteien vor. Es richtet sich insbesondere an diejenigen, \u201edie sich vor Ort mit der rechtspopulistischen Agitation [&hellip;]<\/p>\n","protected":false},"author":446,"featured_media":0,"comment_status":"open","ping_status":"open","sticky":false,"template":"","format":"standard","meta":{"_jetpack_memberships_contains_paid_content":false,"footnotes":""},"categories":[1515,1291],"tags":[1578,1748,1749,1750],"class_list":["post-14970","post","type-post","status-publish","format-standard","hentry","category-bundesweit","category-nordrhein-westfalen","tag-gegenstrategien","tag-pro-deutschland","tag-pro-koln","tag-pro-nrw"],"yoast_head":"<!-- This site is optimized with the Yoast SEO plugin v21.0 - https:\/\/yoast.com\/wordpress\/plugins\/seo\/ -->\n<title>Ein Ratgeber f\u00fcr Politik und Zivilgesellschaft - St\u00f6rungsmelder<\/title>\n<meta name=\"robots\" content=\"index, follow, max-snippet:-1, max-image-preview:large, max-video-preview:-1\" \/>\n<link rel=\"canonical\" href=\"https:\/\/blog.zeit.de\/stoerungsmelder\/2014\/02\/09\/ein-ratgeber-fur-politik-und-zivilgesellschaft_14970\" \/>\n<meta property=\"og:locale\" content=\"de_DE\" \/>\n<meta property=\"og:type\" content=\"article\" \/>\n<meta property=\"og:title\" content=\"Ein Ratgeber f\u00fcr Politik und Zivilgesellschaft - St\u00f6rungsmelder\" \/>\n<meta property=\"og:description\" content=\"\u201e33 Fragen und Antworten zu Pro K\u00f6ln\/Pro NRW\u201c hei\u00dft ein neu erschienener Sammelband, der sich mit den rechtspopulistischen \u201ePro\u201c-Parteien besch\u00e4ftigt. P\u00fcnktlich zur Europa- und einigen Kommunalwahlen im Kalenderjahr 2014 liegt mit dem 142-seitigen Buch eine ausf\u00fchrliche aktuelle Bestandsaufnahme der \u201ePro\u201c-Parteien vor. Es richtet sich insbesondere an diejenigen, \u201edie sich vor Ort mit der rechtspopulistischen Agitation [&hellip;]\" \/>\n<meta property=\"og:url\" content=\"https:\/\/blog.zeit.de\/stoerungsmelder\/2014\/02\/09\/ein-ratgeber-fur-politik-und-zivilgesellschaft_14970\" \/>\n<meta property=\"og:site_name\" content=\"St\u00f6rungsmelder\" \/>\n<meta property=\"article:published_time\" content=\"2014-02-09T12:31:53+00:00\" \/>\n<meta property=\"og:image\" content=\"https:\/\/blog.zeit.de\/stoerungsmelder\/files\/2014\/02\/33_fragen_antworten_pro.jpg\" \/>\n<meta name=\"author\" content=\"Jan Maximilian Gerlach\" \/>\n<meta name=\"twitter:card\" content=\"summary_large_image\" \/>\n<meta name=\"twitter:label1\" content=\"Geschrieben von\" \/>\n\t<meta name=\"twitter:data1\" content=\"Jan Maximilian Gerlach\" \/>\n\t<meta name=\"twitter:label2\" content=\"Gesch\u00e4tzte Lesezeit\" \/>\n\t<meta name=\"twitter:data2\" content=\"3\u00a0Minuten\" \/>\n<script type=\"application\/ld+json\" class=\"yoast-schema-graph\">{\"@context\":\"https:\/\/schema.org\",\"@graph\":[{\"@type\":\"WebPage\",\"@id\":\"https:\/\/blog.zeit.de\/stoerungsmelder\/2014\/02\/09\/ein-ratgeber-fur-politik-und-zivilgesellschaft_14970\",\"url\":\"https:\/\/blog.zeit.de\/stoerungsmelder\/2014\/02\/09\/ein-ratgeber-fur-politik-und-zivilgesellschaft_14970\",\"name\":\"Ein Ratgeber f\u00fcr Politik und Zivilgesellschaft - St\u00f6rungsmelder\",\"isPartOf\":{\"@id\":\"https:\/\/blog.zeit.de\/stoerungsmelder\/#website\"},\"datePublished\":\"2014-02-09T12:31:53+00:00\",\"dateModified\":\"2014-02-09T12:31:53+00:00\",\"author\":{\"@id\":\"https:\/\/blog.zeit.de\/stoerungsmelder\/#\/schema\/person\/e3eb12875a6aa926e7a59414c24a2104\"},\"breadcrumb\":{\"@id\":\"https:\/\/blog.zeit.de\/stoerungsmelder\/2014\/02\/09\/ein-ratgeber-fur-politik-und-zivilgesellschaft_14970#breadcrumb\"},\"inLanguage\":\"de\",\"potentialAction\":[{\"@type\":\"ReadAction\",\"target\":[\"https:\/\/blog.zeit.de\/stoerungsmelder\/2014\/02\/09\/ein-ratgeber-fur-politik-und-zivilgesellschaft_14970\"]}]},{\"@type\":\"BreadcrumbList\",\"@id\":\"https:\/\/blog.zeit.de\/stoerungsmelder\/2014\/02\/09\/ein-ratgeber-fur-politik-und-zivilgesellschaft_14970#breadcrumb\",\"itemListElement\":[{\"@type\":\"ListItem\",\"position\":1,\"name\":\"Startseite\",\"item\":\"https:\/\/blog.zeit.de\/stoerungsmelder\"},{\"@type\":\"ListItem\",\"position\":2,\"name\":\"Ein Ratgeber f\u00fcr Politik und Zivilgesellschaft\"}]},{\"@type\":\"WebSite\",\"@id\":\"https:\/\/blog.zeit.de\/stoerungsmelder\/#website\",\"url\":\"https:\/\/blog.zeit.de\/stoerungsmelder\/\",\"name\":\"St\u00f6rungsmelder\",\"description\":\"Recherchen und Analysen \u00fcber die extreme Rechte\",\"potentialAction\":[{\"@type\":\"SearchAction\",\"target\":{\"@type\":\"EntryPoint\",\"urlTemplate\":\"https:\/\/blog.zeit.de\/stoerungsmelder\/?s={search_term_string}\"},\"query-input\":\"required name=search_term_string\"}],\"inLanguage\":\"de\"},{\"@type\":\"Person\",\"@id\":\"https:\/\/blog.zeit.de\/stoerungsmelder\/#\/schema\/person\/e3eb12875a6aa926e7a59414c24a2104\",\"name\":\"Jan Maximilian Gerlach\",\"image\":{\"@type\":\"ImageObject\",\"inLanguage\":\"de\",\"@id\":\"https:\/\/blog.zeit.de\/stoerungsmelder\/#\/schema\/person\/image\/\",\"url\":\"https:\/\/secure.gravatar.com\/avatar\/0931878ec934b3d51c80bd1b9d6e08476ef10ba9cf67d50cf55546330831f68f?s=96&d=mm&r=pg\",\"contentUrl\":\"https:\/\/secure.gravatar.com\/avatar\/0931878ec934b3d51c80bd1b9d6e08476ef10ba9cf67d50cf55546330831f68f?s=96&d=mm&r=pg\",\"caption\":\"Jan Maximilian Gerlach\"},\"url\":\"https:\/\/blog.zeit.de\/stoerungsmelder\/author\/maximilian\"}]}<\/script>\n<!-- \/ Yoast SEO plugin. -->","yoast_head_json":{"title":"Ein Ratgeber f\u00fcr Politik und Zivilgesellschaft - St\u00f6rungsmelder","robots":{"index":"index","follow":"follow","max-snippet":"max-snippet:-1","max-image-preview":"max-image-preview:large","max-video-preview":"max-video-preview:-1"},"canonical":"https:\/\/blog.zeit.de\/stoerungsmelder\/2014\/02\/09\/ein-ratgeber-fur-politik-und-zivilgesellschaft_14970","og_locale":"de_DE","og_type":"article","og_title":"Ein Ratgeber f\u00fcr Politik und Zivilgesellschaft - St\u00f6rungsmelder","og_description":"\u201e33 Fragen und Antworten zu Pro K\u00f6ln\/Pro NRW\u201c hei\u00dft ein neu erschienener Sammelband, der sich mit den rechtspopulistischen \u201ePro\u201c-Parteien besch\u00e4ftigt. P\u00fcnktlich zur Europa- und einigen Kommunalwahlen im Kalenderjahr 2014 liegt mit dem 142-seitigen Buch eine ausf\u00fchrliche aktuelle Bestandsaufnahme der \u201ePro\u201c-Parteien vor. Es richtet sich insbesondere an diejenigen, \u201edie sich vor Ort mit der rechtspopulistischen Agitation [&hellip;]","og_url":"https:\/\/blog.zeit.de\/stoerungsmelder\/2014\/02\/09\/ein-ratgeber-fur-politik-und-zivilgesellschaft_14970","og_site_name":"St\u00f6rungsmelder","article_published_time":"2014-02-09T12:31:53+00:00","og_image":[{"url":"https:\/\/blog.zeit.de\/stoerungsmelder\/files\/2014\/02\/33_fragen_antworten_pro.jpg"}],"author":"Jan Maximilian Gerlach","twitter_card":"summary_large_image","twitter_misc":{"Geschrieben von":"Jan Maximilian Gerlach","Gesch\u00e4tzte Lesezeit":"3\u00a0Minuten"},"schema":{"@context":"https:\/\/schema.org","@graph":[{"@type":"WebPage","@id":"https:\/\/blog.zeit.de\/stoerungsmelder\/2014\/02\/09\/ein-ratgeber-fur-politik-und-zivilgesellschaft_14970","url":"https:\/\/blog.zeit.de\/stoerungsmelder\/2014\/02\/09\/ein-ratgeber-fur-politik-und-zivilgesellschaft_14970","name":"Ein Ratgeber f\u00fcr Politik und Zivilgesellschaft - St\u00f6rungsmelder","isPartOf":{"@id":"https:\/\/blog.zeit.de\/stoerungsmelder\/#website"},"datePublished":"2014-02-09T12:31:53+00:00","dateModified":"2014-02-09T12:31:53+00:00","author":{"@id":"https:\/\/blog.zeit.de\/stoerungsmelder\/#\/schema\/person\/e3eb12875a6aa926e7a59414c24a2104"},"breadcrumb":{"@id":"https:\/\/blog.zeit.de\/stoerungsmelder\/2014\/02\/09\/ein-ratgeber-fur-politik-und-zivilgesellschaft_14970#breadcrumb"},"inLanguage":"de","potentialAction":[{"@type":"ReadAction","target":["https:\/\/blog.zeit.de\/stoerungsmelder\/2014\/02\/09\/ein-ratgeber-fur-politik-und-zivilgesellschaft_14970"]}]},{"@type":"BreadcrumbList","@id":"https:\/\/blog.zeit.de\/stoerungsmelder\/2014\/02\/09\/ein-ratgeber-fur-politik-und-zivilgesellschaft_14970#breadcrumb","itemListElement":[{"@type":"ListItem","position":1,"name":"Startseite","item":"https:\/\/blog.zeit.de\/stoerungsmelder"},{"@type":"ListItem","position":2,"name":"Ein Ratgeber f\u00fcr Politik und Zivilgesellschaft"}]},{"@type":"WebSite","@id":"https:\/\/blog.zeit.de\/stoerungsmelder\/#website","url":"https:\/\/blog.zeit.de\/stoerungsmelder\/","name":"St\u00f6rungsmelder","description":"Recherchen und Analysen \u00fcber die extreme Rechte","potentialAction":[{"@type":"SearchAction","target":{"@type":"EntryPoint","urlTemplate":"https:\/\/blog.zeit.de\/stoerungsmelder\/?s={search_term_string}"},"query-input":"required name=search_term_string"}],"inLanguage":"de"},{"@type":"Person","@id":"https:\/\/blog.zeit.de\/stoerungsmelder\/#\/schema\/person\/e3eb12875a6aa926e7a59414c24a2104","name":"Jan Maximilian Gerlach","image":{"@type":"ImageObject","inLanguage":"de","@id":"https:\/\/blog.zeit.de\/stoerungsmelder\/#\/schema\/person\/image\/","url":"https:\/\/secure.gravatar.com\/avatar\/0931878ec934b3d51c80bd1b9d6e08476ef10ba9cf67d50cf55546330831f68f?s=96&d=mm&r=pg","contentUrl":"https:\/\/secure.gravatar.com\/avatar\/0931878ec934b3d51c80bd1b9d6e08476ef10ba9cf67d50cf55546330831f68f?s=96&d=mm&r=pg","caption":"Jan Maximilian Gerlach"},"url":"https:\/\/blog.zeit.de\/stoerungsmelder\/author\/maximilian"}]}},"jetpack_featured_media_url":"","jetpack_sharing_enabled":true,"_links":{"self":[{"href":"https:\/\/blog.zeit.de\/stoerungsmelder\/wp-json\/wp\/v2\/posts\/14970","targetHints":{"allow":["GET"]}}],"collection":[{"href":"https:\/\/blog.zeit.de\/stoerungsmelder\/wp-json\/wp\/v2\/posts"}],"about":[{"href":"https:\/\/blog.zeit.de\/stoerungsmelder\/wp-json\/wp\/v2\/types\/post"}],"author":[{"embeddable":true,"href":"https:\/\/blog.zeit.de\/stoerungsmelder\/wp-json\/wp\/v2\/users\/446"}],"replies":[{"embeddable":true,"href":"https:\/\/blog.zeit.de\/stoerungsmelder\/wp-json\/wp\/v2\/comments?post=14970"}],"version-history":[{"count":21,"href":"https:\/\/blog.zeit.de\/stoerungsmelder\/wp-json\/wp\/v2\/posts\/14970\/revisions"}],"predecessor-version":[{"id":14992,"href":"https:\/\/blog.zeit.de\/stoerungsmelder\/wp-json\/wp\/v2\/posts\/14970\/revisions\/14992"}],"wp:attachment":[{"href":"https:\/\/blog.zeit.de\/stoerungsmelder\/wp-json\/wp\/v2\/media?parent=14970"}],"wp:term":[{"taxonomy":"category","embeddable":true,"href":"https:\/\/blog.zeit.de\/stoerungsmelder\/wp-json\/wp\/v2\/categories?post=14970"},{"taxonomy":"post_tag","embeddable":true,"href":"https:\/\/blog.zeit.de\/stoerungsmelder\/wp-json\/wp\/v2\/tags?post=14970"}],"curies":[{"name":"wp","href":"https:\/\/api.w.org\/{rel}","templated":true}]}}