{"id":150,"date":"2007-12-10T15:26:44","date_gmt":"2007-12-10T14:26:44","guid":{"rendered":"http:\/\/blog.zeit.de\/stoerungsmelder\/2007\/12\/10\/nazis-ignorieren_150"},"modified":"2007-12-10T15:26:44","modified_gmt":"2007-12-10T14:26:44","slug":"nazis-ignorieren","status":"publish","type":"post","link":"https:\/\/blog.zeit.de\/stoerungsmelder\/2007\/12\/10\/nazis-ignorieren_150","title":{"rendered":"Nazis ignorieren?"},"content":{"rendered":"<p>Wenn Nazis durch die Stadt marschieren, ist eine angemessene Antwort wichtig. Sollte man gegen die Rechtsextremen demonstrieren? Oder ist es besser, sie zu zu ignorieren und ins Leere laufen lassen? Ein Pro und Contra.  <!--more--><\/p>\n<p>PRO:<\/p>\n<p>Wenn man die Rechtsextremisten ignoriert, ist der rechte Spuk schnell vorbei und ebenso schnell wieder vergessen. Durch eine Gegendemo werden die Rechtsextremisten nur unn\u00f6tig aufgewertet. Erst so kommen sie in die Nachrichten. Das ist nur unn\u00f6tige Werbung f\u00fcr sie.<\/p>\n<p>CONTRA:<br \/>\n\u201eWegsehen\u201c ist das falsche Signal. Wenn 1.000 B\u00fcrger friedlich gegen 100 Nazis demonstrieren, ist das ein Erfolg f\u00fcr die Zivilgesellschaft und eine Niederlage f\u00fcr die Rechtsextremisten. Die Medien berichten dann haupts\u00e4chlich \u00fcber den Gegenprotest und nur am Rande \u00fcber die Neonazis. Das ist ein positives Beispiel f\u00fcr gelebte Demokratie.<\/p>\n<p>PRO:<br \/>\nOhne Gegendemonstranten, ohne Polizeischutz und ohne \u201eAntifa\u201c verlieren rechtsextreme Aufz\u00fcge ihren Event-Charakter f\u00fcr die Neonazis. Vor allem Jugendliche Neonazis gehen gerade wegen der erwarteten Randale zu  rechtsextremen Aufm\u00e4rschen. Ein von den Einsatzkr\u00e4ften freiger\u00e4umter Weg verschafft ihnen dagegen ein Erfolgserlebnis: Gegenproteste verst\u00e4rken ihr Gemeinschaftsgef\u00fchl, best\u00e4tigen sie in ihrer Anti-Haltung gegen \u201edie Politik\u201c und \u201edas System\u201c. Wenn die Nazis bei ihrer Demonstration von Gegendemonstranten gest\u00f6rt, blockiert oder angegeriffen werden, k\u00f6nnen sie sich zudem als unschuldige Opfer darstellen. Sie k\u00f6nnen behaupten, an der Wahrnehmung ihrer demokratischen, von Gerichten best\u00e4tigten, Rechte gehindert zu werden. Das alles n\u00fctzt den Nazis nur unn\u00f6tig.<\/p>\n<p>CONTRA:<br \/>\nVorausgesetzt, die Proteste verlaufen friedlich, sorgen starke Gegendemonstrationen bei Nazis f\u00fcr Frustration. Sie werden so vor allem die Leute verlieren, die wegen der Auseinandersetzungen zur Demo kommen. Au\u00dferdem macht es eine gescheiterte Demo unwahrscheinlich, dass die Neonazis es an diesem Ort noch einmal versuchen.<\/p>\n<p>PRO:<br \/>\nIndem man die Neonazis ignoriert, die Rolll\u00e4den herunterl\u00e4sst und ihnen demonstrativ den R\u00fccken zuwendet, kann man am besten verdeutlichen, dass die NPD keine normale Partei ist Sie hat unsere Aufmerksamkeit nicht verdient. Jeder soll angeh\u00f6rt werden, nur Rassisten und Antisemiten nicht.<\/p>\n<p>CONTRA:<br \/>\nEine Gegendemo ist eine Gelegenheit, durch Reden und Transparente zu zeigen, da\u00df Nazis keine Demokraten sind und die NPD keine normale Partei ist. Gerade wenn die Gerichte rechtsextreme Demonstrationen nicht verbieten k\u00f6nnen, ist das wichtig.  Die Stra\u00dfe wird so zum demokratischen Forum. Das schadet den Nazis.<\/p>\n<pre><\/pre>\n","protected":false},"excerpt":{"rendered":"<p>Wenn Nazis durch die Stadt marschieren, ist eine angemessene Antwort wichtig. Sollte man gegen die Rechtsextremen demonstrieren? Oder ist es besser, sie zu zu ignorieren und ins Leere laufen lassen? Ein Pro und Contra.<\/p>\n","protected":false},"author":237,"featured_media":0,"comment_status":"open","ping_status":"open","sticky":false,"template":"","format":"standard","meta":{"_jetpack_memberships_contains_paid_content":false,"footnotes":""},"categories":[1515],"tags":[1578],"class_list":["post-150","post","type-post","status-publish","format-standard","hentry","category-bundesweit","tag-gegenstrategien"],"yoast_head":"<!-- This site is optimized with the Yoast SEO plugin v21.0 - https:\/\/yoast.com\/wordpress\/plugins\/seo\/ -->\n<title>Nazis ignorieren? - St\u00f6rungsmelder<\/title>\n<meta name=\"robots\" content=\"index, follow, max-snippet:-1, max-image-preview:large, max-video-preview:-1\" \/>\n<link rel=\"canonical\" href=\"https:\/\/blog.zeit.de\/stoerungsmelder\/2007\/12\/10\/nazis-ignorieren_150\" \/>\n<meta property=\"og:locale\" content=\"de_DE\" \/>\n<meta property=\"og:type\" content=\"article\" \/>\n<meta property=\"og:title\" content=\"Nazis ignorieren? - St\u00f6rungsmelder\" \/>\n<meta property=\"og:description\" content=\"Wenn Nazis durch die Stadt marschieren, ist eine angemessene Antwort wichtig. Sollte man gegen die Rechtsextremen demonstrieren? Oder ist es besser, sie zu zu ignorieren und ins Leere laufen lassen? Ein Pro und Contra.\" \/>\n<meta property=\"og:url\" content=\"https:\/\/blog.zeit.de\/stoerungsmelder\/2007\/12\/10\/nazis-ignorieren_150\" \/>\n<meta property=\"og:site_name\" content=\"St\u00f6rungsmelder\" \/>\n<meta property=\"article:published_time\" content=\"2007-12-10T14:26:44+00:00\" \/>\n<meta name=\"author\" content=\"Joachim Wolf\" \/>\n<meta name=\"twitter:card\" content=\"summary_large_image\" \/>\n<meta name=\"twitter:label1\" content=\"Geschrieben von\" \/>\n\t<meta name=\"twitter:data1\" content=\"Joachim Wolf\" \/>\n\t<meta name=\"twitter:label2\" content=\"Gesch\u00e4tzte Lesezeit\" \/>\n\t<meta name=\"twitter:data2\" content=\"2\u00a0Minuten\" \/>\n<script type=\"application\/ld+json\" class=\"yoast-schema-graph\">{\"@context\":\"https:\/\/schema.org\",\"@graph\":[{\"@type\":\"WebPage\",\"@id\":\"https:\/\/blog.zeit.de\/stoerungsmelder\/2007\/12\/10\/nazis-ignorieren_150\",\"url\":\"https:\/\/blog.zeit.de\/stoerungsmelder\/2007\/12\/10\/nazis-ignorieren_150\",\"name\":\"Nazis ignorieren? - St\u00f6rungsmelder\",\"isPartOf\":{\"@id\":\"https:\/\/blog.zeit.de\/stoerungsmelder\/#website\"},\"datePublished\":\"2007-12-10T14:26:44+00:00\",\"dateModified\":\"2007-12-10T14:26:44+00:00\",\"author\":{\"@id\":\"https:\/\/blog.zeit.de\/stoerungsmelder\/#\/schema\/person\/ab9f6c2908545083e53a5ed2d91888e6\"},\"breadcrumb\":{\"@id\":\"https:\/\/blog.zeit.de\/stoerungsmelder\/2007\/12\/10\/nazis-ignorieren_150#breadcrumb\"},\"inLanguage\":\"de\",\"potentialAction\":[{\"@type\":\"ReadAction\",\"target\":[\"https:\/\/blog.zeit.de\/stoerungsmelder\/2007\/12\/10\/nazis-ignorieren_150\"]}]},{\"@type\":\"BreadcrumbList\",\"@id\":\"https:\/\/blog.zeit.de\/stoerungsmelder\/2007\/12\/10\/nazis-ignorieren_150#breadcrumb\",\"itemListElement\":[{\"@type\":\"ListItem\",\"position\":1,\"name\":\"Startseite\",\"item\":\"https:\/\/blog.zeit.de\/stoerungsmelder\"},{\"@type\":\"ListItem\",\"position\":2,\"name\":\"Nazis ignorieren?\"}]},{\"@type\":\"WebSite\",\"@id\":\"https:\/\/blog.zeit.de\/stoerungsmelder\/#website\",\"url\":\"https:\/\/blog.zeit.de\/stoerungsmelder\/\",\"name\":\"St\u00f6rungsmelder\",\"description\":\"Recherchen und Analysen \u00fcber die extreme Rechte\",\"potentialAction\":[{\"@type\":\"SearchAction\",\"target\":{\"@type\":\"EntryPoint\",\"urlTemplate\":\"https:\/\/blog.zeit.de\/stoerungsmelder\/?s={search_term_string}\"},\"query-input\":\"required name=search_term_string\"}],\"inLanguage\":\"de\"},{\"@type\":\"Person\",\"@id\":\"https:\/\/blog.zeit.de\/stoerungsmelder\/#\/schema\/person\/ab9f6c2908545083e53a5ed2d91888e6\",\"name\":\"Joachim Wolf\",\"image\":{\"@type\":\"ImageObject\",\"inLanguage\":\"de\",\"@id\":\"https:\/\/blog.zeit.de\/stoerungsmelder\/#\/schema\/person\/image\/\",\"url\":\"https:\/\/secure.gravatar.com\/avatar\/0b465240edec3d9648357ad2e3f997c1be2d26b0069e06ed5b1a59dd73929bc8?s=96&d=mm&r=pg\",\"contentUrl\":\"https:\/\/secure.gravatar.com\/avatar\/0b465240edec3d9648357ad2e3f997c1be2d26b0069e06ed5b1a59dd73929bc8?s=96&d=mm&r=pg\",\"caption\":\"Joachim Wolf\"},\"url\":\"https:\/\/blog.zeit.de\/stoerungsmelder\/author\/joachim-wolf\"}]}<\/script>\n<!-- \/ Yoast SEO plugin. -->","yoast_head_json":{"title":"Nazis ignorieren? - St\u00f6rungsmelder","robots":{"index":"index","follow":"follow","max-snippet":"max-snippet:-1","max-image-preview":"max-image-preview:large","max-video-preview":"max-video-preview:-1"},"canonical":"https:\/\/blog.zeit.de\/stoerungsmelder\/2007\/12\/10\/nazis-ignorieren_150","og_locale":"de_DE","og_type":"article","og_title":"Nazis ignorieren? - St\u00f6rungsmelder","og_description":"Wenn Nazis durch die Stadt marschieren, ist eine angemessene Antwort wichtig. Sollte man gegen die Rechtsextremen demonstrieren? Oder ist es besser, sie zu zu ignorieren und ins Leere laufen lassen? Ein Pro und Contra.","og_url":"https:\/\/blog.zeit.de\/stoerungsmelder\/2007\/12\/10\/nazis-ignorieren_150","og_site_name":"St\u00f6rungsmelder","article_published_time":"2007-12-10T14:26:44+00:00","author":"Joachim Wolf","twitter_card":"summary_large_image","twitter_misc":{"Geschrieben von":"Joachim Wolf","Gesch\u00e4tzte Lesezeit":"2\u00a0Minuten"},"schema":{"@context":"https:\/\/schema.org","@graph":[{"@type":"WebPage","@id":"https:\/\/blog.zeit.de\/stoerungsmelder\/2007\/12\/10\/nazis-ignorieren_150","url":"https:\/\/blog.zeit.de\/stoerungsmelder\/2007\/12\/10\/nazis-ignorieren_150","name":"Nazis ignorieren? - St\u00f6rungsmelder","isPartOf":{"@id":"https:\/\/blog.zeit.de\/stoerungsmelder\/#website"},"datePublished":"2007-12-10T14:26:44+00:00","dateModified":"2007-12-10T14:26:44+00:00","author":{"@id":"https:\/\/blog.zeit.de\/stoerungsmelder\/#\/schema\/person\/ab9f6c2908545083e53a5ed2d91888e6"},"breadcrumb":{"@id":"https:\/\/blog.zeit.de\/stoerungsmelder\/2007\/12\/10\/nazis-ignorieren_150#breadcrumb"},"inLanguage":"de","potentialAction":[{"@type":"ReadAction","target":["https:\/\/blog.zeit.de\/stoerungsmelder\/2007\/12\/10\/nazis-ignorieren_150"]}]},{"@type":"BreadcrumbList","@id":"https:\/\/blog.zeit.de\/stoerungsmelder\/2007\/12\/10\/nazis-ignorieren_150#breadcrumb","itemListElement":[{"@type":"ListItem","position":1,"name":"Startseite","item":"https:\/\/blog.zeit.de\/stoerungsmelder"},{"@type":"ListItem","position":2,"name":"Nazis ignorieren?"}]},{"@type":"WebSite","@id":"https:\/\/blog.zeit.de\/stoerungsmelder\/#website","url":"https:\/\/blog.zeit.de\/stoerungsmelder\/","name":"St\u00f6rungsmelder","description":"Recherchen und Analysen \u00fcber die extreme Rechte","potentialAction":[{"@type":"SearchAction","target":{"@type":"EntryPoint","urlTemplate":"https:\/\/blog.zeit.de\/stoerungsmelder\/?s={search_term_string}"},"query-input":"required name=search_term_string"}],"inLanguage":"de"},{"@type":"Person","@id":"https:\/\/blog.zeit.de\/stoerungsmelder\/#\/schema\/person\/ab9f6c2908545083e53a5ed2d91888e6","name":"Joachim Wolf","image":{"@type":"ImageObject","inLanguage":"de","@id":"https:\/\/blog.zeit.de\/stoerungsmelder\/#\/schema\/person\/image\/","url":"https:\/\/secure.gravatar.com\/avatar\/0b465240edec3d9648357ad2e3f997c1be2d26b0069e06ed5b1a59dd73929bc8?s=96&d=mm&r=pg","contentUrl":"https:\/\/secure.gravatar.com\/avatar\/0b465240edec3d9648357ad2e3f997c1be2d26b0069e06ed5b1a59dd73929bc8?s=96&d=mm&r=pg","caption":"Joachim Wolf"},"url":"https:\/\/blog.zeit.de\/stoerungsmelder\/author\/joachim-wolf"}]}},"jetpack_featured_media_url":"","jetpack_sharing_enabled":true,"_links":{"self":[{"href":"https:\/\/blog.zeit.de\/stoerungsmelder\/wp-json\/wp\/v2\/posts\/150","targetHints":{"allow":["GET"]}}],"collection":[{"href":"https:\/\/blog.zeit.de\/stoerungsmelder\/wp-json\/wp\/v2\/posts"}],"about":[{"href":"https:\/\/blog.zeit.de\/stoerungsmelder\/wp-json\/wp\/v2\/types\/post"}],"author":[{"embeddable":true,"href":"https:\/\/blog.zeit.de\/stoerungsmelder\/wp-json\/wp\/v2\/users\/237"}],"replies":[{"embeddable":true,"href":"https:\/\/blog.zeit.de\/stoerungsmelder\/wp-json\/wp\/v2\/comments?post=150"}],"version-history":[{"count":0,"href":"https:\/\/blog.zeit.de\/stoerungsmelder\/wp-json\/wp\/v2\/posts\/150\/revisions"}],"wp:attachment":[{"href":"https:\/\/blog.zeit.de\/stoerungsmelder\/wp-json\/wp\/v2\/media?parent=150"}],"wp:term":[{"taxonomy":"category","embeddable":true,"href":"https:\/\/blog.zeit.de\/stoerungsmelder\/wp-json\/wp\/v2\/categories?post=150"},{"taxonomy":"post_tag","embeddable":true,"href":"https:\/\/blog.zeit.de\/stoerungsmelder\/wp-json\/wp\/v2\/tags?post=150"}],"curies":[{"name":"wp","href":"https:\/\/api.w.org\/{rel}","templated":true}]}}