{"id":15184,"date":"2014-02-15T20:17:17","date_gmt":"2014-02-15T19:17:17","guid":{"rendered":"http:\/\/blog.zeit.de\/stoerungsmelder\/?p=15184"},"modified":"2014-02-21T09:19:14","modified_gmt":"2014-02-21T08:19:14","slug":"15184","status":"publish","type":"post","link":"https:\/\/blog.zeit.de\/stoerungsmelder\/2014\/02\/15\/15184_15184","title":{"rendered":"12. und 13. Februar in Dresden &#8211; Bildergalerie"},"content":{"rendered":"<p>Der 12. Februar 2014 sollte sich f\u00fcr die Neonaziszene als ideologischen Erfolg darstellen: W\u00e4hrend im Vorfeld mit einer zweistelligen Anzahl von Demonstranten gerechnet wurde, zogen 350 Neonazis direkt durch die historische Altstadt von Dresden &#8211; begleitet von Musik von Richard Wagner und einer massiven Polizeipr\u00e4senz.<\/p>\n<p>Den Gegendemonstranten gelang es nicht, den Naziaufmarsch zu verhindern oder nennenswert zu behindern. Einige Sitzblockaden wurden ger\u00e4umt. F\u00fcr den 13. Februar verzichteten die Neonazis auf eine weitere Veranstaltung. Das B\u00fcndnis Dresden-Nazifrei gelang es, f\u00fcr den T\u00e4terspurenmahngang mehr als 1000 Menschen zu mobilisieren. Die Stadt Dresden veranstaltete die Menschenkette, die allerdings von Nazis unterwandert wurde.<\/p>\n<p><!--more--><\/p>\n<p><div id='gallery-1' class='gallery galleryid-15184 gallery-columns-3 gallery-size-thumbnail'><figure class='gallery-item'>\n\t\t\t<div class='gallery-icon landscape'>\n\t\t\t\t<a href='https:\/\/blog.zeit.de\/stoerungsmelder\/files\/2014\/02\/Dresden011.jpg'><img loading=\"lazy\" decoding=\"async\" width=\"150\" height=\"150\" src=\"https:\/\/blog.zeit.de\/stoerungsmelder\/files\/2014\/02\/Dresden011-150x150.jpg\" class=\"attachment-thumbnail size-thumbnail\" alt=\"\" aria-describedby=\"gallery-1-15150\" \/><\/a>\n\t\t\t<\/div>\n\t\t\t\t<figcaption class='wp-caption-text gallery-caption' id='gallery-1-15150'>\n\t\t\t\tGegendemonstranten am 12. Februar. \u00a9 Silvio Werner\n\t\t\t\t<\/figcaption><\/figure><figure class='gallery-item'>\n\t\t\t<div class='gallery-icon landscape'>\n\t\t\t\t<a href='https:\/\/blog.zeit.de\/stoerungsmelder\/files\/2014\/02\/Dresden02-e1392489882845.jpg'><img loading=\"lazy\" decoding=\"async\" width=\"150\" height=\"150\" src=\"https:\/\/blog.zeit.de\/stoerungsmelder\/files\/2014\/02\/Dresden02-e1392489882845-150x150.jpg\" class=\"attachment-thumbnail size-thumbnail\" alt=\"\" aria-describedby=\"gallery-1-15156\" \/><\/a>\n\t\t\t<\/div>\n\t\t\t\t<figcaption class='wp-caption-text gallery-caption' id='gallery-1-15156'>\n\t\t\t\tPolizisten trennen Gegendemonstranten und Neonazis&#8230;  \u00a9 Silvio Werner\n\t\t\t\t<\/figcaption><\/figure><figure class='gallery-item'>\n\t\t\t<div class='gallery-icon landscape'>\n\t\t\t\t<a href='https:\/\/blog.zeit.de\/stoerungsmelder\/files\/2014\/02\/Dresden03-e1392489317256.jpg'><img loading=\"lazy\" decoding=\"async\" width=\"150\" height=\"150\" src=\"https:\/\/blog.zeit.de\/stoerungsmelder\/files\/2014\/02\/Dresden03-e1392489317256-150x150.jpg\" class=\"attachment-thumbnail size-thumbnail\" alt=\"\" aria-describedby=\"gallery-1-15158\" \/><\/a>\n\t\t\t<\/div>\n\t\t\t\t<figcaption class='wp-caption-text gallery-caption' id='gallery-1-15158'>\n\t\t\t\t&#8230; der gesamte Theaterplatz vor der Semperoper war ein Speerbereich.  \u00a9 Silvio Werner\n\t\t\t\t<\/figcaption><\/figure><figure class='gallery-item'>\n\t\t\t<div class='gallery-icon landscape'>\n\t\t\t\t<a href='https:\/\/blog.zeit.de\/stoerungsmelder\/files\/2014\/02\/Dresden04-e1392489355893.jpg'><img loading=\"lazy\" decoding=\"async\" width=\"150\" height=\"150\" src=\"https:\/\/blog.zeit.de\/stoerungsmelder\/files\/2014\/02\/Dresden04-e1392489355893-150x150.jpg\" class=\"attachment-thumbnail size-thumbnail\" alt=\"\" aria-describedby=\"gallery-1-15159\" \/><\/a>\n\t\t\t<\/div>\n\t\t\t\t<figcaption class='wp-caption-text gallery-caption' id='gallery-1-15159'>\n\t\t\t\tVor der geschichtstr\u00e4chtigen Semperoper gaben die Neonazis eine erste Kundgebung  \u00a9 Silvio Werner\n\t\t\t\t<\/figcaption><\/figure><figure class='gallery-item'>\n\t\t\t<div class='gallery-icon landscape'>\n\t\t\t\t<a href='https:\/\/blog.zeit.de\/stoerungsmelder\/files\/2014\/02\/Dresden05-e1392489374201.jpg'><img loading=\"lazy\" decoding=\"async\" width=\"150\" height=\"150\" src=\"https:\/\/blog.zeit.de\/stoerungsmelder\/files\/2014\/02\/Dresden05-e1392489374201-150x150.jpg\" class=\"attachment-thumbnail size-thumbnail\" alt=\"\" aria-describedby=\"gallery-1-15160\" \/><\/a>\n\t\t\t<\/div>\n\t\t\t\t<figcaption class='wp-caption-text gallery-caption' id='gallery-1-15160'>\n\t\t\t\tZu sehen sind unter anderem 2 verurteilte Neonazis aus Hoyerswerda. \u00a9 Silvio Werner \n\t\t\t\t<\/figcaption><\/figure><figure class='gallery-item'>\n\t\t\t<div class='gallery-icon landscape'>\n\t\t\t\t<a href='https:\/\/blog.zeit.de\/stoerungsmelder\/files\/2014\/02\/Dresden06-e1392489392242.jpg'><img loading=\"lazy\" decoding=\"async\" width=\"150\" height=\"150\" src=\"https:\/\/blog.zeit.de\/stoerungsmelder\/files\/2014\/02\/Dresden06-e1392489392242-150x150.jpg\" class=\"attachment-thumbnail size-thumbnail\" alt=\"\" aria-describedby=\"gallery-1-15161\" \/><\/a>\n\t\t\t<\/div>\n\t\t\t\t<figcaption class='wp-caption-text gallery-caption' id='gallery-1-15161'>\n\t\t\t\tMit Fackeln marschierten die Neonazis auf. \u00a9 Silvio Werner\n\t\t\t\t<\/figcaption><\/figure><figure class='gallery-item'>\n\t\t\t<div class='gallery-icon landscape'>\n\t\t\t\t<a href='https:\/\/blog.zeit.de\/stoerungsmelder\/files\/2014\/02\/Dresden07-e1392489410650.jpg'><img loading=\"lazy\" decoding=\"async\" width=\"150\" height=\"150\" src=\"https:\/\/blog.zeit.de\/stoerungsmelder\/files\/2014\/02\/Dresden07-e1392489410650-150x150.jpg\" class=\"attachment-thumbnail size-thumbnail\" alt=\"\" aria-describedby=\"gallery-1-15162\" \/><\/a>\n\t\t\t<\/div>\n\t\t\t\t<figcaption class='wp-caption-text gallery-caption' id='gallery-1-15162'>\n\t\t\t\tDie Demoroute f\u00fchrte direkt durch die Historische Altstadt. \u00a9 Silvio Werner\n\t\t\t\t<\/figcaption><\/figure><figure class='gallery-item'>\n\t\t\t<div class='gallery-icon landscape'>\n\t\t\t\t<a href='https:\/\/blog.zeit.de\/stoerungsmelder\/files\/2014\/02\/Dresden08-e1392489697946.jpg'><img loading=\"lazy\" decoding=\"async\" width=\"150\" height=\"150\" src=\"https:\/\/blog.zeit.de\/stoerungsmelder\/files\/2014\/02\/Dresden08-e1392489697946-150x150.jpg\" class=\"attachment-thumbnail size-thumbnail\" alt=\"\" aria-describedby=\"gallery-1-15163\" \/><\/a>\n\t\t\t<\/div>\n\t\t\t\t<figcaption class='wp-caption-text gallery-caption' id='gallery-1-15163'>\n\t\t\t\tDie Demoroute f\u00fchrte direkt durch die Historische Altstadt. \u00a9 Silvio Werner\n\t\t\t\t<\/figcaption><\/figure><figure class='gallery-item'>\n\t\t\t<div class='gallery-icon landscape'>\n\t\t\t\t<a href='https:\/\/blog.zeit.de\/stoerungsmelder\/files\/2014\/02\/Dresden09-e1392489690842.jpg'><img loading=\"lazy\" decoding=\"async\" width=\"150\" height=\"150\" src=\"https:\/\/blog.zeit.de\/stoerungsmelder\/files\/2014\/02\/Dresden09-e1392489690842-150x150.jpg\" class=\"attachment-thumbnail size-thumbnail\" alt=\"\" aria-describedby=\"gallery-1-15164\" \/><\/a>\n\t\t\t<\/div>\n\t\t\t\t<figcaption class='wp-caption-text gallery-caption' id='gallery-1-15164'>\n\t\t\t\tDie Demoroute f\u00fchrte direkt durch die Historische Altstadt. \u00a9 Silvio Werner\n\t\t\t\t<\/figcaption><\/figure><figure class='gallery-item'>\n\t\t\t<div class='gallery-icon landscape'>\n\t\t\t\t<a href='https:\/\/blog.zeit.de\/stoerungsmelder\/files\/2014\/02\/Dresden10-e1392489682353.jpg'><img loading=\"lazy\" decoding=\"async\" width=\"150\" height=\"150\" src=\"https:\/\/blog.zeit.de\/stoerungsmelder\/files\/2014\/02\/Dresden10-e1392489682353-150x150.jpg\" class=\"attachment-thumbnail size-thumbnail\" alt=\"\" aria-describedby=\"gallery-1-15165\" \/><\/a>\n\t\t\t<\/div>\n\t\t\t\t<figcaption class='wp-caption-text gallery-caption' id='gallery-1-15165'>\n\t\t\t\tDie Demoroute f\u00fchrte direkt durch die Historische Altstadt. \u00a9 Silvio Werner\n\t\t\t\t<\/figcaption><\/figure><figure class='gallery-item'>\n\t\t\t<div class='gallery-icon landscape'>\n\t\t\t\t<a href='https:\/\/blog.zeit.de\/stoerungsmelder\/files\/2014\/02\/Dresden11-e1392489676895.jpg'><img loading=\"lazy\" decoding=\"async\" width=\"150\" height=\"150\" src=\"https:\/\/blog.zeit.de\/stoerungsmelder\/files\/2014\/02\/Dresden11-e1392489676895-150x150.jpg\" class=\"attachment-thumbnail size-thumbnail\" alt=\"\" aria-describedby=\"gallery-1-15166\" \/><\/a>\n\t\t\t<\/div>\n\t\t\t\t<figcaption class='wp-caption-text gallery-caption' id='gallery-1-15166'>\n\t\t\t\tDie Demoroute f\u00fchrte direkt durch die Historische Altstadt. \u00a9 Silvio Werner\n\t\t\t\t<\/figcaption><\/figure><figure class='gallery-item'>\n\t\t\t<div class='gallery-icon landscape'>\n\t\t\t\t<a href='https:\/\/blog.zeit.de\/stoerungsmelder\/files\/2014\/02\/Dresden12-e1392489669327.jpg'><img loading=\"lazy\" decoding=\"async\" width=\"150\" height=\"150\" src=\"https:\/\/blog.zeit.de\/stoerungsmelder\/files\/2014\/02\/Dresden12-e1392489669327-150x150.jpg\" class=\"attachment-thumbnail size-thumbnail\" alt=\"\" aria-describedby=\"gallery-1-15167\" \/><\/a>\n\t\t\t<\/div>\n\t\t\t\t<figcaption class='wp-caption-text gallery-caption' id='gallery-1-15167'>\n\t\t\t\tAbtransport eines Gegendemonstranten, der sich auf die Stra\u00dfe setzte.  \u00a9 Silvio Werner \n\t\t\t\t<\/figcaption><\/figure><figure class='gallery-item'>\n\t\t\t<div class='gallery-icon landscape'>\n\t\t\t\t<a href='https:\/\/blog.zeit.de\/stoerungsmelder\/files\/2014\/02\/Dresden13-e1392489663479.jpg'><img loading=\"lazy\" decoding=\"async\" width=\"150\" height=\"150\" src=\"https:\/\/blog.zeit.de\/stoerungsmelder\/files\/2014\/02\/Dresden13-e1392489663479-150x150.jpg\" class=\"attachment-thumbnail size-thumbnail\" alt=\"\" aria-describedby=\"gallery-1-15168\" \/><\/a>\n\t\t\t<\/div>\n\t\t\t\t<figcaption class='wp-caption-text gallery-caption' id='gallery-1-15168'>\n\t\t\t\tDie Neonazis inszenierten ihr &#8222;Gedenken&#8220; mit Musik von Wagner und einer Kranzniederlegung.  \u00a9 Silvio Werner\n\t\t\t\t<\/figcaption><\/figure><figure class='gallery-item'>\n\t\t\t<div class='gallery-icon landscape'>\n\t\t\t\t<a href='https:\/\/blog.zeit.de\/stoerungsmelder\/files\/2014\/02\/Dresden14-e1392489611213.jpg'><img loading=\"lazy\" decoding=\"async\" width=\"150\" height=\"150\" src=\"https:\/\/blog.zeit.de\/stoerungsmelder\/files\/2014\/02\/Dresden14-e1392489611213-150x150.jpg\" class=\"attachment-thumbnail size-thumbnail\" alt=\"\" aria-describedby=\"gallery-1-15169\" \/><\/a>\n\t\t\t<\/div>\n\t\t\t\t<figcaption class='wp-caption-text gallery-caption' id='gallery-1-15169'>\n\t\t\t\tDie Neonazis durften vor dem Tr\u00fcmmerfrauen-Denkmal eine Zwischenkundgebung und Schweigeminute einlegen. Dies sorgte f\u00fcr Emp\u00f6rung.  \u00a9 Silvio Werner\n\t\t\t\t<\/figcaption><\/figure><figure class='gallery-item'>\n\t\t\t<div class='gallery-icon landscape'>\n\t\t\t\t<a href='https:\/\/blog.zeit.de\/stoerungsmelder\/files\/2014\/02\/Dresden15-e1392489617340.jpg'><img loading=\"lazy\" decoding=\"async\" width=\"150\" height=\"150\" src=\"https:\/\/blog.zeit.de\/stoerungsmelder\/files\/2014\/02\/Dresden15-e1392489617340-150x150.jpg\" class=\"attachment-thumbnail size-thumbnail\" alt=\"\" aria-describedby=\"gallery-1-15170\" \/><\/a>\n\t\t\t<\/div>\n\t\t\t\t<figcaption class='wp-caption-text gallery-caption' id='gallery-1-15170'>\n\t\t\t\tEin Fotograf wird von Polizisten angesprochen und der Versammlung verwiesen. Er bes\u00e4\u00dfe nur einen abgelaufenen Presseausweis.  \u00a9 Silvio Werner\n\t\t\t\t<\/figcaption><\/figure><figure class='gallery-item'>\n\t\t\t<div class='gallery-icon landscape'>\n\t\t\t\t<a href='https:\/\/blog.zeit.de\/stoerungsmelder\/files\/2014\/02\/Dresden16-e1392489577481.jpg'><img loading=\"lazy\" decoding=\"async\" width=\"150\" height=\"150\" src=\"https:\/\/blog.zeit.de\/stoerungsmelder\/files\/2014\/02\/Dresden16-e1392489577481-150x150.jpg\" class=\"attachment-thumbnail size-thumbnail\" alt=\"\" aria-describedby=\"gallery-1-15171\" \/><\/a>\n\t\t\t<\/div>\n\t\t\t\t<figcaption class='wp-caption-text gallery-caption' id='gallery-1-15171'>\n\t\t\t\tDie Aktion der Nazis am Denkmal wirkte nicht pathetisch, sondern verst\u00f6rend.  \u00a9 Silvio Werner\n\t\t\t\t<\/figcaption><\/figure><figure class='gallery-item'>\n\t\t\t<div class='gallery-icon landscape'>\n\t\t\t\t<a href='https:\/\/blog.zeit.de\/stoerungsmelder\/files\/2014\/02\/Dresden17-e1392489570318.jpg'><img loading=\"lazy\" decoding=\"async\" width=\"150\" height=\"150\" src=\"https:\/\/blog.zeit.de\/stoerungsmelder\/files\/2014\/02\/Dresden17-e1392489570318-150x150.jpg\" class=\"attachment-thumbnail size-thumbnail\" alt=\"\" \/><\/a>\n\t\t\t<\/div><\/figure><figure class='gallery-item'>\n\t\t\t<div class='gallery-icon landscape'>\n\t\t\t\t<a href='https:\/\/blog.zeit.de\/stoerungsmelder\/files\/2014\/02\/Dresden18-e1392489559198.jpg'><img loading=\"lazy\" decoding=\"async\" width=\"150\" height=\"150\" src=\"https:\/\/blog.zeit.de\/stoerungsmelder\/files\/2014\/02\/Dresden18-e1392489559198-150x150.jpg\" class=\"attachment-thumbnail size-thumbnail\" alt=\"\" aria-describedby=\"gallery-1-15173\" \/><\/a>\n\t\t\t<\/div>\n\t\t\t\t<figcaption class='wp-caption-text gallery-caption' id='gallery-1-15173'>\n\t\t\t\tDie von der Stadt genehmigte Demonstrationroute f\u00fchrte direkt am Rathaus vorbei.  \u00a9 Silvio Werner\n\t\t\t\t<\/figcaption><\/figure><figure class='gallery-item'>\n\t\t\t<div class='gallery-icon landscape'>\n\t\t\t\t<a href='https:\/\/blog.zeit.de\/stoerungsmelder\/files\/2014\/02\/Dresden19-e1392489553102.jpg'><img loading=\"lazy\" decoding=\"async\" width=\"150\" height=\"150\" src=\"https:\/\/blog.zeit.de\/stoerungsmelder\/files\/2014\/02\/Dresden19-e1392489553102-150x150.jpg\" class=\"attachment-thumbnail size-thumbnail\" alt=\"\" aria-describedby=\"gallery-1-15174\" \/><\/a>\n\t\t\t<\/div>\n\t\t\t\t<figcaption class='wp-caption-text gallery-caption' id='gallery-1-15174'>\n\t\t\t\tEine der Sitzblockaden der Gegner wird ger\u00e4umt. \u00a9 Silvio Werner\n\t\t\t\t<\/figcaption><\/figure><figure class='gallery-item'>\n\t\t\t<div class='gallery-icon landscape'>\n\t\t\t\t<a href='https:\/\/blog.zeit.de\/stoerungsmelder\/files\/2014\/02\/Dresden20-e1392491041203.jpg'><img loading=\"lazy\" decoding=\"async\" width=\"150\" height=\"150\" src=\"https:\/\/blog.zeit.de\/stoerungsmelder\/files\/2014\/02\/Dresden20-e1392491041203-150x150.jpg\" class=\"attachment-thumbnail size-thumbnail\" alt=\"\" aria-describedby=\"gallery-1-15175\" \/><\/a>\n\t\t\t<\/div>\n\t\t\t\t<figcaption class='wp-caption-text gallery-caption' id='gallery-1-15175'>\n\t\t\t\tDie Initiative Dresden-Nazifrei veranstaltete am 13. Februar den T\u00e4terspurenmahngang.  \u00a9 Silvio Werner\n\t\t\t\t<\/figcaption><\/figure><figure class='gallery-item'>\n\t\t\t<div class='gallery-icon landscape'>\n\t\t\t\t<a href='https:\/\/blog.zeit.de\/stoerungsmelder\/files\/2014\/02\/Dresden21-e1392489542727.jpg'><img loading=\"lazy\" decoding=\"async\" width=\"150\" height=\"150\" src=\"https:\/\/blog.zeit.de\/stoerungsmelder\/files\/2014\/02\/Dresden21-e1392489542727-150x150.jpg\" class=\"attachment-thumbnail size-thumbnail\" alt=\"\" aria-describedby=\"gallery-1-15176\" \/><\/a>\n\t\t\t<\/div>\n\t\t\t\t<figcaption class='wp-caption-text gallery-caption' id='gallery-1-15176'>\n\t\t\t\tDie Menschenkette an der Prager Stra\u00dfe&#8230;  \u00a9 Silvio Werner\n\t\t\t\t<\/figcaption><\/figure><figure class='gallery-item'>\n\t\t\t<div class='gallery-icon landscape'>\n\t\t\t\t<a href='https:\/\/blog.zeit.de\/stoerungsmelder\/files\/2014\/02\/Dresden22-e1392489535510.jpg'><img loading=\"lazy\" decoding=\"async\" width=\"150\" height=\"150\" src=\"https:\/\/blog.zeit.de\/stoerungsmelder\/files\/2014\/02\/Dresden22-e1392489535510-150x150.jpg\" class=\"attachment-thumbnail size-thumbnail\" alt=\"\" aria-describedby=\"gallery-1-15177\" \/><\/a>\n\t\t\t<\/div>\n\t\t\t\t<figcaption class='wp-caption-text gallery-caption' id='gallery-1-15177'>\n\t\t\t\t&#8230; zeitgleich und nur wenige Meter voneinander entfernt fand eine Demo gegen Nazis statt.  \u00a9 Silvio Werner\n\t\t\t\t<\/figcaption><\/figure><figure class='gallery-item'>\n\t\t\t<div class='gallery-icon landscape'>\n\t\t\t\t<a href='https:\/\/blog.zeit.de\/stoerungsmelder\/files\/2014\/02\/Dresden23-e1392489527563.jpg'><img loading=\"lazy\" decoding=\"async\" width=\"150\" height=\"150\" src=\"https:\/\/blog.zeit.de\/stoerungsmelder\/files\/2014\/02\/Dresden23-e1392489527563-150x150.jpg\" class=\"attachment-thumbnail size-thumbnail\" alt=\"\" aria-describedby=\"gallery-1-15178\" \/><\/a>\n\t\t\t<\/div>\n\t\t\t\t<figcaption class='wp-caption-text gallery-caption' id='gallery-1-15178'>\n\t\t\t\tVor der Frauenkirche wurden Kerzen niedergelegt&#8230;  \u00a9 Silvio Werner\n\t\t\t\t<\/figcaption><\/figure><figure class='gallery-item'>\n\t\t\t<div class='gallery-icon landscape'>\n\t\t\t\t<a href='https:\/\/blog.zeit.de\/stoerungsmelder\/files\/2014\/02\/Dresden24-e1392489517539.jpg'><img loading=\"lazy\" decoding=\"async\" width=\"150\" height=\"150\" src=\"https:\/\/blog.zeit.de\/stoerungsmelder\/files\/2014\/02\/Dresden24-e1392489517539-150x150.jpg\" class=\"attachment-thumbnail size-thumbnail\" alt=\"\" aria-describedby=\"gallery-1-15179\" \/><\/a>\n\t\t\t<\/div>\n\t\t\t\t<figcaption class='wp-caption-text gallery-caption' id='gallery-1-15179'>\n\t\t\t\t&#8230; w\u00e4hrend zeitgleich einige Demonstranten in einem Polizeikessel festgehalten wurden.  \u00a9 Silvio Werner\n\t\t\t\t<\/figcaption><\/figure><figure class='gallery-item'>\n\t\t\t<div class='gallery-icon landscape'>\n\t\t\t\t<a href='https:\/\/blog.zeit.de\/stoerungsmelder\/files\/2014\/02\/Dresden25-e1392489507684.jpg'><img loading=\"lazy\" decoding=\"async\" width=\"150\" height=\"150\" src=\"https:\/\/blog.zeit.de\/stoerungsmelder\/files\/2014\/02\/Dresden25-e1392489507684-150x150.jpg\" class=\"attachment-thumbnail size-thumbnail\" alt=\"\" aria-describedby=\"gallery-1-15180\" \/><\/a>\n\t\t\t<\/div>\n\t\t\t\t<figcaption class='wp-caption-text gallery-caption' id='gallery-1-15180'>\n\t\t\t\tDer Kessel wurde aufgel\u00f6st, ohne dass Personalien aufgenommen wurden.  \u00a9 Silvio Werner\n\t\t\t\t<\/figcaption><\/figure><figure class='gallery-item'>\n\t\t\t<div class='gallery-icon landscape'>\n\t\t\t\t<a href='https:\/\/blog.zeit.de\/stoerungsmelder\/files\/2014\/02\/Dresden26-e1392489456235.jpg'><img loading=\"lazy\" decoding=\"async\" width=\"150\" height=\"150\" src=\"https:\/\/blog.zeit.de\/stoerungsmelder\/files\/2014\/02\/Dresden26-e1392489456235-150x150.jpg\" class=\"attachment-thumbnail size-thumbnail\" alt=\"\" aria-describedby=\"gallery-1-15181\" \/><\/a>\n\t\t\t<\/div>\n\t\t\t\t<figcaption class='wp-caption-text gallery-caption' id='gallery-1-15181'>\n\t\t\t\tNach der Demonstration kam es zu einer volksfest\u00e4hnlichen Veranstaltung in der Innenstadt, hier am Postplatz.  \u00a9 Silvio Werner\n\t\t\t\t<\/figcaption><\/figure><figure class='gallery-item'>\n\t\t\t<div class='gallery-icon landscape'>\n\t\t\t\t<a href='https:\/\/blog.zeit.de\/stoerungsmelder\/files\/2014\/02\/Dresden27.jpg'><img loading=\"lazy\" decoding=\"async\" width=\"150\" height=\"150\" src=\"https:\/\/blog.zeit.de\/stoerungsmelder\/files\/2014\/02\/Dresden27-150x150.jpg\" class=\"attachment-thumbnail size-thumbnail\" alt=\"\" aria-describedby=\"gallery-1-15182\" \/><\/a>\n\t\t\t<\/div>\n\t\t\t\t<figcaption class='wp-caption-text gallery-caption' id='gallery-1-15182'>\n\t\t\t\tDie Gegendemonstranten bezogen deutliche Stellung &#8211; konnten den Naziaufmarsch am Vortag aber nicht verhindern.  \u00a9 Silvio Werner\n\t\t\t\t<\/figcaption><\/figure><figure class='gallery-item'>\n\t\t\t<div class='gallery-icon landscape'>\n\t\t\t\t<a href='https:\/\/blog.zeit.de\/stoerungsmelder\/files\/2014\/02\/Dresden28.jpg'><img loading=\"lazy\" decoding=\"async\" width=\"150\" height=\"150\" src=\"https:\/\/blog.zeit.de\/stoerungsmelder\/files\/2014\/02\/Dresden28-150x150.jpg\" class=\"attachment-thumbnail size-thumbnail\" alt=\"\" aria-describedby=\"gallery-1-15183\" \/><\/a>\n\t\t\t<\/div>\n\t\t\t\t<figcaption class='wp-caption-text gallery-caption' id='gallery-1-15183'>\n\t\t\t\tMitten auf der Prager-Stra\u00dfe kam es zu einer Kundgebung der Nazi-Gegner.  \u00a9 Silvio Werner\n\t\t\t\t<\/figcaption><\/figure>\n\t\t<\/div>\n<\/p>\n","protected":false},"excerpt":{"rendered":"<p>Der 12. Februar 2014 sollte sich f\u00fcr die Neonaziszene als ideologischen Erfolg darstellen: W\u00e4hrend im Vorfeld mit einer zweistelligen Anzahl von Demonstranten gerechnet wurde, zogen 350 Neonazis direkt durch die historische Altstadt von Dresden &#8211; begleitet von Musik von Richard Wagner und einer massiven Polizeipr\u00e4senz. Den Gegendemonstranten gelang es nicht, den Naziaufmarsch zu verhindern oder [&hellip;]<\/p>\n","protected":false},"author":439,"featured_media":0,"comment_status":"open","ping_status":"open","sticky":false,"template":"","format":"standard","meta":{"_jetpack_memberships_contains_paid_content":false,"footnotes":""},"categories":[1456],"tags":[28245,1539,1711,1795],"class_list":["post-15184","post","type-post","status-publish","format-standard","hentry","category-sachsen","tag-bombenholocaust","tag-dresden","tag-neonazis","tag-sitzblockade"],"yoast_head":"<!-- This site is optimized with the Yoast SEO plugin v21.0 - https:\/\/yoast.com\/wordpress\/plugins\/seo\/ -->\n<title>12. und 13. Februar in Dresden - Bildergalerie - St\u00f6rungsmelder<\/title>\n<meta name=\"robots\" content=\"index, follow, max-snippet:-1, max-image-preview:large, max-video-preview:-1\" \/>\n<link rel=\"canonical\" href=\"https:\/\/blog.zeit.de\/stoerungsmelder\/2014\/02\/15\/15184_15184\" \/>\n<meta property=\"og:locale\" content=\"de_DE\" \/>\n<meta property=\"og:type\" content=\"article\" \/>\n<meta property=\"og:title\" content=\"12. und 13. Februar in Dresden - Bildergalerie - St\u00f6rungsmelder\" \/>\n<meta property=\"og:description\" content=\"Der 12. Februar 2014 sollte sich f\u00fcr die Neonaziszene als ideologischen Erfolg darstellen: W\u00e4hrend im Vorfeld mit einer zweistelligen Anzahl von Demonstranten gerechnet wurde, zogen 350 Neonazis direkt durch die historische Altstadt von Dresden &#8211; begleitet von Musik von Richard Wagner und einer massiven Polizeipr\u00e4senz. Den Gegendemonstranten gelang es nicht, den Naziaufmarsch zu verhindern oder [&hellip;]\" \/>\n<meta property=\"og:url\" content=\"https:\/\/blog.zeit.de\/stoerungsmelder\/2014\/02\/15\/15184_15184\" \/>\n<meta property=\"og:site_name\" content=\"St\u00f6rungsmelder\" \/>\n<meta property=\"article:published_time\" content=\"2014-02-15T19:17:17+00:00\" \/>\n<meta property=\"article:modified_time\" content=\"2014-02-21T08:19:14+00:00\" \/>\n<meta property=\"og:image\" content=\"https:\/\/blog.zeit.de\/stoerungsmelder\/files\/2014\/02\/Dresden011-150x150.jpg\" \/>\n<meta name=\"author\" content=\"Silvio Werner\" \/>\n<meta name=\"twitter:card\" content=\"summary_large_image\" \/>\n<meta name=\"twitter:label1\" content=\"Geschrieben von\" \/>\n\t<meta name=\"twitter:data1\" content=\"Silvio Werner\" \/>\n\t<meta name=\"twitter:label2\" content=\"Gesch\u00e4tzte Lesezeit\" \/>\n\t<meta name=\"twitter:data2\" content=\"1\u00a0Minute\" \/>\n<script type=\"application\/ld+json\" class=\"yoast-schema-graph\">{\"@context\":\"https:\/\/schema.org\",\"@graph\":[{\"@type\":\"WebPage\",\"@id\":\"https:\/\/blog.zeit.de\/stoerungsmelder\/2014\/02\/15\/15184_15184\",\"url\":\"https:\/\/blog.zeit.de\/stoerungsmelder\/2014\/02\/15\/15184_15184\",\"name\":\"12. und 13. Februar in Dresden - Bildergalerie - St\u00f6rungsmelder\",\"isPartOf\":{\"@id\":\"https:\/\/blog.zeit.de\/stoerungsmelder\/#website\"},\"datePublished\":\"2014-02-15T19:17:17+00:00\",\"dateModified\":\"2014-02-21T08:19:14+00:00\",\"author\":{\"@id\":\"https:\/\/blog.zeit.de\/stoerungsmelder\/#\/schema\/person\/2cade6163f0e7983b307dfd703b26c11\"},\"breadcrumb\":{\"@id\":\"https:\/\/blog.zeit.de\/stoerungsmelder\/2014\/02\/15\/15184_15184#breadcrumb\"},\"inLanguage\":\"de\",\"potentialAction\":[{\"@type\":\"ReadAction\",\"target\":[\"https:\/\/blog.zeit.de\/stoerungsmelder\/2014\/02\/15\/15184_15184\"]}]},{\"@type\":\"BreadcrumbList\",\"@id\":\"https:\/\/blog.zeit.de\/stoerungsmelder\/2014\/02\/15\/15184_15184#breadcrumb\",\"itemListElement\":[{\"@type\":\"ListItem\",\"position\":1,\"name\":\"Startseite\",\"item\":\"https:\/\/blog.zeit.de\/stoerungsmelder\"},{\"@type\":\"ListItem\",\"position\":2,\"name\":\"12. und 13. Februar in Dresden &#8211; Bildergalerie\"}]},{\"@type\":\"WebSite\",\"@id\":\"https:\/\/blog.zeit.de\/stoerungsmelder\/#website\",\"url\":\"https:\/\/blog.zeit.de\/stoerungsmelder\/\",\"name\":\"St\u00f6rungsmelder\",\"description\":\"Recherchen und Analysen \u00fcber die extreme Rechte\",\"potentialAction\":[{\"@type\":\"SearchAction\",\"target\":{\"@type\":\"EntryPoint\",\"urlTemplate\":\"https:\/\/blog.zeit.de\/stoerungsmelder\/?s={search_term_string}\"},\"query-input\":\"required name=search_term_string\"}],\"inLanguage\":\"de\"},{\"@type\":\"Person\",\"@id\":\"https:\/\/blog.zeit.de\/stoerungsmelder\/#\/schema\/person\/2cade6163f0e7983b307dfd703b26c11\",\"name\":\"Silvio Werner\",\"image\":{\"@type\":\"ImageObject\",\"inLanguage\":\"de\",\"@id\":\"https:\/\/blog.zeit.de\/stoerungsmelder\/#\/schema\/person\/image\/\",\"url\":\"https:\/\/secure.gravatar.com\/avatar\/096d3a80ac0518a5fa1adfd05e3227a5bbd66510473899cf4e23bdd3e5bddc85?s=96&d=mm&r=pg\",\"contentUrl\":\"https:\/\/secure.gravatar.com\/avatar\/096d3a80ac0518a5fa1adfd05e3227a5bbd66510473899cf4e23bdd3e5bddc85?s=96&d=mm&r=pg\",\"caption\":\"Silvio Werner\"},\"url\":\"https:\/\/blog.zeit.de\/stoerungsmelder\/author\/silviowerner\"}]}<\/script>\n<!-- \/ Yoast SEO plugin. -->","yoast_head_json":{"title":"12. und 13. Februar in Dresden - Bildergalerie - St\u00f6rungsmelder","robots":{"index":"index","follow":"follow","max-snippet":"max-snippet:-1","max-image-preview":"max-image-preview:large","max-video-preview":"max-video-preview:-1"},"canonical":"https:\/\/blog.zeit.de\/stoerungsmelder\/2014\/02\/15\/15184_15184","og_locale":"de_DE","og_type":"article","og_title":"12. und 13. Februar in Dresden - Bildergalerie - St\u00f6rungsmelder","og_description":"Der 12. Februar 2014 sollte sich f\u00fcr die Neonaziszene als ideologischen Erfolg darstellen: W\u00e4hrend im Vorfeld mit einer zweistelligen Anzahl von Demonstranten gerechnet wurde, zogen 350 Neonazis direkt durch die historische Altstadt von Dresden &#8211; begleitet von Musik von Richard Wagner und einer massiven Polizeipr\u00e4senz. Den Gegendemonstranten gelang es nicht, den Naziaufmarsch zu verhindern oder [&hellip;]","og_url":"https:\/\/blog.zeit.de\/stoerungsmelder\/2014\/02\/15\/15184_15184","og_site_name":"St\u00f6rungsmelder","article_published_time":"2014-02-15T19:17:17+00:00","article_modified_time":"2014-02-21T08:19:14+00:00","og_image":[{"url":"https:\/\/blog.zeit.de\/stoerungsmelder\/files\/2014\/02\/Dresden011-150x150.jpg"}],"author":"Silvio Werner","twitter_card":"summary_large_image","twitter_misc":{"Geschrieben von":"Silvio Werner","Gesch\u00e4tzte Lesezeit":"1\u00a0Minute"},"schema":{"@context":"https:\/\/schema.org","@graph":[{"@type":"WebPage","@id":"https:\/\/blog.zeit.de\/stoerungsmelder\/2014\/02\/15\/15184_15184","url":"https:\/\/blog.zeit.de\/stoerungsmelder\/2014\/02\/15\/15184_15184","name":"12. und 13. Februar in Dresden - Bildergalerie - St\u00f6rungsmelder","isPartOf":{"@id":"https:\/\/blog.zeit.de\/stoerungsmelder\/#website"},"datePublished":"2014-02-15T19:17:17+00:00","dateModified":"2014-02-21T08:19:14+00:00","author":{"@id":"https:\/\/blog.zeit.de\/stoerungsmelder\/#\/schema\/person\/2cade6163f0e7983b307dfd703b26c11"},"breadcrumb":{"@id":"https:\/\/blog.zeit.de\/stoerungsmelder\/2014\/02\/15\/15184_15184#breadcrumb"},"inLanguage":"de","potentialAction":[{"@type":"ReadAction","target":["https:\/\/blog.zeit.de\/stoerungsmelder\/2014\/02\/15\/15184_15184"]}]},{"@type":"BreadcrumbList","@id":"https:\/\/blog.zeit.de\/stoerungsmelder\/2014\/02\/15\/15184_15184#breadcrumb","itemListElement":[{"@type":"ListItem","position":1,"name":"Startseite","item":"https:\/\/blog.zeit.de\/stoerungsmelder"},{"@type":"ListItem","position":2,"name":"12. und 13. Februar in Dresden &#8211; Bildergalerie"}]},{"@type":"WebSite","@id":"https:\/\/blog.zeit.de\/stoerungsmelder\/#website","url":"https:\/\/blog.zeit.de\/stoerungsmelder\/","name":"St\u00f6rungsmelder","description":"Recherchen und Analysen \u00fcber die extreme Rechte","potentialAction":[{"@type":"SearchAction","target":{"@type":"EntryPoint","urlTemplate":"https:\/\/blog.zeit.de\/stoerungsmelder\/?s={search_term_string}"},"query-input":"required name=search_term_string"}],"inLanguage":"de"},{"@type":"Person","@id":"https:\/\/blog.zeit.de\/stoerungsmelder\/#\/schema\/person\/2cade6163f0e7983b307dfd703b26c11","name":"Silvio Werner","image":{"@type":"ImageObject","inLanguage":"de","@id":"https:\/\/blog.zeit.de\/stoerungsmelder\/#\/schema\/person\/image\/","url":"https:\/\/secure.gravatar.com\/avatar\/096d3a80ac0518a5fa1adfd05e3227a5bbd66510473899cf4e23bdd3e5bddc85?s=96&d=mm&r=pg","contentUrl":"https:\/\/secure.gravatar.com\/avatar\/096d3a80ac0518a5fa1adfd05e3227a5bbd66510473899cf4e23bdd3e5bddc85?s=96&d=mm&r=pg","caption":"Silvio Werner"},"url":"https:\/\/blog.zeit.de\/stoerungsmelder\/author\/silviowerner"}]}},"jetpack_featured_media_url":"","jetpack_sharing_enabled":true,"_links":{"self":[{"href":"https:\/\/blog.zeit.de\/stoerungsmelder\/wp-json\/wp\/v2\/posts\/15184","targetHints":{"allow":["GET"]}}],"collection":[{"href":"https:\/\/blog.zeit.de\/stoerungsmelder\/wp-json\/wp\/v2\/posts"}],"about":[{"href":"https:\/\/blog.zeit.de\/stoerungsmelder\/wp-json\/wp\/v2\/types\/post"}],"author":[{"embeddable":true,"href":"https:\/\/blog.zeit.de\/stoerungsmelder\/wp-json\/wp\/v2\/users\/439"}],"replies":[{"embeddable":true,"href":"https:\/\/blog.zeit.de\/stoerungsmelder\/wp-json\/wp\/v2\/comments?post=15184"}],"version-history":[{"count":11,"href":"https:\/\/blog.zeit.de\/stoerungsmelder\/wp-json\/wp\/v2\/posts\/15184\/revisions"}],"predecessor-version":[{"id":15228,"href":"https:\/\/blog.zeit.de\/stoerungsmelder\/wp-json\/wp\/v2\/posts\/15184\/revisions\/15228"}],"wp:attachment":[{"href":"https:\/\/blog.zeit.de\/stoerungsmelder\/wp-json\/wp\/v2\/media?parent=15184"}],"wp:term":[{"taxonomy":"category","embeddable":true,"href":"https:\/\/blog.zeit.de\/stoerungsmelder\/wp-json\/wp\/v2\/categories?post=15184"},{"taxonomy":"post_tag","embeddable":true,"href":"https:\/\/blog.zeit.de\/stoerungsmelder\/wp-json\/wp\/v2\/tags?post=15184"}],"curies":[{"name":"wp","href":"https:\/\/api.w.org\/{rel}","templated":true}]}}