{"id":15200,"date":"2014-02-18T15:48:50","date_gmt":"2014-02-18T14:48:50","guid":{"rendered":"http:\/\/blog.zeit.de\/stoerungsmelder\/?p=15200"},"modified":"2014-02-18T15:48:50","modified_gmt":"2014-02-18T14:48:50","slug":"prozessbeginn-nach-brutalem-nazi-angriff-in-bernburg","status":"publish","type":"post","link":"https:\/\/blog.zeit.de\/stoerungsmelder\/2014\/02\/18\/prozessbeginn-nach-brutalem-nazi-angriff-in-bernburg_15200","title":{"rendered":"Prozessbeginn nach brutalem Nazi-Angriff in Bernburg"},"content":{"rendered":"<p>Neun M\u00e4nner traten im September einen T\u00fcrken aus Bernburg in Sachsen-Anhalt fast zu Tode. Die Staatsanwalt sieht kein rassistisches Motiv, obwohl Worte wie &#8222;Schei\u00df Ausl\u00e4nder&#8220; geh\u00f6rt wurden. Der Prozessauftakt verlief leise.<!--more--><\/p>\n<p><em>Von <a href=\"http:\/\/www.tagesspiegel.de\/politik\/rechtsextremismus-mutmassliche-schlaeger-von-bernburg-schweigen-beim-prozessauftakt\/9500268.html\" target=\"_blank\">Tagesspiegel<\/a>-Autor Frank Jansen<\/em><\/p>\n<p>Neun M\u00e4nner betreten nacheinander den Saal, der Trupp wuchtiger und schm\u00e4chtiger Typen k\u00f6nnte als Panoptikum der rechten Szene auftreten. Glatzen, Zickenb\u00e4rte, ein wei\u00dfblond gef\u00e4rbter Scheitelschnitt, T\u00e4towierungen bis zum Hals, schwarze Kapuzenjacken, Turnschuhe, eine Wollm\u00fctze der Marke Thor Steinar \u2013 es ist fast alles dabei, was selbsternannte Kerndeutschen heute so vorzeigen, von altmodisch kahlrasierten Sch\u00e4deln \u00fcber den Rockerhabitus bis zum aktuellen Disco-Style.<\/p>\n<p>Die neun Kerle sind am Dienstag allerdings nicht nach Magdeburg gekommen, um Szenelook von heute und gestern zu pr\u00e4sentieren.Sie sind angeklagt, sich im September 2013 an einem Gewaltexzess beteiligt zu haben, bei dem ein T\u00fcrke beinahe starb. Mehrere M\u00e4nner werden in Handschellen vorgef\u00fchrt.<\/p>\n<p><strong>Keiner der Angeklagten \u00e4u\u00dfert sich<\/strong><\/p>\n<p>Der Prozess am Landgericht Magdeburg beginnt allerdings leise. Keiner der Angeklagten will sich zu den Tatvorw\u00fcrfen einlassen, auch zu ihren pers\u00f6nlichen Verh\u00e4ltnissen sagen die Rechten im Alter von 24 bis 33 Jahren nichts. Mit trotzigen Mienen haben sie geh\u00f6rt, was Staatsanw\u00e4ltin Ute Vieweg aus der Anklage vorgetragen hat. Die m\u00f6glicherweise nicht einmal die volle Dimension der Tat darstellt, was der Staatsanwaltschaft schon heftige Kritik eingetragen hat.<\/p>\n<p><strong>Neun M\u00e4nner pr\u00fcgeln auf Imbissbesitzer ein<\/strong><\/p>\n<p>Laut Anklage feiern die M\u00e4nner am 21. September 2013 den Junggesellenabschied eines Mitglieds der Clique. Am Abend stehen die neun im Bahnhof der Kleinstadt Bernburg, angetrunken und mit einem Kasten Bier in der Mitte. Maik R. p\u00f6belt eine junge Deutsche an. Sie arbeitet im t\u00fcrkischen Imbiss im Bahnhof und schlie\u00dft die Fenster. Maik R. beschimpft sie als \u201eT\u00fcrkenschlampe\u201c, der Betreiber des Lokals eilt seiner Freundin zu Hilfe. Maik R. beleidigt den T\u00fcrken als \u201eSchei\u00dfvieh\u201c und wirft ihm eine Flasche Bier ins Gesicht. Die acht Kumpane von R. kommen hinzu, jetzt pr\u00fcgeln alle zusammen den T\u00fcrken.<\/p>\n<p>Als er bewusstlos am Boden liegt, treten Maik R., Patrick S., Marco L. und Michel M. auf den Mann ein. Maik R. und Patrick S. h\u00e4tten \u201estampfend von oben auf den Kopf\u201c getreten, sagt die Staatsanw\u00e4ltin. Der T\u00fcrke erleidet einen Sch\u00e4delbasisbruch und weitere, lebensgef\u00e4hrliche Verletzungen am Kopf.<\/p>\n<p>Zwei Rechte attackieren auch die Freundin des T\u00fcrken, sie geht ebenfalls zu Boden. Ein ausl\u00e4ndischer Zeuge, der dem Paar helfen will, wird auch zusammengeschlagen. Dann haut die Clique ab, wird jedoch von der Polizei noch in der N\u00e4he des Bahnhofs erwischt.<\/p>\n<p><strong>Staatsanwaltschaft sieht keinen versuchten Mord<\/strong><\/p>\n<p>So stellt sich f\u00fcr die Staatsanwaltschaft der Tatablauf dar. Ein rassistisches Motiv erscheint nicht nur nahe liegend, weil Maik R. \u201eT\u00fcrkenschlampe\u201c gesagt haben soll. Der ebenfalls verpr\u00fcgelte ausl\u00e4ndische Zeuge hat der Polizei berichtet, die Angreifer h\u00e4tten den Imbissbetreiber \u201eSchei\u00df Ausl\u00e4nder\u201c und \u201eSchei\u00df T\u00fcrke\u201c genannt. Dennoch wertet die Staatsanwaltschaft die Attacke nicht als versuchten Mord aus Hass auf Migranten.<\/p>\n<p>Dagegen haben der Anwalt des Opfers und die T\u00fcrkische Gemeinde in Deutschland protestiert, als Ende 2013 die Anklage erhoben wurde. Und die 1. Kammer des Landgerichts hat auch Zweifel an der Sicht der Ankl\u00e4ger. Die Richter haben bereits in ihrem Beschluss zur Zulassung der Anklage den rechtlichen Hinweis erteilt, es komme auch eine Verurteilung wegen versuchten Mordes in Betracht, sollte sich w\u00e4hrend des Prozesses \u201eAusl\u00e4nderfeindlichkeit oder \u2013 hass als leitendes Motiv eines nachgewiesenen versuchten T\u00f6tungsdelikts\u201c feststellen lassen.<\/p>\n<p>Der T\u00fcrke und seine Freundin erscheinen am Dienstag nur kurz im Prozess. Beide wirken angespannt, der Blick auf neun Angeklagte macht ihnen offenkundig Angst. Nachdem die Staatsanw\u00e4ltin die Anklage verlassen hat, verlassen die zwei Opfer den Saal.<\/p>\n<p>So ersparen sie sich die lange Liste von Vorstrafen des Angeklagten Francesco L., die ein beisitzender Richter verliest. Francesco L. ist offenkundig ein rechter Intensivt\u00e4ter \u2013 und hat 2006 mit einer grausigen Tat \u00fcber Sachsen-Anhalt hinaus Emp\u00f6rung ausgel\u00f6st. Der Rechtsextremist qu\u00e4lte mit Kumpanen einen zw\u00f6lfj\u00e4hrigen, dunkelh\u00e4utigen Sch\u00fcler. Mitten im Ort P\u00f6mmelte. Dem schreienden Opfer half niemand. Das Amtsgericht Sch\u00f6nebeck verurteilte L. zu dreieinhalb Jahren Haft, auch wegen weiterer Delikte. Und er h\u00e4tte eigentlich auch am 21. September 2013 in Haft sitzen m\u00fcssen, wieder war ein Urteil zu einer Gewalttat ergangen.<\/p>\n<p>Doch L. war mutma\u00dflich bei dem Angriff in Bernburg dabei. Es scheint ihm egal zu sein. Als der Richter die Vorstrafen verliest, zieht L. die Stirn in Falten und blickt gelangweilt an die Decke.<\/p>\n","protected":false},"excerpt":{"rendered":"<p>Neun M\u00e4nner traten im September einen T\u00fcrken aus Bernburg in Sachsen-Anhalt fast zu Tode. Die Staatsanwalt sieht kein rassistisches Motiv, obwohl Worte wie &#8222;Schei\u00df Ausl\u00e4nder&#8220; geh\u00f6rt wurden. Der Prozessauftakt verlief leise.<\/p>\n","protected":false},"author":229,"featured_media":0,"comment_status":"open","ping_status":"open","sticky":false,"template":"","format":"standard","meta":{"_jetpack_memberships_contains_paid_content":false,"footnotes":""},"categories":[1457],"tags":[1638,1755],"class_list":["post-15200","post","type-post","status-publish","format-standard","hentry","category-sachsen-anhalt","tag-justiz","tag-rechte-gewalt"],"yoast_head":"<!-- This site is optimized with the Yoast SEO plugin v21.0 - https:\/\/yoast.com\/wordpress\/plugins\/seo\/ -->\n<title>Prozessbeginn nach brutalem Nazi-Angriff in Bernburg - St\u00f6rungsmelder<\/title>\n<meta name=\"robots\" content=\"index, follow, max-snippet:-1, max-image-preview:large, max-video-preview:-1\" \/>\n<link rel=\"canonical\" href=\"https:\/\/blog.zeit.de\/stoerungsmelder\/2014\/02\/18\/prozessbeginn-nach-brutalem-nazi-angriff-in-bernburg_15200\" \/>\n<meta property=\"og:locale\" content=\"de_DE\" \/>\n<meta property=\"og:type\" content=\"article\" \/>\n<meta property=\"og:title\" content=\"Prozessbeginn nach brutalem Nazi-Angriff in Bernburg - St\u00f6rungsmelder\" \/>\n<meta property=\"og:description\" content=\"Neun M\u00e4nner traten im September einen T\u00fcrken aus Bernburg in Sachsen-Anhalt fast zu Tode. Die Staatsanwalt sieht kein rassistisches Motiv, obwohl Worte wie &#8222;Schei\u00df Ausl\u00e4nder&#8220; geh\u00f6rt wurden. Der Prozessauftakt verlief leise.\" \/>\n<meta property=\"og:url\" content=\"https:\/\/blog.zeit.de\/stoerungsmelder\/2014\/02\/18\/prozessbeginn-nach-brutalem-nazi-angriff-in-bernburg_15200\" \/>\n<meta property=\"og:site_name\" content=\"St\u00f6rungsmelder\" \/>\n<meta property=\"article:published_time\" content=\"2014-02-18T14:48:50+00:00\" \/>\n<meta name=\"author\" content=\"St\u00f6rungsmelder\" \/>\n<meta name=\"twitter:card\" content=\"summary_large_image\" \/>\n<meta name=\"twitter:label1\" content=\"Geschrieben von\" \/>\n\t<meta name=\"twitter:data1\" content=\"St\u00f6rungsmelder\" \/>\n\t<meta name=\"twitter:label2\" content=\"Gesch\u00e4tzte Lesezeit\" \/>\n\t<meta name=\"twitter:data2\" content=\"4\u00a0Minuten\" \/>\n<script type=\"application\/ld+json\" class=\"yoast-schema-graph\">{\"@context\":\"https:\/\/schema.org\",\"@graph\":[{\"@type\":\"WebPage\",\"@id\":\"https:\/\/blog.zeit.de\/stoerungsmelder\/2014\/02\/18\/prozessbeginn-nach-brutalem-nazi-angriff-in-bernburg_15200\",\"url\":\"https:\/\/blog.zeit.de\/stoerungsmelder\/2014\/02\/18\/prozessbeginn-nach-brutalem-nazi-angriff-in-bernburg_15200\",\"name\":\"Prozessbeginn nach brutalem Nazi-Angriff in Bernburg - St\u00f6rungsmelder\",\"isPartOf\":{\"@id\":\"https:\/\/blog.zeit.de\/stoerungsmelder\/#website\"},\"datePublished\":\"2014-02-18T14:48:50+00:00\",\"dateModified\":\"2014-02-18T14:48:50+00:00\",\"author\":{\"@id\":\"https:\/\/blog.zeit.de\/stoerungsmelder\/#\/schema\/person\/fdd0b9818f65738672810b6d6f037f71\"},\"breadcrumb\":{\"@id\":\"https:\/\/blog.zeit.de\/stoerungsmelder\/2014\/02\/18\/prozessbeginn-nach-brutalem-nazi-angriff-in-bernburg_15200#breadcrumb\"},\"inLanguage\":\"de\",\"potentialAction\":[{\"@type\":\"ReadAction\",\"target\":[\"https:\/\/blog.zeit.de\/stoerungsmelder\/2014\/02\/18\/prozessbeginn-nach-brutalem-nazi-angriff-in-bernburg_15200\"]}]},{\"@type\":\"BreadcrumbList\",\"@id\":\"https:\/\/blog.zeit.de\/stoerungsmelder\/2014\/02\/18\/prozessbeginn-nach-brutalem-nazi-angriff-in-bernburg_15200#breadcrumb\",\"itemListElement\":[{\"@type\":\"ListItem\",\"position\":1,\"name\":\"Startseite\",\"item\":\"https:\/\/blog.zeit.de\/stoerungsmelder\"},{\"@type\":\"ListItem\",\"position\":2,\"name\":\"Prozessbeginn nach brutalem Nazi-Angriff in Bernburg\"}]},{\"@type\":\"WebSite\",\"@id\":\"https:\/\/blog.zeit.de\/stoerungsmelder\/#website\",\"url\":\"https:\/\/blog.zeit.de\/stoerungsmelder\/\",\"name\":\"St\u00f6rungsmelder\",\"description\":\"Recherchen und Analysen \u00fcber die extreme Rechte\",\"potentialAction\":[{\"@type\":\"SearchAction\",\"target\":{\"@type\":\"EntryPoint\",\"urlTemplate\":\"https:\/\/blog.zeit.de\/stoerungsmelder\/?s={search_term_string}\"},\"query-input\":\"required name=search_term_string\"}],\"inLanguage\":\"de\"},{\"@type\":\"Person\",\"@id\":\"https:\/\/blog.zeit.de\/stoerungsmelder\/#\/schema\/person\/fdd0b9818f65738672810b6d6f037f71\",\"name\":\"St\u00f6rungsmelder\",\"image\":{\"@type\":\"ImageObject\",\"inLanguage\":\"de\",\"@id\":\"https:\/\/blog.zeit.de\/stoerungsmelder\/#\/schema\/person\/image\/\",\"url\":\"https:\/\/secure.gravatar.com\/avatar\/dfa4be514c3e82a71e4f9a0020035d38192d080ccaa5e4e6d7a1472c763535c5?s=96&d=mm&r=pg\",\"contentUrl\":\"https:\/\/secure.gravatar.com\/avatar\/dfa4be514c3e82a71e4f9a0020035d38192d080ccaa5e4e6d7a1472c763535c5?s=96&d=mm&r=pg\",\"caption\":\"St\u00f6rungsmelder\"},\"url\":\"https:\/\/blog.zeit.de\/stoerungsmelder\/author\/stoerungsmelder\"}]}<\/script>\n<!-- \/ Yoast SEO plugin. -->","yoast_head_json":{"title":"Prozessbeginn nach brutalem Nazi-Angriff in Bernburg - St\u00f6rungsmelder","robots":{"index":"index","follow":"follow","max-snippet":"max-snippet:-1","max-image-preview":"max-image-preview:large","max-video-preview":"max-video-preview:-1"},"canonical":"https:\/\/blog.zeit.de\/stoerungsmelder\/2014\/02\/18\/prozessbeginn-nach-brutalem-nazi-angriff-in-bernburg_15200","og_locale":"de_DE","og_type":"article","og_title":"Prozessbeginn nach brutalem Nazi-Angriff in Bernburg - St\u00f6rungsmelder","og_description":"Neun M\u00e4nner traten im September einen T\u00fcrken aus Bernburg in Sachsen-Anhalt fast zu Tode. Die Staatsanwalt sieht kein rassistisches Motiv, obwohl Worte wie &#8222;Schei\u00df Ausl\u00e4nder&#8220; geh\u00f6rt wurden. Der Prozessauftakt verlief leise.","og_url":"https:\/\/blog.zeit.de\/stoerungsmelder\/2014\/02\/18\/prozessbeginn-nach-brutalem-nazi-angriff-in-bernburg_15200","og_site_name":"St\u00f6rungsmelder","article_published_time":"2014-02-18T14:48:50+00:00","author":"St\u00f6rungsmelder","twitter_card":"summary_large_image","twitter_misc":{"Geschrieben von":"St\u00f6rungsmelder","Gesch\u00e4tzte Lesezeit":"4\u00a0Minuten"},"schema":{"@context":"https:\/\/schema.org","@graph":[{"@type":"WebPage","@id":"https:\/\/blog.zeit.de\/stoerungsmelder\/2014\/02\/18\/prozessbeginn-nach-brutalem-nazi-angriff-in-bernburg_15200","url":"https:\/\/blog.zeit.de\/stoerungsmelder\/2014\/02\/18\/prozessbeginn-nach-brutalem-nazi-angriff-in-bernburg_15200","name":"Prozessbeginn nach brutalem Nazi-Angriff in Bernburg - St\u00f6rungsmelder","isPartOf":{"@id":"https:\/\/blog.zeit.de\/stoerungsmelder\/#website"},"datePublished":"2014-02-18T14:48:50+00:00","dateModified":"2014-02-18T14:48:50+00:00","author":{"@id":"https:\/\/blog.zeit.de\/stoerungsmelder\/#\/schema\/person\/fdd0b9818f65738672810b6d6f037f71"},"breadcrumb":{"@id":"https:\/\/blog.zeit.de\/stoerungsmelder\/2014\/02\/18\/prozessbeginn-nach-brutalem-nazi-angriff-in-bernburg_15200#breadcrumb"},"inLanguage":"de","potentialAction":[{"@type":"ReadAction","target":["https:\/\/blog.zeit.de\/stoerungsmelder\/2014\/02\/18\/prozessbeginn-nach-brutalem-nazi-angriff-in-bernburg_15200"]}]},{"@type":"BreadcrumbList","@id":"https:\/\/blog.zeit.de\/stoerungsmelder\/2014\/02\/18\/prozessbeginn-nach-brutalem-nazi-angriff-in-bernburg_15200#breadcrumb","itemListElement":[{"@type":"ListItem","position":1,"name":"Startseite","item":"https:\/\/blog.zeit.de\/stoerungsmelder"},{"@type":"ListItem","position":2,"name":"Prozessbeginn nach brutalem Nazi-Angriff in Bernburg"}]},{"@type":"WebSite","@id":"https:\/\/blog.zeit.de\/stoerungsmelder\/#website","url":"https:\/\/blog.zeit.de\/stoerungsmelder\/","name":"St\u00f6rungsmelder","description":"Recherchen und Analysen \u00fcber die extreme Rechte","potentialAction":[{"@type":"SearchAction","target":{"@type":"EntryPoint","urlTemplate":"https:\/\/blog.zeit.de\/stoerungsmelder\/?s={search_term_string}"},"query-input":"required name=search_term_string"}],"inLanguage":"de"},{"@type":"Person","@id":"https:\/\/blog.zeit.de\/stoerungsmelder\/#\/schema\/person\/fdd0b9818f65738672810b6d6f037f71","name":"St\u00f6rungsmelder","image":{"@type":"ImageObject","inLanguage":"de","@id":"https:\/\/blog.zeit.de\/stoerungsmelder\/#\/schema\/person\/image\/","url":"https:\/\/secure.gravatar.com\/avatar\/dfa4be514c3e82a71e4f9a0020035d38192d080ccaa5e4e6d7a1472c763535c5?s=96&d=mm&r=pg","contentUrl":"https:\/\/secure.gravatar.com\/avatar\/dfa4be514c3e82a71e4f9a0020035d38192d080ccaa5e4e6d7a1472c763535c5?s=96&d=mm&r=pg","caption":"St\u00f6rungsmelder"},"url":"https:\/\/blog.zeit.de\/stoerungsmelder\/author\/stoerungsmelder"}]}},"jetpack_featured_media_url":"","jetpack_sharing_enabled":true,"_links":{"self":[{"href":"https:\/\/blog.zeit.de\/stoerungsmelder\/wp-json\/wp\/v2\/posts\/15200","targetHints":{"allow":["GET"]}}],"collection":[{"href":"https:\/\/blog.zeit.de\/stoerungsmelder\/wp-json\/wp\/v2\/posts"}],"about":[{"href":"https:\/\/blog.zeit.de\/stoerungsmelder\/wp-json\/wp\/v2\/types\/post"}],"author":[{"embeddable":true,"href":"https:\/\/blog.zeit.de\/stoerungsmelder\/wp-json\/wp\/v2\/users\/229"}],"replies":[{"embeddable":true,"href":"https:\/\/blog.zeit.de\/stoerungsmelder\/wp-json\/wp\/v2\/comments?post=15200"}],"version-history":[{"count":2,"href":"https:\/\/blog.zeit.de\/stoerungsmelder\/wp-json\/wp\/v2\/posts\/15200\/revisions"}],"predecessor-version":[{"id":15202,"href":"https:\/\/blog.zeit.de\/stoerungsmelder\/wp-json\/wp\/v2\/posts\/15200\/revisions\/15202"}],"wp:attachment":[{"href":"https:\/\/blog.zeit.de\/stoerungsmelder\/wp-json\/wp\/v2\/media?parent=15200"}],"wp:term":[{"taxonomy":"category","embeddable":true,"href":"https:\/\/blog.zeit.de\/stoerungsmelder\/wp-json\/wp\/v2\/categories?post=15200"},{"taxonomy":"post_tag","embeddable":true,"href":"https:\/\/blog.zeit.de\/stoerungsmelder\/wp-json\/wp\/v2\/tags?post=15200"}],"curies":[{"name":"wp","href":"https:\/\/api.w.org\/{rel}","templated":true}]}}