{"id":15263,"date":"2014-02-27T16:39:22","date_gmt":"2014-02-27T15:39:22","guid":{"rendered":"http:\/\/blog.zeit.de\/stoerungsmelder\/?p=15263"},"modified":"2014-02-27T17:55:18","modified_gmt":"2014-02-27T16:55:18","slug":"gewalteskalation-vor-anti-nazi-demo","status":"publish","type":"post","link":"https:\/\/blog.zeit.de\/stoerungsmelder\/2014\/02\/27\/gewalteskalation-vor-anti-nazi-demo_15263","title":{"rendered":"Gewalteskalation vor Anti-Nazi-Demo"},"content":{"rendered":"<p><a href=\"https:\/\/blog.zeit.de\/stoerungsmelder\/2014\/02\/27\/gewalteskalation-vor-anti-nazi-demo_15263\/attachment\/107116\" rel=\"attachment wp-att-15267\"><img loading=\"lazy\" decoding=\"async\" class=\"aligncenter size-full wp-image-15267\" alt=\"107116\" src=\"https:\/\/blog.zeit.de\/stoerungsmelder\/files\/2014\/02\/107116.jpg\" width=\"580\" height=\"411\" srcset=\"https:\/\/blog.zeit.de\/stoerungsmelder\/files\/2014\/02\/107116.jpg 960w, https:\/\/blog.zeit.de\/stoerungsmelder\/files\/2014\/02\/107116-300x212.jpg 300w\" sizes=\"auto, (max-width: 580px) 100vw, 580px\" \/><\/a><\/p>\n<p>Kurz vor einer Demonstration gegen Rassismus im sachsen-anhaltinischen Merseburg ist erneut ein Mann mit Migrationshintergrund von Neonazis \u00fcberfallen worden. Es ist der dritte rassistische \u00dcberfall innerhalb einer Woche in der Stadt im Saalekreis.<!--more--><\/p>\n<p><em>Zuerst erschienen beim <a href=\"http:\/\/www.bnr.de\/\" target=\"_blank\">Blick nach Rechts<\/a><\/em><\/p>\n<p>Es war bereits dunkel, als ein Mann mit dunkler Hautfarbe am Mittwochabend in der N\u00e4he des Merseburger Bahnhofs von drei mutma\u00dflichen Neonazis mit einem Messer bedroht wurde. Sie beleidigten ihn mit ausl\u00e4nderfeindlichen Parolen und zeigten den Hitlergru\u00df. Als Personen aus dem B\u00fcro des Landtagsabgeordneten <a href=\"http:\/\/sebastian-striegel.de\/\" target=\"_blank\">Sebastian Striegel<\/a> (Gr\u00fcne) eingriffen, kam es zwischen ihnen und den Angreifern zu einer Auseinandersetzung, bei der das Opfer fl\u00fcchtete. Wenig sp\u00e4ter nahm die Polizei eine neunk\u00f6pfige Gruppe Neonazis zwischen 18 und 22 Jahren aus Merseburg und dem Saalekreis vorl\u00e4ufig fest, darunter drei Frauen. Gegen sie wird wegen des Verwendens von Kennzeichen verfassungswidriger Organisationen, Bedrohung und Beleidigung ermittelt. Die Staatsanwaltschaft wirft ihnen au\u00dferdem versuchte K\u00f6rperverletzung und Widerstand gegen die Staatsgewalt vor. Striegel bezeichnete den \u00dcberfall als \u201eeine erneute Gewalteskalation\u201c. Er wirke wie ein Versuch gezielter Einsch\u00fcchterung all derjenigen, die mit einer Demonstration am Samstag ein deutliches Zeichen gegen rechte Gewalt und Rassismus setzen wollen. In Striegels B\u00fcro fanden zum Tatzeitpunkt die Vorbereitungen f\u00fcr eine Anti-Nazi-Demonstration statt, die Initiatoren werden dabei inzwischen von der Stadt unterst\u00fctzt.<\/p>\n<p>Hintergrund ist eine Serie von extrem rechten Aktivit\u00e4ten in Merseburg in den vergangenen Monaten. Neben Graffiti, Aufklebern und Plakaten kam es zu Provokationen von Neonazis bei Veranstaltungen und einer Hetze gegen Fl\u00fcchtlinge im Internet. Den traurigen H\u00f6hepunkt erreichte die Serie in den vergangenen sieben Tagen. Am Donnerstag, den 20. Februar, wurde ein 23-j\u00e4hriger Somalier in Merseburg beleidigt und mit dem Kopf brutal gegen die Wand geschlagen, dabei sollen die S\u00e4tze \u201eNeger, was machst du hier?\u201c und \u201eRaus aus Deutschland\u201c gefallen sein. Vier Tage sp\u00e4ter wurde ein 41 Jahre alter Algerier zusammengeschlagen und beraubt, in der Polizeimeldung vom Folgetag hei\u00dft es, es lasse sich zum \u201ejetzigen Zeitpunkt kein fremdenfeindlicher Hintergrund erkennen\u201c. Inzwischen hat die Polizei eine f\u00fcnfk\u00f6pfige Sonderkommission eingerichtet, ein 31 Jahre alter Mann wurde bislang festgenommen.<\/p>\n<p>Merseburgs Oberb\u00fcrgermeister Jens B\u00fchligen (CDU) sagte der Nachrichtenagentur dpa, in Merseburg gebe es keine starke rechte Szene. Striegel erg\u00e4nzte gegen\u00fcber dem Fachmagazin<a href=\"http:\/\/www.bnr.de\/\" target=\"_blank\"> Blick nach Rechts<\/a>, man k\u00f6nne bislang zwar nicht von einer gut organisierten Szene reden. In den letzten Monaten sei jedoch zu beobachten, dass eine Szene mit \u201eeinem unglaublichem Selbstbewusstsein\u201c heranwachse, die in der Lage sei, sehr schnell zu agieren. Striegel sprach von einer \u201emassiven H\u00e4ufung\u201c bei Aktionen und Angriffen der extrem rechten Szene. Im s\u00fcdlichen Sachsen Anhalt werden rund 200 Personen der extrem rechten Szene zugeordnet, im Saalekreis wurden 2012 nach Angaben des Innenministeriums 154 rechtsmotivierte Straftaten registriert.<\/p>\n<p><strong>Die Demonstration \u201cFl\u00fcchtlinge bleiben! Rassismus aus den K\u00f6pfen treiben!\u201d beginnt am Samstag, den 1. M\u00e4rz 2014 um 11:00 Uhr am Bahnhof in Merseburg.<\/strong><\/p>\n","protected":false},"excerpt":{"rendered":"<p>Kurz vor einer Demonstration gegen Rassismus im sachsen-anhaltinischen Merseburg ist erneut ein Mann mit Migrationshintergrund von Neonazis \u00fcberfallen worden. Es ist der dritte rassistische \u00dcberfall innerhalb einer Woche in der Stadt im Saalekreis.<\/p>\n","protected":false},"author":254,"featured_media":0,"comment_status":"open","ping_status":"open","sticky":false,"template":"","format":"standard","meta":{"_jetpack_memberships_contains_paid_content":false,"footnotes":""},"categories":[1457],"tags":[1755],"class_list":["post-15263","post","type-post","status-publish","format-standard","hentry","category-sachsen-anhalt","tag-rechte-gewalt"],"yoast_head":"<!-- This site is optimized with the Yoast SEO plugin v21.0 - https:\/\/yoast.com\/wordpress\/plugins\/seo\/ -->\n<title>Gewalteskalation vor Anti-Nazi-Demo - St\u00f6rungsmelder<\/title>\n<meta name=\"robots\" content=\"index, follow, max-snippet:-1, max-image-preview:large, max-video-preview:-1\" \/>\n<link rel=\"canonical\" href=\"https:\/\/blog.zeit.de\/stoerungsmelder\/2014\/02\/27\/gewalteskalation-vor-anti-nazi-demo_15263\" \/>\n<meta property=\"og:locale\" content=\"de_DE\" \/>\n<meta property=\"og:type\" content=\"article\" \/>\n<meta property=\"og:title\" content=\"Gewalteskalation vor Anti-Nazi-Demo - St\u00f6rungsmelder\" \/>\n<meta property=\"og:description\" content=\"Kurz vor einer Demonstration gegen Rassismus im sachsen-anhaltinischen Merseburg ist erneut ein Mann mit Migrationshintergrund von Neonazis \u00fcberfallen worden. Es ist der dritte rassistische \u00dcberfall innerhalb einer Woche in der Stadt im Saalekreis.\" \/>\n<meta property=\"og:url\" content=\"https:\/\/blog.zeit.de\/stoerungsmelder\/2014\/02\/27\/gewalteskalation-vor-anti-nazi-demo_15263\" \/>\n<meta property=\"og:site_name\" content=\"St\u00f6rungsmelder\" \/>\n<meta property=\"article:published_time\" content=\"2014-02-27T15:39:22+00:00\" \/>\n<meta property=\"article:modified_time\" content=\"2014-02-27T16:55:18+00:00\" \/>\n<meta property=\"og:image\" content=\"https:\/\/blog.zeit.de\/stoerungsmelder\/files\/2014\/02\/107116.jpg\" \/>\n<meta name=\"author\" content=\"Kai Budler\" \/>\n<meta name=\"twitter:card\" content=\"summary_large_image\" \/>\n<meta name=\"twitter:label1\" content=\"Geschrieben von\" \/>\n\t<meta name=\"twitter:data1\" content=\"Kai Budler\" \/>\n\t<meta name=\"twitter:label2\" content=\"Gesch\u00e4tzte Lesezeit\" \/>\n\t<meta name=\"twitter:data2\" content=\"2\u00a0Minuten\" \/>\n<script type=\"application\/ld+json\" class=\"yoast-schema-graph\">{\"@context\":\"https:\/\/schema.org\",\"@graph\":[{\"@type\":\"WebPage\",\"@id\":\"https:\/\/blog.zeit.de\/stoerungsmelder\/2014\/02\/27\/gewalteskalation-vor-anti-nazi-demo_15263\",\"url\":\"https:\/\/blog.zeit.de\/stoerungsmelder\/2014\/02\/27\/gewalteskalation-vor-anti-nazi-demo_15263\",\"name\":\"Gewalteskalation vor Anti-Nazi-Demo - St\u00f6rungsmelder\",\"isPartOf\":{\"@id\":\"https:\/\/blog.zeit.de\/stoerungsmelder\/#website\"},\"datePublished\":\"2014-02-27T15:39:22+00:00\",\"dateModified\":\"2014-02-27T16:55:18+00:00\",\"author\":{\"@id\":\"https:\/\/blog.zeit.de\/stoerungsmelder\/#\/schema\/person\/58f28fa43c55337b17b93e3622cc8b37\"},\"breadcrumb\":{\"@id\":\"https:\/\/blog.zeit.de\/stoerungsmelder\/2014\/02\/27\/gewalteskalation-vor-anti-nazi-demo_15263#breadcrumb\"},\"inLanguage\":\"de\",\"potentialAction\":[{\"@type\":\"ReadAction\",\"target\":[\"https:\/\/blog.zeit.de\/stoerungsmelder\/2014\/02\/27\/gewalteskalation-vor-anti-nazi-demo_15263\"]}]},{\"@type\":\"BreadcrumbList\",\"@id\":\"https:\/\/blog.zeit.de\/stoerungsmelder\/2014\/02\/27\/gewalteskalation-vor-anti-nazi-demo_15263#breadcrumb\",\"itemListElement\":[{\"@type\":\"ListItem\",\"position\":1,\"name\":\"Startseite\",\"item\":\"https:\/\/blog.zeit.de\/stoerungsmelder\"},{\"@type\":\"ListItem\",\"position\":2,\"name\":\"Gewalteskalation vor Anti-Nazi-Demo\"}]},{\"@type\":\"WebSite\",\"@id\":\"https:\/\/blog.zeit.de\/stoerungsmelder\/#website\",\"url\":\"https:\/\/blog.zeit.de\/stoerungsmelder\/\",\"name\":\"St\u00f6rungsmelder\",\"description\":\"Recherchen und Analysen \u00fcber die extreme Rechte\",\"potentialAction\":[{\"@type\":\"SearchAction\",\"target\":{\"@type\":\"EntryPoint\",\"urlTemplate\":\"https:\/\/blog.zeit.de\/stoerungsmelder\/?s={search_term_string}\"},\"query-input\":\"required name=search_term_string\"}],\"inLanguage\":\"de\"},{\"@type\":\"Person\",\"@id\":\"https:\/\/blog.zeit.de\/stoerungsmelder\/#\/schema\/person\/58f28fa43c55337b17b93e3622cc8b37\",\"name\":\"Kai Budler\",\"image\":{\"@type\":\"ImageObject\",\"inLanguage\":\"de\",\"@id\":\"https:\/\/blog.zeit.de\/stoerungsmelder\/#\/schema\/person\/image\/\",\"url\":\"https:\/\/secure.gravatar.com\/avatar\/126c2f44b51c178dc1db1bb6e040fcff157c88000cfae96c983070e6153484e3?s=96&d=mm&r=pg\",\"contentUrl\":\"https:\/\/secure.gravatar.com\/avatar\/126c2f44b51c178dc1db1bb6e040fcff157c88000cfae96c983070e6153484e3?s=96&d=mm&r=pg\",\"caption\":\"Kai Budler\"},\"url\":\"https:\/\/blog.zeit.de\/stoerungsmelder\/author\/kai-budler\"}]}<\/script>\n<!-- \/ Yoast SEO plugin. -->","yoast_head_json":{"title":"Gewalteskalation vor Anti-Nazi-Demo - St\u00f6rungsmelder","robots":{"index":"index","follow":"follow","max-snippet":"max-snippet:-1","max-image-preview":"max-image-preview:large","max-video-preview":"max-video-preview:-1"},"canonical":"https:\/\/blog.zeit.de\/stoerungsmelder\/2014\/02\/27\/gewalteskalation-vor-anti-nazi-demo_15263","og_locale":"de_DE","og_type":"article","og_title":"Gewalteskalation vor Anti-Nazi-Demo - St\u00f6rungsmelder","og_description":"Kurz vor einer Demonstration gegen Rassismus im sachsen-anhaltinischen Merseburg ist erneut ein Mann mit Migrationshintergrund von Neonazis \u00fcberfallen worden. Es ist der dritte rassistische \u00dcberfall innerhalb einer Woche in der Stadt im Saalekreis.","og_url":"https:\/\/blog.zeit.de\/stoerungsmelder\/2014\/02\/27\/gewalteskalation-vor-anti-nazi-demo_15263","og_site_name":"St\u00f6rungsmelder","article_published_time":"2014-02-27T15:39:22+00:00","article_modified_time":"2014-02-27T16:55:18+00:00","og_image":[{"url":"https:\/\/blog.zeit.de\/stoerungsmelder\/files\/2014\/02\/107116.jpg"}],"author":"Kai Budler","twitter_card":"summary_large_image","twitter_misc":{"Geschrieben von":"Kai Budler","Gesch\u00e4tzte Lesezeit":"2\u00a0Minuten"},"schema":{"@context":"https:\/\/schema.org","@graph":[{"@type":"WebPage","@id":"https:\/\/blog.zeit.de\/stoerungsmelder\/2014\/02\/27\/gewalteskalation-vor-anti-nazi-demo_15263","url":"https:\/\/blog.zeit.de\/stoerungsmelder\/2014\/02\/27\/gewalteskalation-vor-anti-nazi-demo_15263","name":"Gewalteskalation vor Anti-Nazi-Demo - St\u00f6rungsmelder","isPartOf":{"@id":"https:\/\/blog.zeit.de\/stoerungsmelder\/#website"},"datePublished":"2014-02-27T15:39:22+00:00","dateModified":"2014-02-27T16:55:18+00:00","author":{"@id":"https:\/\/blog.zeit.de\/stoerungsmelder\/#\/schema\/person\/58f28fa43c55337b17b93e3622cc8b37"},"breadcrumb":{"@id":"https:\/\/blog.zeit.de\/stoerungsmelder\/2014\/02\/27\/gewalteskalation-vor-anti-nazi-demo_15263#breadcrumb"},"inLanguage":"de","potentialAction":[{"@type":"ReadAction","target":["https:\/\/blog.zeit.de\/stoerungsmelder\/2014\/02\/27\/gewalteskalation-vor-anti-nazi-demo_15263"]}]},{"@type":"BreadcrumbList","@id":"https:\/\/blog.zeit.de\/stoerungsmelder\/2014\/02\/27\/gewalteskalation-vor-anti-nazi-demo_15263#breadcrumb","itemListElement":[{"@type":"ListItem","position":1,"name":"Startseite","item":"https:\/\/blog.zeit.de\/stoerungsmelder"},{"@type":"ListItem","position":2,"name":"Gewalteskalation vor Anti-Nazi-Demo"}]},{"@type":"WebSite","@id":"https:\/\/blog.zeit.de\/stoerungsmelder\/#website","url":"https:\/\/blog.zeit.de\/stoerungsmelder\/","name":"St\u00f6rungsmelder","description":"Recherchen und Analysen \u00fcber die extreme Rechte","potentialAction":[{"@type":"SearchAction","target":{"@type":"EntryPoint","urlTemplate":"https:\/\/blog.zeit.de\/stoerungsmelder\/?s={search_term_string}"},"query-input":"required name=search_term_string"}],"inLanguage":"de"},{"@type":"Person","@id":"https:\/\/blog.zeit.de\/stoerungsmelder\/#\/schema\/person\/58f28fa43c55337b17b93e3622cc8b37","name":"Kai Budler","image":{"@type":"ImageObject","inLanguage":"de","@id":"https:\/\/blog.zeit.de\/stoerungsmelder\/#\/schema\/person\/image\/","url":"https:\/\/secure.gravatar.com\/avatar\/126c2f44b51c178dc1db1bb6e040fcff157c88000cfae96c983070e6153484e3?s=96&d=mm&r=pg","contentUrl":"https:\/\/secure.gravatar.com\/avatar\/126c2f44b51c178dc1db1bb6e040fcff157c88000cfae96c983070e6153484e3?s=96&d=mm&r=pg","caption":"Kai Budler"},"url":"https:\/\/blog.zeit.de\/stoerungsmelder\/author\/kai-budler"}]}},"jetpack_featured_media_url":"","jetpack_sharing_enabled":true,"_links":{"self":[{"href":"https:\/\/blog.zeit.de\/stoerungsmelder\/wp-json\/wp\/v2\/posts\/15263","targetHints":{"allow":["GET"]}}],"collection":[{"href":"https:\/\/blog.zeit.de\/stoerungsmelder\/wp-json\/wp\/v2\/posts"}],"about":[{"href":"https:\/\/blog.zeit.de\/stoerungsmelder\/wp-json\/wp\/v2\/types\/post"}],"author":[{"embeddable":true,"href":"https:\/\/blog.zeit.de\/stoerungsmelder\/wp-json\/wp\/v2\/users\/254"}],"replies":[{"embeddable":true,"href":"https:\/\/blog.zeit.de\/stoerungsmelder\/wp-json\/wp\/v2\/comments?post=15263"}],"version-history":[{"count":8,"href":"https:\/\/blog.zeit.de\/stoerungsmelder\/wp-json\/wp\/v2\/posts\/15263\/revisions"}],"predecessor-version":[{"id":15270,"href":"https:\/\/blog.zeit.de\/stoerungsmelder\/wp-json\/wp\/v2\/posts\/15263\/revisions\/15270"}],"wp:attachment":[{"href":"https:\/\/blog.zeit.de\/stoerungsmelder\/wp-json\/wp\/v2\/media?parent=15263"}],"wp:term":[{"taxonomy":"category","embeddable":true,"href":"https:\/\/blog.zeit.de\/stoerungsmelder\/wp-json\/wp\/v2\/categories?post=15263"},{"taxonomy":"post_tag","embeddable":true,"href":"https:\/\/blog.zeit.de\/stoerungsmelder\/wp-json\/wp\/v2\/tags?post=15263"}],"curies":[{"name":"wp","href":"https:\/\/api.w.org\/{rel}","templated":true}]}}