{"id":15495,"date":"2014-03-24T15:51:39","date_gmt":"2014-03-24T14:51:39","guid":{"rendered":"http:\/\/blog.zeit.de\/stoerungsmelder\/?p=15495"},"modified":"2014-03-25T07:45:40","modified_gmt":"2014-03-25T06:45:40","slug":"streit-um-burg-ludwigstein-geht-weiter","status":"publish","type":"post","link":"https:\/\/blog.zeit.de\/stoerungsmelder\/2014\/03\/24\/streit-um-burg-ludwigstein-geht-weiter_15495","title":{"rendered":"Streit um Burg Ludwigstein geht weiter"},"content":{"rendered":"<p><figure id=\"attachment_14242\" aria-describedby=\"caption-attachment-14242\" style=\"width: 579px\" class=\"wp-caption aligncenter\"><a href=\"https:\/\/blog.zeit.de\/stoerungsmelder\/2013\/10\/23\/eklat-um-rechte-umtriebe-auf-burg-ludwigstein_14239\/scale-921-614-03-160340700-2\" rel=\"attachment wp-att-14242\"><img loading=\"lazy\" decoding=\"async\" class=\"size-full wp-image-14242\" alt=\"Auch Vertreter der Neuen Rechten Jesko Wrede\" src=\"https:\/\/blog.zeit.de\/stoerungsmelder\/files\/2013\/10\/scale-921-614-03.160340700.2.jpg\" width=\"579\" height=\"386\" srcset=\"https:\/\/blog.zeit.de\/stoerungsmelder\/files\/2013\/10\/scale-921-614-03.160340700.2.jpg 921w, https:\/\/blog.zeit.de\/stoerungsmelder\/files\/2013\/10\/scale-921-614-03.160340700.2-300x200.jpg 300w\" sizes=\"auto, (max-width: 579px) 100vw, 579px\" \/><\/a><figcaption id=\"caption-attachment-14242\" class=\"wp-caption-text\">Die Jugendburg steht in der Kritik\u00a0 \u00a9 Jesko Wrede<\/figcaption><\/figure><\/p>\n<p>Im vergangenen Herbst <a href=\"https:\/\/blog.zeit.de\/stoerungsmelder\/2013\/10\/23\/eklat-um-rechte-umtriebe-auf-burg-ludwigstein_14239\" target=\"_blank\">berichteten wir<\/a> \u00fcber rechte Jugendgruppen, denen auf der hessischen Burg Ludwigstein ein Bet\u00e4tigungsfeld geboten wurde. Das Hessische Sozialministerium hatte nach einer Anfrage des St\u00f6rungsmelders \u00a0alle F\u00f6rdermittel f\u00fcr die Jugendbegegnungsst\u00e4tte vor\u00fcbergehend eingefroren.\u00a0 Im November waren die Mittel wieder freigegeben worden. Im Ministerium sei man zu der Auffassung gekommen, dass eine \u201erechte Milieubildung weder bef\u00f6rdert noch toleriert wird\u201c.<!--more--><\/p>\n<p>Laut seiner Pressesprecherin betonte Minister Gr\u00fcttner aber, \u201edass es bei derart erheblichen Vorw\u00fcrfen, die im Raum standen, geboten war, bis zur Kl\u00e4rung die Mittel einzufrieren.&#8220; \u201eDer Schutz der Kinder und Jugendlichen, die die Burg Ludwigstein besuchen, ist die oberste Richtschnur, an der wir uns orientieren\u201c, sagte der Minister. Das Hessische Sozialministerium werde \u201edie weitere Entwicklung aufmerksam verfolgen.&#8220;<\/p>\n<p>Zu den \u201eVertrauen schaffende Ma\u00dfnahmen\u201c, die das Ministerium zur Freigabe der Mittel veranlasst haben, geh\u00f6rte unter anderem der <a href=\"http:\/\/www.burgludwigstein.de\/Einschnitt-auf-Burg-Ludwigstein.759.0.html?&amp;L=0%3FkeepThis%3Dtrue\" target=\"_blank\">vorl\u00e4ufige Ausschluss<\/a> aller Jugendb\u00fcnde wie Pfadfinder und Wanderv\u00f6gel, gleich welcher weltanschaulicher Ausrichtung, von der Burg durch den Vorstand der Tr\u00e4gerstiftung. Dies wurde wiederum von zahlreichen Jugendverb\u00e4nden <a href=\"http:\/\/www.pfadfinden.de\/aktuelles\/offener-brief-an-verantwortliche-der-jugendburg-ludwigstein\/\" target=\"_blank\">scharf kritisiert<\/a>. Wir werden weiter berichten.<\/p>\n<p><em>Jesko Wrede<\/em><\/p>\n","protected":false},"excerpt":{"rendered":"<p>Im vergangenen Herbst berichteten wir \u00fcber rechte Jugendgruppen, denen auf der hessischen Burg Ludwigstein ein Bet\u00e4tigungsfeld geboten wurde. Das Hessische Sozialministerium hatte nach einer Anfrage des St\u00f6rungsmelders \u00a0alle F\u00f6rdermittel f\u00fcr die Jugendbegegnungsst\u00e4tte vor\u00fcbergehend eingefroren.\u00a0 Im November waren die Mittel wieder freigegeben worden. Im Ministerium sei man zu der Auffassung gekommen, dass eine \u201erechte Milieubildung weder [&hellip;]<\/p>\n","protected":false},"author":229,"featured_media":0,"comment_status":"open","ping_status":"open","sticky":false,"template":"","format":"standard","meta":{"_jetpack_memberships_contains_paid_content":false,"footnotes":""},"categories":[1453],"tags":[],"class_list":["post-15495","post","type-post","status-publish","format-standard","hentry","category-hessen"],"yoast_head":"<!-- This site is optimized with the Yoast SEO plugin v21.0 - https:\/\/yoast.com\/wordpress\/plugins\/seo\/ -->\n<title>Streit um Burg Ludwigstein geht weiter - St\u00f6rungsmelder<\/title>\n<meta name=\"robots\" content=\"index, follow, max-snippet:-1, max-image-preview:large, max-video-preview:-1\" \/>\n<link rel=\"canonical\" href=\"https:\/\/blog.zeit.de\/stoerungsmelder\/2014\/03\/24\/streit-um-burg-ludwigstein-geht-weiter_15495\" \/>\n<meta property=\"og:locale\" content=\"de_DE\" \/>\n<meta property=\"og:type\" content=\"article\" \/>\n<meta property=\"og:title\" content=\"Streit um Burg Ludwigstein geht weiter - St\u00f6rungsmelder\" \/>\n<meta property=\"og:description\" content=\"Im vergangenen Herbst berichteten wir \u00fcber rechte Jugendgruppen, denen auf der hessischen Burg Ludwigstein ein Bet\u00e4tigungsfeld geboten wurde. Das Hessische Sozialministerium hatte nach einer Anfrage des St\u00f6rungsmelders \u00a0alle F\u00f6rdermittel f\u00fcr die Jugendbegegnungsst\u00e4tte vor\u00fcbergehend eingefroren.\u00a0 Im November waren die Mittel wieder freigegeben worden. Im Ministerium sei man zu der Auffassung gekommen, dass eine \u201erechte Milieubildung weder [&hellip;]\" \/>\n<meta property=\"og:url\" content=\"https:\/\/blog.zeit.de\/stoerungsmelder\/2014\/03\/24\/streit-um-burg-ludwigstein-geht-weiter_15495\" \/>\n<meta property=\"og:site_name\" content=\"St\u00f6rungsmelder\" \/>\n<meta property=\"article:published_time\" content=\"2014-03-24T14:51:39+00:00\" \/>\n<meta property=\"article:modified_time\" content=\"2014-03-25T06:45:40+00:00\" \/>\n<meta property=\"og:image\" content=\"https:\/\/blog.zeit.de\/stoerungsmelder\/files\/2013\/10\/scale-921-614-03.160340700.2.jpg\" \/>\n<meta name=\"author\" content=\"St\u00f6rungsmelder\" \/>\n<meta name=\"twitter:card\" content=\"summary_large_image\" \/>\n<meta name=\"twitter:label1\" content=\"Geschrieben von\" \/>\n\t<meta name=\"twitter:data1\" content=\"St\u00f6rungsmelder\" \/>\n\t<meta name=\"twitter:label2\" content=\"Gesch\u00e4tzte Lesezeit\" \/>\n\t<meta name=\"twitter:data2\" content=\"1\u00a0Minute\" \/>\n<script type=\"application\/ld+json\" class=\"yoast-schema-graph\">{\"@context\":\"https:\/\/schema.org\",\"@graph\":[{\"@type\":\"WebPage\",\"@id\":\"https:\/\/blog.zeit.de\/stoerungsmelder\/2014\/03\/24\/streit-um-burg-ludwigstein-geht-weiter_15495\",\"url\":\"https:\/\/blog.zeit.de\/stoerungsmelder\/2014\/03\/24\/streit-um-burg-ludwigstein-geht-weiter_15495\",\"name\":\"Streit um Burg Ludwigstein geht weiter - St\u00f6rungsmelder\",\"isPartOf\":{\"@id\":\"https:\/\/blog.zeit.de\/stoerungsmelder\/#website\"},\"datePublished\":\"2014-03-24T14:51:39+00:00\",\"dateModified\":\"2014-03-25T06:45:40+00:00\",\"author\":{\"@id\":\"https:\/\/blog.zeit.de\/stoerungsmelder\/#\/schema\/person\/fdd0b9818f65738672810b6d6f037f71\"},\"breadcrumb\":{\"@id\":\"https:\/\/blog.zeit.de\/stoerungsmelder\/2014\/03\/24\/streit-um-burg-ludwigstein-geht-weiter_15495#breadcrumb\"},\"inLanguage\":\"de\",\"potentialAction\":[{\"@type\":\"ReadAction\",\"target\":[\"https:\/\/blog.zeit.de\/stoerungsmelder\/2014\/03\/24\/streit-um-burg-ludwigstein-geht-weiter_15495\"]}]},{\"@type\":\"BreadcrumbList\",\"@id\":\"https:\/\/blog.zeit.de\/stoerungsmelder\/2014\/03\/24\/streit-um-burg-ludwigstein-geht-weiter_15495#breadcrumb\",\"itemListElement\":[{\"@type\":\"ListItem\",\"position\":1,\"name\":\"Startseite\",\"item\":\"https:\/\/blog.zeit.de\/stoerungsmelder\"},{\"@type\":\"ListItem\",\"position\":2,\"name\":\"Streit um Burg Ludwigstein geht weiter\"}]},{\"@type\":\"WebSite\",\"@id\":\"https:\/\/blog.zeit.de\/stoerungsmelder\/#website\",\"url\":\"https:\/\/blog.zeit.de\/stoerungsmelder\/\",\"name\":\"St\u00f6rungsmelder\",\"description\":\"Recherchen und Analysen \u00fcber die extreme Rechte\",\"potentialAction\":[{\"@type\":\"SearchAction\",\"target\":{\"@type\":\"EntryPoint\",\"urlTemplate\":\"https:\/\/blog.zeit.de\/stoerungsmelder\/?s={search_term_string}\"},\"query-input\":\"required name=search_term_string\"}],\"inLanguage\":\"de\"},{\"@type\":\"Person\",\"@id\":\"https:\/\/blog.zeit.de\/stoerungsmelder\/#\/schema\/person\/fdd0b9818f65738672810b6d6f037f71\",\"name\":\"St\u00f6rungsmelder\",\"image\":{\"@type\":\"ImageObject\",\"inLanguage\":\"de\",\"@id\":\"https:\/\/blog.zeit.de\/stoerungsmelder\/#\/schema\/person\/image\/\",\"url\":\"https:\/\/secure.gravatar.com\/avatar\/dfa4be514c3e82a71e4f9a0020035d38192d080ccaa5e4e6d7a1472c763535c5?s=96&d=mm&r=pg\",\"contentUrl\":\"https:\/\/secure.gravatar.com\/avatar\/dfa4be514c3e82a71e4f9a0020035d38192d080ccaa5e4e6d7a1472c763535c5?s=96&d=mm&r=pg\",\"caption\":\"St\u00f6rungsmelder\"},\"url\":\"https:\/\/blog.zeit.de\/stoerungsmelder\/author\/stoerungsmelder\"}]}<\/script>\n<!-- \/ Yoast SEO plugin. -->","yoast_head_json":{"title":"Streit um Burg Ludwigstein geht weiter - St\u00f6rungsmelder","robots":{"index":"index","follow":"follow","max-snippet":"max-snippet:-1","max-image-preview":"max-image-preview:large","max-video-preview":"max-video-preview:-1"},"canonical":"https:\/\/blog.zeit.de\/stoerungsmelder\/2014\/03\/24\/streit-um-burg-ludwigstein-geht-weiter_15495","og_locale":"de_DE","og_type":"article","og_title":"Streit um Burg Ludwigstein geht weiter - St\u00f6rungsmelder","og_description":"Im vergangenen Herbst berichteten wir \u00fcber rechte Jugendgruppen, denen auf der hessischen Burg Ludwigstein ein Bet\u00e4tigungsfeld geboten wurde. Das Hessische Sozialministerium hatte nach einer Anfrage des St\u00f6rungsmelders \u00a0alle F\u00f6rdermittel f\u00fcr die Jugendbegegnungsst\u00e4tte vor\u00fcbergehend eingefroren.\u00a0 Im November waren die Mittel wieder freigegeben worden. Im Ministerium sei man zu der Auffassung gekommen, dass eine \u201erechte Milieubildung weder [&hellip;]","og_url":"https:\/\/blog.zeit.de\/stoerungsmelder\/2014\/03\/24\/streit-um-burg-ludwigstein-geht-weiter_15495","og_site_name":"St\u00f6rungsmelder","article_published_time":"2014-03-24T14:51:39+00:00","article_modified_time":"2014-03-25T06:45:40+00:00","og_image":[{"url":"https:\/\/blog.zeit.de\/stoerungsmelder\/files\/2013\/10\/scale-921-614-03.160340700.2.jpg"}],"author":"St\u00f6rungsmelder","twitter_card":"summary_large_image","twitter_misc":{"Geschrieben von":"St\u00f6rungsmelder","Gesch\u00e4tzte Lesezeit":"1\u00a0Minute"},"schema":{"@context":"https:\/\/schema.org","@graph":[{"@type":"WebPage","@id":"https:\/\/blog.zeit.de\/stoerungsmelder\/2014\/03\/24\/streit-um-burg-ludwigstein-geht-weiter_15495","url":"https:\/\/blog.zeit.de\/stoerungsmelder\/2014\/03\/24\/streit-um-burg-ludwigstein-geht-weiter_15495","name":"Streit um Burg Ludwigstein geht weiter - St\u00f6rungsmelder","isPartOf":{"@id":"https:\/\/blog.zeit.de\/stoerungsmelder\/#website"},"datePublished":"2014-03-24T14:51:39+00:00","dateModified":"2014-03-25T06:45:40+00:00","author":{"@id":"https:\/\/blog.zeit.de\/stoerungsmelder\/#\/schema\/person\/fdd0b9818f65738672810b6d6f037f71"},"breadcrumb":{"@id":"https:\/\/blog.zeit.de\/stoerungsmelder\/2014\/03\/24\/streit-um-burg-ludwigstein-geht-weiter_15495#breadcrumb"},"inLanguage":"de","potentialAction":[{"@type":"ReadAction","target":["https:\/\/blog.zeit.de\/stoerungsmelder\/2014\/03\/24\/streit-um-burg-ludwigstein-geht-weiter_15495"]}]},{"@type":"BreadcrumbList","@id":"https:\/\/blog.zeit.de\/stoerungsmelder\/2014\/03\/24\/streit-um-burg-ludwigstein-geht-weiter_15495#breadcrumb","itemListElement":[{"@type":"ListItem","position":1,"name":"Startseite","item":"https:\/\/blog.zeit.de\/stoerungsmelder"},{"@type":"ListItem","position":2,"name":"Streit um Burg Ludwigstein geht weiter"}]},{"@type":"WebSite","@id":"https:\/\/blog.zeit.de\/stoerungsmelder\/#website","url":"https:\/\/blog.zeit.de\/stoerungsmelder\/","name":"St\u00f6rungsmelder","description":"Recherchen und Analysen \u00fcber die extreme Rechte","potentialAction":[{"@type":"SearchAction","target":{"@type":"EntryPoint","urlTemplate":"https:\/\/blog.zeit.de\/stoerungsmelder\/?s={search_term_string}"},"query-input":"required name=search_term_string"}],"inLanguage":"de"},{"@type":"Person","@id":"https:\/\/blog.zeit.de\/stoerungsmelder\/#\/schema\/person\/fdd0b9818f65738672810b6d6f037f71","name":"St\u00f6rungsmelder","image":{"@type":"ImageObject","inLanguage":"de","@id":"https:\/\/blog.zeit.de\/stoerungsmelder\/#\/schema\/person\/image\/","url":"https:\/\/secure.gravatar.com\/avatar\/dfa4be514c3e82a71e4f9a0020035d38192d080ccaa5e4e6d7a1472c763535c5?s=96&d=mm&r=pg","contentUrl":"https:\/\/secure.gravatar.com\/avatar\/dfa4be514c3e82a71e4f9a0020035d38192d080ccaa5e4e6d7a1472c763535c5?s=96&d=mm&r=pg","caption":"St\u00f6rungsmelder"},"url":"https:\/\/blog.zeit.de\/stoerungsmelder\/author\/stoerungsmelder"}]}},"jetpack_featured_media_url":"","jetpack_sharing_enabled":true,"_links":{"self":[{"href":"https:\/\/blog.zeit.de\/stoerungsmelder\/wp-json\/wp\/v2\/posts\/15495","targetHints":{"allow":["GET"]}}],"collection":[{"href":"https:\/\/blog.zeit.de\/stoerungsmelder\/wp-json\/wp\/v2\/posts"}],"about":[{"href":"https:\/\/blog.zeit.de\/stoerungsmelder\/wp-json\/wp\/v2\/types\/post"}],"author":[{"embeddable":true,"href":"https:\/\/blog.zeit.de\/stoerungsmelder\/wp-json\/wp\/v2\/users\/229"}],"replies":[{"embeddable":true,"href":"https:\/\/blog.zeit.de\/stoerungsmelder\/wp-json\/wp\/v2\/comments?post=15495"}],"version-history":[{"count":5,"href":"https:\/\/blog.zeit.de\/stoerungsmelder\/wp-json\/wp\/v2\/posts\/15495\/revisions"}],"predecessor-version":[{"id":15500,"href":"https:\/\/blog.zeit.de\/stoerungsmelder\/wp-json\/wp\/v2\/posts\/15495\/revisions\/15500"}],"wp:attachment":[{"href":"https:\/\/blog.zeit.de\/stoerungsmelder\/wp-json\/wp\/v2\/media?parent=15495"}],"wp:term":[{"taxonomy":"category","embeddable":true,"href":"https:\/\/blog.zeit.de\/stoerungsmelder\/wp-json\/wp\/v2\/categories?post=15495"},{"taxonomy":"post_tag","embeddable":true,"href":"https:\/\/blog.zeit.de\/stoerungsmelder\/wp-json\/wp\/v2\/tags?post=15495"}],"curies":[{"name":"wp","href":"https:\/\/api.w.org\/{rel}","templated":true}]}}