{"id":15714,"date":"2014-04-22T06:47:38","date_gmt":"2014-04-22T04:47:38","guid":{"rendered":"http:\/\/blog.zeit.de\/stoerungsmelder\/?p=15714"},"modified":"2014-04-22T06:47:38","modified_gmt":"2014-04-22T04:47:38","slug":"nazi-aufmarsch-in-dortmund-am-1-mai-verboten","status":"publish","type":"post","link":"https:\/\/blog.zeit.de\/stoerungsmelder\/2014\/04\/22\/nazi-aufmarsch-in-dortmund-am-1-mai-verboten_15714","title":{"rendered":"Nazi-Aufmarsch in Dortmund am 1. Mai verboten"},"content":{"rendered":"<p><a href=\"https:\/\/blog.zeit.de\/stoerungsmelder\/files\/2014\/04\/banner-1.jpg\"><img loading=\"lazy\" decoding=\"async\" class=\"aligncenter size-full wp-image-15716\" alt=\"banner-1\" src=\"https:\/\/blog.zeit.de\/stoerungsmelder\/files\/2014\/04\/banner-1.jpg\" width=\"468\" height=\"138\" srcset=\"https:\/\/blog.zeit.de\/stoerungsmelder\/files\/2014\/04\/banner-1.jpg 468w, https:\/\/blog.zeit.de\/stoerungsmelder\/files\/2014\/04\/banner-1-300x88.jpg 300w\" sizes=\"auto, (max-width: 468px) 100vw, 468px\" \/><\/a><\/p>\n<p>Schon 2013 wollte die Dortmunder Polizei einen Aufmarsch der Partei &#8222;Die Rechte&#8220; in Dortmund verbieten, war damit allerdings nicht erfolgreich. In diesem Jahr soll es wieder ein Verbot geben, das allerdings um einige Gr\u00fcnde erg\u00e4nzt wurde. &#8222;Die Rechte&#8220; m\u00f6chte dagegen klagen.<!--more--><\/p>\n<p><span style=\"line-height: 1.5em\">Die Partei &#8222;Die Rechte&#8220; m\u00f6chte am 1. Mai in Dortmund aufmarschieren. Der neue Dortmunder Polizeipr\u00e4sident, Georg Lange, hat ihnen die Demonstration aber verboten. <\/span><a href=\"http:\/\/www.ruhrbarone.de\/dortmund-polizei-verbietet-naziaufmarsch-am-1-mai-nazis-wollen-klagen\/77079\" target=\"_blank\">Wie &#8222;Die Ruhrbarone&#8220; berichten,<\/a><span style=\"line-height: 1.5em\">\u00a0diene der Aufmarsch vor allem dem Zusammenhalt &#8222;einer im Jahr 2012 verbotenen, aggressiv-k\u00e4mpferischen, verfassungsfeindlichen und rechtsextremistischen Vereinigung&#8220;. Zwar lie\u00dfen die Verwaltungsgerichte dieses auf den &#8222;Nationalen Widerstand Dortmund&#8220; abzielende Argument nicht gelten und kassierten das Verbot. Allerdings argumentiert die Dortmunder Polizei nun <\/span><a href=\"http:\/\/www.presseportal.de\/polizeipresse\/pm\/4971\/2713263\/pol-do-polizeipraesident-verbietet-rechtsextremistischen-aufmarsch-am-1-mai-2014\" target=\"_blank\">in einer Pressemitteilung<\/a><span style=\"line-height: 1.5em\"> damit, dass &#8222;Die Rechte&#8220; in ihrem 25-Punkte-Programm an das 25-Punkte-Programm der NSDAP ankn\u00fcpfe. &#8222;Die Rechte&#8220; m\u00f6chte gegen das Verbot durch die Dortmunder Polizei klagen.<\/span><\/p>\n<p>Laut der Dortmunder Polizei wollen rund 300 Rechtsextremisten am 1. Mai aufmarschieren. Der Aufmarsch soll um 12 Uhr am Dortmunder Hauptbahnhof beginnen. Die Polizei sieht im Aufmarsch eine &#8222;Gef\u00e4hrdung der \u00f6ffentlichen Sicherheit und Ordnung&#8220;. Mit dem Verbot m\u00f6chte sie den Aktivit\u00e4ten der ehemaligen Mitglieder des Nationalen Widerstands Dortmund ein Ende setzen. Sie bef\u00fcrchtet, dass im Rahmen des angemeldeten Aufmarsches gegen die Dortmunder Bev\u00f6lkerung mit Migrationshintergrund gehetzt werden soll. Das Verbot ist laut Georg Lange ein &#8222;Instrument der wehrhaften Demokratie&#8220;.<\/p>\n<p>Das B\u00fcndnis BlockaDO <a href=\"http:\/\/www.blockado.info\/planungen-gehen-trotz-verbot-mit-hochtouren-weiter\/#more-336\" target=\"_blank\">ruft trotz des Verbotes zur Blockade des Aufmarsches auf<\/a>. Es besteht aus &#8222;Dortmund Nazifrei&#8220;, &#8222;Dortmund stellt sich quer&#8220; und autonomen Antifaschisten und wird von Gewerkschaften, Parteien und Einzelpersonen unterst\u00fctzt.<\/p>\n","protected":false},"excerpt":{"rendered":"<p>Schon 2013 wollte die Dortmunder Polizei einen Aufmarsch der Partei &#8222;Die Rechte&#8220; in Dortmund verbieten, war damit allerdings nicht erfolgreich. In diesem Jahr soll es wieder ein Verbot geben, das allerdings um einige Gr\u00fcnde erg\u00e4nzt wurde. &#8222;Die Rechte&#8220; m\u00f6chte dagegen klagen.<\/p>\n","protected":false},"author":488,"featured_media":0,"comment_status":"open","ping_status":"open","sticky":false,"template":"","format":"standard","meta":{"_jetpack_memberships_contains_paid_content":false,"footnotes":""},"categories":[1291],"tags":[1460,24563,28254,31094,984,24535,1538,31095,31096,22843,1638,17878,1726,991,22892],"class_list":["post-15714","post","type-post","status-publish","format-standard","hentry","category-nordrhein-westfalen","tag-1-mai","tag-antifa","tag-blockade","tag-blockado","tag-demonstration","tag-die-rechte","tag-dortmund","tag-dortmund-nazifrei","tag-dortmund-stellt-sich-quer","tag-gegendemonstration","tag-justiz","tag-nationaler-widerstand-dortmund","tag-nsdap","tag-polizei","tag-zivilgesellschaft"],"yoast_head":"<!-- This site is optimized with the Yoast SEO plugin v21.0 - https:\/\/yoast.com\/wordpress\/plugins\/seo\/ -->\n<title>Nazi-Aufmarsch in Dortmund am 1. Mai verboten - St\u00f6rungsmelder<\/title>\n<meta name=\"robots\" content=\"index, follow, max-snippet:-1, max-image-preview:large, max-video-preview:-1\" \/>\n<link rel=\"canonical\" href=\"https:\/\/blog.zeit.de\/stoerungsmelder\/2014\/04\/22\/nazi-aufmarsch-in-dortmund-am-1-mai-verboten_15714\" \/>\n<meta property=\"og:locale\" content=\"de_DE\" \/>\n<meta property=\"og:type\" content=\"article\" \/>\n<meta property=\"og:title\" content=\"Nazi-Aufmarsch in Dortmund am 1. Mai verboten - St\u00f6rungsmelder\" \/>\n<meta property=\"og:description\" content=\"Schon 2013 wollte die Dortmunder Polizei einen Aufmarsch der Partei &#8222;Die Rechte&#8220; in Dortmund verbieten, war damit allerdings nicht erfolgreich. In diesem Jahr soll es wieder ein Verbot geben, das allerdings um einige Gr\u00fcnde erg\u00e4nzt wurde. &#8222;Die Rechte&#8220; m\u00f6chte dagegen klagen.\" \/>\n<meta property=\"og:url\" content=\"https:\/\/blog.zeit.de\/stoerungsmelder\/2014\/04\/22\/nazi-aufmarsch-in-dortmund-am-1-mai-verboten_15714\" \/>\n<meta property=\"og:site_name\" content=\"St\u00f6rungsmelder\" \/>\n<meta property=\"article:published_time\" content=\"2014-04-22T04:47:38+00:00\" \/>\n<meta property=\"og:image\" content=\"https:\/\/blog.zeit.de\/stoerungsmelder\/files\/2014\/04\/banner-1.jpg\" \/>\n<meta name=\"author\" content=\"Nicole Prehn\" \/>\n<meta name=\"twitter:card\" content=\"summary_large_image\" \/>\n<meta name=\"twitter:label1\" content=\"Geschrieben von\" \/>\n\t<meta name=\"twitter:data1\" content=\"Nicole Prehn\" \/>\n\t<meta name=\"twitter:label2\" content=\"Gesch\u00e4tzte Lesezeit\" \/>\n\t<meta name=\"twitter:data2\" content=\"1\u00a0Minute\" \/>\n<script type=\"application\/ld+json\" class=\"yoast-schema-graph\">{\"@context\":\"https:\/\/schema.org\",\"@graph\":[{\"@type\":\"WebPage\",\"@id\":\"https:\/\/blog.zeit.de\/stoerungsmelder\/2014\/04\/22\/nazi-aufmarsch-in-dortmund-am-1-mai-verboten_15714\",\"url\":\"https:\/\/blog.zeit.de\/stoerungsmelder\/2014\/04\/22\/nazi-aufmarsch-in-dortmund-am-1-mai-verboten_15714\",\"name\":\"Nazi-Aufmarsch in Dortmund am 1. Mai verboten - St\u00f6rungsmelder\",\"isPartOf\":{\"@id\":\"https:\/\/blog.zeit.de\/stoerungsmelder\/#website\"},\"datePublished\":\"2014-04-22T04:47:38+00:00\",\"dateModified\":\"2014-04-22T04:47:38+00:00\",\"author\":{\"@id\":\"https:\/\/blog.zeit.de\/stoerungsmelder\/#\/schema\/person\/dcfc2bf156d5720e2950e73961b98730\"},\"breadcrumb\":{\"@id\":\"https:\/\/blog.zeit.de\/stoerungsmelder\/2014\/04\/22\/nazi-aufmarsch-in-dortmund-am-1-mai-verboten_15714#breadcrumb\"},\"inLanguage\":\"de\",\"potentialAction\":[{\"@type\":\"ReadAction\",\"target\":[\"https:\/\/blog.zeit.de\/stoerungsmelder\/2014\/04\/22\/nazi-aufmarsch-in-dortmund-am-1-mai-verboten_15714\"]}]},{\"@type\":\"BreadcrumbList\",\"@id\":\"https:\/\/blog.zeit.de\/stoerungsmelder\/2014\/04\/22\/nazi-aufmarsch-in-dortmund-am-1-mai-verboten_15714#breadcrumb\",\"itemListElement\":[{\"@type\":\"ListItem\",\"position\":1,\"name\":\"Startseite\",\"item\":\"https:\/\/blog.zeit.de\/stoerungsmelder\"},{\"@type\":\"ListItem\",\"position\":2,\"name\":\"Nazi-Aufmarsch in Dortmund am 1. Mai verboten\"}]},{\"@type\":\"WebSite\",\"@id\":\"https:\/\/blog.zeit.de\/stoerungsmelder\/#website\",\"url\":\"https:\/\/blog.zeit.de\/stoerungsmelder\/\",\"name\":\"St\u00f6rungsmelder\",\"description\":\"Recherchen und Analysen \u00fcber die extreme Rechte\",\"potentialAction\":[{\"@type\":\"SearchAction\",\"target\":{\"@type\":\"EntryPoint\",\"urlTemplate\":\"https:\/\/blog.zeit.de\/stoerungsmelder\/?s={search_term_string}\"},\"query-input\":\"required name=search_term_string\"}],\"inLanguage\":\"de\"},{\"@type\":\"Person\",\"@id\":\"https:\/\/blog.zeit.de\/stoerungsmelder\/#\/schema\/person\/dcfc2bf156d5720e2950e73961b98730\",\"name\":\"Nicole Prehn\",\"image\":{\"@type\":\"ImageObject\",\"inLanguage\":\"de\",\"@id\":\"https:\/\/blog.zeit.de\/stoerungsmelder\/#\/schema\/person\/image\/\",\"url\":\"https:\/\/secure.gravatar.com\/avatar\/91843abf9d29b6dd02bb0cf58d8dff6efca7d4634ec1f6fa629f292ffda526d1?s=96&d=mm&r=pg\",\"contentUrl\":\"https:\/\/secure.gravatar.com\/avatar\/91843abf9d29b6dd02bb0cf58d8dff6efca7d4634ec1f6fa629f292ffda526d1?s=96&d=mm&r=pg\",\"caption\":\"Nicole Prehn\"},\"description\":\"Ich wurde 1991 in Rostock geboren. Wenn man ganz genau hinsieht, erkennt man auch heute noch, dass dort das Sonnenblumenhaus 1992 gebrannt hat. Rechtsextremismus und andere Formen der gruppenbezogenen Formen der Menschenfeindlichkeit geh\u00f6ren f\u00fcr mich auf jeden Fall bek\u00e4mpft. Wenn ich nicht gerade studiere (Politologie und P\u00e4dagogik in Osnabr\u00fcck), besch\u00e4ftige ich mich mit diesen Themen - z.B. in diversen Medien oder in meinem eigenen Blog: http:\/\/kitschautorin.wordpress.com\",\"sameAs\":[\"http:\/\/kitschautorin.wordpress.com\"],\"url\":\"https:\/\/blog.zeit.de\/stoerungsmelder\/author\/nicole\"}]}<\/script>\n<!-- \/ Yoast SEO plugin. -->","yoast_head_json":{"title":"Nazi-Aufmarsch in Dortmund am 1. Mai verboten - St\u00f6rungsmelder","robots":{"index":"index","follow":"follow","max-snippet":"max-snippet:-1","max-image-preview":"max-image-preview:large","max-video-preview":"max-video-preview:-1"},"canonical":"https:\/\/blog.zeit.de\/stoerungsmelder\/2014\/04\/22\/nazi-aufmarsch-in-dortmund-am-1-mai-verboten_15714","og_locale":"de_DE","og_type":"article","og_title":"Nazi-Aufmarsch in Dortmund am 1. Mai verboten - St\u00f6rungsmelder","og_description":"Schon 2013 wollte die Dortmunder Polizei einen Aufmarsch der Partei &#8222;Die Rechte&#8220; in Dortmund verbieten, war damit allerdings nicht erfolgreich. In diesem Jahr soll es wieder ein Verbot geben, das allerdings um einige Gr\u00fcnde erg\u00e4nzt wurde. &#8222;Die Rechte&#8220; m\u00f6chte dagegen klagen.","og_url":"https:\/\/blog.zeit.de\/stoerungsmelder\/2014\/04\/22\/nazi-aufmarsch-in-dortmund-am-1-mai-verboten_15714","og_site_name":"St\u00f6rungsmelder","article_published_time":"2014-04-22T04:47:38+00:00","og_image":[{"url":"https:\/\/blog.zeit.de\/stoerungsmelder\/files\/2014\/04\/banner-1.jpg"}],"author":"Nicole Prehn","twitter_card":"summary_large_image","twitter_misc":{"Geschrieben von":"Nicole Prehn","Gesch\u00e4tzte Lesezeit":"1\u00a0Minute"},"schema":{"@context":"https:\/\/schema.org","@graph":[{"@type":"WebPage","@id":"https:\/\/blog.zeit.de\/stoerungsmelder\/2014\/04\/22\/nazi-aufmarsch-in-dortmund-am-1-mai-verboten_15714","url":"https:\/\/blog.zeit.de\/stoerungsmelder\/2014\/04\/22\/nazi-aufmarsch-in-dortmund-am-1-mai-verboten_15714","name":"Nazi-Aufmarsch in Dortmund am 1. Mai verboten - St\u00f6rungsmelder","isPartOf":{"@id":"https:\/\/blog.zeit.de\/stoerungsmelder\/#website"},"datePublished":"2014-04-22T04:47:38+00:00","dateModified":"2014-04-22T04:47:38+00:00","author":{"@id":"https:\/\/blog.zeit.de\/stoerungsmelder\/#\/schema\/person\/dcfc2bf156d5720e2950e73961b98730"},"breadcrumb":{"@id":"https:\/\/blog.zeit.de\/stoerungsmelder\/2014\/04\/22\/nazi-aufmarsch-in-dortmund-am-1-mai-verboten_15714#breadcrumb"},"inLanguage":"de","potentialAction":[{"@type":"ReadAction","target":["https:\/\/blog.zeit.de\/stoerungsmelder\/2014\/04\/22\/nazi-aufmarsch-in-dortmund-am-1-mai-verboten_15714"]}]},{"@type":"BreadcrumbList","@id":"https:\/\/blog.zeit.de\/stoerungsmelder\/2014\/04\/22\/nazi-aufmarsch-in-dortmund-am-1-mai-verboten_15714#breadcrumb","itemListElement":[{"@type":"ListItem","position":1,"name":"Startseite","item":"https:\/\/blog.zeit.de\/stoerungsmelder"},{"@type":"ListItem","position":2,"name":"Nazi-Aufmarsch in Dortmund am 1. Mai verboten"}]},{"@type":"WebSite","@id":"https:\/\/blog.zeit.de\/stoerungsmelder\/#website","url":"https:\/\/blog.zeit.de\/stoerungsmelder\/","name":"St\u00f6rungsmelder","description":"Recherchen und Analysen \u00fcber die extreme Rechte","potentialAction":[{"@type":"SearchAction","target":{"@type":"EntryPoint","urlTemplate":"https:\/\/blog.zeit.de\/stoerungsmelder\/?s={search_term_string}"},"query-input":"required name=search_term_string"}],"inLanguage":"de"},{"@type":"Person","@id":"https:\/\/blog.zeit.de\/stoerungsmelder\/#\/schema\/person\/dcfc2bf156d5720e2950e73961b98730","name":"Nicole Prehn","image":{"@type":"ImageObject","inLanguage":"de","@id":"https:\/\/blog.zeit.de\/stoerungsmelder\/#\/schema\/person\/image\/","url":"https:\/\/secure.gravatar.com\/avatar\/91843abf9d29b6dd02bb0cf58d8dff6efca7d4634ec1f6fa629f292ffda526d1?s=96&d=mm&r=pg","contentUrl":"https:\/\/secure.gravatar.com\/avatar\/91843abf9d29b6dd02bb0cf58d8dff6efca7d4634ec1f6fa629f292ffda526d1?s=96&d=mm&r=pg","caption":"Nicole Prehn"},"description":"Ich wurde 1991 in Rostock geboren. Wenn man ganz genau hinsieht, erkennt man auch heute noch, dass dort das Sonnenblumenhaus 1992 gebrannt hat. Rechtsextremismus und andere Formen der gruppenbezogenen Formen der Menschenfeindlichkeit geh\u00f6ren f\u00fcr mich auf jeden Fall bek\u00e4mpft. Wenn ich nicht gerade studiere (Politologie und P\u00e4dagogik in Osnabr\u00fcck), besch\u00e4ftige ich mich mit diesen Themen - z.B. in diversen Medien oder in meinem eigenen Blog: http:\/\/kitschautorin.wordpress.com","sameAs":["http:\/\/kitschautorin.wordpress.com"],"url":"https:\/\/blog.zeit.de\/stoerungsmelder\/author\/nicole"}]}},"jetpack_featured_media_url":"","jetpack_sharing_enabled":true,"_links":{"self":[{"href":"https:\/\/blog.zeit.de\/stoerungsmelder\/wp-json\/wp\/v2\/posts\/15714","targetHints":{"allow":["GET"]}}],"collection":[{"href":"https:\/\/blog.zeit.de\/stoerungsmelder\/wp-json\/wp\/v2\/posts"}],"about":[{"href":"https:\/\/blog.zeit.de\/stoerungsmelder\/wp-json\/wp\/v2\/types\/post"}],"author":[{"embeddable":true,"href":"https:\/\/blog.zeit.de\/stoerungsmelder\/wp-json\/wp\/v2\/users\/488"}],"replies":[{"embeddable":true,"href":"https:\/\/blog.zeit.de\/stoerungsmelder\/wp-json\/wp\/v2\/comments?post=15714"}],"version-history":[{"count":4,"href":"https:\/\/blog.zeit.de\/stoerungsmelder\/wp-json\/wp\/v2\/posts\/15714\/revisions"}],"predecessor-version":[{"id":15720,"href":"https:\/\/blog.zeit.de\/stoerungsmelder\/wp-json\/wp\/v2\/posts\/15714\/revisions\/15720"}],"wp:attachment":[{"href":"https:\/\/blog.zeit.de\/stoerungsmelder\/wp-json\/wp\/v2\/media?parent=15714"}],"wp:term":[{"taxonomy":"category","embeddable":true,"href":"https:\/\/blog.zeit.de\/stoerungsmelder\/wp-json\/wp\/v2\/categories?post=15714"},{"taxonomy":"post_tag","embeddable":true,"href":"https:\/\/blog.zeit.de\/stoerungsmelder\/wp-json\/wp\/v2\/tags?post=15714"}],"curies":[{"name":"wp","href":"https:\/\/api.w.org\/{rel}","templated":true}]}}