{"id":15794,"date":"2014-04-26T09:22:06","date_gmt":"2014-04-26T07:22:06","guid":{"rendered":"http:\/\/blog.zeit.de\/stoerungsmelder\/?p=15794"},"modified":"2014-04-26T09:22:06","modified_gmt":"2014-04-26T07:22:06","slug":"mutmasslicher-nsu-helfer-befand-sich-2004-in-tatortnaehe-des-koelner-bombenanschlags","status":"publish","type":"post","link":"https:\/\/blog.zeit.de\/stoerungsmelder\/2014\/04\/26\/mutmasslicher-nsu-helfer-befand-sich-2004-in-tatortnaehe-des-koelner-bombenanschlags_15794","title":{"rendered":"Mutma\u00dflicher NSU-Helfer befand sich 2004 in Tatortn\u00e4he des K\u00f6lner Bombenanschlags"},"content":{"rendered":"<p><figure id=\"attachment_8419\" aria-describedby=\"caption-attachment-8419\" style=\"width: 579px\" class=\"wp-caption aligncenter\"><a href=\"https:\/\/blog.zeit.de\/stoerungsmelder\/files\/2012\/04\/nsu-540x304.jpg\"><img loading=\"lazy\" decoding=\"async\" class=\" wp-image-8419\" alt=\"Die ausgebrannte Wohnung der NSU-Terroristen in Zwickau \u00a9 Jan Woitas\/dpa\" src=\"https:\/\/blog.zeit.de\/stoerungsmelder\/files\/2012\/04\/nsu-540x304.jpg\" width=\"579\" height=\"325\" srcset=\"https:\/\/blog.zeit.de\/stoerungsmelder\/files\/2012\/04\/nsu-540x304.jpg 540w, https:\/\/blog.zeit.de\/stoerungsmelder\/files\/2012\/04\/nsu-540x304-300x168.jpg 300w\" sizes=\"auto, (max-width: 579px) 100vw, 579px\" \/><\/a><figcaption id=\"caption-attachment-8419\" class=\"wp-caption-text\">Die ausgebrannte Wohnung der NSU-Terroristen in Zwickau \u00a9 Jan Woitas\/dpa<\/figcaption><\/figure><\/p>\n<p>Der Mitangeklagte im NSU-Prozess Andr\u00e9 E. befand sich zum Zeitpunkt des Nagelbombenanschlags in K\u00f6ln 2004 in unmittelbarer N\u00e4he \u2013 das belegen neue Unterlagen.<!--more--><\/p>\n<p><em>Von Maik Baumg\u00e4rtner &amp; Andrea R\u00f6pke, zuerst erschienen beim <a href=\"http:\/\/www.bnr.de\/artikel\/hintergrund\/nsu-helfer-zufaellig-vor-ort\" target=\"_blank\">blick nach rechts<\/a><\/em><\/p>\n<p>Einen Tag vor dem verheerenden Nagelbombenanschlag mit vielen Verletzten in der K\u00f6lner Keupstra\u00dfe am 9. Juni 2004 wurden von der Geldkarte des NSU-Mitangeklagten Andr\u00e9 E. 20 Euro abgebucht. Der Vorgang spielte sich am 8. Juni 2004 um 17.35 Uhr, nur rund 50 Kilometer von K\u00f6ln entfernt, an einem Schalter im Einkaufszentrum im Narzissenweg von Euskirchen ab. Bisher soll den ermittelnden Beh\u00f6rden nur bekannt gewesen, dass sich der Neonazi mit dem LKW einer Zwickauer Spedition in Tatortn\u00e4he befunden haben k\u00f6nnte.<\/p>\n<p>Aus seinen eigenen Steuerunterlagen war hervorgegangen, dass E. etwa zeitgleich wie die mutma\u00dflichen T\u00e4ter den Weg von Sachsen in den Westen nahm. Das Ziel seiner Spedition war am 7. Juni zun\u00e4chst Mainz. Am n\u00e4chsten Tag fuhr E. Richtung Euskirchen weiter. Aus den beschlagnahmten Dateien erfuhren die Ermittler, dass die Schicht am Tag des Bombenanschlags, am 9. Juni, f\u00fcr den Zwickauer in Euskirchen morgens begann und abends im rund 500 Kilometer entfernten Irxleben endete. Das war bisher alles.<\/p>\n<p>Der Buchungsvorgang der Sparkasse aus dem Erzgebirge k\u00f6nnte den Angeklagten jetzt zunehmend belasten. Denn nicht nur die beiden mutma\u00dflichen Attent\u00e4ter Uwe Mundlos und Uwe B\u00f6hnhardt hatten sich am Sonntag, dem 6. Juni 2004 mit einem in Zwickau gemieteten VW Touran auf den Weg nach Nordrhein-Westfalen gemacht, sondern anscheinend befand sich auch E. in der Nacht vor dem Anschlag in der Region. \u201eDie Tat\u00f6rtlichkeit\u201c in K\u00f6ln, die Keupstra\u00dfe, befindet sich in unmittelbarer N\u00e4he zu einem gro\u00dfen Industriegebiet mit einer Vielzahl von Firmen, hie\u00df es intern, die \u201eVerkehrsinfrastruktur\u201c sei folglich \u201ef\u00fcr schwere LKW ausgelegt\u201c, auch geeigneter \u201eParkraum f\u00fcr den Schwerverkehr\u201c sei vorhanden.<\/p>\n<p><strong>Mundlos und B\u00f6hnhardt auf den Aufnahmen der \u00dcberwachungskamera<\/strong><\/p>\n<p>Doch Fahrtenschreiber oder \u00dcbernachtungsquittungen existierten nach Firmenangaben nicht mehr, auch Angaben \u00fcber m\u00f6gliche in Euskirchen aufgesuchte Firmen zwecks Be- oder Entladung von Ware lagen nicht vor. Da der Beschuldige E. im NSU-Prozess vor dem Oberlandesgericht in M\u00fcnchen von seinem Aussageverweigerungsrecht Gebrauch macht, bestanden bislang \u201ekeine erfolgversprechenden Ermittlungsans\u00e4tze, die den Verdacht einer unmittelbaren Tatbeteiligung des E. am Nagelbombenanschlag (..) in Form der Verbringung von Tatmitteln von Zwickau nach K\u00f6ln untermauern\u201c w\u00fcrden, lautete die interne Einsch\u00e4tzung.<\/p>\n<p>Der Anschlag in der Keupstra\u00dfe j\u00e4hrt sich am 9. Juni dieses Jahres zum zehnten Mal. Gegen 14.30 Uhr am 9. Juni 2004 zeichneten die \u00dcberwachungskameras des Musiksenders Viva im K\u00f6lner Stadtteil M\u00fchlheim Bilder auf, die als Fahndungsphotos verwendet wurden. Ein etwa 25 bis 30 Jahre alter Mann mit Baseballkappe schob zun\u00e4chst zwei Mountainbikes durch die Schanzenstra\u00dfe. Kurz darauf kam er, laut Bericht des WDR, ohne die R\u00e4der zur\u00fcck. Um 15.10 Uhr tauchte er wieder auf \u2013 gefolgt von einem weiteren gleichaltrigen Mann, der ein Damenfahrrad mit aufmontiertem Hartschalenkoffer schob. Darin war die Bombe versteckt, die \u2013 wie die Polizei sp\u00e4ter feststellte \u2013 aus einer Gasflasche, 5,5 Kilogramm Schwarzpulver und rund 800 N\u00e4geln bestand. Abgestellt wurde das Damenrad schlie\u00dflich vor einem Friseursalon an der Keupstra\u00dfe. Dort haben sich etliche t\u00fcrkische Kleinunternehmer niedergelassen, die Gesch\u00e4fte und Restaurants betreiben. Insgesamt f\u00fcnf Mal sollen Uwe Mundlos und Uwe B\u00f6hnhardt auf den Aufnahmen zu sehen sein.<\/p>\n<p><strong>\u201eMetalln\u00e4gel drangen in die K\u00f6rper ein\u201c<\/strong><\/p>\n<p>Um 15.56 Uhr wurde die Bombe mit einer Funkfernsteuerung gez\u00fcndet, es gibt 22 zum Teil schwer verletzte Menschen. \u201eBei den Personen, die sich unmittelbar am Explosionsort aufhielten, drangen zahlreiche Metalln\u00e4gel in die K\u00f6rper ein\u201c, hei\u00dft es in einem Polizeibericht. Die Wucht der Detonation habe die N\u00e4gel in einem Umkreis von bis zu 100 Metern verteilt.<\/p>\n<p>Keine Stunde sp\u00e4ter veranlassten zust\u00e4ndige Beamte im Lagezentrum der Polizei in Nordrhein-Westfalen die Streichung des Begriffs \u201e\u2019terroristischer Anschlag\u2018 aus dem momentanen Schriftverkehr\u201c. Wer aus welchem Grund diese Anweisung erlassen hat, ist bisher ungekl\u00e4rt. Eilig wurde kolportiert, dass keine Hinweise auf terroristische Gewaltkriminalit\u00e4t vorl\u00e4gen. Nur einen Tag nach dem Anschlag, der seit 2011 dem Neonazi-Terrornetzwerk \u201eNationalsozialistischer Untergrund\u201c (NSU) zugeordnet wird, verk\u00fcndete der damalige SPD-Bundesinnenminister Otto Schily: \u201eDie Erkenntnisse, die unsere Sicherheitsbeh\u00f6rden bisher gewonnen haben, deuten nicht auf einen terroristischen Hintergrund, sondern auf ein kriminelles Milieu.\u201c<\/p>\n<p>Einige Bewohner der Keupstra\u00dfe sowie weitere Zeugen machten gegen\u00fcber der Polizei Angaben, dass der Anschlag m\u00f6glicherweise in einem Zusammenhang zu den Serienmorden an t\u00fcrkischen Gesch\u00e4ftsleuten in Deutschland stehen oder ein fremdenfeindliches Motiv gehabt haben k\u00f6nnte, doch es folgten keine Konsequenzen. Die Maschinerie institutionellen Rassismus war l\u00e4ngst angelaufen. Die Ermittlungen wurden 2008 erfolglos eingestellt.<\/p>\n<p><strong>Beihilfe zu Sprengstoffanschlag in K\u00f6ln vorgeworfen<\/strong><\/p>\n<p>Die Generalbundesanwaltschaft wirft dem Zwickauer Helfer Andr\u00e9 E. im M\u00fcnchner NSU-Verfahren unter anderem Beihilfe zu einem anderen Sprengstoffanschlag in der K\u00f6lner Altstadt im Dezember 2000 vor. E. soll ein Wohnmobil in Chemnitz angemietet und den beiden Hauptt\u00e4tern B\u00f6hnhardt und Mundlos zur Verf\u00fcgung gestellt haben, die fuhren damit nach K\u00f6ln und platzierten den Sprengsatz versteckt in einem Lebensmittelgesch\u00e4ft. Etwa einen Monat sp\u00e4ter detonierte die Bombe und verletzte die junge Tochter der iranischen Besitzers schwer im Gesicht.<\/p>\n<p>Andr\u00e9 E., Mitbegr\u00fcnder der \u201eWei\u00dfen Bruderschaft Erzgebirge\u201c, der \u00fcber gute Kontakte zu \u201eBlood&amp;Honour\u201c in Chemnitz verf\u00fcgte, gilt als einer der langj\u00e4hrigsten und engsten Unterst\u00fctzer im Untergrund. Eine Zeugin sagte aus, er habe die Drei bereits in einer der ersten Unterschl\u00fcpfe in Chemnitz versorgt. Am 4. November 2011, dem Todestag von Mundlos und B\u00f6hnhardt, war der 33-J\u00e4hrige Neonazi der erste, den die Hauptangeklagte Beate Zsch\u00e4pe nach dem Auffliegen der Gruppe kontaktierte.<\/p>\n","protected":false},"excerpt":{"rendered":"<p>Der Mitangeklagte im NSU-Prozess Andr\u00e9 E. befand sich zum Zeitpunkt des Nagelbombenanschlags in K\u00f6ln 2004 in unmittelbarer N\u00e4he \u2013 das belegen neue Unterlagen.<\/p>\n","protected":false},"author":229,"featured_media":0,"comment_status":"open","ping_status":"open","sticky":false,"template":"","format":"standard","meta":{"_jetpack_memberships_contains_paid_content":false,"footnotes":""},"categories":[1515],"tags":[31106,31107,1638,12752,1755,12739,22860,22859],"class_list":["post-15794","post","type-post","status-publish","format-standard","hentry","category-bundesweit","tag-andre-eminger","tag-bombenanschlag","tag-justiz","tag-nsu","tag-rechte-gewalt","tag-rechtsterrorismus","tag-uwe-bohnhardt","tag-uwe-mundlos"],"yoast_head":"<!-- This site is optimized with the Yoast SEO plugin v21.0 - https:\/\/yoast.com\/wordpress\/plugins\/seo\/ -->\n<title>Mutma\u00dflicher NSU-Helfer befand sich 2004 in Tatortn\u00e4he des K\u00f6lner Bombenanschlags - St\u00f6rungsmelder<\/title>\n<meta name=\"robots\" content=\"index, follow, max-snippet:-1, max-image-preview:large, max-video-preview:-1\" \/>\n<link rel=\"canonical\" href=\"https:\/\/blog.zeit.de\/stoerungsmelder\/2014\/04\/26\/mutmasslicher-nsu-helfer-befand-sich-2004-in-tatortnaehe-des-koelner-bombenanschlags_15794\" \/>\n<meta property=\"og:locale\" content=\"de_DE\" \/>\n<meta property=\"og:type\" content=\"article\" \/>\n<meta property=\"og:title\" content=\"Mutma\u00dflicher NSU-Helfer befand sich 2004 in Tatortn\u00e4he des K\u00f6lner Bombenanschlags - St\u00f6rungsmelder\" \/>\n<meta property=\"og:description\" content=\"Der Mitangeklagte im NSU-Prozess Andr\u00e9 E. befand sich zum Zeitpunkt des Nagelbombenanschlags in K\u00f6ln 2004 in unmittelbarer N\u00e4he \u2013 das belegen neue Unterlagen.\" \/>\n<meta property=\"og:url\" content=\"https:\/\/blog.zeit.de\/stoerungsmelder\/2014\/04\/26\/mutmasslicher-nsu-helfer-befand-sich-2004-in-tatortnaehe-des-koelner-bombenanschlags_15794\" \/>\n<meta property=\"og:site_name\" content=\"St\u00f6rungsmelder\" \/>\n<meta property=\"article:published_time\" content=\"2014-04-26T07:22:06+00:00\" \/>\n<meta property=\"og:image\" content=\"https:\/\/blog.zeit.de\/stoerungsmelder\/files\/2012\/04\/nsu-540x304.jpg\" \/>\n<meta name=\"author\" content=\"St\u00f6rungsmelder\" \/>\n<meta name=\"twitter:card\" content=\"summary_large_image\" \/>\n<meta name=\"twitter:label1\" content=\"Geschrieben von\" \/>\n\t<meta name=\"twitter:data1\" content=\"St\u00f6rungsmelder\" \/>\n\t<meta name=\"twitter:label2\" content=\"Gesch\u00e4tzte Lesezeit\" \/>\n\t<meta name=\"twitter:data2\" content=\"5\u00a0Minuten\" \/>\n<script type=\"application\/ld+json\" class=\"yoast-schema-graph\">{\"@context\":\"https:\/\/schema.org\",\"@graph\":[{\"@type\":\"WebPage\",\"@id\":\"https:\/\/blog.zeit.de\/stoerungsmelder\/2014\/04\/26\/mutmasslicher-nsu-helfer-befand-sich-2004-in-tatortnaehe-des-koelner-bombenanschlags_15794\",\"url\":\"https:\/\/blog.zeit.de\/stoerungsmelder\/2014\/04\/26\/mutmasslicher-nsu-helfer-befand-sich-2004-in-tatortnaehe-des-koelner-bombenanschlags_15794\",\"name\":\"Mutma\u00dflicher NSU-Helfer befand sich 2004 in Tatortn\u00e4he des K\u00f6lner Bombenanschlags - St\u00f6rungsmelder\",\"isPartOf\":{\"@id\":\"https:\/\/blog.zeit.de\/stoerungsmelder\/#website\"},\"datePublished\":\"2014-04-26T07:22:06+00:00\",\"dateModified\":\"2014-04-26T07:22:06+00:00\",\"author\":{\"@id\":\"https:\/\/blog.zeit.de\/stoerungsmelder\/#\/schema\/person\/fdd0b9818f65738672810b6d6f037f71\"},\"breadcrumb\":{\"@id\":\"https:\/\/blog.zeit.de\/stoerungsmelder\/2014\/04\/26\/mutmasslicher-nsu-helfer-befand-sich-2004-in-tatortnaehe-des-koelner-bombenanschlags_15794#breadcrumb\"},\"inLanguage\":\"de\",\"potentialAction\":[{\"@type\":\"ReadAction\",\"target\":[\"https:\/\/blog.zeit.de\/stoerungsmelder\/2014\/04\/26\/mutmasslicher-nsu-helfer-befand-sich-2004-in-tatortnaehe-des-koelner-bombenanschlags_15794\"]}]},{\"@type\":\"BreadcrumbList\",\"@id\":\"https:\/\/blog.zeit.de\/stoerungsmelder\/2014\/04\/26\/mutmasslicher-nsu-helfer-befand-sich-2004-in-tatortnaehe-des-koelner-bombenanschlags_15794#breadcrumb\",\"itemListElement\":[{\"@type\":\"ListItem\",\"position\":1,\"name\":\"Startseite\",\"item\":\"https:\/\/blog.zeit.de\/stoerungsmelder\"},{\"@type\":\"ListItem\",\"position\":2,\"name\":\"Mutma\u00dflicher NSU-Helfer befand sich 2004 in Tatortn\u00e4he des K\u00f6lner Bombenanschlags\"}]},{\"@type\":\"WebSite\",\"@id\":\"https:\/\/blog.zeit.de\/stoerungsmelder\/#website\",\"url\":\"https:\/\/blog.zeit.de\/stoerungsmelder\/\",\"name\":\"St\u00f6rungsmelder\",\"description\":\"Recherchen und Analysen \u00fcber die extreme Rechte\",\"potentialAction\":[{\"@type\":\"SearchAction\",\"target\":{\"@type\":\"EntryPoint\",\"urlTemplate\":\"https:\/\/blog.zeit.de\/stoerungsmelder\/?s={search_term_string}\"},\"query-input\":\"required name=search_term_string\"}],\"inLanguage\":\"de\"},{\"@type\":\"Person\",\"@id\":\"https:\/\/blog.zeit.de\/stoerungsmelder\/#\/schema\/person\/fdd0b9818f65738672810b6d6f037f71\",\"name\":\"St\u00f6rungsmelder\",\"image\":{\"@type\":\"ImageObject\",\"inLanguage\":\"de\",\"@id\":\"https:\/\/blog.zeit.de\/stoerungsmelder\/#\/schema\/person\/image\/\",\"url\":\"https:\/\/secure.gravatar.com\/avatar\/dfa4be514c3e82a71e4f9a0020035d38192d080ccaa5e4e6d7a1472c763535c5?s=96&d=mm&r=pg\",\"contentUrl\":\"https:\/\/secure.gravatar.com\/avatar\/dfa4be514c3e82a71e4f9a0020035d38192d080ccaa5e4e6d7a1472c763535c5?s=96&d=mm&r=pg\",\"caption\":\"St\u00f6rungsmelder\"},\"url\":\"https:\/\/blog.zeit.de\/stoerungsmelder\/author\/stoerungsmelder\"}]}<\/script>\n<!-- \/ Yoast SEO plugin. -->","yoast_head_json":{"title":"Mutma\u00dflicher NSU-Helfer befand sich 2004 in Tatortn\u00e4he des K\u00f6lner Bombenanschlags - St\u00f6rungsmelder","robots":{"index":"index","follow":"follow","max-snippet":"max-snippet:-1","max-image-preview":"max-image-preview:large","max-video-preview":"max-video-preview:-1"},"canonical":"https:\/\/blog.zeit.de\/stoerungsmelder\/2014\/04\/26\/mutmasslicher-nsu-helfer-befand-sich-2004-in-tatortnaehe-des-koelner-bombenanschlags_15794","og_locale":"de_DE","og_type":"article","og_title":"Mutma\u00dflicher NSU-Helfer befand sich 2004 in Tatortn\u00e4he des K\u00f6lner Bombenanschlags - St\u00f6rungsmelder","og_description":"Der Mitangeklagte im NSU-Prozess Andr\u00e9 E. befand sich zum Zeitpunkt des Nagelbombenanschlags in K\u00f6ln 2004 in unmittelbarer N\u00e4he \u2013 das belegen neue Unterlagen.","og_url":"https:\/\/blog.zeit.de\/stoerungsmelder\/2014\/04\/26\/mutmasslicher-nsu-helfer-befand-sich-2004-in-tatortnaehe-des-koelner-bombenanschlags_15794","og_site_name":"St\u00f6rungsmelder","article_published_time":"2014-04-26T07:22:06+00:00","og_image":[{"url":"https:\/\/blog.zeit.de\/stoerungsmelder\/files\/2012\/04\/nsu-540x304.jpg"}],"author":"St\u00f6rungsmelder","twitter_card":"summary_large_image","twitter_misc":{"Geschrieben von":"St\u00f6rungsmelder","Gesch\u00e4tzte Lesezeit":"5\u00a0Minuten"},"schema":{"@context":"https:\/\/schema.org","@graph":[{"@type":"WebPage","@id":"https:\/\/blog.zeit.de\/stoerungsmelder\/2014\/04\/26\/mutmasslicher-nsu-helfer-befand-sich-2004-in-tatortnaehe-des-koelner-bombenanschlags_15794","url":"https:\/\/blog.zeit.de\/stoerungsmelder\/2014\/04\/26\/mutmasslicher-nsu-helfer-befand-sich-2004-in-tatortnaehe-des-koelner-bombenanschlags_15794","name":"Mutma\u00dflicher NSU-Helfer befand sich 2004 in Tatortn\u00e4he des K\u00f6lner Bombenanschlags - St\u00f6rungsmelder","isPartOf":{"@id":"https:\/\/blog.zeit.de\/stoerungsmelder\/#website"},"datePublished":"2014-04-26T07:22:06+00:00","dateModified":"2014-04-26T07:22:06+00:00","author":{"@id":"https:\/\/blog.zeit.de\/stoerungsmelder\/#\/schema\/person\/fdd0b9818f65738672810b6d6f037f71"},"breadcrumb":{"@id":"https:\/\/blog.zeit.de\/stoerungsmelder\/2014\/04\/26\/mutmasslicher-nsu-helfer-befand-sich-2004-in-tatortnaehe-des-koelner-bombenanschlags_15794#breadcrumb"},"inLanguage":"de","potentialAction":[{"@type":"ReadAction","target":["https:\/\/blog.zeit.de\/stoerungsmelder\/2014\/04\/26\/mutmasslicher-nsu-helfer-befand-sich-2004-in-tatortnaehe-des-koelner-bombenanschlags_15794"]}]},{"@type":"BreadcrumbList","@id":"https:\/\/blog.zeit.de\/stoerungsmelder\/2014\/04\/26\/mutmasslicher-nsu-helfer-befand-sich-2004-in-tatortnaehe-des-koelner-bombenanschlags_15794#breadcrumb","itemListElement":[{"@type":"ListItem","position":1,"name":"Startseite","item":"https:\/\/blog.zeit.de\/stoerungsmelder"},{"@type":"ListItem","position":2,"name":"Mutma\u00dflicher NSU-Helfer befand sich 2004 in Tatortn\u00e4he des K\u00f6lner Bombenanschlags"}]},{"@type":"WebSite","@id":"https:\/\/blog.zeit.de\/stoerungsmelder\/#website","url":"https:\/\/blog.zeit.de\/stoerungsmelder\/","name":"St\u00f6rungsmelder","description":"Recherchen und Analysen \u00fcber die extreme Rechte","potentialAction":[{"@type":"SearchAction","target":{"@type":"EntryPoint","urlTemplate":"https:\/\/blog.zeit.de\/stoerungsmelder\/?s={search_term_string}"},"query-input":"required name=search_term_string"}],"inLanguage":"de"},{"@type":"Person","@id":"https:\/\/blog.zeit.de\/stoerungsmelder\/#\/schema\/person\/fdd0b9818f65738672810b6d6f037f71","name":"St\u00f6rungsmelder","image":{"@type":"ImageObject","inLanguage":"de","@id":"https:\/\/blog.zeit.de\/stoerungsmelder\/#\/schema\/person\/image\/","url":"https:\/\/secure.gravatar.com\/avatar\/dfa4be514c3e82a71e4f9a0020035d38192d080ccaa5e4e6d7a1472c763535c5?s=96&d=mm&r=pg","contentUrl":"https:\/\/secure.gravatar.com\/avatar\/dfa4be514c3e82a71e4f9a0020035d38192d080ccaa5e4e6d7a1472c763535c5?s=96&d=mm&r=pg","caption":"St\u00f6rungsmelder"},"url":"https:\/\/blog.zeit.de\/stoerungsmelder\/author\/stoerungsmelder"}]}},"jetpack_featured_media_url":"","jetpack_sharing_enabled":true,"_links":{"self":[{"href":"https:\/\/blog.zeit.de\/stoerungsmelder\/wp-json\/wp\/v2\/posts\/15794","targetHints":{"allow":["GET"]}}],"collection":[{"href":"https:\/\/blog.zeit.de\/stoerungsmelder\/wp-json\/wp\/v2\/posts"}],"about":[{"href":"https:\/\/blog.zeit.de\/stoerungsmelder\/wp-json\/wp\/v2\/types\/post"}],"author":[{"embeddable":true,"href":"https:\/\/blog.zeit.de\/stoerungsmelder\/wp-json\/wp\/v2\/users\/229"}],"replies":[{"embeddable":true,"href":"https:\/\/blog.zeit.de\/stoerungsmelder\/wp-json\/wp\/v2\/comments?post=15794"}],"version-history":[{"count":1,"href":"https:\/\/blog.zeit.de\/stoerungsmelder\/wp-json\/wp\/v2\/posts\/15794\/revisions"}],"predecessor-version":[{"id":15795,"href":"https:\/\/blog.zeit.de\/stoerungsmelder\/wp-json\/wp\/v2\/posts\/15794\/revisions\/15795"}],"wp:attachment":[{"href":"https:\/\/blog.zeit.de\/stoerungsmelder\/wp-json\/wp\/v2\/media?parent=15794"}],"wp:term":[{"taxonomy":"category","embeddable":true,"href":"https:\/\/blog.zeit.de\/stoerungsmelder\/wp-json\/wp\/v2\/categories?post=15794"},{"taxonomy":"post_tag","embeddable":true,"href":"https:\/\/blog.zeit.de\/stoerungsmelder\/wp-json\/wp\/v2\/tags?post=15794"}],"curies":[{"name":"wp","href":"https:\/\/api.w.org\/{rel}","templated":true}]}}