{"id":15856,"date":"2014-04-28T14:21:49","date_gmt":"2014-04-28T12:21:49","guid":{"rendered":"http:\/\/blog.zeit.de\/stoerungsmelder\/?p=15856"},"modified":"2014-04-28T14:21:49","modified_gmt":"2014-04-28T12:21:49","slug":"kirchen-wollen-sich-staerker-gegen-rassismus-engagieren","status":"publish","type":"post","link":"https:\/\/blog.zeit.de\/stoerungsmelder\/2014\/04\/28\/kirchen-wollen-sich-staerker-gegen-rassismus-engagieren_15856","title":{"rendered":"Kirchen wollen sich st\u00e4rker gegen Rassismus engagieren"},"content":{"rendered":"<p style=\"text-align: left\"><a href=\"https:\/\/blog.zeit.de\/stoerungsmelder\/files\/2011\/12\/kirche2.jpg\"><img loading=\"lazy\" decoding=\"async\" class=\" wp-image-7780 aligncenter\" alt=\"kirche2\" src=\"https:\/\/blog.zeit.de\/stoerungsmelder\/files\/2011\/12\/kirche2.jpg\" width=\"579\" height=\"214\" srcset=\"https:\/\/blog.zeit.de\/stoerungsmelder\/files\/2011\/12\/kirche2.jpg 540w, https:\/\/blog.zeit.de\/stoerungsmelder\/files\/2011\/12\/kirche2-300x111.jpg 300w\" sizes=\"auto, (max-width: 579px) 100vw, 579px\" \/><\/a>Die Mitglieder der Bundesarbeitsgemeinschaft Kirche und Rechtsextremismus verabschiedeten zum Abschluss ihrer vierten Vollversammlung am 25.\/26.04.2014 in Erfurt eine Erkl\u00e4rung unter dem Titel \u201eRassismus klar widersprechen &#8211; zum engagierten Handeln ermutigen\u201c. Darin beschlossen sie, das Engagement gegen populistische Stimmungsmache auf Kosten von Gefl\u00fcchteten und Menschen mit Migrationshintergrund zum Jahresschwerpunkt ihrer Arbeit 2014 zu machen.<!--more--><\/p>\n<p>Vor allem im Zuge von EU-, Landtags- und Kommunalwahlen nutzen rechtspopulistische und neonazistische Parteien und Gruppierungen das Thema Migration zu rassistischen Ausf\u00e4llen. Dem gilt es aufs Deutlichste zu widersprechen. Jeglichen ressentimentgeladenen \u00c4u\u00dferungen in Kirche und Gesellschaft sei genauso entschieden entgegenzutreten wie nationalistischen und europafeindlichen Tendenzen.<\/p>\n<p>\u201eWir erwarten von Vertreter_innen der Kirche, dass sie mit klaren Worten widersprechen, wenn Rassismus gesch\u00fcrt wird\u201c, sagte Grit Hanneforth, die Gesch\u00e4ftsf\u00fchrerin der BAG K+R. Hetze gegen Schwache sei unvereinbar mit christlichen Werten. \u201eGefl\u00fcchtete Menschen brauchen unsere Unterst\u00fctzung.\u201c Deshalb rufen die Mitglieder der BAG K+R die Kirchgemeinden vor Ort dazu auf, sich weiterhin engagiert gegen Hassparolen und Rassismus stark zu machen und gemeinsam mit zivilgesellschaftlichen Initiativen und demokratischen Akteur_innen Vorurteilen der Mehrheitsgesellschaft gegen\u00fcber Gefl\u00fcchteten und Menschen mit Migrationshintergrund entgegenzutreten.<\/p>\n<p>Zur Unterst\u00fctzung bietet die BAG K+R eine Vielfalt an Materialen und Know-how. Zum einen finden Kirchenmitglieder Handlungssicherheit f\u00fcr Auseinandersetzungen vor Ort durch die Publikation \u201eWas tun, damit es nicht brennt?\u201c auf der Webseite <a href=\"www.bagkr.de\" target=\"_blank\">www.bagkr.de<\/a>. Zum anderen bietet die vierte Ost-West-Konferenz im November 2014 in Mainz die M\u00f6glichkeit eines bundesweiten Erfahrungsaustausches f\u00fcr alle Interessierten, die sich mit dem Engagement in Kirchengemeinden zum Umgang mit Rassismus besch\u00e4ftigen wollen.<\/p>\n<p>Regionalbischof Diethard Kamm dankte den Mitgliedern der Vollversammlung der BAG K+R in seiner Gru\u00dfbotschaft f\u00fcr die Solidarit\u00e4t mit dem Jenaer Jugendpfarrer Lothar K\u00f6nig und betonte, die Landeskirche wolle diesen auch in Zukunft bei seinem Prozess unterst\u00fctzen. Unter dem Motto \u201eN\u00e4chstenliebe verlangt Klarheit\u201c forderte er die Teilnehmenden dazu auf, sich dem Protest der Evangelischen Kirche Mitteldeutschland gegen das neonazistische Musikfestival \u201eRock f\u00fcr Deutschland\u201c in Gera anzuschlie\u00dfen.<\/p>\n<p>Die BAG K+R besch\u00e4ftigte sich auch mit der Zukunft der Bundesf\u00f6rderung gegen Rechtsextremismus. Sie bekr\u00e4ftigt die Forderung, diese endlich auf eine dauerhafte und finanziell gesicherte Gesetzesbasis zu stellen.<\/p>\n","protected":false},"excerpt":{"rendered":"<p>Die Mitglieder der Bundesarbeitsgemeinschaft Kirche und Rechtsextremismus verabschiedeten zum Abschluss ihrer vierten Vollversammlung am 25.\/26.04.2014 in Erfurt eine Erkl\u00e4rung unter dem Titel \u201eRassismus klar widersprechen &#8211; zum engagierten Handeln ermutigen\u201c. Darin beschlossen sie, das Engagement gegen populistische Stimmungsmache auf Kosten von Gefl\u00fcchteten und Menschen mit Migrationshintergrund zum Jahresschwerpunkt ihrer Arbeit 2014 zu machen.<\/p>\n","protected":false},"author":229,"featured_media":0,"comment_status":"open","ping_status":"open","sticky":false,"template":"","format":"standard","meta":{"_jetpack_memberships_contains_paid_content":false,"footnotes":""},"categories":[1515],"tags":[1648,97],"class_list":["post-15856","post","type-post","status-publish","format-standard","hentry","category-bundesweit","tag-kirche","tag-rassismus"],"yoast_head":"<!-- This site is optimized with the Yoast SEO plugin v21.0 - https:\/\/yoast.com\/wordpress\/plugins\/seo\/ -->\n<title>Kirchen wollen sich st\u00e4rker gegen Rassismus engagieren - St\u00f6rungsmelder<\/title>\n<meta name=\"robots\" content=\"index, follow, max-snippet:-1, max-image-preview:large, max-video-preview:-1\" \/>\n<link rel=\"canonical\" href=\"https:\/\/blog.zeit.de\/stoerungsmelder\/2014\/04\/28\/kirchen-wollen-sich-staerker-gegen-rassismus-engagieren_15856\" \/>\n<meta property=\"og:locale\" content=\"de_DE\" \/>\n<meta property=\"og:type\" content=\"article\" \/>\n<meta property=\"og:title\" content=\"Kirchen wollen sich st\u00e4rker gegen Rassismus engagieren - St\u00f6rungsmelder\" \/>\n<meta property=\"og:description\" content=\"Die Mitglieder der Bundesarbeitsgemeinschaft Kirche und Rechtsextremismus verabschiedeten zum Abschluss ihrer vierten Vollversammlung am 25.\/26.04.2014 in Erfurt eine Erkl\u00e4rung unter dem Titel \u201eRassismus klar widersprechen &#8211; zum engagierten Handeln ermutigen\u201c. Darin beschlossen sie, das Engagement gegen populistische Stimmungsmache auf Kosten von Gefl\u00fcchteten und Menschen mit Migrationshintergrund zum Jahresschwerpunkt ihrer Arbeit 2014 zu machen.\" \/>\n<meta property=\"og:url\" content=\"https:\/\/blog.zeit.de\/stoerungsmelder\/2014\/04\/28\/kirchen-wollen-sich-staerker-gegen-rassismus-engagieren_15856\" \/>\n<meta property=\"og:site_name\" content=\"St\u00f6rungsmelder\" \/>\n<meta property=\"article:published_time\" content=\"2014-04-28T12:21:49+00:00\" \/>\n<meta property=\"og:image\" content=\"https:\/\/blog.zeit.de\/stoerungsmelder\/files\/2011\/12\/kirche2.jpg\" \/>\n<meta name=\"author\" content=\"St\u00f6rungsmelder\" \/>\n<meta name=\"twitter:card\" content=\"summary_large_image\" \/>\n<meta name=\"twitter:label1\" content=\"Geschrieben von\" \/>\n\t<meta name=\"twitter:data1\" content=\"St\u00f6rungsmelder\" \/>\n\t<meta name=\"twitter:label2\" content=\"Gesch\u00e4tzte Lesezeit\" \/>\n\t<meta name=\"twitter:data2\" content=\"2\u00a0Minuten\" \/>\n<script type=\"application\/ld+json\" class=\"yoast-schema-graph\">{\"@context\":\"https:\/\/schema.org\",\"@graph\":[{\"@type\":\"WebPage\",\"@id\":\"https:\/\/blog.zeit.de\/stoerungsmelder\/2014\/04\/28\/kirchen-wollen-sich-staerker-gegen-rassismus-engagieren_15856\",\"url\":\"https:\/\/blog.zeit.de\/stoerungsmelder\/2014\/04\/28\/kirchen-wollen-sich-staerker-gegen-rassismus-engagieren_15856\",\"name\":\"Kirchen wollen sich st\u00e4rker gegen Rassismus engagieren - St\u00f6rungsmelder\",\"isPartOf\":{\"@id\":\"https:\/\/blog.zeit.de\/stoerungsmelder\/#website\"},\"datePublished\":\"2014-04-28T12:21:49+00:00\",\"dateModified\":\"2014-04-28T12:21:49+00:00\",\"author\":{\"@id\":\"https:\/\/blog.zeit.de\/stoerungsmelder\/#\/schema\/person\/fdd0b9818f65738672810b6d6f037f71\"},\"breadcrumb\":{\"@id\":\"https:\/\/blog.zeit.de\/stoerungsmelder\/2014\/04\/28\/kirchen-wollen-sich-staerker-gegen-rassismus-engagieren_15856#breadcrumb\"},\"inLanguage\":\"de\",\"potentialAction\":[{\"@type\":\"ReadAction\",\"target\":[\"https:\/\/blog.zeit.de\/stoerungsmelder\/2014\/04\/28\/kirchen-wollen-sich-staerker-gegen-rassismus-engagieren_15856\"]}]},{\"@type\":\"BreadcrumbList\",\"@id\":\"https:\/\/blog.zeit.de\/stoerungsmelder\/2014\/04\/28\/kirchen-wollen-sich-staerker-gegen-rassismus-engagieren_15856#breadcrumb\",\"itemListElement\":[{\"@type\":\"ListItem\",\"position\":1,\"name\":\"Startseite\",\"item\":\"https:\/\/blog.zeit.de\/stoerungsmelder\"},{\"@type\":\"ListItem\",\"position\":2,\"name\":\"Kirchen wollen sich st\u00e4rker gegen Rassismus engagieren\"}]},{\"@type\":\"WebSite\",\"@id\":\"https:\/\/blog.zeit.de\/stoerungsmelder\/#website\",\"url\":\"https:\/\/blog.zeit.de\/stoerungsmelder\/\",\"name\":\"St\u00f6rungsmelder\",\"description\":\"Recherchen und Analysen \u00fcber die extreme Rechte\",\"potentialAction\":[{\"@type\":\"SearchAction\",\"target\":{\"@type\":\"EntryPoint\",\"urlTemplate\":\"https:\/\/blog.zeit.de\/stoerungsmelder\/?s={search_term_string}\"},\"query-input\":\"required name=search_term_string\"}],\"inLanguage\":\"de\"},{\"@type\":\"Person\",\"@id\":\"https:\/\/blog.zeit.de\/stoerungsmelder\/#\/schema\/person\/fdd0b9818f65738672810b6d6f037f71\",\"name\":\"St\u00f6rungsmelder\",\"image\":{\"@type\":\"ImageObject\",\"inLanguage\":\"de\",\"@id\":\"https:\/\/blog.zeit.de\/stoerungsmelder\/#\/schema\/person\/image\/\",\"url\":\"https:\/\/secure.gravatar.com\/avatar\/dfa4be514c3e82a71e4f9a0020035d38192d080ccaa5e4e6d7a1472c763535c5?s=96&d=mm&r=pg\",\"contentUrl\":\"https:\/\/secure.gravatar.com\/avatar\/dfa4be514c3e82a71e4f9a0020035d38192d080ccaa5e4e6d7a1472c763535c5?s=96&d=mm&r=pg\",\"caption\":\"St\u00f6rungsmelder\"},\"url\":\"https:\/\/blog.zeit.de\/stoerungsmelder\/author\/stoerungsmelder\"}]}<\/script>\n<!-- \/ Yoast SEO plugin. -->","yoast_head_json":{"title":"Kirchen wollen sich st\u00e4rker gegen Rassismus engagieren - St\u00f6rungsmelder","robots":{"index":"index","follow":"follow","max-snippet":"max-snippet:-1","max-image-preview":"max-image-preview:large","max-video-preview":"max-video-preview:-1"},"canonical":"https:\/\/blog.zeit.de\/stoerungsmelder\/2014\/04\/28\/kirchen-wollen-sich-staerker-gegen-rassismus-engagieren_15856","og_locale":"de_DE","og_type":"article","og_title":"Kirchen wollen sich st\u00e4rker gegen Rassismus engagieren - St\u00f6rungsmelder","og_description":"Die Mitglieder der Bundesarbeitsgemeinschaft Kirche und Rechtsextremismus verabschiedeten zum Abschluss ihrer vierten Vollversammlung am 25.\/26.04.2014 in Erfurt eine Erkl\u00e4rung unter dem Titel \u201eRassismus klar widersprechen &#8211; zum engagierten Handeln ermutigen\u201c. Darin beschlossen sie, das Engagement gegen populistische Stimmungsmache auf Kosten von Gefl\u00fcchteten und Menschen mit Migrationshintergrund zum Jahresschwerpunkt ihrer Arbeit 2014 zu machen.","og_url":"https:\/\/blog.zeit.de\/stoerungsmelder\/2014\/04\/28\/kirchen-wollen-sich-staerker-gegen-rassismus-engagieren_15856","og_site_name":"St\u00f6rungsmelder","article_published_time":"2014-04-28T12:21:49+00:00","og_image":[{"url":"https:\/\/blog.zeit.de\/stoerungsmelder\/files\/2011\/12\/kirche2.jpg"}],"author":"St\u00f6rungsmelder","twitter_card":"summary_large_image","twitter_misc":{"Geschrieben von":"St\u00f6rungsmelder","Gesch\u00e4tzte Lesezeit":"2\u00a0Minuten"},"schema":{"@context":"https:\/\/schema.org","@graph":[{"@type":"WebPage","@id":"https:\/\/blog.zeit.de\/stoerungsmelder\/2014\/04\/28\/kirchen-wollen-sich-staerker-gegen-rassismus-engagieren_15856","url":"https:\/\/blog.zeit.de\/stoerungsmelder\/2014\/04\/28\/kirchen-wollen-sich-staerker-gegen-rassismus-engagieren_15856","name":"Kirchen wollen sich st\u00e4rker gegen Rassismus engagieren - St\u00f6rungsmelder","isPartOf":{"@id":"https:\/\/blog.zeit.de\/stoerungsmelder\/#website"},"datePublished":"2014-04-28T12:21:49+00:00","dateModified":"2014-04-28T12:21:49+00:00","author":{"@id":"https:\/\/blog.zeit.de\/stoerungsmelder\/#\/schema\/person\/fdd0b9818f65738672810b6d6f037f71"},"breadcrumb":{"@id":"https:\/\/blog.zeit.de\/stoerungsmelder\/2014\/04\/28\/kirchen-wollen-sich-staerker-gegen-rassismus-engagieren_15856#breadcrumb"},"inLanguage":"de","potentialAction":[{"@type":"ReadAction","target":["https:\/\/blog.zeit.de\/stoerungsmelder\/2014\/04\/28\/kirchen-wollen-sich-staerker-gegen-rassismus-engagieren_15856"]}]},{"@type":"BreadcrumbList","@id":"https:\/\/blog.zeit.de\/stoerungsmelder\/2014\/04\/28\/kirchen-wollen-sich-staerker-gegen-rassismus-engagieren_15856#breadcrumb","itemListElement":[{"@type":"ListItem","position":1,"name":"Startseite","item":"https:\/\/blog.zeit.de\/stoerungsmelder"},{"@type":"ListItem","position":2,"name":"Kirchen wollen sich st\u00e4rker gegen Rassismus engagieren"}]},{"@type":"WebSite","@id":"https:\/\/blog.zeit.de\/stoerungsmelder\/#website","url":"https:\/\/blog.zeit.de\/stoerungsmelder\/","name":"St\u00f6rungsmelder","description":"Recherchen und Analysen \u00fcber die extreme Rechte","potentialAction":[{"@type":"SearchAction","target":{"@type":"EntryPoint","urlTemplate":"https:\/\/blog.zeit.de\/stoerungsmelder\/?s={search_term_string}"},"query-input":"required name=search_term_string"}],"inLanguage":"de"},{"@type":"Person","@id":"https:\/\/blog.zeit.de\/stoerungsmelder\/#\/schema\/person\/fdd0b9818f65738672810b6d6f037f71","name":"St\u00f6rungsmelder","image":{"@type":"ImageObject","inLanguage":"de","@id":"https:\/\/blog.zeit.de\/stoerungsmelder\/#\/schema\/person\/image\/","url":"https:\/\/secure.gravatar.com\/avatar\/dfa4be514c3e82a71e4f9a0020035d38192d080ccaa5e4e6d7a1472c763535c5?s=96&d=mm&r=pg","contentUrl":"https:\/\/secure.gravatar.com\/avatar\/dfa4be514c3e82a71e4f9a0020035d38192d080ccaa5e4e6d7a1472c763535c5?s=96&d=mm&r=pg","caption":"St\u00f6rungsmelder"},"url":"https:\/\/blog.zeit.de\/stoerungsmelder\/author\/stoerungsmelder"}]}},"jetpack_featured_media_url":"","jetpack_sharing_enabled":true,"_links":{"self":[{"href":"https:\/\/blog.zeit.de\/stoerungsmelder\/wp-json\/wp\/v2\/posts\/15856","targetHints":{"allow":["GET"]}}],"collection":[{"href":"https:\/\/blog.zeit.de\/stoerungsmelder\/wp-json\/wp\/v2\/posts"}],"about":[{"href":"https:\/\/blog.zeit.de\/stoerungsmelder\/wp-json\/wp\/v2\/types\/post"}],"author":[{"embeddable":true,"href":"https:\/\/blog.zeit.de\/stoerungsmelder\/wp-json\/wp\/v2\/users\/229"}],"replies":[{"embeddable":true,"href":"https:\/\/blog.zeit.de\/stoerungsmelder\/wp-json\/wp\/v2\/comments?post=15856"}],"version-history":[{"count":1,"href":"https:\/\/blog.zeit.de\/stoerungsmelder\/wp-json\/wp\/v2\/posts\/15856\/revisions"}],"predecessor-version":[{"id":15857,"href":"https:\/\/blog.zeit.de\/stoerungsmelder\/wp-json\/wp\/v2\/posts\/15856\/revisions\/15857"}],"wp:attachment":[{"href":"https:\/\/blog.zeit.de\/stoerungsmelder\/wp-json\/wp\/v2\/media?parent=15856"}],"wp:term":[{"taxonomy":"category","embeddable":true,"href":"https:\/\/blog.zeit.de\/stoerungsmelder\/wp-json\/wp\/v2\/categories?post=15856"},{"taxonomy":"post_tag","embeddable":true,"href":"https:\/\/blog.zeit.de\/stoerungsmelder\/wp-json\/wp\/v2\/tags?post=15856"}],"curies":[{"name":"wp","href":"https:\/\/api.w.org\/{rel}","templated":true}]}}