{"id":15886,"date":"2014-05-01T11:55:35","date_gmt":"2014-05-01T09:55:35","guid":{"rendered":"http:\/\/blog.zeit.de\/stoerungsmelder\/?p=15886"},"modified":"2014-05-01T11:55:35","modified_gmt":"2014-05-01T09:55:35","slug":"fotogalerie-die-rechte-kundgebung-in-dortmund-am-30-04-2014","status":"publish","type":"post","link":"https:\/\/blog.zeit.de\/stoerungsmelder\/2014\/05\/01\/fotogalerie-die-rechte-kundgebung-in-dortmund-am-30-04-2014_15886","title":{"rendered":"Fotogalerie: &#8222;Die Rechte&#8220;-Kundgebung in Dortmund am 30.04.2014"},"content":{"rendered":"<p>Am 30.04.2014 fand eine Kundgebung der rechtsextremen Partei &#8222;Die Rechte&#8220; in Dortmund-Westerfilde statt. Unter den Rednern war unter anderem Nazi-Kader Dennis Giemsch, Dortmunder Stadtratskandidat f\u00fcr die bevorstehenden Kommunalwahlen. Auch Siegfried Borchardt, ehemaliger Funktion\u00e4r der 1995 verbotenen Freiheitlichen Deutschen Arbeiterpartei nahm an der Kundgebung teil. Auch er kandidiert in Dortmund f\u00fcr den Stadtrat. &#8222;W\u00e4hrend der Kundgebung der Rechtsextremen wurden aus der 47-k\u00f6pfigen Teilnehmergruppe ausl\u00e4nderfeindliche Parolen skandiert&#8220;, hie\u00df es sp\u00e4ter von der Polizei. Die Beamten stellten die Personalien der Teilnehmer fest und leitete Strafverfahren wegen Volksverhetzung ein. Begleitet wurde die Kundgebung vom lautstarken Protest der Gegendemonstranten.<\/p>\n<p><div id='gallery-1' class='gallery galleryid-15886 gallery-columns-3 gallery-size-thumbnail'><figure class='gallery-item'>\n\t\t\t<div class='gallery-icon landscape'>\n\t\t\t\t<a href='https:\/\/blog.zeit.de\/stoerungsmelder\/dennis-giemsch'><img loading=\"lazy\" decoding=\"async\" width=\"150\" height=\"150\" src=\"https:\/\/blog.zeit.de\/stoerungsmelder\/files\/2014\/05\/Kundgebung_-Die-Rechte-_Dortmund_30._April-20140430-DSC_7182-150x150.jpg\" class=\"attachment-thumbnail size-thumbnail\" alt=\"\" aria-describedby=\"gallery-1-15890\" \/><\/a>\n\t\t\t<\/div>\n\t\t\t\t<figcaption class='wp-caption-text gallery-caption' id='gallery-1-15890'>\n\t\t\t\tDennis Giemsch\n\t\t\t\t<\/figcaption><\/figure><figure class='gallery-item'>\n\t\t\t<div class='gallery-icon landscape'>\n\t\t\t\t<a href='https:\/\/blog.zeit.de\/stoerungsmelder\/2014\/06\/11\/dortmund-rechtsextreme-schlaeger_16515\/kundgebung_-die-rechte-_dortmund_30-_april-20140430-dsc_7221'><img loading=\"lazy\" decoding=\"async\" width=\"150\" height=\"150\" src=\"https:\/\/blog.zeit.de\/stoerungsmelder\/files\/2014\/05\/Kundgebung_-Die-Rechte-_Dortmund_30._April-20140430-DSC_7221-150x150.jpg\" class=\"attachment-thumbnail size-thumbnail\" alt=\"\" aria-describedby=\"gallery-1-15893\" \/><\/a>\n\t\t\t<\/div>\n\t\t\t\t<figcaption class='wp-caption-text gallery-caption' id='gallery-1-15893'>\n\t\t\t\tSiegfried Borchardt (links im Bild) \n\t\t\t\t<\/figcaption><\/figure><figure class='gallery-item'>\n\t\t\t<div class='gallery-icon landscape'>\n\t\t\t\t<a href='https:\/\/blog.zeit.de\/stoerungsmelder\/kundgebung_-die-rechte-_dortmund_30-_april-20140430-dsc_7230'><img loading=\"lazy\" decoding=\"async\" width=\"150\" height=\"150\" src=\"https:\/\/blog.zeit.de\/stoerungsmelder\/files\/2014\/05\/Kundgebung_-Die-Rechte-_Dortmund_30._April-20140430-DSC_7230-150x150.jpg\" class=\"attachment-thumbnail size-thumbnail\" alt=\"\" aria-describedby=\"gallery-1-15895\" \/><\/a>\n\t\t\t<\/div>\n\t\t\t\t<figcaption class='wp-caption-text gallery-caption' id='gallery-1-15895'>\n\t\t\t\tKundgebungsteilnehmer \n\t\t\t\t<\/figcaption><\/figure><figure class='gallery-item'>\n\t\t\t<div class='gallery-icon portrait'>\n\t\t\t\t<a href='https:\/\/blog.zeit.de\/stoerungsmelder\/kundgebung_-die-rechte-_dortmund_30-_april-20140430-dsc_7265'><img loading=\"lazy\" decoding=\"async\" width=\"150\" height=\"150\" src=\"https:\/\/blog.zeit.de\/stoerungsmelder\/files\/2014\/05\/Kundgebung_-Die-Rechte-_Dortmund_30._April-20140430-DSC_7265-150x150.jpg\" class=\"attachment-thumbnail size-thumbnail\" alt=\"\" aria-describedby=\"gallery-1-15896\" \/><\/a>\n\t\t\t<\/div>\n\t\t\t\t<figcaption class='wp-caption-text gallery-caption' id='gallery-1-15896'>\n\t\t\t\tKundgebungsteilnehmer \n\t\t\t\t<\/figcaption><\/figure><figure class='gallery-item'>\n\t\t\t<div class='gallery-icon landscape'>\n\t\t\t\t<a href='https:\/\/blog.zeit.de\/stoerungsmelder\/kundgebung_-die-rechte-_dortmund_30-_april-20140430-dsc_7203'><img loading=\"lazy\" decoding=\"async\" width=\"150\" height=\"150\" src=\"https:\/\/blog.zeit.de\/stoerungsmelder\/files\/2014\/05\/Kundgebung_-Die-Rechte-_Dortmund_30._April-20140430-DSC_7203-150x150.jpg\" class=\"attachment-thumbnail size-thumbnail\" alt=\"\" aria-describedby=\"gallery-1-15892\" \/><\/a>\n\t\t\t<\/div>\n\t\t\t\t<figcaption class='wp-caption-text gallery-caption' id='gallery-1-15892'>\n\t\t\t\tKundgebungsteilnehmer \n\t\t\t\t<\/figcaption><\/figure><figure class='gallery-item'>\n\t\t\t<div class='gallery-icon landscape'>\n\t\t\t\t<a href='https:\/\/blog.zeit.de\/stoerungsmelder\/kundgebung_-die-rechte-_dortmund_30-_april-20140430-dsc_7195'><img loading=\"lazy\" decoding=\"async\" width=\"150\" height=\"150\" src=\"https:\/\/blog.zeit.de\/stoerungsmelder\/files\/2014\/05\/Kundgebung_-Die-Rechte-_Dortmund_30._April-20140430-DSC_7195-150x150.jpg\" class=\"attachment-thumbnail size-thumbnail\" alt=\"\" aria-describedby=\"gallery-1-15891\" \/><\/a>\n\t\t\t<\/div>\n\t\t\t\t<figcaption class='wp-caption-text gallery-caption' id='gallery-1-15891'>\n\t\t\t\tKundgebungsteilnehmer \n\t\t\t\t<\/figcaption><\/figure><figure class='gallery-item'>\n\t\t\t<div class='gallery-icon landscape'>\n\t\t\t\t<a href='https:\/\/blog.zeit.de\/stoerungsmelder\/kundgebung_-die-rechte-_dortmund_30-_april-20140430-dsc_7166'><img loading=\"lazy\" decoding=\"async\" width=\"150\" height=\"150\" src=\"https:\/\/blog.zeit.de\/stoerungsmelder\/files\/2014\/05\/Kundgebung_-Die-Rechte-_Dortmund_30._April-20140430-DSC_7166-150x150.jpg\" class=\"attachment-thumbnail size-thumbnail\" alt=\"\" aria-describedby=\"gallery-1-15889\" \/><\/a>\n\t\t\t<\/div>\n\t\t\t\t<figcaption class='wp-caption-text gallery-caption' id='gallery-1-15889'>\n\t\t\t\tKundgebungsteilnehmer \n\t\t\t\t<\/figcaption><\/figure><figure class='gallery-item'>\n\t\t\t<div class='gallery-icon landscape'>\n\t\t\t\t<a href='https:\/\/blog.zeit.de\/stoerungsmelder\/kundgebung_-die-rechte-_dortmund_30-_april-20140430-dsc_7164'><img loading=\"lazy\" decoding=\"async\" width=\"150\" height=\"150\" src=\"https:\/\/blog.zeit.de\/stoerungsmelder\/files\/2014\/05\/Kundgebung_-Die-Rechte-_Dortmund_30._April-20140430-DSC_7164-150x150.jpg\" class=\"attachment-thumbnail size-thumbnail\" alt=\"\" aria-describedby=\"gallery-1-15888\" \/><\/a>\n\t\t\t<\/div>\n\t\t\t\t<figcaption class='wp-caption-text gallery-caption' id='gallery-1-15888'>\n\t\t\t\tKundgebungsteilnehmer \n\t\t\t\t<\/figcaption><\/figure><figure class='gallery-item'>\n\t\t\t<div class='gallery-icon landscape'>\n\t\t\t\t<a href='https:\/\/blog.zeit.de\/stoerungsmelder\/2015\/08\/12\/polizisten-unterliefen-strafanzeige-gegen-neonazis-staatsanwaltschaft-ermittelt_20037\/kundgebung_-die-rechte-_dortmund_30-_april-20140430-sun_3884'><img loading=\"lazy\" decoding=\"async\" width=\"150\" height=\"150\" src=\"https:\/\/blog.zeit.de\/stoerungsmelder\/files\/2014\/05\/Kundgebung_-Die-Rechte-_Dortmund_30._April-20140430-SUN_3884-150x150.jpg\" class=\"attachment-thumbnail size-thumbnail\" alt=\"\" aria-describedby=\"gallery-1-15899\" \/><\/a>\n\t\t\t<\/div>\n\t\t\t\t<figcaption class='wp-caption-text gallery-caption' id='gallery-1-15899'>\n\t\t\t\tPolizei umringt Kundgebungsteilnehmer zur Personalienfeststellung \n\t\t\t\t<\/figcaption><\/figure><figure class='gallery-item'>\n\t\t\t<div class='gallery-icon landscape'>\n\t\t\t\t<a href='https:\/\/blog.zeit.de\/stoerungsmelder\/kundgebung_-die-rechte-_dortmund_30-_april-20140430-sun_3878'><img loading=\"lazy\" decoding=\"async\" width=\"150\" height=\"150\" src=\"https:\/\/blog.zeit.de\/stoerungsmelder\/files\/2014\/05\/Kundgebung_-Die-Rechte-_Dortmund_30._April-20140430-SUN_3878-150x150.jpg\" class=\"attachment-thumbnail size-thumbnail\" alt=\"\" aria-describedby=\"gallery-1-15898\" \/><\/a>\n\t\t\t<\/div>\n\t\t\t\t<figcaption class='wp-caption-text gallery-caption' id='gallery-1-15898'>\n\t\t\t\tGegendemonstranten \n\t\t\t\t<\/figcaption><\/figure><figure class='gallery-item'>\n\t\t\t<div class='gallery-icon landscape'>\n\t\t\t\t<a href='https:\/\/blog.zeit.de\/stoerungsmelder\/kundgebung_-die-rechte-_dortmund_30-_april-20140430-sun_3876'><img loading=\"lazy\" decoding=\"async\" width=\"150\" height=\"150\" src=\"https:\/\/blog.zeit.de\/stoerungsmelder\/files\/2014\/05\/Kundgebung_-Die-Rechte-_Dortmund_30._April-20140430-SUN_3876-150x150.jpg\" class=\"attachment-thumbnail size-thumbnail\" alt=\"\" aria-describedby=\"gallery-1-15897\" \/><\/a>\n\t\t\t<\/div>\n\t\t\t\t<figcaption class='wp-caption-text gallery-caption' id='gallery-1-15897'>\n\t\t\t\tGegendemonstranten \n\t\t\t\t<\/figcaption><\/figure><figure class='gallery-item'>\n\t\t\t<div class='gallery-icon portrait'>\n\t\t\t\t<a href='https:\/\/blog.zeit.de\/stoerungsmelder\/kundgebung_-die-rechte-_dortmund_30-_april-20140430-dsc_7226'><img loading=\"lazy\" decoding=\"async\" width=\"150\" height=\"150\" src=\"https:\/\/blog.zeit.de\/stoerungsmelder\/files\/2014\/05\/Kundgebung_-Die-Rechte-_Dortmund_30._April-20140430-DSC_7226-150x150.jpg\" class=\"attachment-thumbnail size-thumbnail\" alt=\"\" aria-describedby=\"gallery-1-15894\" \/><\/a>\n\t\t\t<\/div>\n\t\t\t\t<figcaption class='wp-caption-text gallery-caption' id='gallery-1-15894'>\n\t\t\t\tGegendemonstranten \n\t\t\t\t<\/figcaption><\/figure>\n\t\t<\/div>\n<\/p>\n<p>&nbsp;<\/p>\n<p>&nbsp;<\/p>\n","protected":false},"excerpt":{"rendered":"<p>Am 30.04.2014 fand eine Kundgebung der rechtsextremen Partei &#8222;Die Rechte&#8220; in Dortmund-Westerfilde statt. Unter den Rednern war unter anderem Nazi-Kader Dennis Giemsch, Dortmunder Stadtratskandidat f\u00fcr die bevorstehenden Kommunalwahlen. Auch Siegfried Borchardt, ehemaliger Funktion\u00e4r der 1995 verbotenen Freiheitlichen Deutschen Arbeiterpartei nahm an der Kundgebung teil. Auch er kandidiert in Dortmund f\u00fcr den Stadtrat. &#8222;W\u00e4hrend der Kundgebung [&hellip;]<\/p>\n","protected":false},"author":498,"featured_media":0,"comment_status":"open","ping_status":"open","sticky":false,"template":"","format":"standard","meta":{"_jetpack_memberships_contains_paid_content":false,"footnotes":""},"categories":[1291],"tags":[1477,24535,1707,99],"class_list":["post-15886","post","type-post","status-publish","format-standard","hentry","category-nordrhein-westfalen","tag-antifaschismus","tag-die-rechte","tag-naziaufmarsch","tag-rechtsextremismus"],"yoast_head":"<!-- This site is optimized with the Yoast SEO plugin v21.0 - https:\/\/yoast.com\/wordpress\/plugins\/seo\/ -->\n<title>Fotogalerie: &quot;Die Rechte&quot;-Kundgebung in Dortmund am 30.04.2014 - St\u00f6rungsmelder<\/title>\n<meta name=\"robots\" content=\"index, follow, max-snippet:-1, max-image-preview:large, max-video-preview:-1\" \/>\n<link rel=\"canonical\" href=\"https:\/\/blog.zeit.de\/stoerungsmelder\/2014\/05\/01\/fotogalerie-die-rechte-kundgebung-in-dortmund-am-30-04-2014_15886\" \/>\n<meta property=\"og:locale\" content=\"de_DE\" \/>\n<meta property=\"og:type\" content=\"article\" \/>\n<meta property=\"og:title\" content=\"Fotogalerie: &quot;Die Rechte&quot;-Kundgebung in Dortmund am 30.04.2014 - St\u00f6rungsmelder\" \/>\n<meta property=\"og:description\" content=\"Am 30.04.2014 fand eine Kundgebung der rechtsextremen Partei &#8222;Die Rechte&#8220; in Dortmund-Westerfilde statt. Unter den Rednern war unter anderem Nazi-Kader Dennis Giemsch, Dortmunder Stadtratskandidat f\u00fcr die bevorstehenden Kommunalwahlen. Auch Siegfried Borchardt, ehemaliger Funktion\u00e4r der 1995 verbotenen Freiheitlichen Deutschen Arbeiterpartei nahm an der Kundgebung teil. Auch er kandidiert in Dortmund f\u00fcr den Stadtrat. &#8222;W\u00e4hrend der Kundgebung [&hellip;]\" \/>\n<meta property=\"og:url\" content=\"https:\/\/blog.zeit.de\/stoerungsmelder\/2014\/05\/01\/fotogalerie-die-rechte-kundgebung-in-dortmund-am-30-04-2014_15886\" \/>\n<meta property=\"og:site_name\" content=\"St\u00f6rungsmelder\" \/>\n<meta property=\"article:published_time\" content=\"2014-05-01T09:55:35+00:00\" \/>\n<meta property=\"og:image\" content=\"https:\/\/blog.zeit.de\/stoerungsmelder\/files\/2014\/05\/Kundgebung_-Die-Rechte-_Dortmund_30._April-20140430-DSC_7182-150x150.jpg\" \/>\n<meta name=\"author\" content=\"Christian Martischius\" \/>\n<meta name=\"twitter:card\" content=\"summary_large_image\" \/>\n<meta name=\"twitter:label1\" content=\"Geschrieben von\" \/>\n\t<meta name=\"twitter:data1\" content=\"Christian Martischius\" \/>\n\t<meta name=\"twitter:label2\" content=\"Gesch\u00e4tzte Lesezeit\" \/>\n\t<meta name=\"twitter:data2\" content=\"1\u00a0Minute\" \/>\n<script type=\"application\/ld+json\" class=\"yoast-schema-graph\">{\"@context\":\"https:\/\/schema.org\",\"@graph\":[{\"@type\":\"WebPage\",\"@id\":\"https:\/\/blog.zeit.de\/stoerungsmelder\/2014\/05\/01\/fotogalerie-die-rechte-kundgebung-in-dortmund-am-30-04-2014_15886\",\"url\":\"https:\/\/blog.zeit.de\/stoerungsmelder\/2014\/05\/01\/fotogalerie-die-rechte-kundgebung-in-dortmund-am-30-04-2014_15886\",\"name\":\"Fotogalerie: \\\"Die Rechte\\\"-Kundgebung in Dortmund am 30.04.2014 - St\u00f6rungsmelder\",\"isPartOf\":{\"@id\":\"https:\/\/blog.zeit.de\/stoerungsmelder\/#website\"},\"datePublished\":\"2014-05-01T09:55:35+00:00\",\"dateModified\":\"2014-05-01T09:55:35+00:00\",\"author\":{\"@id\":\"https:\/\/blog.zeit.de\/stoerungsmelder\/#\/schema\/person\/15e6ff535b3bcfee4d03f77ba3d3b870\"},\"breadcrumb\":{\"@id\":\"https:\/\/blog.zeit.de\/stoerungsmelder\/2014\/05\/01\/fotogalerie-die-rechte-kundgebung-in-dortmund-am-30-04-2014_15886#breadcrumb\"},\"inLanguage\":\"de\",\"potentialAction\":[{\"@type\":\"ReadAction\",\"target\":[\"https:\/\/blog.zeit.de\/stoerungsmelder\/2014\/05\/01\/fotogalerie-die-rechte-kundgebung-in-dortmund-am-30-04-2014_15886\"]}]},{\"@type\":\"BreadcrumbList\",\"@id\":\"https:\/\/blog.zeit.de\/stoerungsmelder\/2014\/05\/01\/fotogalerie-die-rechte-kundgebung-in-dortmund-am-30-04-2014_15886#breadcrumb\",\"itemListElement\":[{\"@type\":\"ListItem\",\"position\":1,\"name\":\"Startseite\",\"item\":\"https:\/\/blog.zeit.de\/stoerungsmelder\"},{\"@type\":\"ListItem\",\"position\":2,\"name\":\"Fotogalerie: &#8222;Die Rechte&#8220;-Kundgebung in Dortmund am 30.04.2014\"}]},{\"@type\":\"WebSite\",\"@id\":\"https:\/\/blog.zeit.de\/stoerungsmelder\/#website\",\"url\":\"https:\/\/blog.zeit.de\/stoerungsmelder\/\",\"name\":\"St\u00f6rungsmelder\",\"description\":\"Recherchen und Analysen \u00fcber die extreme Rechte\",\"potentialAction\":[{\"@type\":\"SearchAction\",\"target\":{\"@type\":\"EntryPoint\",\"urlTemplate\":\"https:\/\/blog.zeit.de\/stoerungsmelder\/?s={search_term_string}\"},\"query-input\":\"required name=search_term_string\"}],\"inLanguage\":\"de\"},{\"@type\":\"Person\",\"@id\":\"https:\/\/blog.zeit.de\/stoerungsmelder\/#\/schema\/person\/15e6ff535b3bcfee4d03f77ba3d3b870\",\"name\":\"Christian Martischius\",\"image\":{\"@type\":\"ImageObject\",\"inLanguage\":\"de\",\"@id\":\"https:\/\/blog.zeit.de\/stoerungsmelder\/#\/schema\/person\/image\/\",\"url\":\"https:\/\/secure.gravatar.com\/avatar\/29e871ab96627d18e70b7156c75eaf445e550dd1e392c67ff2ca206e129c7ba0?s=96&d=mm&r=pg\",\"contentUrl\":\"https:\/\/secure.gravatar.com\/avatar\/29e871ab96627d18e70b7156c75eaf445e550dd1e392c67ff2ca206e129c7ba0?s=96&d=mm&r=pg\",\"caption\":\"Christian Martischius\"},\"url\":\"https:\/\/blog.zeit.de\/stoerungsmelder\/author\/christian\"}]}<\/script>\n<!-- \/ Yoast SEO plugin. -->","yoast_head_json":{"title":"Fotogalerie: \"Die Rechte\"-Kundgebung in Dortmund am 30.04.2014 - St\u00f6rungsmelder","robots":{"index":"index","follow":"follow","max-snippet":"max-snippet:-1","max-image-preview":"max-image-preview:large","max-video-preview":"max-video-preview:-1"},"canonical":"https:\/\/blog.zeit.de\/stoerungsmelder\/2014\/05\/01\/fotogalerie-die-rechte-kundgebung-in-dortmund-am-30-04-2014_15886","og_locale":"de_DE","og_type":"article","og_title":"Fotogalerie: \"Die Rechte\"-Kundgebung in Dortmund am 30.04.2014 - St\u00f6rungsmelder","og_description":"Am 30.04.2014 fand eine Kundgebung der rechtsextremen Partei &#8222;Die Rechte&#8220; in Dortmund-Westerfilde statt. Unter den Rednern war unter anderem Nazi-Kader Dennis Giemsch, Dortmunder Stadtratskandidat f\u00fcr die bevorstehenden Kommunalwahlen. Auch Siegfried Borchardt, ehemaliger Funktion\u00e4r der 1995 verbotenen Freiheitlichen Deutschen Arbeiterpartei nahm an der Kundgebung teil. Auch er kandidiert in Dortmund f\u00fcr den Stadtrat. &#8222;W\u00e4hrend der Kundgebung [&hellip;]","og_url":"https:\/\/blog.zeit.de\/stoerungsmelder\/2014\/05\/01\/fotogalerie-die-rechte-kundgebung-in-dortmund-am-30-04-2014_15886","og_site_name":"St\u00f6rungsmelder","article_published_time":"2014-05-01T09:55:35+00:00","og_image":[{"url":"https:\/\/blog.zeit.de\/stoerungsmelder\/files\/2014\/05\/Kundgebung_-Die-Rechte-_Dortmund_30._April-20140430-DSC_7182-150x150.jpg"}],"author":"Christian Martischius","twitter_card":"summary_large_image","twitter_misc":{"Geschrieben von":"Christian Martischius","Gesch\u00e4tzte Lesezeit":"1\u00a0Minute"},"schema":{"@context":"https:\/\/schema.org","@graph":[{"@type":"WebPage","@id":"https:\/\/blog.zeit.de\/stoerungsmelder\/2014\/05\/01\/fotogalerie-die-rechte-kundgebung-in-dortmund-am-30-04-2014_15886","url":"https:\/\/blog.zeit.de\/stoerungsmelder\/2014\/05\/01\/fotogalerie-die-rechte-kundgebung-in-dortmund-am-30-04-2014_15886","name":"Fotogalerie: \"Die Rechte\"-Kundgebung in Dortmund am 30.04.2014 - St\u00f6rungsmelder","isPartOf":{"@id":"https:\/\/blog.zeit.de\/stoerungsmelder\/#website"},"datePublished":"2014-05-01T09:55:35+00:00","dateModified":"2014-05-01T09:55:35+00:00","author":{"@id":"https:\/\/blog.zeit.de\/stoerungsmelder\/#\/schema\/person\/15e6ff535b3bcfee4d03f77ba3d3b870"},"breadcrumb":{"@id":"https:\/\/blog.zeit.de\/stoerungsmelder\/2014\/05\/01\/fotogalerie-die-rechte-kundgebung-in-dortmund-am-30-04-2014_15886#breadcrumb"},"inLanguage":"de","potentialAction":[{"@type":"ReadAction","target":["https:\/\/blog.zeit.de\/stoerungsmelder\/2014\/05\/01\/fotogalerie-die-rechte-kundgebung-in-dortmund-am-30-04-2014_15886"]}]},{"@type":"BreadcrumbList","@id":"https:\/\/blog.zeit.de\/stoerungsmelder\/2014\/05\/01\/fotogalerie-die-rechte-kundgebung-in-dortmund-am-30-04-2014_15886#breadcrumb","itemListElement":[{"@type":"ListItem","position":1,"name":"Startseite","item":"https:\/\/blog.zeit.de\/stoerungsmelder"},{"@type":"ListItem","position":2,"name":"Fotogalerie: &#8222;Die Rechte&#8220;-Kundgebung in Dortmund am 30.04.2014"}]},{"@type":"WebSite","@id":"https:\/\/blog.zeit.de\/stoerungsmelder\/#website","url":"https:\/\/blog.zeit.de\/stoerungsmelder\/","name":"St\u00f6rungsmelder","description":"Recherchen und Analysen \u00fcber die extreme Rechte","potentialAction":[{"@type":"SearchAction","target":{"@type":"EntryPoint","urlTemplate":"https:\/\/blog.zeit.de\/stoerungsmelder\/?s={search_term_string}"},"query-input":"required name=search_term_string"}],"inLanguage":"de"},{"@type":"Person","@id":"https:\/\/blog.zeit.de\/stoerungsmelder\/#\/schema\/person\/15e6ff535b3bcfee4d03f77ba3d3b870","name":"Christian Martischius","image":{"@type":"ImageObject","inLanguage":"de","@id":"https:\/\/blog.zeit.de\/stoerungsmelder\/#\/schema\/person\/image\/","url":"https:\/\/secure.gravatar.com\/avatar\/29e871ab96627d18e70b7156c75eaf445e550dd1e392c67ff2ca206e129c7ba0?s=96&d=mm&r=pg","contentUrl":"https:\/\/secure.gravatar.com\/avatar\/29e871ab96627d18e70b7156c75eaf445e550dd1e392c67ff2ca206e129c7ba0?s=96&d=mm&r=pg","caption":"Christian Martischius"},"url":"https:\/\/blog.zeit.de\/stoerungsmelder\/author\/christian"}]}},"jetpack_featured_media_url":"","jetpack_sharing_enabled":true,"_links":{"self":[{"href":"https:\/\/blog.zeit.de\/stoerungsmelder\/wp-json\/wp\/v2\/posts\/15886","targetHints":{"allow":["GET"]}}],"collection":[{"href":"https:\/\/blog.zeit.de\/stoerungsmelder\/wp-json\/wp\/v2\/posts"}],"about":[{"href":"https:\/\/blog.zeit.de\/stoerungsmelder\/wp-json\/wp\/v2\/types\/post"}],"author":[{"embeddable":true,"href":"https:\/\/blog.zeit.de\/stoerungsmelder\/wp-json\/wp\/v2\/users\/498"}],"replies":[{"embeddable":true,"href":"https:\/\/blog.zeit.de\/stoerungsmelder\/wp-json\/wp\/v2\/comments?post=15886"}],"version-history":[{"count":7,"href":"https:\/\/blog.zeit.de\/stoerungsmelder\/wp-json\/wp\/v2\/posts\/15886\/revisions"}],"predecessor-version":[{"id":15905,"href":"https:\/\/blog.zeit.de\/stoerungsmelder\/wp-json\/wp\/v2\/posts\/15886\/revisions\/15905"}],"wp:attachment":[{"href":"https:\/\/blog.zeit.de\/stoerungsmelder\/wp-json\/wp\/v2\/media?parent=15886"}],"wp:term":[{"taxonomy":"category","embeddable":true,"href":"https:\/\/blog.zeit.de\/stoerungsmelder\/wp-json\/wp\/v2\/categories?post=15886"},{"taxonomy":"post_tag","embeddable":true,"href":"https:\/\/blog.zeit.de\/stoerungsmelder\/wp-json\/wp\/v2\/tags?post=15886"}],"curies":[{"name":"wp","href":"https:\/\/api.w.org\/{rel}","templated":true}]}}