{"id":15925,"date":"2014-05-02T15:58:18","date_gmt":"2014-05-02T13:58:18","guid":{"rendered":"http:\/\/blog.zeit.de\/stoerungsmelder\/?p=15925"},"modified":"2014-05-02T15:58:18","modified_gmt":"2014-05-02T13:58:18","slug":"online-projekt-zu-rechten-gewalttaten-in-sachsen-anhalt","status":"publish","type":"post","link":"https:\/\/blog.zeit.de\/stoerungsmelder\/2014\/05\/02\/online-projekt-zu-rechten-gewalttaten-in-sachsen-anhalt_15925","title":{"rendered":"Online-Projekt zu rechten Gewalttaten in Sachsen-Anhalt"},"content":{"rendered":"<p><a href=\"https:\/\/blog.zeit.de\/stoerungsmelder\/files\/2014\/05\/blablablka.jpg\"><img loading=\"lazy\" decoding=\"async\" class=\"aligncenter  wp-image-15926\" alt=\"blablablka\" src=\"https:\/\/blog.zeit.de\/stoerungsmelder\/files\/2014\/05\/blablablka.jpg\" width=\"579\" height=\"319\" srcset=\"https:\/\/blog.zeit.de\/stoerungsmelder\/files\/2014\/05\/blablablka.jpg 858w, https:\/\/blog.zeit.de\/stoerungsmelder\/files\/2014\/05\/blablablka-300x165.jpg 300w\" sizes=\"auto, (max-width: 579px) 100vw, 579px\" \/><\/a><\/p>\n<p>Die <a href=\"http:\/\/www.mobile-opferberatung.de\/\" target=\"_blank\">Mobile Opferberatung\u00a0 in Sachsen-Anhalt<\/a> startet die Website der Kampagne \u201eWir erinnern an Opfer rechter Gewalt in Sachsen-Anhalt\u201c. Im Rahmen der im Fr\u00fchsommer 2013 begonnenen Kampagne wird online an die Schicksale von mindestens 13 Menschen erinnert, die seit 1990 aus rassistischen und rechten Motiven get\u00f6tet wurden. Auf <a href=\"http:\/\/www.rechte-gewalt-sachsen-anhalt.de\" target=\"_blank\">www.rechte-gewalt-sachsen-anhalt.de<\/a> werden diese ausf\u00fchrlich dokumentiert und auch aktuelle Informationen angeboten.<!--more--><\/p>\n<p>Au\u00dferdem fand anl\u00e4sslich des 14. Todestags von Helmut Sackers in Halberstadt am Dienstag, den 29. April 2014, eine Gedenkveranstaltung mit etwa 60 Teilnehmern statt. Der 60-j\u00e4hrige Helmut Sackers hatte am 29. April 2000 die Polizei verst\u00e4ndigt, weil sein 29-j\u00e4hriger Nachbar lautstark das Horst-Wessel-Lied abgespielt hatte. Zwei Stunden sp\u00e4ter verblutete Helmut Sackers an vier Messerstichen, die ihm sein Nachbar, ein ehemaliger Naziskinhead, im Treppenhaus des gemeinsamen Wohnhauses zugef\u00fcgt hatte. &#8222;Dass Zivilcourage Gesundheit, ja, sogar das Leben kosten kann, ist eine schmerzhafte Wunde in unserer Gesellschaft. Um so wichtiger ist es, dass das Leben und das Schicksal der einzelnen Todesopfer nicht in Vergessenheit ger\u00e4t\u201c, sagte Landesbisch\u00f6fin Ilse Junkermann, die zu den Unterst\u00fctzern der Kampagne geh\u00f6rt. Sie sei froh, \u201edass sich viele Menschen in Sachsen-Anhalt, darunter auch viele Christinnen und Christen schon seit vielen Jahren gegen rechte und rassistische Gewalt engagieren.&#8220;<\/p>\n<p>\u201eMit der Kampagne und durch Erinnerungsveranstaltungen vor Ort wollen wir auf die t\u00f6dliche Dimension rechter und rassistischer Gewalt aufmerksam machen und mit der Website den Opfern einen Namen und ein Gesicht geben\u201c, sagt eine Sprecherin der Mobilen Opferberatung. \u201eWir wollen damit auch an oft vergessene Opfergruppen \u2013 wie beispielsweise sozial Benachteiligte und Menschen mit Behinderungen erinnern.\u201c<\/p>\n","protected":false},"excerpt":{"rendered":"<p>Die Mobile Opferberatung\u00a0 in Sachsen-Anhalt startet die Website der Kampagne \u201eWir erinnern an Opfer rechter Gewalt in Sachsen-Anhalt\u201c. Im Rahmen der im Fr\u00fchsommer 2013 begonnenen Kampagne wird online an die Schicksale von mindestens 13 Menschen erinnert, die seit 1990 aus rassistischen und rechten Motiven get\u00f6tet wurden. Auf www.rechte-gewalt-sachsen-anhalt.de werden diese ausf\u00fchrlich dokumentiert und auch aktuelle [&hellip;]<\/p>\n","protected":false},"author":229,"featured_media":0,"comment_status":"open","ping_status":"open","sticky":false,"template":"","format":"standard","meta":{"_jetpack_memberships_contains_paid_content":false,"footnotes":""},"categories":[1457],"tags":[1755],"class_list":["post-15925","post","type-post","status-publish","format-standard","hentry","category-sachsen-anhalt","tag-rechte-gewalt"],"yoast_head":"<!-- This site is optimized with the Yoast SEO plugin v21.0 - https:\/\/yoast.com\/wordpress\/plugins\/seo\/ -->\n<title>Online-Projekt zu rechten Gewalttaten in Sachsen-Anhalt - St\u00f6rungsmelder<\/title>\n<meta name=\"robots\" content=\"index, follow, max-snippet:-1, max-image-preview:large, max-video-preview:-1\" \/>\n<link rel=\"canonical\" href=\"https:\/\/blog.zeit.de\/stoerungsmelder\/2014\/05\/02\/online-projekt-zu-rechten-gewalttaten-in-sachsen-anhalt_15925\" \/>\n<meta property=\"og:locale\" content=\"de_DE\" \/>\n<meta property=\"og:type\" content=\"article\" \/>\n<meta property=\"og:title\" content=\"Online-Projekt zu rechten Gewalttaten in Sachsen-Anhalt - St\u00f6rungsmelder\" \/>\n<meta property=\"og:description\" content=\"Die Mobile Opferberatung\u00a0 in Sachsen-Anhalt startet die Website der Kampagne \u201eWir erinnern an Opfer rechter Gewalt in Sachsen-Anhalt\u201c. Im Rahmen der im Fr\u00fchsommer 2013 begonnenen Kampagne wird online an die Schicksale von mindestens 13 Menschen erinnert, die seit 1990 aus rassistischen und rechten Motiven get\u00f6tet wurden. Auf www.rechte-gewalt-sachsen-anhalt.de werden diese ausf\u00fchrlich dokumentiert und auch aktuelle [&hellip;]\" \/>\n<meta property=\"og:url\" content=\"https:\/\/blog.zeit.de\/stoerungsmelder\/2014\/05\/02\/online-projekt-zu-rechten-gewalttaten-in-sachsen-anhalt_15925\" \/>\n<meta property=\"og:site_name\" content=\"St\u00f6rungsmelder\" \/>\n<meta property=\"article:published_time\" content=\"2014-05-02T13:58:18+00:00\" \/>\n<meta property=\"og:image\" content=\"https:\/\/blog.zeit.de\/stoerungsmelder\/files\/2014\/05\/blablablka.jpg\" \/>\n<meta name=\"author\" content=\"St\u00f6rungsmelder\" \/>\n<meta name=\"twitter:card\" content=\"summary_large_image\" \/>\n<meta name=\"twitter:label1\" content=\"Geschrieben von\" \/>\n\t<meta name=\"twitter:data1\" content=\"St\u00f6rungsmelder\" \/>\n\t<meta name=\"twitter:label2\" content=\"Gesch\u00e4tzte Lesezeit\" \/>\n\t<meta name=\"twitter:data2\" content=\"1\u00a0Minute\" \/>\n<script type=\"application\/ld+json\" class=\"yoast-schema-graph\">{\"@context\":\"https:\/\/schema.org\",\"@graph\":[{\"@type\":\"WebPage\",\"@id\":\"https:\/\/blog.zeit.de\/stoerungsmelder\/2014\/05\/02\/online-projekt-zu-rechten-gewalttaten-in-sachsen-anhalt_15925\",\"url\":\"https:\/\/blog.zeit.de\/stoerungsmelder\/2014\/05\/02\/online-projekt-zu-rechten-gewalttaten-in-sachsen-anhalt_15925\",\"name\":\"Online-Projekt zu rechten Gewalttaten in Sachsen-Anhalt - St\u00f6rungsmelder\",\"isPartOf\":{\"@id\":\"https:\/\/blog.zeit.de\/stoerungsmelder\/#website\"},\"datePublished\":\"2014-05-02T13:58:18+00:00\",\"dateModified\":\"2014-05-02T13:58:18+00:00\",\"author\":{\"@id\":\"https:\/\/blog.zeit.de\/stoerungsmelder\/#\/schema\/person\/fdd0b9818f65738672810b6d6f037f71\"},\"breadcrumb\":{\"@id\":\"https:\/\/blog.zeit.de\/stoerungsmelder\/2014\/05\/02\/online-projekt-zu-rechten-gewalttaten-in-sachsen-anhalt_15925#breadcrumb\"},\"inLanguage\":\"de\",\"potentialAction\":[{\"@type\":\"ReadAction\",\"target\":[\"https:\/\/blog.zeit.de\/stoerungsmelder\/2014\/05\/02\/online-projekt-zu-rechten-gewalttaten-in-sachsen-anhalt_15925\"]}]},{\"@type\":\"BreadcrumbList\",\"@id\":\"https:\/\/blog.zeit.de\/stoerungsmelder\/2014\/05\/02\/online-projekt-zu-rechten-gewalttaten-in-sachsen-anhalt_15925#breadcrumb\",\"itemListElement\":[{\"@type\":\"ListItem\",\"position\":1,\"name\":\"Startseite\",\"item\":\"https:\/\/blog.zeit.de\/stoerungsmelder\"},{\"@type\":\"ListItem\",\"position\":2,\"name\":\"Online-Projekt zu rechten Gewalttaten in Sachsen-Anhalt\"}]},{\"@type\":\"WebSite\",\"@id\":\"https:\/\/blog.zeit.de\/stoerungsmelder\/#website\",\"url\":\"https:\/\/blog.zeit.de\/stoerungsmelder\/\",\"name\":\"St\u00f6rungsmelder\",\"description\":\"Recherchen und Analysen \u00fcber die extreme Rechte\",\"potentialAction\":[{\"@type\":\"SearchAction\",\"target\":{\"@type\":\"EntryPoint\",\"urlTemplate\":\"https:\/\/blog.zeit.de\/stoerungsmelder\/?s={search_term_string}\"},\"query-input\":\"required name=search_term_string\"}],\"inLanguage\":\"de\"},{\"@type\":\"Person\",\"@id\":\"https:\/\/blog.zeit.de\/stoerungsmelder\/#\/schema\/person\/fdd0b9818f65738672810b6d6f037f71\",\"name\":\"St\u00f6rungsmelder\",\"image\":{\"@type\":\"ImageObject\",\"inLanguage\":\"de\",\"@id\":\"https:\/\/blog.zeit.de\/stoerungsmelder\/#\/schema\/person\/image\/\",\"url\":\"https:\/\/secure.gravatar.com\/avatar\/dfa4be514c3e82a71e4f9a0020035d38192d080ccaa5e4e6d7a1472c763535c5?s=96&d=mm&r=pg\",\"contentUrl\":\"https:\/\/secure.gravatar.com\/avatar\/dfa4be514c3e82a71e4f9a0020035d38192d080ccaa5e4e6d7a1472c763535c5?s=96&d=mm&r=pg\",\"caption\":\"St\u00f6rungsmelder\"},\"url\":\"https:\/\/blog.zeit.de\/stoerungsmelder\/author\/stoerungsmelder\"}]}<\/script>\n<!-- \/ Yoast SEO plugin. -->","yoast_head_json":{"title":"Online-Projekt zu rechten Gewalttaten in Sachsen-Anhalt - St\u00f6rungsmelder","robots":{"index":"index","follow":"follow","max-snippet":"max-snippet:-1","max-image-preview":"max-image-preview:large","max-video-preview":"max-video-preview:-1"},"canonical":"https:\/\/blog.zeit.de\/stoerungsmelder\/2014\/05\/02\/online-projekt-zu-rechten-gewalttaten-in-sachsen-anhalt_15925","og_locale":"de_DE","og_type":"article","og_title":"Online-Projekt zu rechten Gewalttaten in Sachsen-Anhalt - St\u00f6rungsmelder","og_description":"Die Mobile Opferberatung\u00a0 in Sachsen-Anhalt startet die Website der Kampagne \u201eWir erinnern an Opfer rechter Gewalt in Sachsen-Anhalt\u201c. Im Rahmen der im Fr\u00fchsommer 2013 begonnenen Kampagne wird online an die Schicksale von mindestens 13 Menschen erinnert, die seit 1990 aus rassistischen und rechten Motiven get\u00f6tet wurden. Auf www.rechte-gewalt-sachsen-anhalt.de werden diese ausf\u00fchrlich dokumentiert und auch aktuelle [&hellip;]","og_url":"https:\/\/blog.zeit.de\/stoerungsmelder\/2014\/05\/02\/online-projekt-zu-rechten-gewalttaten-in-sachsen-anhalt_15925","og_site_name":"St\u00f6rungsmelder","article_published_time":"2014-05-02T13:58:18+00:00","og_image":[{"url":"https:\/\/blog.zeit.de\/stoerungsmelder\/files\/2014\/05\/blablablka.jpg"}],"author":"St\u00f6rungsmelder","twitter_card":"summary_large_image","twitter_misc":{"Geschrieben von":"St\u00f6rungsmelder","Gesch\u00e4tzte Lesezeit":"1\u00a0Minute"},"schema":{"@context":"https:\/\/schema.org","@graph":[{"@type":"WebPage","@id":"https:\/\/blog.zeit.de\/stoerungsmelder\/2014\/05\/02\/online-projekt-zu-rechten-gewalttaten-in-sachsen-anhalt_15925","url":"https:\/\/blog.zeit.de\/stoerungsmelder\/2014\/05\/02\/online-projekt-zu-rechten-gewalttaten-in-sachsen-anhalt_15925","name":"Online-Projekt zu rechten Gewalttaten in Sachsen-Anhalt - St\u00f6rungsmelder","isPartOf":{"@id":"https:\/\/blog.zeit.de\/stoerungsmelder\/#website"},"datePublished":"2014-05-02T13:58:18+00:00","dateModified":"2014-05-02T13:58:18+00:00","author":{"@id":"https:\/\/blog.zeit.de\/stoerungsmelder\/#\/schema\/person\/fdd0b9818f65738672810b6d6f037f71"},"breadcrumb":{"@id":"https:\/\/blog.zeit.de\/stoerungsmelder\/2014\/05\/02\/online-projekt-zu-rechten-gewalttaten-in-sachsen-anhalt_15925#breadcrumb"},"inLanguage":"de","potentialAction":[{"@type":"ReadAction","target":["https:\/\/blog.zeit.de\/stoerungsmelder\/2014\/05\/02\/online-projekt-zu-rechten-gewalttaten-in-sachsen-anhalt_15925"]}]},{"@type":"BreadcrumbList","@id":"https:\/\/blog.zeit.de\/stoerungsmelder\/2014\/05\/02\/online-projekt-zu-rechten-gewalttaten-in-sachsen-anhalt_15925#breadcrumb","itemListElement":[{"@type":"ListItem","position":1,"name":"Startseite","item":"https:\/\/blog.zeit.de\/stoerungsmelder"},{"@type":"ListItem","position":2,"name":"Online-Projekt zu rechten Gewalttaten in Sachsen-Anhalt"}]},{"@type":"WebSite","@id":"https:\/\/blog.zeit.de\/stoerungsmelder\/#website","url":"https:\/\/blog.zeit.de\/stoerungsmelder\/","name":"St\u00f6rungsmelder","description":"Recherchen und Analysen \u00fcber die extreme Rechte","potentialAction":[{"@type":"SearchAction","target":{"@type":"EntryPoint","urlTemplate":"https:\/\/blog.zeit.de\/stoerungsmelder\/?s={search_term_string}"},"query-input":"required name=search_term_string"}],"inLanguage":"de"},{"@type":"Person","@id":"https:\/\/blog.zeit.de\/stoerungsmelder\/#\/schema\/person\/fdd0b9818f65738672810b6d6f037f71","name":"St\u00f6rungsmelder","image":{"@type":"ImageObject","inLanguage":"de","@id":"https:\/\/blog.zeit.de\/stoerungsmelder\/#\/schema\/person\/image\/","url":"https:\/\/secure.gravatar.com\/avatar\/dfa4be514c3e82a71e4f9a0020035d38192d080ccaa5e4e6d7a1472c763535c5?s=96&d=mm&r=pg","contentUrl":"https:\/\/secure.gravatar.com\/avatar\/dfa4be514c3e82a71e4f9a0020035d38192d080ccaa5e4e6d7a1472c763535c5?s=96&d=mm&r=pg","caption":"St\u00f6rungsmelder"},"url":"https:\/\/blog.zeit.de\/stoerungsmelder\/author\/stoerungsmelder"}]}},"jetpack_featured_media_url":"","jetpack_sharing_enabled":true,"_links":{"self":[{"href":"https:\/\/blog.zeit.de\/stoerungsmelder\/wp-json\/wp\/v2\/posts\/15925","targetHints":{"allow":["GET"]}}],"collection":[{"href":"https:\/\/blog.zeit.de\/stoerungsmelder\/wp-json\/wp\/v2\/posts"}],"about":[{"href":"https:\/\/blog.zeit.de\/stoerungsmelder\/wp-json\/wp\/v2\/types\/post"}],"author":[{"embeddable":true,"href":"https:\/\/blog.zeit.de\/stoerungsmelder\/wp-json\/wp\/v2\/users\/229"}],"replies":[{"embeddable":true,"href":"https:\/\/blog.zeit.de\/stoerungsmelder\/wp-json\/wp\/v2\/comments?post=15925"}],"version-history":[{"count":1,"href":"https:\/\/blog.zeit.de\/stoerungsmelder\/wp-json\/wp\/v2\/posts\/15925\/revisions"}],"predecessor-version":[{"id":15927,"href":"https:\/\/blog.zeit.de\/stoerungsmelder\/wp-json\/wp\/v2\/posts\/15925\/revisions\/15927"}],"wp:attachment":[{"href":"https:\/\/blog.zeit.de\/stoerungsmelder\/wp-json\/wp\/v2\/media?parent=15925"}],"wp:term":[{"taxonomy":"category","embeddable":true,"href":"https:\/\/blog.zeit.de\/stoerungsmelder\/wp-json\/wp\/v2\/categories?post=15925"},{"taxonomy":"post_tag","embeddable":true,"href":"https:\/\/blog.zeit.de\/stoerungsmelder\/wp-json\/wp\/v2\/tags?post=15925"}],"curies":[{"name":"wp","href":"https:\/\/api.w.org\/{rel}","templated":true}]}}