{"id":16423,"date":"2014-06-17T14:46:47","date_gmt":"2014-06-17T12:46:47","guid":{"rendered":"http:\/\/blog.zeit.de\/stoerungsmelder\/?p=16423"},"modified":"2014-06-17T16:04:04","modified_gmt":"2014-06-17T14:04:04","slug":"lesetipp-alter-hass-in-neuen-kleidern","status":"publish","type":"post","link":"https:\/\/blog.zeit.de\/stoerungsmelder\/2014\/06\/17\/lesetipp-alter-hass-in-neuen-kleidern_16423","title":{"rendered":"Lesetipp: Alter Hass in neuen Kleidern"},"content":{"rendered":"<p><a href=\"http:\/\/nordstadtblogger.de\/wp-content\/uploads\/2014\/05\/Alter-Hass-in-neuen-Kleidern.png\"><img loading=\"lazy\" decoding=\"async\" class=\"alignleft\" alt=\"Alter Hass in neuen Kleidern\" src=\"http:\/\/nordstadtblogger.de\/wp-content\/uploads\/2014\/05\/Alter-Hass-in-neuen-Kleidern-727x1024.png\" width=\"300\" height=\"422\" \/><\/a><\/p>\n<p>Eine neue Brosch\u00fcre der Beratungsstelle <a href=\"http:\/\/www.backup-nrw.org\" target=\"_blank\">&#8222;Back up&#8220;<\/a> aus Dortmund berichtet detailliert \u00fcber die Neonazi-Partei &#8222;Die Rechte&#8220;. Zur Arbeit des Vereins geh\u00f6rt die Beratung von Opfern rechtsextremer und rassistischer Gewalt sowie Hilfe zum Ausstieg aus der rechtsextremen Szene. Aber auch die Information der \u00d6ffentlichkeit \u00fcber die rechtsextremen Strukturen und Aktivit\u00e4ten in Westfalen sind Vereinsziel. Auf 36 Seiten wird in &#8222;Alter Hass in neuen Kleidern&#8220; analysiert, wie &#8222;Die Rechte&#8220; als Sammelbecken militanter Neonazis aus verbotenen Kameradschaften fungiert. Sie f\u00fchren unter dem Deckmantel der Partei ihre Arbeit weiter.<!--more--><\/p>\n<p><strong>\u201eDIE RECHTE\u201c tritt die Nachfolge verbotener Neonazi-Kameradschaften an<\/strong><\/p>\n<p>Vor allem die Partei \u201eDIE RECHTE\u201c (DR) hat in Nordrhein-Westfalen die Nachfolge verbotener Neonazi-\u201eKameradschaften\u201c angetreten. Unter dem Label einer Partei machen die Neonazis in Dortmund, Hamm und anderen St\u00e4dten weiter, als w\u00e4re nichts gewesen. Ungebrochen scheint auch ihr Bekenntnis zum Nationalsozialismus.<\/p>\n<p>In der vorliegenden Publikation hat sich der Verein \u201e<i>BackUp <\/i>\u2013 <i>ComeBack <\/i>\u2026 <i>e.V.<\/i>\u201c exemplarisch das Wahlprogramm der Partei \u201eDIE RECHTE\u201c f\u00fcr die Kommunalwahl in Dortmund angesehen, deren \u201eForderungen\u201c analysiert sowie f\u00fcr die Auseinandersetzung mit rechtsextremen Positionen Fakten und Argumentationshilfen zusammengestellt.<\/p>\n<p><strong>25-Punkte-Programm erinnert an die NSDAP<\/strong><\/p>\n<p>Diese \u201eForderungen\u201c verschwinden nicht nach dem 25. Mai \u2013 insofern hat die Ver\u00f6ffentlichung auch \u00fcber den Wahltag hinaus und auch f\u00fcr andere St\u00e4dte und Regionen Relevanz betont der Vereinsvorsitzende Hartmut Anders-Hoepgen. Denn an den Dortmunder Neonazis orientierten sich viele andere Gruppen. Daher bewertet der Verein die teilweise sehr abstrakt gehaltenen \u201e25 Forderungen f\u00fcr Dortmund\u201c und ordnet sie in einen gesellschaftlichen und historischen Kontext ein. Alle in dieser Ver\u00f6ffentlichung zitierten Aussagen der Partei \u201eDIE RECHTE\u201c sind belegbar. \u00dcbrigens: Auch die NSDAP hatte ein 25-Punkte-Programm. Ein Zufall?<\/p>\n<p>Alle Interessierten k\u00f6nnen sich selbst ein Bild machen. Die Verteilung von Datei und Printexemplaren \u00fcbernimmt der Verein. Printexemplare k\u00f6nnen \u00fcber contact@backup-nrw.org gegen einen kleinen Kostenbeitrag (4 Euro) bzw. eine Spende bestellt werden. Die pdf-Datei kann ab sofort unter <a href=\"http:\/\/www.backup-nrw.org\">www.backup-nrw.org<\/a> heruntergeladen werden.<\/p>\n<p><strong>Argumentationshilfen helfen auch \u00fcber den Wahltermin hinaus<\/strong><\/p>\n<p>Die Brosch\u00fcre soll in der Schlussphase des Wahlkampfes aber auch lange dar\u00fcber hinaus in der Auseinandersetzung mit der Partei \u201cDie Rechte\u201d helfen. Sie ist zwar Dortmund-zentriert, hat aber auch in weiten anderen Bereichen argumentative Bedeutung, so Anders-Hoepgen weiter. Der Verein hat auch die Aktivit\u00e4ten zum Wahlkampf und zum 1. Mai 2014 mitber\u00fccksichtigt.<\/p>\n<p><strong><a href=\"http:\/\/nordstadtblogger.de\/wp-content\/uploads\/2014\/05\/Die-Rechte-Broschuere.pdf\">Die Dokumentation zum Download<\/a><\/strong><\/p>\n","protected":false},"excerpt":{"rendered":"<p>Eine neue Brosch\u00fcre der Beratungsstelle &#8222;Back up&#8220; aus Dortmund berichtet detailliert \u00fcber die Neonazi-Partei &#8222;Die Rechte&#8220;. Zur Arbeit des Vereins geh\u00f6rt die Beratung von Opfern rechtsextremer und rassistischer Gewalt sowie Hilfe zum Ausstieg aus der rechtsextremen Szene. Aber auch die Information der \u00d6ffentlichkeit \u00fcber die rechtsextremen Strukturen und Aktivit\u00e4ten in Westfalen sind Vereinsziel. Auf 36 [&hellip;]<\/p>\n","protected":false},"author":229,"featured_media":0,"comment_status":"open","ping_status":"open","sticky":false,"template":"","format":"standard","meta":{"_jetpack_memberships_contains_paid_content":false,"footnotes":""},"categories":[1291],"tags":[24535],"class_list":["post-16423","post","type-post","status-publish","format-standard","hentry","category-nordrhein-westfalen","tag-die-rechte"],"yoast_head":"<!-- This site is optimized with the Yoast SEO plugin v21.0 - https:\/\/yoast.com\/wordpress\/plugins\/seo\/ -->\n<title>Lesetipp: Alter Hass in neuen Kleidern - St\u00f6rungsmelder<\/title>\n<meta name=\"robots\" content=\"index, follow, max-snippet:-1, max-image-preview:large, max-video-preview:-1\" \/>\n<link rel=\"canonical\" href=\"https:\/\/blog.zeit.de\/stoerungsmelder\/2014\/06\/17\/lesetipp-alter-hass-in-neuen-kleidern_16423\" \/>\n<meta property=\"og:locale\" content=\"de_DE\" \/>\n<meta property=\"og:type\" content=\"article\" \/>\n<meta property=\"og:title\" content=\"Lesetipp: Alter Hass in neuen Kleidern - St\u00f6rungsmelder\" \/>\n<meta property=\"og:description\" content=\"Eine neue Brosch\u00fcre der Beratungsstelle &#8222;Back up&#8220; aus Dortmund berichtet detailliert \u00fcber die Neonazi-Partei &#8222;Die Rechte&#8220;. Zur Arbeit des Vereins geh\u00f6rt die Beratung von Opfern rechtsextremer und rassistischer Gewalt sowie Hilfe zum Ausstieg aus der rechtsextremen Szene. Aber auch die Information der \u00d6ffentlichkeit \u00fcber die rechtsextremen Strukturen und Aktivit\u00e4ten in Westfalen sind Vereinsziel. Auf 36 [&hellip;]\" \/>\n<meta property=\"og:url\" content=\"https:\/\/blog.zeit.de\/stoerungsmelder\/2014\/06\/17\/lesetipp-alter-hass-in-neuen-kleidern_16423\" \/>\n<meta property=\"og:site_name\" content=\"St\u00f6rungsmelder\" \/>\n<meta property=\"article:published_time\" content=\"2014-06-17T12:46:47+00:00\" \/>\n<meta property=\"article:modified_time\" content=\"2014-06-17T14:04:04+00:00\" \/>\n<meta property=\"og:image\" content=\"http:\/\/nordstadtblogger.de\/wp-content\/uploads\/2014\/05\/Alter-Hass-in-neuen-Kleidern-727x1024.png\" \/>\n<meta name=\"author\" content=\"St\u00f6rungsmelder\" \/>\n<meta name=\"twitter:card\" content=\"summary_large_image\" \/>\n<meta name=\"twitter:label1\" content=\"Geschrieben von\" \/>\n\t<meta name=\"twitter:data1\" content=\"St\u00f6rungsmelder\" \/>\n\t<meta name=\"twitter:label2\" content=\"Gesch\u00e4tzte Lesezeit\" \/>\n\t<meta name=\"twitter:data2\" content=\"2\u00a0Minuten\" \/>\n<script type=\"application\/ld+json\" class=\"yoast-schema-graph\">{\"@context\":\"https:\/\/schema.org\",\"@graph\":[{\"@type\":\"WebPage\",\"@id\":\"https:\/\/blog.zeit.de\/stoerungsmelder\/2014\/06\/17\/lesetipp-alter-hass-in-neuen-kleidern_16423\",\"url\":\"https:\/\/blog.zeit.de\/stoerungsmelder\/2014\/06\/17\/lesetipp-alter-hass-in-neuen-kleidern_16423\",\"name\":\"Lesetipp: Alter Hass in neuen Kleidern - St\u00f6rungsmelder\",\"isPartOf\":{\"@id\":\"https:\/\/blog.zeit.de\/stoerungsmelder\/#website\"},\"datePublished\":\"2014-06-17T12:46:47+00:00\",\"dateModified\":\"2014-06-17T14:04:04+00:00\",\"author\":{\"@id\":\"https:\/\/blog.zeit.de\/stoerungsmelder\/#\/schema\/person\/fdd0b9818f65738672810b6d6f037f71\"},\"breadcrumb\":{\"@id\":\"https:\/\/blog.zeit.de\/stoerungsmelder\/2014\/06\/17\/lesetipp-alter-hass-in-neuen-kleidern_16423#breadcrumb\"},\"inLanguage\":\"de\",\"potentialAction\":[{\"@type\":\"ReadAction\",\"target\":[\"https:\/\/blog.zeit.de\/stoerungsmelder\/2014\/06\/17\/lesetipp-alter-hass-in-neuen-kleidern_16423\"]}]},{\"@type\":\"BreadcrumbList\",\"@id\":\"https:\/\/blog.zeit.de\/stoerungsmelder\/2014\/06\/17\/lesetipp-alter-hass-in-neuen-kleidern_16423#breadcrumb\",\"itemListElement\":[{\"@type\":\"ListItem\",\"position\":1,\"name\":\"Startseite\",\"item\":\"https:\/\/blog.zeit.de\/stoerungsmelder\"},{\"@type\":\"ListItem\",\"position\":2,\"name\":\"Lesetipp: Alter Hass in neuen Kleidern\"}]},{\"@type\":\"WebSite\",\"@id\":\"https:\/\/blog.zeit.de\/stoerungsmelder\/#website\",\"url\":\"https:\/\/blog.zeit.de\/stoerungsmelder\/\",\"name\":\"St\u00f6rungsmelder\",\"description\":\"Recherchen und Analysen \u00fcber die extreme Rechte\",\"potentialAction\":[{\"@type\":\"SearchAction\",\"target\":{\"@type\":\"EntryPoint\",\"urlTemplate\":\"https:\/\/blog.zeit.de\/stoerungsmelder\/?s={search_term_string}\"},\"query-input\":\"required name=search_term_string\"}],\"inLanguage\":\"de\"},{\"@type\":\"Person\",\"@id\":\"https:\/\/blog.zeit.de\/stoerungsmelder\/#\/schema\/person\/fdd0b9818f65738672810b6d6f037f71\",\"name\":\"St\u00f6rungsmelder\",\"image\":{\"@type\":\"ImageObject\",\"inLanguage\":\"de\",\"@id\":\"https:\/\/blog.zeit.de\/stoerungsmelder\/#\/schema\/person\/image\/\",\"url\":\"https:\/\/secure.gravatar.com\/avatar\/dfa4be514c3e82a71e4f9a0020035d38192d080ccaa5e4e6d7a1472c763535c5?s=96&d=mm&r=pg\",\"contentUrl\":\"https:\/\/secure.gravatar.com\/avatar\/dfa4be514c3e82a71e4f9a0020035d38192d080ccaa5e4e6d7a1472c763535c5?s=96&d=mm&r=pg\",\"caption\":\"St\u00f6rungsmelder\"},\"url\":\"https:\/\/blog.zeit.de\/stoerungsmelder\/author\/stoerungsmelder\"}]}<\/script>\n<!-- \/ Yoast SEO plugin. -->","yoast_head_json":{"title":"Lesetipp: Alter Hass in neuen Kleidern - St\u00f6rungsmelder","robots":{"index":"index","follow":"follow","max-snippet":"max-snippet:-1","max-image-preview":"max-image-preview:large","max-video-preview":"max-video-preview:-1"},"canonical":"https:\/\/blog.zeit.de\/stoerungsmelder\/2014\/06\/17\/lesetipp-alter-hass-in-neuen-kleidern_16423","og_locale":"de_DE","og_type":"article","og_title":"Lesetipp: Alter Hass in neuen Kleidern - St\u00f6rungsmelder","og_description":"Eine neue Brosch\u00fcre der Beratungsstelle &#8222;Back up&#8220; aus Dortmund berichtet detailliert \u00fcber die Neonazi-Partei &#8222;Die Rechte&#8220;. Zur Arbeit des Vereins geh\u00f6rt die Beratung von Opfern rechtsextremer und rassistischer Gewalt sowie Hilfe zum Ausstieg aus der rechtsextremen Szene. Aber auch die Information der \u00d6ffentlichkeit \u00fcber die rechtsextremen Strukturen und Aktivit\u00e4ten in Westfalen sind Vereinsziel. Auf 36 [&hellip;]","og_url":"https:\/\/blog.zeit.de\/stoerungsmelder\/2014\/06\/17\/lesetipp-alter-hass-in-neuen-kleidern_16423","og_site_name":"St\u00f6rungsmelder","article_published_time":"2014-06-17T12:46:47+00:00","article_modified_time":"2014-06-17T14:04:04+00:00","og_image":[{"url":"http:\/\/nordstadtblogger.de\/wp-content\/uploads\/2014\/05\/Alter-Hass-in-neuen-Kleidern-727x1024.png"}],"author":"St\u00f6rungsmelder","twitter_card":"summary_large_image","twitter_misc":{"Geschrieben von":"St\u00f6rungsmelder","Gesch\u00e4tzte Lesezeit":"2\u00a0Minuten"},"schema":{"@context":"https:\/\/schema.org","@graph":[{"@type":"WebPage","@id":"https:\/\/blog.zeit.de\/stoerungsmelder\/2014\/06\/17\/lesetipp-alter-hass-in-neuen-kleidern_16423","url":"https:\/\/blog.zeit.de\/stoerungsmelder\/2014\/06\/17\/lesetipp-alter-hass-in-neuen-kleidern_16423","name":"Lesetipp: Alter Hass in neuen Kleidern - St\u00f6rungsmelder","isPartOf":{"@id":"https:\/\/blog.zeit.de\/stoerungsmelder\/#website"},"datePublished":"2014-06-17T12:46:47+00:00","dateModified":"2014-06-17T14:04:04+00:00","author":{"@id":"https:\/\/blog.zeit.de\/stoerungsmelder\/#\/schema\/person\/fdd0b9818f65738672810b6d6f037f71"},"breadcrumb":{"@id":"https:\/\/blog.zeit.de\/stoerungsmelder\/2014\/06\/17\/lesetipp-alter-hass-in-neuen-kleidern_16423#breadcrumb"},"inLanguage":"de","potentialAction":[{"@type":"ReadAction","target":["https:\/\/blog.zeit.de\/stoerungsmelder\/2014\/06\/17\/lesetipp-alter-hass-in-neuen-kleidern_16423"]}]},{"@type":"BreadcrumbList","@id":"https:\/\/blog.zeit.de\/stoerungsmelder\/2014\/06\/17\/lesetipp-alter-hass-in-neuen-kleidern_16423#breadcrumb","itemListElement":[{"@type":"ListItem","position":1,"name":"Startseite","item":"https:\/\/blog.zeit.de\/stoerungsmelder"},{"@type":"ListItem","position":2,"name":"Lesetipp: Alter Hass in neuen Kleidern"}]},{"@type":"WebSite","@id":"https:\/\/blog.zeit.de\/stoerungsmelder\/#website","url":"https:\/\/blog.zeit.de\/stoerungsmelder\/","name":"St\u00f6rungsmelder","description":"Recherchen und Analysen \u00fcber die extreme Rechte","potentialAction":[{"@type":"SearchAction","target":{"@type":"EntryPoint","urlTemplate":"https:\/\/blog.zeit.de\/stoerungsmelder\/?s={search_term_string}"},"query-input":"required name=search_term_string"}],"inLanguage":"de"},{"@type":"Person","@id":"https:\/\/blog.zeit.de\/stoerungsmelder\/#\/schema\/person\/fdd0b9818f65738672810b6d6f037f71","name":"St\u00f6rungsmelder","image":{"@type":"ImageObject","inLanguage":"de","@id":"https:\/\/blog.zeit.de\/stoerungsmelder\/#\/schema\/person\/image\/","url":"https:\/\/secure.gravatar.com\/avatar\/dfa4be514c3e82a71e4f9a0020035d38192d080ccaa5e4e6d7a1472c763535c5?s=96&d=mm&r=pg","contentUrl":"https:\/\/secure.gravatar.com\/avatar\/dfa4be514c3e82a71e4f9a0020035d38192d080ccaa5e4e6d7a1472c763535c5?s=96&d=mm&r=pg","caption":"St\u00f6rungsmelder"},"url":"https:\/\/blog.zeit.de\/stoerungsmelder\/author\/stoerungsmelder"}]}},"jetpack_featured_media_url":"","jetpack_sharing_enabled":true,"_links":{"self":[{"href":"https:\/\/blog.zeit.de\/stoerungsmelder\/wp-json\/wp\/v2\/posts\/16423","targetHints":{"allow":["GET"]}}],"collection":[{"href":"https:\/\/blog.zeit.de\/stoerungsmelder\/wp-json\/wp\/v2\/posts"}],"about":[{"href":"https:\/\/blog.zeit.de\/stoerungsmelder\/wp-json\/wp\/v2\/types\/post"}],"author":[{"embeddable":true,"href":"https:\/\/blog.zeit.de\/stoerungsmelder\/wp-json\/wp\/v2\/users\/229"}],"replies":[{"embeddable":true,"href":"https:\/\/blog.zeit.de\/stoerungsmelder\/wp-json\/wp\/v2\/comments?post=16423"}],"version-history":[{"count":5,"href":"https:\/\/blog.zeit.de\/stoerungsmelder\/wp-json\/wp\/v2\/posts\/16423\/revisions"}],"predecessor-version":[{"id":16532,"href":"https:\/\/blog.zeit.de\/stoerungsmelder\/wp-json\/wp\/v2\/posts\/16423\/revisions\/16532"}],"wp:attachment":[{"href":"https:\/\/blog.zeit.de\/stoerungsmelder\/wp-json\/wp\/v2\/media?parent=16423"}],"wp:term":[{"taxonomy":"category","embeddable":true,"href":"https:\/\/blog.zeit.de\/stoerungsmelder\/wp-json\/wp\/v2\/categories?post=16423"},{"taxonomy":"post_tag","embeddable":true,"href":"https:\/\/blog.zeit.de\/stoerungsmelder\/wp-json\/wp\/v2\/tags?post=16423"}],"curies":[{"name":"wp","href":"https:\/\/api.w.org\/{rel}","templated":true}]}}