{"id":16487,"date":"2014-06-04T13:47:24","date_gmt":"2014-06-04T11:47:24","guid":{"rendered":"http:\/\/blog.zeit.de\/stoerungsmelder\/?p=16487"},"modified":"2017-07-08T16:33:47","modified_gmt":"2017-07-08T14:33:47","slug":"grossrazzia-gegen-neonazi-szene","status":"publish","type":"post","link":"https:\/\/blog.zeit.de\/stoerungsmelder\/2014\/06\/04\/grossrazzia-gegen-neonazi-szene_16487","title":{"rendered":"Gro\u00dfrazzia gegen Neonazi-Szene"},"content":{"rendered":"<p><a href=\"https:\/\/blog.zeit.de\/stoerungsmelder\/files\/2014\/06\/th_net.jpg\"><img loading=\"lazy\" decoding=\"async\" class=\"aligncenter  wp-image-16489\" alt=\"IF\" src=\"https:\/\/blog.zeit.de\/stoerungsmelder\/files\/2014\/06\/th_net.jpg\" width=\"580\" height=\"325\" srcset=\"https:\/\/blog.zeit.de\/stoerungsmelder\/files\/2014\/06\/th_net.jpg 931w, https:\/\/blog.zeit.de\/stoerungsmelder\/files\/2014\/06\/th_net-300x168.jpg 300w\" sizes=\"auto, (max-width: 580px) 100vw, 580px\" \/><\/a><\/p>\n<p>Die Polizei hat am Morgen in einer gro\u00df angelegten Aktion gegen die organisierte Neonazi-Szene zahlreiche H\u00e4user und Wohnungen in zw\u00f6lf Bundesl\u00e4ndern durchsucht. Gegen 35 Beschuldigte wird wegen des Verdachtes der Bildung und Unterst\u00fctzung einer kriminellen Vereinigung ermittelt. Sie sollen das 2012 abgeschaltete rechtsextreme Szene-Forum Thiazi mit Geldspenden unterst\u00fctzt und verbotene Bilder hochgeladen haben. Insgesamt durchsuchten die Beh\u00f6rden bundesweit 38 Wohnungen und Gesch\u00e4fte.<!--more--><\/p>\n<p>Gegen die Betreiber des Thiazi-Forums hatte die Staatsanwaltschaft Rostock <a href=\"https:\/\/blog.zeit.de\/stoerungsmelder\/2012\/06\/14\/weiterer-schlag-gegen-neonazi-szene_8838\" target=\"_blank\">bereits 2013<\/a> wegen der Bildung einer kriminellen Vereinigung Anklage vor dem Landgericht Rostock erhoben. Bei den Angeklagten handelt es sich um drei M\u00e4nner und eine Frau. &#8222;Im Zuge der Ermittlungen gegen die Betreiber des Thiazi-Forums konnten unter anderem die von den heutigen Durchsuchungen betroffenen Beschuldigten identifiziert werden&#8220;, sagte ein Sprecher der Staatsanwaltschaft Rostock.\u00a0 Die bei den Durchsuchungen sichergestellten Datentr\u00e4ger und Computer wertet jetzt das Landeskriminalamt Mecklenburg-Vorpommern aus.<\/p>\n<p>In der Neonazi-Szene bef\u00fcrchtet man, dass die 2012 verhafteten Verantwortlichen des Forums &#8222;ausgepackt&#8220; haben k\u00f6nnten. &#8222;Hat man die Betreiber jetzt mit leeren Versprechungen im Knast weichgeklopft, dass die Sch\u00fcffler auf einmal wieder Ans\u00e4tze f\u00fcr Hausdurchsuchungen haben?&#8220;, fragt ein rechtsextremer User auf einem Szeneportal. Andere raten, Festplatten zu verschl\u00fcsseln und verd\u00e4chtige Gegenst\u00e4nde aus der Wohnung zu r\u00e4umen.<\/p>\n<p>Das Thiazi-Forum, von den Betreibern als \u201cgermanische Weltnetzgemeinschaft\u201d bezeichnet, war die wichtigste Onlineplattform des rechstextremen Spektrums. Von Nazisymbolen, Rechtsrock-MP3 bis zu Holocaust-Leugnungen und Gewaltaufrufen fand sich hier alles, was die Szene begehrt.<\/p>\n<p>Mehr als eine Million Beitr\u00e4ge und rund 30.000 angemeldete Nutzer hatte Thiazi zuletzt. Dort gab es frei zug\u00e4nglich etwa CD-Besprechungen, &#8222;Aktionsberichte&#8220; von Aufm\u00e4rschen, NS-Literatur und Privatadressen von politischen Gegnern. Vor allem verbotene Nazimusik wurde dort zum Download angeboten und getauscht.<\/p>\n<p>Regelm\u00e4\u00dfig riefen die Betreiber zu Spenden auf. Zum Teil finanzierte sich die Seite \u00fcber Werbung, gro\u00dfe Naziversandh\u00e4ndler und rechstextreme Modemarken wie &#8222;Ansgar Aryan&#8220; schalteten dort Anzeigen.<\/p>\n<p><img loading=\"lazy\" decoding=\"async\" src=\"http:\/\/vg06.met.vgwort.de\/na\/b55f0c374e424dbebe243e46ca75c7af\" width=\"1\" height=\"1\" alt=\"\"><\/p>\n","protected":false},"excerpt":{"rendered":"<p>Die Polizei hat am Morgen in einer gro\u00df angelegten Aktion gegen die organisierte Neonazi-Szene zahlreiche H\u00e4user und Wohnungen in zw\u00f6lf Bundesl\u00e4ndern durchsucht. Gegen 35 Beschuldigte wird wegen des Verdachtes der Bildung und Unterst\u00fctzung einer kriminellen Vereinigung ermittelt. Sie sollen das 2012 abgeschaltete rechtsextreme Szene-Forum Thiazi mit Geldspenden unterst\u00fctzt und verbotene Bilder hochgeladen haben. Insgesamt durchsuchten [&hellip;]<\/p>\n","protected":false},"author":229,"featured_media":0,"comment_status":"open","ping_status":"open","sticky":false,"template":"","format":"standard","meta":{"_jetpack_memberships_contains_paid_content":false,"footnotes":""},"categories":[1515],"tags":[11417,1638,32003,1754,17830],"class_list":["post-16487","post","type-post","status-publish","format-standard","hentry","category-bundesweit","tag-ansgar-aryan","tag-justiz","tag-kriminelle-vereinigung","tag-razzia","tag-thiazi"],"yoast_head":"<!-- This site is optimized with the Yoast SEO plugin v21.0 - https:\/\/yoast.com\/wordpress\/plugins\/seo\/ -->\n<title>Gro\u00dfrazzia gegen Neonazi-Szene - St\u00f6rungsmelder<\/title>\n<meta name=\"robots\" content=\"index, follow, max-snippet:-1, max-image-preview:large, max-video-preview:-1\" \/>\n<link rel=\"canonical\" href=\"https:\/\/blog.zeit.de\/stoerungsmelder\/2014\/06\/04\/grossrazzia-gegen-neonazi-szene_16487\" \/>\n<meta property=\"og:locale\" content=\"de_DE\" \/>\n<meta property=\"og:type\" content=\"article\" \/>\n<meta property=\"og:title\" content=\"Gro\u00dfrazzia gegen Neonazi-Szene - St\u00f6rungsmelder\" \/>\n<meta property=\"og:description\" content=\"Die Polizei hat am Morgen in einer gro\u00df angelegten Aktion gegen die organisierte Neonazi-Szene zahlreiche H\u00e4user und Wohnungen in zw\u00f6lf Bundesl\u00e4ndern durchsucht. Gegen 35 Beschuldigte wird wegen des Verdachtes der Bildung und Unterst\u00fctzung einer kriminellen Vereinigung ermittelt. Sie sollen das 2012 abgeschaltete rechtsextreme Szene-Forum Thiazi mit Geldspenden unterst\u00fctzt und verbotene Bilder hochgeladen haben. Insgesamt durchsuchten [&hellip;]\" \/>\n<meta property=\"og:url\" content=\"https:\/\/blog.zeit.de\/stoerungsmelder\/2014\/06\/04\/grossrazzia-gegen-neonazi-szene_16487\" \/>\n<meta property=\"og:site_name\" content=\"St\u00f6rungsmelder\" \/>\n<meta property=\"article:published_time\" content=\"2014-06-04T11:47:24+00:00\" \/>\n<meta property=\"article:modified_time\" content=\"2017-07-08T14:33:47+00:00\" \/>\n<meta property=\"og:image\" content=\"https:\/\/blog.zeit.de\/stoerungsmelder\/files\/2014\/06\/th_net.jpg\" \/>\n<meta name=\"author\" content=\"St\u00f6rungsmelder\" \/>\n<meta name=\"twitter:card\" content=\"summary_large_image\" \/>\n<meta name=\"twitter:label1\" content=\"Geschrieben von\" \/>\n\t<meta name=\"twitter:data1\" content=\"St\u00f6rungsmelder\" \/>\n\t<meta name=\"twitter:label2\" content=\"Gesch\u00e4tzte Lesezeit\" \/>\n\t<meta name=\"twitter:data2\" content=\"2\u00a0Minuten\" \/>\n<script type=\"application\/ld+json\" class=\"yoast-schema-graph\">{\"@context\":\"https:\/\/schema.org\",\"@graph\":[{\"@type\":\"WebPage\",\"@id\":\"https:\/\/blog.zeit.de\/stoerungsmelder\/2014\/06\/04\/grossrazzia-gegen-neonazi-szene_16487\",\"url\":\"https:\/\/blog.zeit.de\/stoerungsmelder\/2014\/06\/04\/grossrazzia-gegen-neonazi-szene_16487\",\"name\":\"Gro\u00dfrazzia gegen Neonazi-Szene - St\u00f6rungsmelder\",\"isPartOf\":{\"@id\":\"https:\/\/blog.zeit.de\/stoerungsmelder\/#website\"},\"datePublished\":\"2014-06-04T11:47:24+00:00\",\"dateModified\":\"2017-07-08T14:33:47+00:00\",\"author\":{\"@id\":\"https:\/\/blog.zeit.de\/stoerungsmelder\/#\/schema\/person\/fdd0b9818f65738672810b6d6f037f71\"},\"breadcrumb\":{\"@id\":\"https:\/\/blog.zeit.de\/stoerungsmelder\/2014\/06\/04\/grossrazzia-gegen-neonazi-szene_16487#breadcrumb\"},\"inLanguage\":\"de\",\"potentialAction\":[{\"@type\":\"ReadAction\",\"target\":[\"https:\/\/blog.zeit.de\/stoerungsmelder\/2014\/06\/04\/grossrazzia-gegen-neonazi-szene_16487\"]}]},{\"@type\":\"BreadcrumbList\",\"@id\":\"https:\/\/blog.zeit.de\/stoerungsmelder\/2014\/06\/04\/grossrazzia-gegen-neonazi-szene_16487#breadcrumb\",\"itemListElement\":[{\"@type\":\"ListItem\",\"position\":1,\"name\":\"Startseite\",\"item\":\"https:\/\/blog.zeit.de\/stoerungsmelder\"},{\"@type\":\"ListItem\",\"position\":2,\"name\":\"Gro\u00dfrazzia gegen Neonazi-Szene\"}]},{\"@type\":\"WebSite\",\"@id\":\"https:\/\/blog.zeit.de\/stoerungsmelder\/#website\",\"url\":\"https:\/\/blog.zeit.de\/stoerungsmelder\/\",\"name\":\"St\u00f6rungsmelder\",\"description\":\"Recherchen und Analysen \u00fcber die extreme Rechte\",\"potentialAction\":[{\"@type\":\"SearchAction\",\"target\":{\"@type\":\"EntryPoint\",\"urlTemplate\":\"https:\/\/blog.zeit.de\/stoerungsmelder\/?s={search_term_string}\"},\"query-input\":\"required name=search_term_string\"}],\"inLanguage\":\"de\"},{\"@type\":\"Person\",\"@id\":\"https:\/\/blog.zeit.de\/stoerungsmelder\/#\/schema\/person\/fdd0b9818f65738672810b6d6f037f71\",\"name\":\"St\u00f6rungsmelder\",\"image\":{\"@type\":\"ImageObject\",\"inLanguage\":\"de\",\"@id\":\"https:\/\/blog.zeit.de\/stoerungsmelder\/#\/schema\/person\/image\/\",\"url\":\"https:\/\/secure.gravatar.com\/avatar\/dfa4be514c3e82a71e4f9a0020035d38192d080ccaa5e4e6d7a1472c763535c5?s=96&d=mm&r=pg\",\"contentUrl\":\"https:\/\/secure.gravatar.com\/avatar\/dfa4be514c3e82a71e4f9a0020035d38192d080ccaa5e4e6d7a1472c763535c5?s=96&d=mm&r=pg\",\"caption\":\"St\u00f6rungsmelder\"},\"url\":\"https:\/\/blog.zeit.de\/stoerungsmelder\/author\/stoerungsmelder\"}]}<\/script>\n<!-- \/ Yoast SEO plugin. -->","yoast_head_json":{"title":"Gro\u00dfrazzia gegen Neonazi-Szene - St\u00f6rungsmelder","robots":{"index":"index","follow":"follow","max-snippet":"max-snippet:-1","max-image-preview":"max-image-preview:large","max-video-preview":"max-video-preview:-1"},"canonical":"https:\/\/blog.zeit.de\/stoerungsmelder\/2014\/06\/04\/grossrazzia-gegen-neonazi-szene_16487","og_locale":"de_DE","og_type":"article","og_title":"Gro\u00dfrazzia gegen Neonazi-Szene - St\u00f6rungsmelder","og_description":"Die Polizei hat am Morgen in einer gro\u00df angelegten Aktion gegen die organisierte Neonazi-Szene zahlreiche H\u00e4user und Wohnungen in zw\u00f6lf Bundesl\u00e4ndern durchsucht. Gegen 35 Beschuldigte wird wegen des Verdachtes der Bildung und Unterst\u00fctzung einer kriminellen Vereinigung ermittelt. Sie sollen das 2012 abgeschaltete rechtsextreme Szene-Forum Thiazi mit Geldspenden unterst\u00fctzt und verbotene Bilder hochgeladen haben. Insgesamt durchsuchten [&hellip;]","og_url":"https:\/\/blog.zeit.de\/stoerungsmelder\/2014\/06\/04\/grossrazzia-gegen-neonazi-szene_16487","og_site_name":"St\u00f6rungsmelder","article_published_time":"2014-06-04T11:47:24+00:00","article_modified_time":"2017-07-08T14:33:47+00:00","og_image":[{"url":"https:\/\/blog.zeit.de\/stoerungsmelder\/files\/2014\/06\/th_net.jpg"}],"author":"St\u00f6rungsmelder","twitter_card":"summary_large_image","twitter_misc":{"Geschrieben von":"St\u00f6rungsmelder","Gesch\u00e4tzte Lesezeit":"2\u00a0Minuten"},"schema":{"@context":"https:\/\/schema.org","@graph":[{"@type":"WebPage","@id":"https:\/\/blog.zeit.de\/stoerungsmelder\/2014\/06\/04\/grossrazzia-gegen-neonazi-szene_16487","url":"https:\/\/blog.zeit.de\/stoerungsmelder\/2014\/06\/04\/grossrazzia-gegen-neonazi-szene_16487","name":"Gro\u00dfrazzia gegen Neonazi-Szene - St\u00f6rungsmelder","isPartOf":{"@id":"https:\/\/blog.zeit.de\/stoerungsmelder\/#website"},"datePublished":"2014-06-04T11:47:24+00:00","dateModified":"2017-07-08T14:33:47+00:00","author":{"@id":"https:\/\/blog.zeit.de\/stoerungsmelder\/#\/schema\/person\/fdd0b9818f65738672810b6d6f037f71"},"breadcrumb":{"@id":"https:\/\/blog.zeit.de\/stoerungsmelder\/2014\/06\/04\/grossrazzia-gegen-neonazi-szene_16487#breadcrumb"},"inLanguage":"de","potentialAction":[{"@type":"ReadAction","target":["https:\/\/blog.zeit.de\/stoerungsmelder\/2014\/06\/04\/grossrazzia-gegen-neonazi-szene_16487"]}]},{"@type":"BreadcrumbList","@id":"https:\/\/blog.zeit.de\/stoerungsmelder\/2014\/06\/04\/grossrazzia-gegen-neonazi-szene_16487#breadcrumb","itemListElement":[{"@type":"ListItem","position":1,"name":"Startseite","item":"https:\/\/blog.zeit.de\/stoerungsmelder"},{"@type":"ListItem","position":2,"name":"Gro\u00dfrazzia gegen Neonazi-Szene"}]},{"@type":"WebSite","@id":"https:\/\/blog.zeit.de\/stoerungsmelder\/#website","url":"https:\/\/blog.zeit.de\/stoerungsmelder\/","name":"St\u00f6rungsmelder","description":"Recherchen und Analysen \u00fcber die extreme Rechte","potentialAction":[{"@type":"SearchAction","target":{"@type":"EntryPoint","urlTemplate":"https:\/\/blog.zeit.de\/stoerungsmelder\/?s={search_term_string}"},"query-input":"required name=search_term_string"}],"inLanguage":"de"},{"@type":"Person","@id":"https:\/\/blog.zeit.de\/stoerungsmelder\/#\/schema\/person\/fdd0b9818f65738672810b6d6f037f71","name":"St\u00f6rungsmelder","image":{"@type":"ImageObject","inLanguage":"de","@id":"https:\/\/blog.zeit.de\/stoerungsmelder\/#\/schema\/person\/image\/","url":"https:\/\/secure.gravatar.com\/avatar\/dfa4be514c3e82a71e4f9a0020035d38192d080ccaa5e4e6d7a1472c763535c5?s=96&d=mm&r=pg","contentUrl":"https:\/\/secure.gravatar.com\/avatar\/dfa4be514c3e82a71e4f9a0020035d38192d080ccaa5e4e6d7a1472c763535c5?s=96&d=mm&r=pg","caption":"St\u00f6rungsmelder"},"url":"https:\/\/blog.zeit.de\/stoerungsmelder\/author\/stoerungsmelder"}]}},"jetpack_featured_media_url":"","jetpack_sharing_enabled":true,"_links":{"self":[{"href":"https:\/\/blog.zeit.de\/stoerungsmelder\/wp-json\/wp\/v2\/posts\/16487","targetHints":{"allow":["GET"]}}],"collection":[{"href":"https:\/\/blog.zeit.de\/stoerungsmelder\/wp-json\/wp\/v2\/posts"}],"about":[{"href":"https:\/\/blog.zeit.de\/stoerungsmelder\/wp-json\/wp\/v2\/types\/post"}],"author":[{"embeddable":true,"href":"https:\/\/blog.zeit.de\/stoerungsmelder\/wp-json\/wp\/v2\/users\/229"}],"replies":[{"embeddable":true,"href":"https:\/\/blog.zeit.de\/stoerungsmelder\/wp-json\/wp\/v2\/comments?post=16487"}],"version-history":[{"count":8,"href":"https:\/\/blog.zeit.de\/stoerungsmelder\/wp-json\/wp\/v2\/posts\/16487\/revisions"}],"predecessor-version":[{"id":16498,"href":"https:\/\/blog.zeit.de\/stoerungsmelder\/wp-json\/wp\/v2\/posts\/16487\/revisions\/16498"}],"wp:attachment":[{"href":"https:\/\/blog.zeit.de\/stoerungsmelder\/wp-json\/wp\/v2\/media?parent=16487"}],"wp:term":[{"taxonomy":"category","embeddable":true,"href":"https:\/\/blog.zeit.de\/stoerungsmelder\/wp-json\/wp\/v2\/categories?post=16487"},{"taxonomy":"post_tag","embeddable":true,"href":"https:\/\/blog.zeit.de\/stoerungsmelder\/wp-json\/wp\/v2\/tags?post=16487"}],"curies":[{"name":"wp","href":"https:\/\/api.w.org\/{rel}","templated":true}]}}