{"id":16503,"date":"2014-06-08T18:16:49","date_gmt":"2014-06-08T16:16:49","guid":{"rendered":"http:\/\/blog.zeit.de\/stoerungsmelder\/?p=16503"},"modified":"2014-06-17T14:39:34","modified_gmt":"2014-06-17T12:39:34","slug":"deutsche-zukunft-auf-absteigendem-ast","status":"publish","type":"post","link":"https:\/\/blog.zeit.de\/stoerungsmelder\/2014\/06\/08\/deutsche-zukunft-auf-absteigendem-ast_16503","title":{"rendered":"Deutsche Zukunft auf absteigendem Ast"},"content":{"rendered":"<p>Rund 450 Neonazis sind\u00a0dem Aufruf zur Abschlussdemonstration der neonazistischen Kampagne \u201eTag der deutschen Zukunft\u201c nach Dresden gefolgt. Die sinkenden Teilnehmerzahlen zeigen die Mobilisierungsschw\u00e4che der Szene. Statt der bekannt gewordenen Route wurde zudem eine deutlich verk\u00fcrzte Strecke gelaufen.<strong><!--more--><\/strong><\/p>\n<p><em>Von <a href=\"https:\/\/twitter.com\/FelixMSteiner\">Felix M. Steiner<\/a>, zuerst ver\u00f6ffentlicht bei <a href=\"http:\/\/www.publikative.org\/2014\/06\/08\/deutsche-zukunft-auf-absteigendem-ast\/\" target=\"_blank\">publikative.org<\/a><\/em><\/p>\n<p>Bereits zum sechsten Mal mobilisierten die Organisatoren des neonazistischen \u201eTag der deutschen Zukunft\u201c zur ihrer Abschlussdemonstration. Nach Veranstaltungsorten wie Pinneberg, Hamburg und zuletzt Wolfsburg nun das erste Mal in eine ostdeutsche Stadt, nach Dresden.<\/p>\n<p>Die erfolgreichen Blockaden des \u201eTrauermarsches\u201c im Februar d\u00fcrften nicht zuletzt einer der Gr\u00fcnde f\u00fcr die Auswahl gewesen sein. Dresden ist f\u00fcr die extreme Rechte nach wie vor ein symboltr\u00e4chtiger Ort. Doch trotz der Verlegung in die s\u00e4chsische Landeshauptstadt brach die Teilnehmerzahl weiter ein: Waren im vergangenen\u00a0Jahr noch mehr als 500 Neonazis nach Wolfsburg gereist, kamen diesmal nur noch 450. Der auch von vielen Beobachtern erwartete Anstieg der Zahlen trat somit nicht ein.<\/p>\n<p>Die angereisten Neonazis kamen vor allem aus Sachsen, Th\u00fcringen, Sachsen-Anhalt, Nordrhein-Westfalen und Niedersachsen. Die Organisatoren des Neonazi-Events konnten nicht wie das \u201eFreie Netz S\u00fcd\u201c vom \u201eMobilisierungseffekt Sachsen\u201c profitieren. Noch am 1. Mai hatte es das Neonazi-Netzwerk \u201eFreies Netz S\u00fcd\u201c aus Bayern geschafft, mit der Verlegung seines 1.-Mai-Aufmarsches nach Plauen die Teilnehmerzahlen erheblich zu steigern. Dieser Effekt blieb am Samstag in Dresden aus.<\/p>\n<p>Auch der zuvor ver\u00f6ffentlichte Aufruf, man wolle gemeinsam \u00fcber Partei- und Organisationsgrenzen hinweg in Dresden demonstrieren, zog offensichtlich kaum Neonazis an. Dennoch fanden sich aus den extrem rechten Parteien NPD, Die Rechte und der III. Weg teils hochrangige Funktion\u00e4re in Dresden ein, aber am Teilnehmerpotential \u00e4nderte dies trotz Werbung in der NPD-Parteizeitung wenig. Mit dem \u00f6ffentlich kaum pr\u00e4senten Christian Worch war immerhin der Bundesvorsitzende Der Rechten anwesend. Die NPD war ebenfalls mit einem Redner vertreten. F\u00fcr die vom Verbotsverfahren bedrohte Partei sprach Uwe Meenen vom Landesverband Berlin.<\/p>\n<p>Der stellvertretende NPD-Bundesvorsitzende Karl Richter wurde als Redner auch im Bericht der Neonazi-Organisatoren als Vertreter der B\u00fcrgerinitiative Ausl\u00e4nderstopp gef\u00fchrt. Richter geh\u00f6rt zu den NPD-Spitzenfunktion\u00e4ren, die in den letzten Monaten teils heftige Kritik an der eigenen Partei ge\u00fcbt hatten, auch \u00f6ffentlich. F\u00fcr die extrem rechte Kleinstpartei II. Weg sprach bei der Abschlusskundgebung Rico D\u00f6hler. Als \u201efreier Nationalist\u201c sprach neben Dieter Riefling auch der vor kurzem aus dem Gef\u00e4ngnis entlassene Sven Skoda.<\/p>\n<p><strong>\u201eNeugierige Passanten\u201c und ein \u201eherber Schlag\u201c f\u00fcr Gegenproteste<\/strong><\/p>\n<div>\n<dl>\n<dt>\n<p><figure id=\"attachment_16505\" aria-describedby=\"caption-attachment-16505\" style=\"width: 300px\" class=\"wp-caption alignleft\"><a href=\"https:\/\/blog.zeit.de\/stoerungsmelder\/files\/2014\/06\/TddZ-Dresden-Route.jpg\"><img loading=\"lazy\" decoding=\"async\" class=\"size-medium wp-image-16505\" alt=\"Kaum 3 Kilometer Demoroute, Quelle: Google Maps\" src=\"https:\/\/blog.zeit.de\/stoerungsmelder\/files\/2014\/06\/TddZ-Dresden-Route-300x181.jpg\" width=\"300\" height=\"181\" srcset=\"https:\/\/blog.zeit.de\/stoerungsmelder\/files\/2014\/06\/TddZ-Dresden-Route-300x181.jpg 300w, https:\/\/blog.zeit.de\/stoerungsmelder\/files\/2014\/06\/TddZ-Dresden-Route.jpg 754w\" sizes=\"auto, (max-width: 300px) 100vw, 300px\" \/><\/a><figcaption id=\"caption-attachment-16505\" class=\"wp-caption-text\"><em>Kaum 3 Kilometer Demoroute, Quelle: Google Maps<\/em><\/figcaption><\/figure><\/p>\n<p>Insgesamt konnten die angereisten Neonazis keine drei Kilometer durch Dresden laufen. Auch das eigentliche Ziel der Abschlusskundgebung, der \u201eGoldene Reiter\u201c, wurde von den Neonazis nicht erreicht. Doch die ver\u00e4nderte Route scheint nicht von beh\u00f6rdlicher Seite vorgegeben worden zu sein. Laut Angaben der Polizei wurde die Route der Neonazi-Demonstration auf Betreiben des Versammlungsleiters ge\u00e4ndert. Ob dies in Zusammenhang mit bef\u00fcrchteten Blockaden stand, ist unklar. Durch die v\u00f6llig ver\u00e4nderte Route konnte auf jeden Fall ein Zusammentreffen mit den Protesten umgangen werden. Die deutlich verk\u00fcrzte Route ohne den auch als Werbesymbol f\u00fcr die Mobilisierung genutzten \u201eGoldenen Reiter\u201c als Abschlusskundgebungsort und die eingebrochenen Teilnehmerzahlen scheinen mit dem positiven Fazit der extrem rechten Organisatoren kaum in Einklang bringen zu sein. Auch die Angaben zu den zahlreichen erreichten B\u00fcrger, von denen auf der Homepage des \u201eTddZ\u201c die Rede ist, sind kaum nachvollziehbar. Ohnehin d\u00fcrfte dies keine gro\u00dfe Rolle spielen, da Demonstrationen wie der \u201eTddZ\u201c f\u00fcr die Szene nach innen eine viel gr\u00f6\u00dfere Bedeutung haben d\u00fcrften, als f\u00fcr eine irgendwie geartete politische Werbung.<\/p>\n<\/dt>\n<\/dl>\n<\/div>\n<p>Wie \u00fcblich, wurde auch am Samstag der Ort des \u201eTddZ\u201c f\u00fcr das Jahr 2015 bekannt gegeben. Am 6. Juni 2015 soll die Neonazi-Demonstration im brandenburgischen Neuruppin stattfinden &#8211; also entgegen der bisherigen Tradition wieder im Osten der Republik.<br \/>\n<img loading=\"lazy\" decoding=\"async\" alt=\"\" src=\"http:\/\/vg06.met.vgwort.de\/na\/8728e2dec0b049f88f8c291ff7b06e1b\" width=\"1\" height=\"1\" \/><\/p>\n","protected":false},"excerpt":{"rendered":"<p>Rund 450 Neonazis sind\u00a0dem Aufruf zur Abschlussdemonstration der neonazistischen Kampagne \u201eTag der deutschen Zukunft\u201c nach Dresden gefolgt. Die sinkenden Teilnehmerzahlen zeigen die Mobilisierungsschw\u00e4che der Szene. Statt der bekannt gewordenen Route wurde zudem eine deutlich verk\u00fcrzte Strecke gelaufen.<\/p>\n","protected":false},"author":229,"featured_media":16507,"comment_status":"open","ping_status":"open","sticky":false,"template":"","format":"standard","meta":{"_jetpack_memberships_contains_paid_content":false,"footnotes":""},"categories":[1456],"tags":[1517,24535,11360,17778,12796,1716,28156],"class_list":["post-16503","post","type-post","status-publish","format-standard","has-post-thumbnail","hentry","category-sachsen","tag-christian-worch","tag-die-rechte","tag-dieter-riefling","tag-karl-richter","tag-maik-muller","tag-npd","tag-tddz"],"yoast_head":"<!-- This site is optimized with the Yoast SEO plugin v21.0 - https:\/\/yoast.com\/wordpress\/plugins\/seo\/ -->\n<title>Deutsche Zukunft auf absteigendem Ast - St\u00f6rungsmelder<\/title>\n<meta name=\"robots\" content=\"index, follow, max-snippet:-1, max-image-preview:large, max-video-preview:-1\" \/>\n<link rel=\"canonical\" href=\"https:\/\/blog.zeit.de\/stoerungsmelder\/2014\/06\/08\/deutsche-zukunft-auf-absteigendem-ast_16503\" \/>\n<meta property=\"og:locale\" content=\"de_DE\" \/>\n<meta property=\"og:type\" content=\"article\" \/>\n<meta property=\"og:title\" content=\"Deutsche Zukunft auf absteigendem Ast - St\u00f6rungsmelder\" \/>\n<meta property=\"og:description\" content=\"Rund 450 Neonazis sind\u00a0dem Aufruf zur Abschlussdemonstration der neonazistischen Kampagne \u201eTag der deutschen Zukunft\u201c nach Dresden gefolgt. Die sinkenden Teilnehmerzahlen zeigen die Mobilisierungsschw\u00e4che der Szene. Statt der bekannt gewordenen Route wurde zudem eine deutlich verk\u00fcrzte Strecke gelaufen.\" \/>\n<meta property=\"og:url\" content=\"https:\/\/blog.zeit.de\/stoerungsmelder\/2014\/06\/08\/deutsche-zukunft-auf-absteigendem-ast_16503\" \/>\n<meta property=\"og:site_name\" content=\"St\u00f6rungsmelder\" \/>\n<meta property=\"article:published_time\" content=\"2014-06-08T16:16:49+00:00\" \/>\n<meta property=\"article:modified_time\" content=\"2014-06-17T12:39:34+00:00\" \/>\n<meta property=\"og:image\" content=\"https:\/\/blog.zeit.de\/stoerungsmelder\/files\/2014\/06\/head-tddz-publ.jpg\" \/>\n\t<meta property=\"og:image:width\" content=\"700\" \/>\n\t<meta property=\"og:image:height\" content=\"467\" \/>\n\t<meta property=\"og:image:type\" content=\"image\/jpeg\" \/>\n<meta name=\"author\" content=\"St\u00f6rungsmelder\" \/>\n<meta name=\"twitter:card\" content=\"summary_large_image\" \/>\n<meta name=\"twitter:label1\" content=\"Geschrieben von\" \/>\n\t<meta name=\"twitter:data1\" content=\"St\u00f6rungsmelder\" \/>\n\t<meta name=\"twitter:label2\" content=\"Gesch\u00e4tzte Lesezeit\" \/>\n\t<meta name=\"twitter:data2\" content=\"3\u00a0Minuten\" \/>\n<script type=\"application\/ld+json\" class=\"yoast-schema-graph\">{\"@context\":\"https:\/\/schema.org\",\"@graph\":[{\"@type\":\"WebPage\",\"@id\":\"https:\/\/blog.zeit.de\/stoerungsmelder\/2014\/06\/08\/deutsche-zukunft-auf-absteigendem-ast_16503\",\"url\":\"https:\/\/blog.zeit.de\/stoerungsmelder\/2014\/06\/08\/deutsche-zukunft-auf-absteigendem-ast_16503\",\"name\":\"Deutsche Zukunft auf absteigendem Ast - St\u00f6rungsmelder\",\"isPartOf\":{\"@id\":\"https:\/\/blog.zeit.de\/stoerungsmelder\/#website\"},\"datePublished\":\"2014-06-08T16:16:49+00:00\",\"dateModified\":\"2014-06-17T12:39:34+00:00\",\"author\":{\"@id\":\"https:\/\/blog.zeit.de\/stoerungsmelder\/#\/schema\/person\/fdd0b9818f65738672810b6d6f037f71\"},\"breadcrumb\":{\"@id\":\"https:\/\/blog.zeit.de\/stoerungsmelder\/2014\/06\/08\/deutsche-zukunft-auf-absteigendem-ast_16503#breadcrumb\"},\"inLanguage\":\"de\",\"potentialAction\":[{\"@type\":\"ReadAction\",\"target\":[\"https:\/\/blog.zeit.de\/stoerungsmelder\/2014\/06\/08\/deutsche-zukunft-auf-absteigendem-ast_16503\"]}]},{\"@type\":\"BreadcrumbList\",\"@id\":\"https:\/\/blog.zeit.de\/stoerungsmelder\/2014\/06\/08\/deutsche-zukunft-auf-absteigendem-ast_16503#breadcrumb\",\"itemListElement\":[{\"@type\":\"ListItem\",\"position\":1,\"name\":\"Startseite\",\"item\":\"https:\/\/blog.zeit.de\/stoerungsmelder\"},{\"@type\":\"ListItem\",\"position\":2,\"name\":\"Deutsche Zukunft auf absteigendem Ast\"}]},{\"@type\":\"WebSite\",\"@id\":\"https:\/\/blog.zeit.de\/stoerungsmelder\/#website\",\"url\":\"https:\/\/blog.zeit.de\/stoerungsmelder\/\",\"name\":\"St\u00f6rungsmelder\",\"description\":\"Recherchen und Analysen \u00fcber die extreme Rechte\",\"potentialAction\":[{\"@type\":\"SearchAction\",\"target\":{\"@type\":\"EntryPoint\",\"urlTemplate\":\"https:\/\/blog.zeit.de\/stoerungsmelder\/?s={search_term_string}\"},\"query-input\":\"required name=search_term_string\"}],\"inLanguage\":\"de\"},{\"@type\":\"Person\",\"@id\":\"https:\/\/blog.zeit.de\/stoerungsmelder\/#\/schema\/person\/fdd0b9818f65738672810b6d6f037f71\",\"name\":\"St\u00f6rungsmelder\",\"image\":{\"@type\":\"ImageObject\",\"inLanguage\":\"de\",\"@id\":\"https:\/\/blog.zeit.de\/stoerungsmelder\/#\/schema\/person\/image\/\",\"url\":\"https:\/\/secure.gravatar.com\/avatar\/dfa4be514c3e82a71e4f9a0020035d38192d080ccaa5e4e6d7a1472c763535c5?s=96&d=mm&r=pg\",\"contentUrl\":\"https:\/\/secure.gravatar.com\/avatar\/dfa4be514c3e82a71e4f9a0020035d38192d080ccaa5e4e6d7a1472c763535c5?s=96&d=mm&r=pg\",\"caption\":\"St\u00f6rungsmelder\"},\"url\":\"https:\/\/blog.zeit.de\/stoerungsmelder\/author\/stoerungsmelder\"}]}<\/script>\n<!-- \/ Yoast SEO plugin. -->","yoast_head_json":{"title":"Deutsche Zukunft auf absteigendem Ast - St\u00f6rungsmelder","robots":{"index":"index","follow":"follow","max-snippet":"max-snippet:-1","max-image-preview":"max-image-preview:large","max-video-preview":"max-video-preview:-1"},"canonical":"https:\/\/blog.zeit.de\/stoerungsmelder\/2014\/06\/08\/deutsche-zukunft-auf-absteigendem-ast_16503","og_locale":"de_DE","og_type":"article","og_title":"Deutsche Zukunft auf absteigendem Ast - St\u00f6rungsmelder","og_description":"Rund 450 Neonazis sind\u00a0dem Aufruf zur Abschlussdemonstration der neonazistischen Kampagne \u201eTag der deutschen Zukunft\u201c nach Dresden gefolgt. Die sinkenden Teilnehmerzahlen zeigen die Mobilisierungsschw\u00e4che der Szene. Statt der bekannt gewordenen Route wurde zudem eine deutlich verk\u00fcrzte Strecke gelaufen.","og_url":"https:\/\/blog.zeit.de\/stoerungsmelder\/2014\/06\/08\/deutsche-zukunft-auf-absteigendem-ast_16503","og_site_name":"St\u00f6rungsmelder","article_published_time":"2014-06-08T16:16:49+00:00","article_modified_time":"2014-06-17T12:39:34+00:00","og_image":[{"width":700,"height":467,"url":"https:\/\/blog.zeit.de\/stoerungsmelder\/files\/2014\/06\/head-tddz-publ.jpg","type":"image\/jpeg"}],"author":"St\u00f6rungsmelder","twitter_card":"summary_large_image","twitter_misc":{"Geschrieben von":"St\u00f6rungsmelder","Gesch\u00e4tzte Lesezeit":"3\u00a0Minuten"},"schema":{"@context":"https:\/\/schema.org","@graph":[{"@type":"WebPage","@id":"https:\/\/blog.zeit.de\/stoerungsmelder\/2014\/06\/08\/deutsche-zukunft-auf-absteigendem-ast_16503","url":"https:\/\/blog.zeit.de\/stoerungsmelder\/2014\/06\/08\/deutsche-zukunft-auf-absteigendem-ast_16503","name":"Deutsche Zukunft auf absteigendem Ast - St\u00f6rungsmelder","isPartOf":{"@id":"https:\/\/blog.zeit.de\/stoerungsmelder\/#website"},"datePublished":"2014-06-08T16:16:49+00:00","dateModified":"2014-06-17T12:39:34+00:00","author":{"@id":"https:\/\/blog.zeit.de\/stoerungsmelder\/#\/schema\/person\/fdd0b9818f65738672810b6d6f037f71"},"breadcrumb":{"@id":"https:\/\/blog.zeit.de\/stoerungsmelder\/2014\/06\/08\/deutsche-zukunft-auf-absteigendem-ast_16503#breadcrumb"},"inLanguage":"de","potentialAction":[{"@type":"ReadAction","target":["https:\/\/blog.zeit.de\/stoerungsmelder\/2014\/06\/08\/deutsche-zukunft-auf-absteigendem-ast_16503"]}]},{"@type":"BreadcrumbList","@id":"https:\/\/blog.zeit.de\/stoerungsmelder\/2014\/06\/08\/deutsche-zukunft-auf-absteigendem-ast_16503#breadcrumb","itemListElement":[{"@type":"ListItem","position":1,"name":"Startseite","item":"https:\/\/blog.zeit.de\/stoerungsmelder"},{"@type":"ListItem","position":2,"name":"Deutsche Zukunft auf absteigendem Ast"}]},{"@type":"WebSite","@id":"https:\/\/blog.zeit.de\/stoerungsmelder\/#website","url":"https:\/\/blog.zeit.de\/stoerungsmelder\/","name":"St\u00f6rungsmelder","description":"Recherchen und Analysen \u00fcber die extreme Rechte","potentialAction":[{"@type":"SearchAction","target":{"@type":"EntryPoint","urlTemplate":"https:\/\/blog.zeit.de\/stoerungsmelder\/?s={search_term_string}"},"query-input":"required name=search_term_string"}],"inLanguage":"de"},{"@type":"Person","@id":"https:\/\/blog.zeit.de\/stoerungsmelder\/#\/schema\/person\/fdd0b9818f65738672810b6d6f037f71","name":"St\u00f6rungsmelder","image":{"@type":"ImageObject","inLanguage":"de","@id":"https:\/\/blog.zeit.de\/stoerungsmelder\/#\/schema\/person\/image\/","url":"https:\/\/secure.gravatar.com\/avatar\/dfa4be514c3e82a71e4f9a0020035d38192d080ccaa5e4e6d7a1472c763535c5?s=96&d=mm&r=pg","contentUrl":"https:\/\/secure.gravatar.com\/avatar\/dfa4be514c3e82a71e4f9a0020035d38192d080ccaa5e4e6d7a1472c763535c5?s=96&d=mm&r=pg","caption":"St\u00f6rungsmelder"},"url":"https:\/\/blog.zeit.de\/stoerungsmelder\/author\/stoerungsmelder"}]}},"jetpack_featured_media_url":"https:\/\/blog.zeit.de\/stoerungsmelder\/files\/2014\/06\/head-tddz-publ.jpg","jetpack_sharing_enabled":true,"_links":{"self":[{"href":"https:\/\/blog.zeit.de\/stoerungsmelder\/wp-json\/wp\/v2\/posts\/16503","targetHints":{"allow":["GET"]}}],"collection":[{"href":"https:\/\/blog.zeit.de\/stoerungsmelder\/wp-json\/wp\/v2\/posts"}],"about":[{"href":"https:\/\/blog.zeit.de\/stoerungsmelder\/wp-json\/wp\/v2\/types\/post"}],"author":[{"embeddable":true,"href":"https:\/\/blog.zeit.de\/stoerungsmelder\/wp-json\/wp\/v2\/users\/229"}],"replies":[{"embeddable":true,"href":"https:\/\/blog.zeit.de\/stoerungsmelder\/wp-json\/wp\/v2\/comments?post=16503"}],"version-history":[{"count":7,"href":"https:\/\/blog.zeit.de\/stoerungsmelder\/wp-json\/wp\/v2\/posts\/16503\/revisions"}],"predecessor-version":[{"id":16528,"href":"https:\/\/blog.zeit.de\/stoerungsmelder\/wp-json\/wp\/v2\/posts\/16503\/revisions\/16528"}],"wp:featuredmedia":[{"embeddable":true,"href":"https:\/\/blog.zeit.de\/stoerungsmelder\/wp-json\/wp\/v2\/media\/16507"}],"wp:attachment":[{"href":"https:\/\/blog.zeit.de\/stoerungsmelder\/wp-json\/wp\/v2\/media?parent=16503"}],"wp:term":[{"taxonomy":"category","embeddable":true,"href":"https:\/\/blog.zeit.de\/stoerungsmelder\/wp-json\/wp\/v2\/categories?post=16503"},{"taxonomy":"post_tag","embeddable":true,"href":"https:\/\/blog.zeit.de\/stoerungsmelder\/wp-json\/wp\/v2\/tags?post=16503"}],"curies":[{"name":"wp","href":"https:\/\/api.w.org\/{rel}","templated":true}]}}