{"id":16595,"date":"2014-06-30T19:38:06","date_gmt":"2014-06-30T17:38:06","guid":{"rendered":"http:\/\/blog.zeit.de\/stoerungsmelder\/?p=16595"},"modified":"2014-06-30T19:40:44","modified_gmt":"2014-06-30T17:40:44","slug":"die-kommunale-strategie-der-npd","status":"publish","type":"post","link":"https:\/\/blog.zeit.de\/stoerungsmelder\/2014\/06\/30\/die-kommunale-strategie-der-npd_16595","title":{"rendered":"Die kommunale Strategie der NPD"},"content":{"rendered":"<p><a href=\"https:\/\/blog.zeit.de\/stoerungsmelder\/files\/2014\/04\/head-sm-mai.jpg\"><img loading=\"lazy\" decoding=\"async\" class=\"aligncenter size-full wp-image-15822\" alt=\"head sm mai\" src=\"https:\/\/blog.zeit.de\/stoerungsmelder\/files\/2014\/04\/head-sm-mai.jpg\" width=\"540\" height=\"221\" srcset=\"https:\/\/blog.zeit.de\/stoerungsmelder\/files\/2014\/04\/head-sm-mai.jpg 540w, https:\/\/blog.zeit.de\/stoerungsmelder\/files\/2014\/04\/head-sm-mai-300x122.jpg 300w\" sizes=\"auto, (max-width: 540px) 100vw, 540px\" \/><\/a><\/p>\n<p>Die NPD ist mit Hunderten Abgeordneten in kommunalen Parlamenten vertreten. Die Partei versucht sich dabei von der Kommune aus immer weiter zu verankern. Teilweise erfolgreich. Doch wie sieht die Strategie der NPD eigentlich genau aus? Und gibt es wirksame Gegenstrategien?<!--more--><\/p>\n<p>von <a href=\"https:\/\/twitter.com\/FelixMSteiner\" target=\"_blank\">Felix M. Steiner, <\/a>zuerst ver\u00f6ffentlicht bei <a href=\"http:\/\/www.publikative.org\/2014\/06\/27\/die-kommunale-strategie-der-npd\/\" target=\"_blank\">Publikative.org<\/a><\/p>\n<p>Im Mai haben bundesweit zahlreiche Kommunalwahlen stattgefunden. In einigen Bundesl\u00e4ndern verlor die NPD Stimmen, in anderen konnte die extrem rechte Partei erhebliche Zugewinne verzeichnen. Allein in Sachsen, Sachsen-Anhalt und Th\u00fcringen sind es insgesamt mehr als 200 Mandate, die die NPD erringen konnte. Somit bleibt \u2013 auch in anderen Bundesl\u00e4ndern \u2013 weiterhin die Herausforderung, mit den Kommunalabgeordneten der NPD umzugehen. Die Auseinandersetzung mit der Ideologie und Strategie der Partei ist dabei wichtig, um der weiteren Verankerung der NPD etwas entgegenzusetzen. Das blo\u00dfe Ignorieren der bereits seit 2009 gew\u00e4hlten NPD-Vertreter hat sich dabei vielerorts als wenig erfolgreich erwiesen.<br \/>\n<strong>Der \u201enette Nazi\u201c von nebenan und die Vorbereitung auf den Umsturz<\/strong><\/p>\n<p>&nbsp;<\/p>\n<p><figure id=\"attachment_9670\" aria-describedby=\"caption-attachment-9670\" style=\"width: 310px\" class=\"wp-caption alignleft\"><a href=\"https:\/\/blog.zeit.de\/stoerungsmelder\/files\/2012\/09\/heise_2008.jpg\"><img loading=\"lazy\" decoding=\"async\" class=\" wp-image-9670\" alt=\"Mehrfach vorbestraft: Thorsten Heise, Foto: Kai Budler\" src=\"https:\/\/blog.zeit.de\/stoerungsmelder\/files\/2012\/09\/heise_2008.jpg\" width=\"310\" height=\"232\" srcset=\"https:\/\/blog.zeit.de\/stoerungsmelder\/files\/2012\/09\/heise_2008.jpg 600w, https:\/\/blog.zeit.de\/stoerungsmelder\/files\/2012\/09\/heise_2008-300x225.jpg 300w\" sizes=\"auto, (max-width: 310px) 100vw, 310px\" \/><\/a><figcaption id=\"caption-attachment-9670\" class=\"wp-caption-text\"><em>Mehrfach vorbestraft: Thorsten Heise ist heute der nette Nachbar im Eichsfeld, Foto: Kai Budler<\/em><\/figcaption><\/figure><\/p>\n<p>Seit Ende der 1990er Jahre hat sich der Fokus der NPD immer mehr auf den \u201eKampf um die Parlamente\u201c gerichtet. Damals sah die F\u00fchrungsspitze den \u201eKampf um die Stra\u00dfe\u201c als Voraussetzung f\u00fcr den Einzug in die Parlamente. Doch mit der zunehmenden Zahl an Abgeordneten in den Kommunalparlamenten verlagerte sich die Arbeit der Partei zunehmend weiter auf den Versuch, mehr und mehr Abgeordnete auf jede Parlamentsebene zu entsenden.<br \/>\nGro\u00dfdemonstrationen werden von der Partei heute kaum noch durchgef\u00fchrt, dennoch steigt die Zahl von angemeldeten Veranstaltungen von Jahr zu Jahr. Dies sind heute aber eher Infost\u00e4nde, Mahnwachen oder \u00e4hnliches, kaum noch Demonstrationen mit hunderten oder tausenden Teilnehmern.<br \/>\nBesonders der Einzug in die Landtage von Sachsen (2004) und in Mecklenburg-Vorpommern (2006) waren zentrale Wegmarken dieser Entwicklung. Die Idee der Partei ist dabei, von den kommunalen Gremien in die Landesparlamente und dann in den Bundestag einzuziehen &#8211; die Kommunen werden als \u201eFundament\u201c des Erfolges gesehen. Hier will die NPD zeigen, dass sie keine \u201eBriefkastenpartei ist, sondern von Menschen repr\u00e4sentiert wird\u201c, wie es Ende der 1990er Jahre in einem Strategieaufsatz hei\u00dft.<br \/>\n\u00c4hnliche Ans\u00e4tze finden sich bereits im Papier der \u201eBefreiten Zonen\u201c, wo ebenfalls die lokale Integration eine \u00fcbergeordnete Rolle spielt. Besonders im Umfeld des Abgeordneten sind f\u00fcr die NPD daher seine \u201eindividuelle Bekanntheit\u201c und sein \u201eAuftreten\u201c von gro\u00dfer Bedeutung. Und diese Strategie scheint aufzugehen. Besonders dort, wo NPD-F\u00fchrungsfiguren seit Jahren diese Strategie konsequent umsetzen, kann die Partei hohe Wahlergebnisse einfahren.<\/p>\n<p><figure id=\"attachment_3439\" aria-describedby=\"caption-attachment-3439\" style=\"width: 200px\" class=\"wp-caption alignleft\"><a href=\"https:\/\/blog.zeit.de\/stoerungsmelder\/files\/2010\/05\/voigt-1.jpg\"><img loading=\"lazy\" decoding=\"async\" class=\"size-medium wp-image-3439\" alt=\"Vor allem die Wahl Udo Voigts f\u00fchrte in den 1990er Jahren zum Strategiewechsel Foto: Thomas Wesenberg\" src=\"https:\/\/blog.zeit.de\/stoerungsmelder\/files\/2010\/05\/voigt-1-200x300.jpg\" width=\"200\" height=\"300\" srcset=\"https:\/\/blog.zeit.de\/stoerungsmelder\/files\/2010\/05\/voigt-1-200x300.jpg 200w, https:\/\/blog.zeit.de\/stoerungsmelder\/files\/2010\/05\/voigt-1-682x1024.jpg 682w, https:\/\/blog.zeit.de\/stoerungsmelder\/files\/2010\/05\/voigt-1.jpg 2048w\" sizes=\"auto, (max-width: 200px) 100vw, 200px\" \/><\/a><figcaption id=\"caption-attachment-3439\" class=\"wp-caption-text\">Vor allem die Wahl Udo Voigts f\u00fchrte in den 1990er Jahren zum Strategiewechsel Foto: Thomas Wesenberg<\/figcaption><\/figure><\/p>\n<p>Mit der zunehmenden Zahl an Mandaten Ende der 1990er Jahre versuchte man die Arbeit auf kommunaler Ebene weiter zu professionalisieren. Das Ergebnis war 2003 die Gr\u00fcndung der \u201eKommunalpolitischen Vereinigung\u201c (KPV) der NPD. Vorsitzender ist seit 2007 der geb\u00fcrtige Dresdner Hartmut Krien. Krien sieht in der KPV die \u201eInteressenvertretung nationaler Kommunalpolitiker\u201c. Die KPV dient dabei als Schulungsorganisation f\u00fcr kommunale Abgeordnete und ist ein zentraler Netzwerk- und Austauschpunkt f\u00fcr die extrem rechten Kommunalpolitiker. Hier werden Erfahrungen ebenso ausgetauscht wie Anfragen und Antr\u00e4ge f\u00fcr kommunale Parlamente. Au\u00dferdem ist die Organisation \u201eSammelstelle f\u00fcr alle gegnerischen Aktivit\u00e4ten\u201c, um die NPD-Mandatstr\u00e4ger auf die Gegenstrategien der demokratischen Parteien vorzubereiten. Doch f\u00fcr den Vorsitzenden erf\u00fcllt die KPV auch einen weitergehenden Auftrag:<\/p>\n<blockquote><p>Die Bundesrepublik wird wirtschaftlich kollabieren. [\u2026] Was wir aber brauchen, ist ein Heer von geschulten Kameraden, die dann, wenn es n\u00f6tig sein wird, auch die F\u00e4higkeit besitzen, die gesamte mittlere Leitungsebene von einem Tag zum anderen zu \u00fcbernehmen. Diese mittlere Leitungsebene heranzubilden, betrachte ich als die strategisch langfristige Hauptaufgabe der KPV.<\/p><\/blockquote>\n<p>Neben den Schulungen der KPV dient vor allem das interne Internetforum f\u00fcr einen bundesweiten Austausch der NPD-Mandatstr\u00e4ger. Die Strategie der Partei ist dabei langfristig angelegt und beschr\u00e4nkt sich nicht nur auf eine Wahlperiode. Dies halten nicht alle Abgeordneten durch. In den Regionen allerdings, wo sich vor allem die Kader der Partei seit Jahren kommunal engagieren, hat sich die Arbeit zunehmend professionalisiert. Ziel ist dabei offenbar vor allem die positive Selbstdarstellung, um sich vor Ort weiter als \u201eK\u00fcmmererpartei\u201c zu etablieren.<br \/>\n<strong>Kommunales Agieren zur Selbstdarstellung<\/strong><\/p>\n<p>Zentral im Agieren der Partei ist offensichtlich vor allem die Frage nach der Selbstdarstellung. Die Strategien, die an Abgeordnete ausgegeben werden, sind so ausgerichtet, dass &#8211; egal wie die Verwaltung oder die demokratischen Parteien reagieren &#8211; ein positiver Effekt f\u00fcr die NPD erreicht werden soll. Voraussetzung ist dabei die Kenntnis dr\u00e4ngender lokaler Probleme, da diese &#8211; so die Kalkulation der NPD &#8211; mehr Menschen bewegen, als landes- oder bundespolitische Themen. So sollen durch Anfragen lokal besonders dr\u00e4ngende Dinge aufgegriffen werden. Die Reaktion der B\u00fcrgermeister auf die Anfragen ist dabei f\u00fcr die NPD nebens\u00e4chlich. So schreibt Hartmut Krien in aktuellen Empfehlungen an neue Mandatstr\u00e4ger:<\/p>\n<blockquote><p>Es ist dabei relativ gleichg\u00fcltig, ob er [B\u00fcrgermeister\/Landrat] dem Anliegen nachgeht oder ob er Unsinn erz\u00e4hlt. Stets kann ich als Mandatstr\u00e4ger dem B\u00fcrger entweder sagen, er habe einen Sachverhalt, der \u201aSie, liebe B\u00fcrger\u2018, alle betrifft, beim Namen genannt. Entweder die Gemeinde hat ihn bereinigt, oder der Mandatstr\u00e4ger kann seinem W\u00e4hler sagen: \u201aIch habe mich intensiv gek\u00fcmmert, aber der bockige Landrat mit seiner sturen Verwaltung wollen ihnen ja nicht helfen\u2026\u2018<\/p><\/blockquote>\n<p><figure id=\"attachment_9389\" aria-describedby=\"caption-attachment-9389\" style=\"width: 300px\" class=\"wp-caption alignleft\"><a href=\"https:\/\/blog.zeit.de\/stoerungsmelder\/files\/2012\/08\/knape_wieschke.jpg\"><img loading=\"lazy\" decoding=\"async\" class=\"size-medium wp-image-9389\" alt=\"Patrick Wieschke (Mi.), Foto Kai Budler\" src=\"https:\/\/blog.zeit.de\/stoerungsmelder\/files\/2012\/08\/knape_wieschke-300x200.jpg\" width=\"300\" height=\"200\" srcset=\"https:\/\/blog.zeit.de\/stoerungsmelder\/files\/2012\/08\/knape_wieschke-300x200.jpg 300w, https:\/\/blog.zeit.de\/stoerungsmelder\/files\/2012\/08\/knape_wieschke.jpg 600w\" sizes=\"auto, (max-width: 300px) 100vw, 300px\" \/><\/a><figcaption id=\"caption-attachment-9389\" class=\"wp-caption-text\"><em>In Th\u00fcringen setzt vor allem der Neonazi Patrick Wieschke die Verb\u00fcrgerlichungsstrategie um, Foto Kai Budler<\/em><\/figcaption><\/figure><\/p>\n<p>Doch ein zentraler Punkt in dieser Strategie ist, das Vorgehen \u00f6ffentlich darzustellen. Mit einem einfachen Flugblatt oder \u00fcber einen Mailverteiler empfiehlt Krien die Informationen zu verteilen. Das Ziel dahinter ist es, eine \u201eGegen\u00f6ffentlichkeit\u201c zu schaffen, da die NPD nicht davon ausgeht, dass in ihrem Sinne \u00fcber die Mandatstr\u00e4ger berichtet wird.<br \/>\nIn einigen Bundesl\u00e4ndern \u2013 besonders Th\u00fcringen \u2013 existieren au\u00dferdem bereits sogenannte Regionalzeitungen der extrem rechten Partei. Die von der NPD selbst herausgegebenen Propagandabl\u00e4ttchen versuchen in einer Mischung aus kommunalen und \u00fcberregionalen Themen die Ideologie der Partei zu vermitteln. Die im Aussehen an eine normale Zeitung angelegten kostenlosen Bl\u00e4ttchen sind der Versuch, in eine mediale L\u00fccke einzudringen, wo immer weniger Tageszeitungen abonniert werden. Damit versucht die Partei \u201eGegen\u00f6ffentlichkeit\u201c zu schaffen und die Kontrolle \u00fcber die eigene Darstellung zu erhalten.<br \/>\nAuch f\u00fcr den direkten Umgang mit den W\u00e4hlerinnen und W\u00e4hlern liefert der Vorsitzende der KPV Empfehlungen:<\/p>\n<blockquote><p>Grunds\u00e4tzlich kommt ein Kandidat zu jedem Thema und zu jeder Sache mit einem B\u00fcrger ins Gespr\u00e4ch [\u2026]. Stets geht es darum, das Gespr\u00e4ch bis zu der Stelle voranzutreiben, an der es hei\u00dft \u201aja, da m\u00fc\u00dfte man mal etwas machen\u2026\u2018, um dann klarzustellen: \u201aIch k\u00fcmmere mich darum!\u2018<\/p><\/blockquote>\n<p>Das Ziel der Konstruktion als \u201eK\u00fcmmererpartei\u201c ist ganz offensichtlich. Besonders erfolgreich d\u00fcrfte diese Strategie in den St\u00e4dten und Gemeinden sein, aus denen sich andere politische Akteure zur\u00fcckziehen und somit der NPD das Feld \u00fcberlassen. Zur\u00fcck bleibt als Ansprechpartner ausschlie\u00dflich die extrem rechte Partei.<br \/>\n<strong>Gegenstrategien: Gemeinsam f\u00fcr Demokratie<\/strong><\/p>\n<p><a href=\"https:\/\/blog.zeit.de\/stoerungsmelder\/files\/2014\/06\/FES-kommunale-Gegenstrategien.jpg\"><img loading=\"lazy\" decoding=\"async\" class=\"alignleft  wp-image-16596\" alt=\"FES kommunale Gegenstrategien\" src=\"https:\/\/blog.zeit.de\/stoerungsmelder\/files\/2014\/06\/FES-kommunale-Gegenstrategien.jpg\" width=\"164\" height=\"232\" srcset=\"https:\/\/blog.zeit.de\/stoerungsmelder\/files\/2014\/06\/FES-kommunale-Gegenstrategien.jpg 480w, https:\/\/blog.zeit.de\/stoerungsmelder\/files\/2014\/06\/FES-kommunale-Gegenstrategien-212x300.jpg 212w\" sizes=\"auto, (max-width: 164px) 100vw, 164px\" \/><\/a>Sich vor Ort gegen die Bestrebungen der NPD einzusetzen kostet Zeit und Energie. Es gibt dennoch zahlreiche M\u00f6glichkeiten, um die extrem rechte Propaganda nicht hinzunehmen und der NPD das Feld zu \u00fcberlassen. Zuletzt stelle die Friedrich-Ebert-Stiftung ihre <a href=\"http:\/\/library.fes.de\/pdf-files\/dialog\/10611.pdf\" target=\"_blank\">Studie \u201eVor Ort entscheidet\u201c<\/a> vor. Neben einem gemeinsamen Auftreten der demokratischen Kr\u00e4fte, von Parteien \u00fcber B\u00fcndnisse, ist es vor allem das entschiedene Entgegenstellen und Begr\u00fcnden der Aktionen gegen die extreme Rechte vor Ort. Extrem rechte Aktivit\u00e4ten d\u00fcrfen nicht widerspruchslos hingenommen werden, es muss klare Positionierungen gegen extrem rechte Aktivit\u00e4ten und Ideologie geben, so ein Ergebnis der Studie. Insbesondere f\u00fcr Lokalpolitiker ist es dabei ebenso wichtig, lokale Problemlagen rechtzeitig zu erkennen, um der NPD nicht den Raum zu lassen, sich als \u201eBeschwerdef\u00fchrer\u201c und \u201eK\u00fcmmerer\u201c zu inszenieren. Insgesamt kommt die Studie zum Schluss: \u201eEine gute Kommunalpolitik im Interesse der B\u00fcrger\/innen ist auch eine erfolgreiche Pr\u00e4vention gegen Rechtsextremismus.\u201c<\/p>\n","protected":false},"excerpt":{"rendered":"<p>Die NPD ist mit Hunderten Abgeordneten in kommunalen Parlamenten vertreten. Die Partei versucht sich dabei von der Kommune aus immer weiter zu verankern. Teilweise erfolgreich. Doch wie sieht die Strategie der NPD eigentlich genau aus? Und gibt es wirksame Gegenstrategien?<\/p>\n","protected":false},"author":229,"featured_media":0,"comment_status":"open","ping_status":"open","sticky":false,"template":"","format":"standard","meta":{"_jetpack_memberships_contains_paid_content":false,"footnotes":""},"categories":[1515],"tags":[32013,1716,23992],"class_list":["post-16595","post","type-post","status-publish","format-standard","hentry","category-bundesweit","tag-kommunalparlamente","tag-npd","tag-strategie"],"yoast_head":"<!-- This site is optimized with the Yoast SEO plugin v21.0 - https:\/\/yoast.com\/wordpress\/plugins\/seo\/ -->\n<title>Die kommunale Strategie der NPD - St\u00f6rungsmelder<\/title>\n<meta name=\"robots\" content=\"index, follow, max-snippet:-1, max-image-preview:large, max-video-preview:-1\" \/>\n<link rel=\"canonical\" href=\"https:\/\/blog.zeit.de\/stoerungsmelder\/2014\/06\/30\/die-kommunale-strategie-der-npd_16595\" \/>\n<meta property=\"og:locale\" content=\"de_DE\" \/>\n<meta property=\"og:type\" content=\"article\" \/>\n<meta property=\"og:title\" content=\"Die kommunale Strategie der NPD - St\u00f6rungsmelder\" \/>\n<meta property=\"og:description\" content=\"Die NPD ist mit Hunderten Abgeordneten in kommunalen Parlamenten vertreten. Die Partei versucht sich dabei von der Kommune aus immer weiter zu verankern. Teilweise erfolgreich. Doch wie sieht die Strategie der NPD eigentlich genau aus? Und gibt es wirksame Gegenstrategien?\" \/>\n<meta property=\"og:url\" content=\"https:\/\/blog.zeit.de\/stoerungsmelder\/2014\/06\/30\/die-kommunale-strategie-der-npd_16595\" \/>\n<meta property=\"og:site_name\" content=\"St\u00f6rungsmelder\" \/>\n<meta property=\"article:published_time\" content=\"2014-06-30T17:38:06+00:00\" \/>\n<meta property=\"article:modified_time\" content=\"2014-06-30T17:40:44+00:00\" \/>\n<meta property=\"og:image\" content=\"https:\/\/blog.zeit.de\/stoerungsmelder\/files\/2014\/04\/head-sm-mai.jpg\" \/>\n<meta name=\"author\" content=\"St\u00f6rungsmelder\" \/>\n<meta name=\"twitter:card\" content=\"summary_large_image\" \/>\n<meta name=\"twitter:label1\" content=\"Geschrieben von\" \/>\n\t<meta name=\"twitter:data1\" content=\"St\u00f6rungsmelder\" \/>\n\t<meta name=\"twitter:label2\" content=\"Gesch\u00e4tzte Lesezeit\" \/>\n\t<meta name=\"twitter:data2\" content=\"7\u00a0Minuten\" \/>\n<script type=\"application\/ld+json\" class=\"yoast-schema-graph\">{\"@context\":\"https:\/\/schema.org\",\"@graph\":[{\"@type\":\"WebPage\",\"@id\":\"https:\/\/blog.zeit.de\/stoerungsmelder\/2014\/06\/30\/die-kommunale-strategie-der-npd_16595\",\"url\":\"https:\/\/blog.zeit.de\/stoerungsmelder\/2014\/06\/30\/die-kommunale-strategie-der-npd_16595\",\"name\":\"Die kommunale Strategie der NPD - St\u00f6rungsmelder\",\"isPartOf\":{\"@id\":\"https:\/\/blog.zeit.de\/stoerungsmelder\/#website\"},\"datePublished\":\"2014-06-30T17:38:06+00:00\",\"dateModified\":\"2014-06-30T17:40:44+00:00\",\"author\":{\"@id\":\"https:\/\/blog.zeit.de\/stoerungsmelder\/#\/schema\/person\/fdd0b9818f65738672810b6d6f037f71\"},\"breadcrumb\":{\"@id\":\"https:\/\/blog.zeit.de\/stoerungsmelder\/2014\/06\/30\/die-kommunale-strategie-der-npd_16595#breadcrumb\"},\"inLanguage\":\"de\",\"potentialAction\":[{\"@type\":\"ReadAction\",\"target\":[\"https:\/\/blog.zeit.de\/stoerungsmelder\/2014\/06\/30\/die-kommunale-strategie-der-npd_16595\"]}]},{\"@type\":\"BreadcrumbList\",\"@id\":\"https:\/\/blog.zeit.de\/stoerungsmelder\/2014\/06\/30\/die-kommunale-strategie-der-npd_16595#breadcrumb\",\"itemListElement\":[{\"@type\":\"ListItem\",\"position\":1,\"name\":\"Startseite\",\"item\":\"https:\/\/blog.zeit.de\/stoerungsmelder\"},{\"@type\":\"ListItem\",\"position\":2,\"name\":\"Die kommunale Strategie der NPD\"}]},{\"@type\":\"WebSite\",\"@id\":\"https:\/\/blog.zeit.de\/stoerungsmelder\/#website\",\"url\":\"https:\/\/blog.zeit.de\/stoerungsmelder\/\",\"name\":\"St\u00f6rungsmelder\",\"description\":\"Recherchen und Analysen \u00fcber die extreme Rechte\",\"potentialAction\":[{\"@type\":\"SearchAction\",\"target\":{\"@type\":\"EntryPoint\",\"urlTemplate\":\"https:\/\/blog.zeit.de\/stoerungsmelder\/?s={search_term_string}\"},\"query-input\":\"required name=search_term_string\"}],\"inLanguage\":\"de\"},{\"@type\":\"Person\",\"@id\":\"https:\/\/blog.zeit.de\/stoerungsmelder\/#\/schema\/person\/fdd0b9818f65738672810b6d6f037f71\",\"name\":\"St\u00f6rungsmelder\",\"image\":{\"@type\":\"ImageObject\",\"inLanguage\":\"de\",\"@id\":\"https:\/\/blog.zeit.de\/stoerungsmelder\/#\/schema\/person\/image\/\",\"url\":\"https:\/\/secure.gravatar.com\/avatar\/dfa4be514c3e82a71e4f9a0020035d38192d080ccaa5e4e6d7a1472c763535c5?s=96&d=mm&r=pg\",\"contentUrl\":\"https:\/\/secure.gravatar.com\/avatar\/dfa4be514c3e82a71e4f9a0020035d38192d080ccaa5e4e6d7a1472c763535c5?s=96&d=mm&r=pg\",\"caption\":\"St\u00f6rungsmelder\"},\"url\":\"https:\/\/blog.zeit.de\/stoerungsmelder\/author\/stoerungsmelder\"}]}<\/script>\n<!-- \/ Yoast SEO plugin. -->","yoast_head_json":{"title":"Die kommunale Strategie der NPD - St\u00f6rungsmelder","robots":{"index":"index","follow":"follow","max-snippet":"max-snippet:-1","max-image-preview":"max-image-preview:large","max-video-preview":"max-video-preview:-1"},"canonical":"https:\/\/blog.zeit.de\/stoerungsmelder\/2014\/06\/30\/die-kommunale-strategie-der-npd_16595","og_locale":"de_DE","og_type":"article","og_title":"Die kommunale Strategie der NPD - St\u00f6rungsmelder","og_description":"Die NPD ist mit Hunderten Abgeordneten in kommunalen Parlamenten vertreten. Die Partei versucht sich dabei von der Kommune aus immer weiter zu verankern. Teilweise erfolgreich. Doch wie sieht die Strategie der NPD eigentlich genau aus? Und gibt es wirksame Gegenstrategien?","og_url":"https:\/\/blog.zeit.de\/stoerungsmelder\/2014\/06\/30\/die-kommunale-strategie-der-npd_16595","og_site_name":"St\u00f6rungsmelder","article_published_time":"2014-06-30T17:38:06+00:00","article_modified_time":"2014-06-30T17:40:44+00:00","og_image":[{"url":"https:\/\/blog.zeit.de\/stoerungsmelder\/files\/2014\/04\/head-sm-mai.jpg"}],"author":"St\u00f6rungsmelder","twitter_card":"summary_large_image","twitter_misc":{"Geschrieben von":"St\u00f6rungsmelder","Gesch\u00e4tzte Lesezeit":"7\u00a0Minuten"},"schema":{"@context":"https:\/\/schema.org","@graph":[{"@type":"WebPage","@id":"https:\/\/blog.zeit.de\/stoerungsmelder\/2014\/06\/30\/die-kommunale-strategie-der-npd_16595","url":"https:\/\/blog.zeit.de\/stoerungsmelder\/2014\/06\/30\/die-kommunale-strategie-der-npd_16595","name":"Die kommunale Strategie der NPD - St\u00f6rungsmelder","isPartOf":{"@id":"https:\/\/blog.zeit.de\/stoerungsmelder\/#website"},"datePublished":"2014-06-30T17:38:06+00:00","dateModified":"2014-06-30T17:40:44+00:00","author":{"@id":"https:\/\/blog.zeit.de\/stoerungsmelder\/#\/schema\/person\/fdd0b9818f65738672810b6d6f037f71"},"breadcrumb":{"@id":"https:\/\/blog.zeit.de\/stoerungsmelder\/2014\/06\/30\/die-kommunale-strategie-der-npd_16595#breadcrumb"},"inLanguage":"de","potentialAction":[{"@type":"ReadAction","target":["https:\/\/blog.zeit.de\/stoerungsmelder\/2014\/06\/30\/die-kommunale-strategie-der-npd_16595"]}]},{"@type":"BreadcrumbList","@id":"https:\/\/blog.zeit.de\/stoerungsmelder\/2014\/06\/30\/die-kommunale-strategie-der-npd_16595#breadcrumb","itemListElement":[{"@type":"ListItem","position":1,"name":"Startseite","item":"https:\/\/blog.zeit.de\/stoerungsmelder"},{"@type":"ListItem","position":2,"name":"Die kommunale Strategie der NPD"}]},{"@type":"WebSite","@id":"https:\/\/blog.zeit.de\/stoerungsmelder\/#website","url":"https:\/\/blog.zeit.de\/stoerungsmelder\/","name":"St\u00f6rungsmelder","description":"Recherchen und Analysen \u00fcber die extreme Rechte","potentialAction":[{"@type":"SearchAction","target":{"@type":"EntryPoint","urlTemplate":"https:\/\/blog.zeit.de\/stoerungsmelder\/?s={search_term_string}"},"query-input":"required name=search_term_string"}],"inLanguage":"de"},{"@type":"Person","@id":"https:\/\/blog.zeit.de\/stoerungsmelder\/#\/schema\/person\/fdd0b9818f65738672810b6d6f037f71","name":"St\u00f6rungsmelder","image":{"@type":"ImageObject","inLanguage":"de","@id":"https:\/\/blog.zeit.de\/stoerungsmelder\/#\/schema\/person\/image\/","url":"https:\/\/secure.gravatar.com\/avatar\/dfa4be514c3e82a71e4f9a0020035d38192d080ccaa5e4e6d7a1472c763535c5?s=96&d=mm&r=pg","contentUrl":"https:\/\/secure.gravatar.com\/avatar\/dfa4be514c3e82a71e4f9a0020035d38192d080ccaa5e4e6d7a1472c763535c5?s=96&d=mm&r=pg","caption":"St\u00f6rungsmelder"},"url":"https:\/\/blog.zeit.de\/stoerungsmelder\/author\/stoerungsmelder"}]}},"jetpack_featured_media_url":"","jetpack_sharing_enabled":true,"_links":{"self":[{"href":"https:\/\/blog.zeit.de\/stoerungsmelder\/wp-json\/wp\/v2\/posts\/16595","targetHints":{"allow":["GET"]}}],"collection":[{"href":"https:\/\/blog.zeit.de\/stoerungsmelder\/wp-json\/wp\/v2\/posts"}],"about":[{"href":"https:\/\/blog.zeit.de\/stoerungsmelder\/wp-json\/wp\/v2\/types\/post"}],"author":[{"embeddable":true,"href":"https:\/\/blog.zeit.de\/stoerungsmelder\/wp-json\/wp\/v2\/users\/229"}],"replies":[{"embeddable":true,"href":"https:\/\/blog.zeit.de\/stoerungsmelder\/wp-json\/wp\/v2\/comments?post=16595"}],"version-history":[{"count":5,"href":"https:\/\/blog.zeit.de\/stoerungsmelder\/wp-json\/wp\/v2\/posts\/16595\/revisions"}],"predecessor-version":[{"id":16601,"href":"https:\/\/blog.zeit.de\/stoerungsmelder\/wp-json\/wp\/v2\/posts\/16595\/revisions\/16601"}],"wp:attachment":[{"href":"https:\/\/blog.zeit.de\/stoerungsmelder\/wp-json\/wp\/v2\/media?parent=16595"}],"wp:term":[{"taxonomy":"category","embeddable":true,"href":"https:\/\/blog.zeit.de\/stoerungsmelder\/wp-json\/wp\/v2\/categories?post=16595"},{"taxonomy":"post_tag","embeddable":true,"href":"https:\/\/blog.zeit.de\/stoerungsmelder\/wp-json\/wp\/v2\/tags?post=16595"}],"curies":[{"name":"wp","href":"https:\/\/api.w.org\/{rel}","templated":true}]}}