{"id":16825,"date":"2014-07-30T11:52:48","date_gmt":"2014-07-30T09:52:48","guid":{"rendered":"http:\/\/blog.zeit.de\/stoerungsmelder\/?p=16825"},"modified":"2014-07-31T14:14:34","modified_gmt":"2014-07-31T12:14:34","slug":"pro-deutschland-chef-soll-dubiose-softwareschluessel-verkauft-haben","status":"publish","type":"post","link":"https:\/\/blog.zeit.de\/stoerungsmelder\/2014\/07\/30\/pro-deutschland-chef-soll-dubiose-softwareschluessel-verkauft-haben_16825","title":{"rendered":"Pro Deutschland-Chef soll dubiose Softwareschl\u00fcssel verkauft haben"},"content":{"rendered":"<p><figure id=\"attachment_5987\" aria-describedby=\"caption-attachment-5987\" style=\"width: 540px\" class=\"wp-caption aligncenter\"><a href=\"https:\/\/blog.zeit.de\/stoerungsmelder\/files\/2011\/03\/pro_koeln.jpg\"><img loading=\"lazy\" decoding=\"async\" class=\"size-full wp-image-5987\" alt=\"Pro K\u00f6ln-Aufmarsch im Februar 2011 in K\u00f6ln-Ehrenfeld \u00a9 Getty\" src=\"https:\/\/blog.zeit.de\/stoerungsmelder\/files\/2011\/03\/pro_koeln.jpg\" width=\"540\" height=\"224\" srcset=\"https:\/\/blog.zeit.de\/stoerungsmelder\/files\/2011\/03\/pro_koeln.jpg 540w, https:\/\/blog.zeit.de\/stoerungsmelder\/files\/2011\/03\/pro_koeln-300x124.jpg 300w\" sizes=\"auto, (max-width: 540px) 100vw, 540px\" \/><\/a><figcaption id=\"caption-attachment-5987\" class=\"wp-caption-text\">Pro K\u00f6ln-Aufmarsch im Februar 2011 in K\u00f6ln-Ehrenfeld \u00a9 Getty<\/figcaption><\/figure><\/p>\n<p><span style=\"line-height: 1.5em\">&#8222;Software von rechts&#8220; schreibt das <a href=\"http:\/\/www.heise.de\/ct\/\" target=\"_blank\">Computer-Fachmagazin c&#8217;t<\/a>\u00a0 in seiner aktuellen Ausgabe. Laut den Recherchen der Zeitschrift soll der Parteichef von Pro Deutschland, Manfred Rouhs, offenbar die Parteikasse mit dubiosen Verk\u00e4ufen von Microsoft-Lizenzschl\u00fcsseln f\u00fcllen. Die Firma SoftwareFair, hinter der laut Impressum der &#8222;Verlag Manfred Rouhs&#8220; mit Manfred Rouhs als Inhaber steht, bietet f\u00fcr 24,90 Euro eine angeblich legale Windows-7-Home-Premium-Version inklusive Echtheitszertifikat und 30-Tage-Support an.<!--more--><\/span><\/p>\n<p>Der PC-Experte Holger Bleich berichtet <a href=\"http:\/\/www.heise.de\/newsticker\/meldung\/c-t-uplink-Raspberry-Pi-als-Media-Center-dubiose-Windows-Keys-und-E-Mail-Clients-2268644.html\" target=\"_blank\">in einem Interview<\/a> einen Testk\u00e4ufer beauftragt zu haben, das Zertifikat, das dieser erhalten habe, beweise aber nicht notwendigerweise die Legalit\u00e4t der Windows-Version. Der Windows-Key wurde laut Bleich unaktiviert an Microsoft \u00fcbergeben. Der Softwarekonzern habe mitgeteilt, dass der Key aus einem Pool so genannter OEM-Keys stamme, die an Samsung f\u00fcr die Best\u00fcckung von Komplett-PCs geliefert wurden. Wie die c&#8217;t berichtete, w\u00e4gt Microsoft derzeit ab, ob es sinnvoll ist, rechtliche Schritte gegen den H\u00e4ndler einzuleiten. K\u00e4ufer dieser Keys h\u00e4tten jedoch in aller Regel keinen juristischen \u00c4rger von Microsoft zu bef\u00fcrchten.<\/p>\n<p>Manfred Rouhs z\u00e4hlt zu den Mitgr\u00fcndern von Pro Deutschland und war zuvor unter anderem bei der NPD und den Republikanern aktiv. <a href=\"http:\/\/www.berlin.de\/sen\/inneres\/verfassungsschutz\/publikationen\/verfassungsschutzberichte\/verfassungsschutzbericht_2013.pdf\">Der Berliner Verfassungsschutzbericht 2013 ordnet Pro Deutschland dem rechtspopulistischen und rechtsextremen Spektrum zu.<\/a> Rouhs zog die \u00f6ffentliche Aufmerksamkeit auf sich, als er im September 2012 eine Auff\u00fchrung des islamfeindlichen Films &#8222;Innocence of Muslims&#8220; in Berlin ank\u00fcndigte.<\/p>\n<p>Nach Angaben der c&#8217;t findet sich im Impressum der Internetseite von Pro Deutschland der Vermerk &#8222;Mit freundlicher Unterst\u00fctzung von Software-Fair.de&#8220;. Rouhs habe auf Nachfrage hin zugegeben, dass SoftwareFair in diesem Jahr bereits 10.000 Euro an Pro Deutschland gespendet habe. Laut Bleich sei unklar, wie lange er dieses Gesch\u00e4ft noch weiterf\u00fchren k\u00f6nne und, dass eine massenhafte Urheberrechtsverletzung im gewerblichen Ausma\u00df nicht auszuschlie\u00dfen sei.<\/p>\n<p><strong>Nachtrag vom 31. Juli 2014, 14:12 Uhr:<\/strong> Holger Bleich weist <a href=\"https:\/\/blog.zeit.de\/stoerungsmelder\/2014\/07\/30\/pro-deutschland-chef-soll-dubiose-softwareschluessel-verkauft-haben_16825#comments\">in den Kommentaren<\/a> darauf hin, dass es nicht um Gebraucht-Lizenzen, sondern um entb\u00fcndelte OEM-Keys geht. Er betrachtet den Verkauf dieser Keys als illegal, solange der Hersteller diese Art des Vertriebs nicht vorsieht, und verweist auf <a href=\"http:\/\/www.telemedicus.info\/article\/2744-LG-Berlin-Isoliertes-Keyselling-verletzt-Vervielfaeltigungsrecht.html\">diesen Artikel<\/a>.<\/p>\n","protected":false},"excerpt":{"rendered":"<p>&#8222;Software von rechts&#8220; schreibt das Computer-Fachmagazin c&#8217;t\u00a0 in seiner aktuellen Ausgabe. Laut den Recherchen der Zeitschrift soll der Parteichef von Pro Deutschland, Manfred Rouhs, offenbar die Parteikasse mit dubiosen Verk\u00e4ufen von Microsoft-Lizenzschl\u00fcsseln f\u00fcllen. Die Firma SoftwareFair, hinter der laut Impressum der &#8222;Verlag Manfred Rouhs&#8220; mit Manfred Rouhs als Inhaber steht, bietet f\u00fcr 24,90 Euro eine [&hellip;]<\/p>\n","protected":false},"author":488,"featured_media":0,"comment_status":"open","ping_status":"open","sticky":false,"template":"","format":"standard","meta":{"_jetpack_memberships_contains_paid_content":false,"footnotes":""},"categories":[1515],"tags":[1986,2525,1172,1716,1748,1763,2290,32036,1836,2321],"class_list":["post-16825","post","type-post","status-publish","format-standard","hentry","category-bundesweit","tag-anti-islamismus","tag-manfred-rouhs","tag-microsoft","tag-npd","tag-pro-deutschland","tag-rechtspopulismus","tag-republikaner","tag-softwarefair","tag-verfassungsschutz","tag-windows"],"yoast_head":"<!-- This site is optimized with the Yoast SEO plugin v21.0 - https:\/\/yoast.com\/wordpress\/plugins\/seo\/ -->\n<title>Pro Deutschland-Chef soll dubiose Softwareschl\u00fcssel verkauft haben - St\u00f6rungsmelder<\/title>\n<meta name=\"robots\" content=\"index, follow, max-snippet:-1, max-image-preview:large, max-video-preview:-1\" \/>\n<link rel=\"canonical\" href=\"https:\/\/blog.zeit.de\/stoerungsmelder\/2014\/07\/30\/pro-deutschland-chef-soll-dubiose-softwareschluessel-verkauft-haben_16825\" \/>\n<meta property=\"og:locale\" content=\"de_DE\" \/>\n<meta property=\"og:type\" content=\"article\" \/>\n<meta property=\"og:title\" content=\"Pro Deutschland-Chef soll dubiose Softwareschl\u00fcssel verkauft haben - St\u00f6rungsmelder\" \/>\n<meta property=\"og:description\" content=\"&#8222;Software von rechts&#8220; schreibt das Computer-Fachmagazin c&#8217;t\u00a0 in seiner aktuellen Ausgabe. Laut den Recherchen der Zeitschrift soll der Parteichef von Pro Deutschland, Manfred Rouhs, offenbar die Parteikasse mit dubiosen Verk\u00e4ufen von Microsoft-Lizenzschl\u00fcsseln f\u00fcllen. Die Firma SoftwareFair, hinter der laut Impressum der &#8222;Verlag Manfred Rouhs&#8220; mit Manfred Rouhs als Inhaber steht, bietet f\u00fcr 24,90 Euro eine [&hellip;]\" \/>\n<meta property=\"og:url\" content=\"https:\/\/blog.zeit.de\/stoerungsmelder\/2014\/07\/30\/pro-deutschland-chef-soll-dubiose-softwareschluessel-verkauft-haben_16825\" \/>\n<meta property=\"og:site_name\" content=\"St\u00f6rungsmelder\" \/>\n<meta property=\"article:published_time\" content=\"2014-07-30T09:52:48+00:00\" \/>\n<meta property=\"article:modified_time\" content=\"2014-07-31T12:14:34+00:00\" \/>\n<meta property=\"og:image\" content=\"https:\/\/blog.zeit.de\/stoerungsmelder\/files\/2011\/03\/pro_koeln.jpg\" \/>\n<meta name=\"author\" content=\"Nicole Prehn\" \/>\n<meta name=\"twitter:card\" content=\"summary_large_image\" \/>\n<meta name=\"twitter:label1\" content=\"Geschrieben von\" \/>\n\t<meta name=\"twitter:data1\" content=\"Nicole Prehn\" \/>\n\t<meta name=\"twitter:label2\" content=\"Gesch\u00e4tzte Lesezeit\" \/>\n\t<meta name=\"twitter:data2\" content=\"2\u00a0Minuten\" \/>\n<script type=\"application\/ld+json\" class=\"yoast-schema-graph\">{\"@context\":\"https:\/\/schema.org\",\"@graph\":[{\"@type\":\"WebPage\",\"@id\":\"https:\/\/blog.zeit.de\/stoerungsmelder\/2014\/07\/30\/pro-deutschland-chef-soll-dubiose-softwareschluessel-verkauft-haben_16825\",\"url\":\"https:\/\/blog.zeit.de\/stoerungsmelder\/2014\/07\/30\/pro-deutschland-chef-soll-dubiose-softwareschluessel-verkauft-haben_16825\",\"name\":\"Pro Deutschland-Chef soll dubiose Softwareschl\u00fcssel verkauft haben - St\u00f6rungsmelder\",\"isPartOf\":{\"@id\":\"https:\/\/blog.zeit.de\/stoerungsmelder\/#website\"},\"datePublished\":\"2014-07-30T09:52:48+00:00\",\"dateModified\":\"2014-07-31T12:14:34+00:00\",\"author\":{\"@id\":\"https:\/\/blog.zeit.de\/stoerungsmelder\/#\/schema\/person\/dcfc2bf156d5720e2950e73961b98730\"},\"breadcrumb\":{\"@id\":\"https:\/\/blog.zeit.de\/stoerungsmelder\/2014\/07\/30\/pro-deutschland-chef-soll-dubiose-softwareschluessel-verkauft-haben_16825#breadcrumb\"},\"inLanguage\":\"de\",\"potentialAction\":[{\"@type\":\"ReadAction\",\"target\":[\"https:\/\/blog.zeit.de\/stoerungsmelder\/2014\/07\/30\/pro-deutschland-chef-soll-dubiose-softwareschluessel-verkauft-haben_16825\"]}]},{\"@type\":\"BreadcrumbList\",\"@id\":\"https:\/\/blog.zeit.de\/stoerungsmelder\/2014\/07\/30\/pro-deutschland-chef-soll-dubiose-softwareschluessel-verkauft-haben_16825#breadcrumb\",\"itemListElement\":[{\"@type\":\"ListItem\",\"position\":1,\"name\":\"Startseite\",\"item\":\"https:\/\/blog.zeit.de\/stoerungsmelder\"},{\"@type\":\"ListItem\",\"position\":2,\"name\":\"Pro Deutschland-Chef soll dubiose Softwareschl\u00fcssel verkauft haben\"}]},{\"@type\":\"WebSite\",\"@id\":\"https:\/\/blog.zeit.de\/stoerungsmelder\/#website\",\"url\":\"https:\/\/blog.zeit.de\/stoerungsmelder\/\",\"name\":\"St\u00f6rungsmelder\",\"description\":\"Recherchen und Analysen \u00fcber die extreme Rechte\",\"potentialAction\":[{\"@type\":\"SearchAction\",\"target\":{\"@type\":\"EntryPoint\",\"urlTemplate\":\"https:\/\/blog.zeit.de\/stoerungsmelder\/?s={search_term_string}\"},\"query-input\":\"required name=search_term_string\"}],\"inLanguage\":\"de\"},{\"@type\":\"Person\",\"@id\":\"https:\/\/blog.zeit.de\/stoerungsmelder\/#\/schema\/person\/dcfc2bf156d5720e2950e73961b98730\",\"name\":\"Nicole Prehn\",\"image\":{\"@type\":\"ImageObject\",\"inLanguage\":\"de\",\"@id\":\"https:\/\/blog.zeit.de\/stoerungsmelder\/#\/schema\/person\/image\/\",\"url\":\"https:\/\/secure.gravatar.com\/avatar\/91843abf9d29b6dd02bb0cf58d8dff6efca7d4634ec1f6fa629f292ffda526d1?s=96&d=mm&r=pg\",\"contentUrl\":\"https:\/\/secure.gravatar.com\/avatar\/91843abf9d29b6dd02bb0cf58d8dff6efca7d4634ec1f6fa629f292ffda526d1?s=96&d=mm&r=pg\",\"caption\":\"Nicole Prehn\"},\"description\":\"Ich wurde 1991 in Rostock geboren. Wenn man ganz genau hinsieht, erkennt man auch heute noch, dass dort das Sonnenblumenhaus 1992 gebrannt hat. Rechtsextremismus und andere Formen der gruppenbezogenen Formen der Menschenfeindlichkeit geh\u00f6ren f\u00fcr mich auf jeden Fall bek\u00e4mpft. Wenn ich nicht gerade studiere (Politologie und P\u00e4dagogik in Osnabr\u00fcck), besch\u00e4ftige ich mich mit diesen Themen - z.B. in diversen Medien oder in meinem eigenen Blog: http:\/\/kitschautorin.wordpress.com\",\"sameAs\":[\"http:\/\/kitschautorin.wordpress.com\"],\"url\":\"https:\/\/blog.zeit.de\/stoerungsmelder\/author\/nicole\"}]}<\/script>\n<!-- \/ Yoast SEO plugin. -->","yoast_head_json":{"title":"Pro Deutschland-Chef soll dubiose Softwareschl\u00fcssel verkauft haben - St\u00f6rungsmelder","robots":{"index":"index","follow":"follow","max-snippet":"max-snippet:-1","max-image-preview":"max-image-preview:large","max-video-preview":"max-video-preview:-1"},"canonical":"https:\/\/blog.zeit.de\/stoerungsmelder\/2014\/07\/30\/pro-deutschland-chef-soll-dubiose-softwareschluessel-verkauft-haben_16825","og_locale":"de_DE","og_type":"article","og_title":"Pro Deutschland-Chef soll dubiose Softwareschl\u00fcssel verkauft haben - St\u00f6rungsmelder","og_description":"&#8222;Software von rechts&#8220; schreibt das Computer-Fachmagazin c&#8217;t\u00a0 in seiner aktuellen Ausgabe. Laut den Recherchen der Zeitschrift soll der Parteichef von Pro Deutschland, Manfred Rouhs, offenbar die Parteikasse mit dubiosen Verk\u00e4ufen von Microsoft-Lizenzschl\u00fcsseln f\u00fcllen. Die Firma SoftwareFair, hinter der laut Impressum der &#8222;Verlag Manfred Rouhs&#8220; mit Manfred Rouhs als Inhaber steht, bietet f\u00fcr 24,90 Euro eine [&hellip;]","og_url":"https:\/\/blog.zeit.de\/stoerungsmelder\/2014\/07\/30\/pro-deutschland-chef-soll-dubiose-softwareschluessel-verkauft-haben_16825","og_site_name":"St\u00f6rungsmelder","article_published_time":"2014-07-30T09:52:48+00:00","article_modified_time":"2014-07-31T12:14:34+00:00","og_image":[{"url":"https:\/\/blog.zeit.de\/stoerungsmelder\/files\/2011\/03\/pro_koeln.jpg"}],"author":"Nicole Prehn","twitter_card":"summary_large_image","twitter_misc":{"Geschrieben von":"Nicole Prehn","Gesch\u00e4tzte Lesezeit":"2\u00a0Minuten"},"schema":{"@context":"https:\/\/schema.org","@graph":[{"@type":"WebPage","@id":"https:\/\/blog.zeit.de\/stoerungsmelder\/2014\/07\/30\/pro-deutschland-chef-soll-dubiose-softwareschluessel-verkauft-haben_16825","url":"https:\/\/blog.zeit.de\/stoerungsmelder\/2014\/07\/30\/pro-deutschland-chef-soll-dubiose-softwareschluessel-verkauft-haben_16825","name":"Pro Deutschland-Chef soll dubiose Softwareschl\u00fcssel verkauft haben - St\u00f6rungsmelder","isPartOf":{"@id":"https:\/\/blog.zeit.de\/stoerungsmelder\/#website"},"datePublished":"2014-07-30T09:52:48+00:00","dateModified":"2014-07-31T12:14:34+00:00","author":{"@id":"https:\/\/blog.zeit.de\/stoerungsmelder\/#\/schema\/person\/dcfc2bf156d5720e2950e73961b98730"},"breadcrumb":{"@id":"https:\/\/blog.zeit.de\/stoerungsmelder\/2014\/07\/30\/pro-deutschland-chef-soll-dubiose-softwareschluessel-verkauft-haben_16825#breadcrumb"},"inLanguage":"de","potentialAction":[{"@type":"ReadAction","target":["https:\/\/blog.zeit.de\/stoerungsmelder\/2014\/07\/30\/pro-deutschland-chef-soll-dubiose-softwareschluessel-verkauft-haben_16825"]}]},{"@type":"BreadcrumbList","@id":"https:\/\/blog.zeit.de\/stoerungsmelder\/2014\/07\/30\/pro-deutschland-chef-soll-dubiose-softwareschluessel-verkauft-haben_16825#breadcrumb","itemListElement":[{"@type":"ListItem","position":1,"name":"Startseite","item":"https:\/\/blog.zeit.de\/stoerungsmelder"},{"@type":"ListItem","position":2,"name":"Pro Deutschland-Chef soll dubiose Softwareschl\u00fcssel verkauft haben"}]},{"@type":"WebSite","@id":"https:\/\/blog.zeit.de\/stoerungsmelder\/#website","url":"https:\/\/blog.zeit.de\/stoerungsmelder\/","name":"St\u00f6rungsmelder","description":"Recherchen und Analysen \u00fcber die extreme Rechte","potentialAction":[{"@type":"SearchAction","target":{"@type":"EntryPoint","urlTemplate":"https:\/\/blog.zeit.de\/stoerungsmelder\/?s={search_term_string}"},"query-input":"required name=search_term_string"}],"inLanguage":"de"},{"@type":"Person","@id":"https:\/\/blog.zeit.de\/stoerungsmelder\/#\/schema\/person\/dcfc2bf156d5720e2950e73961b98730","name":"Nicole Prehn","image":{"@type":"ImageObject","inLanguage":"de","@id":"https:\/\/blog.zeit.de\/stoerungsmelder\/#\/schema\/person\/image\/","url":"https:\/\/secure.gravatar.com\/avatar\/91843abf9d29b6dd02bb0cf58d8dff6efca7d4634ec1f6fa629f292ffda526d1?s=96&d=mm&r=pg","contentUrl":"https:\/\/secure.gravatar.com\/avatar\/91843abf9d29b6dd02bb0cf58d8dff6efca7d4634ec1f6fa629f292ffda526d1?s=96&d=mm&r=pg","caption":"Nicole Prehn"},"description":"Ich wurde 1991 in Rostock geboren. Wenn man ganz genau hinsieht, erkennt man auch heute noch, dass dort das Sonnenblumenhaus 1992 gebrannt hat. Rechtsextremismus und andere Formen der gruppenbezogenen Formen der Menschenfeindlichkeit geh\u00f6ren f\u00fcr mich auf jeden Fall bek\u00e4mpft. Wenn ich nicht gerade studiere (Politologie und P\u00e4dagogik in Osnabr\u00fcck), besch\u00e4ftige ich mich mit diesen Themen - z.B. in diversen Medien oder in meinem eigenen Blog: http:\/\/kitschautorin.wordpress.com","sameAs":["http:\/\/kitschautorin.wordpress.com"],"url":"https:\/\/blog.zeit.de\/stoerungsmelder\/author\/nicole"}]}},"jetpack_featured_media_url":"","jetpack_sharing_enabled":true,"_links":{"self":[{"href":"https:\/\/blog.zeit.de\/stoerungsmelder\/wp-json\/wp\/v2\/posts\/16825","targetHints":{"allow":["GET"]}}],"collection":[{"href":"https:\/\/blog.zeit.de\/stoerungsmelder\/wp-json\/wp\/v2\/posts"}],"about":[{"href":"https:\/\/blog.zeit.de\/stoerungsmelder\/wp-json\/wp\/v2\/types\/post"}],"author":[{"embeddable":true,"href":"https:\/\/blog.zeit.de\/stoerungsmelder\/wp-json\/wp\/v2\/users\/488"}],"replies":[{"embeddable":true,"href":"https:\/\/blog.zeit.de\/stoerungsmelder\/wp-json\/wp\/v2\/comments?post=16825"}],"version-history":[{"count":6,"href":"https:\/\/blog.zeit.de\/stoerungsmelder\/wp-json\/wp\/v2\/posts\/16825\/revisions"}],"predecessor-version":[{"id":16835,"href":"https:\/\/blog.zeit.de\/stoerungsmelder\/wp-json\/wp\/v2\/posts\/16825\/revisions\/16835"}],"wp:attachment":[{"href":"https:\/\/blog.zeit.de\/stoerungsmelder\/wp-json\/wp\/v2\/media?parent=16825"}],"wp:term":[{"taxonomy":"category","embeddable":true,"href":"https:\/\/blog.zeit.de\/stoerungsmelder\/wp-json\/wp\/v2\/categories?post=16825"},{"taxonomy":"post_tag","embeddable":true,"href":"https:\/\/blog.zeit.de\/stoerungsmelder\/wp-json\/wp\/v2\/tags?post=16825"}],"curies":[{"name":"wp","href":"https:\/\/api.w.org\/{rel}","templated":true}]}}