{"id":16859,"date":"2014-08-14T11:31:53","date_gmt":"2014-08-14T09:31:53","guid":{"rendered":"http:\/\/blog.zeit.de\/stoerungsmelder\/?p=16859"},"modified":"2016-06-23T13:21:54","modified_gmt":"2016-06-23T11:21:54","slug":"die-veganen-nazi-hipster-kommen","status":"publish","type":"post","link":"https:\/\/blog.zeit.de\/stoerungsmelder\/2014\/08\/14\/die-veganen-nazi-hipster-kommen_16859","title":{"rendered":"Die veganen Nazi-Hipster kommen"},"content":{"rendered":"<p><figure id=\"attachment_16863\" aria-describedby=\"caption-attachment-16863\" style=\"width: 580px\" class=\"wp-caption aligncenter\"><a href=\"https:\/\/blog.zeit.de\/stoerungsmelder\/files\/2014\/08\/balaclava.jpg\"><img loading=\"lazy\" decoding=\"async\" class=\"wp-image-16863\" src=\"https:\/\/blog.zeit.de\/stoerungsmelder\/files\/2014\/08\/balaclava.jpg\" alt=\"balaclava\" width=\"580\" height=\"342\" srcset=\"https:\/\/blog.zeit.de\/stoerungsmelder\/files\/2014\/08\/balaclava.jpg 869w, https:\/\/blog.zeit.de\/stoerungsmelder\/files\/2014\/08\/balaclava-300x177.jpg 300w\" sizes=\"auto, (max-width: 580px) 100vw, 580px\" \/><\/a><figcaption id=\"caption-attachment-16863\" class=\"wp-caption-text\">&#8222;More Fascism&#8220; fordern die veganen Nazik\u00f6che in ihrer Sendung<\/figcaption><\/figure><\/p>\n<p>Neonazis, die vegan kochen und Club Mate trinken \u2013 das klingt erst mal absurd. Aber ein kleiner Teil der rechtsextremen Szene sorgt mit solch skurrilen Auftritten f\u00fcr viel Aufregung. Was steckt tats\u00e4chlich hinter den Nazi-Hipstern?<!--more--><\/p>\n<p><em>Von Sebastian Wehrhahn, <a href=\"http:\/\/www.mbr-berlin.de\/\" target=\"_blank\">Mobile Beratung gegen Rechtsextremismus Berlin (MBR)<\/a><\/em><\/p>\n<p>Es sind junge M\u00e4nner, die vor der Kamera herumalbern. Sie kochen vegan und nehmen sich nicht zu ernst. Dazu kommen G\u00e4ste, es wird viel gelacht. An diesem Format erscheint wenig berichtenswert, gibt es doch unz\u00e4hlige \u00e4hnliche Kan\u00e4le auf YouTube. Aber diese Amateur-Kochshow ist anders. Es sind Neonazis, die dort im Hitler-Shirt hinter den T\u00f6pfen stehen. Wer genau hinschaut, sieht die rechtsextremen Poster im Hintergrund. Die Gastgeber sind mit Sturmhauben vermummt, die G\u00e4ste einschl\u00e4gig bekannt und man schiebt kichernd Szeneparolen hin und her, die nur Eingeweihte verstehen.<\/p>\n<p>Betrieben wird der Kanal mutma\u00dflich von Mitgliedern der rechtsextremen Szene Niedersachsens aus dem Umfeld der gerade erst verbotenen Kameradschaft Besseres Hannover. Auch auf sozialen Netzwerken wie Facebook, Tumblr und Instagram gibt es eine Pr\u00e4senz aus diesem Kreis. Hier verbinden die Rechtsextremen Straight-Edge-Chic (Kein Alkohol, kein Fleisch, keine Drogen) mit zeitgem\u00e4\u00dfem Design, \u00c4sthetisierung von Gewalt und nationalsozialistischer Propaganda.<\/p>\n<p>\u201eNipster\u201c haben Journalisten vor wenigen Monaten diese Erscheinung scherzhaft getauft. Ein Mischwort aus Nazi und Hipster. Der rechtsextremen Szene gef\u00e4llt diese Bezeichnung so gut, dass sie inzwischen von ihr \u00fcbernommen wurde.<\/p>\n<p>Im Netz posten sie Fotos von Club-Mate-Flaschen und Turnschuhen, daneben liegt ganz l\u00e4ssig Nazipropaganda. Auf einem Bild sieht man die Silhouette von Adolf Hitler, garniert mit <a href=\"https:\/\/blog.zeit.de\/stoerungsmelder\/files\/2014\/08\/hitler.jpg\"><img loading=\"lazy\" decoding=\"async\" class=\"alignright size-medium wp-image-16865\" src=\"https:\/\/blog.zeit.de\/stoerungsmelder\/files\/2014\/08\/hitler-300x274.jpg\" alt=\"hitler\" width=\"300\" height=\"274\" srcset=\"https:\/\/blog.zeit.de\/stoerungsmelder\/files\/2014\/08\/hitler-300x274.jpg 300w, https:\/\/blog.zeit.de\/stoerungsmelder\/files\/2014\/08\/hitler.jpg 387w\" sizes=\"auto, (max-width: 300px) 100vw, 300px\" \/><\/a>dem aus der antirassistischen Bewegung entstandenen Slogan \u201eKein Mensch ist illegal\u201c. Ein anderes Motiv zeigt Marx und Engels mit der Unterzeile &#8222;B\u00e4rtige Fotzen&#8220;. Das Ph\u00e4nomen der Nipster erfreut sich derzeit gro\u00dfer medialer Aufmerksamkeit. Der <em><a href=\"http:\/\/www.rollingstone.com\/culture\/news\/heil-hipster-the-young-neo-nazis-trying-to-put-a-stylish-face-on-hate-20140623\" target=\"_blank\">Rolling Stone<\/a><\/em> berichtete, <em><a href=\"http:\/\/www.stern.de\/panorama\/phaenomen-nipster-wenn-nazi-auf-hipster-trifft-2129579.html\" target=\"_blank\">Stern<\/a><\/em> und <em><a href=\"http:\/\/www.focus.de\/politik\/deutschland\/vom-skinhead-zum-nipster-coole-nazi-hipster-der-gefaehrliche-dresscode-der-rechtsextremen-szene_id_4048212.html\" target=\"_blank\">Focus<\/a><\/em> zogen nach und mittlerweile gilt es nicht mehr als Expertenwissen, dass Neonazis auch Tunnelohrringe tragen.<\/p>\n<p>So begr\u00fc\u00dfenswert es ist, wenn das mediale Bild des Rechtsextremismus als Skinheads-only-Veranstaltung korrigiert wird, geht doch die Aufmerksamkeit an den entscheidenden Punkten vorbei. Denn das Ph\u00e4nomen von modernen Neonazis ist weder neu noch ist es ein popkultureller Zufall.<\/p>\n<p>Zu jedem Zeitpunkt haben faschistische Str\u00f6mungen sich kultureller Ausdrucksformen bedient, die zum einen jeweils moderne mit traditionellen Elementen verbanden und die zum anderen nicht origin\u00e4r rechts besetzt waren. &#8222;Hat doch der Nazi nicht einmal das Lied erfunden, mit dem er verf\u00fchrt&#8220;, schrieb der Philosoph Ernst Bloch schon 1937.<\/p>\n<p><a href=\"https:\/\/blog.zeit.de\/stoerungsmelder\/files\/2014\/08\/b\u00e4rtige.jpg\"><img loading=\"lazy\" decoding=\"async\" class=\"alignleft size-medium wp-image-16864\" src=\"https:\/\/blog.zeit.de\/stoerungsmelder\/files\/2014\/08\/b\u00e4rtige-300x282.jpg\" alt=\"b\u00e4rtige\" width=\"300\" height=\"282\" srcset=\"https:\/\/blog.zeit.de\/stoerungsmelder\/files\/2014\/08\/b\u00e4rtige-300x282.jpg 300w, https:\/\/blog.zeit.de\/stoerungsmelder\/files\/2014\/08\/b\u00e4rtige.jpg 357w\" sizes=\"auto, (max-width: 300px) 100vw, 300px\" \/><\/a>Der italienische Faschismus der 1920er Jahre verband traditionsstiftende Bez\u00fcge auf das antike Rom mit modernen Elementen des Futurismus. Der deutsche Nationalsozialismus inkorporierte nicht nur heidnische und germanische ebenso wie r\u00f6mische Symbole, sondern setzte ganz zentral auf Stilmittel der sozialistischen Arbeiterbewegung, um sich in der Bev\u00f6lkerung zu verankern. Die rote Fahne, die Armbinden, die Melodien vieler Lieder und auch die Fackelm\u00e4rsche waren keineswegs Erfindungen der Nazis. Der Coup der Nationalsozialisten war es, diese Ausdrucksformen zu \u00fcbernehmen und sie mit einer Verbindung aus Terror und sozialen Angeboten zur Festigung ihrer Macht einzusetzen.<\/p>\n<p>Auch sp\u00e4tere Generationen Rechtsextremer griffen \u00e4sthetische Elemente anderer (Sub)Kulturen auf und machten sie sich zu eigen. Der heute medial oft als archetypisch dargestellte Skinhead-Look mit Bomberjacke und Springerstiefeln war zum Zeitpunkt seines Entstehens in den 1960er Jahren keineswegs rechts codiert, sondern galt als Ausdruck proletarischer Subkultur, die stark von jamaikanischen Einfl\u00fcssen bestimmt war.<\/p>\n<p><figure id=\"attachment_16862\" aria-describedby=\"caption-attachment-16862\" style=\"width: 300px\" class=\"wp-caption alignright\"><a href=\"https:\/\/blog.zeit.de\/stoerungsmelder\/files\/2014\/08\/2004-KS-TOR-Bild-vom-INFOBLATT.jpg\"><img loading=\"lazy\" decoding=\"async\" class=\"wp-image-16862 size-medium\" src=\"https:\/\/blog.zeit.de\/stoerungsmelder\/files\/2014\/08\/2004-KS-TOR-Bild-vom-INFOBLATT-300x200.jpg\" alt=\"2004 KS TOR Bild vom INFOBLATT\" width=\"300\" height=\"200\" srcset=\"https:\/\/blog.zeit.de\/stoerungsmelder\/files\/2014\/08\/2004-KS-TOR-Bild-vom-INFOBLATT-300x200.jpg 300w, https:\/\/blog.zeit.de\/stoerungsmelder\/files\/2014\/08\/2004-KS-TOR-Bild-vom-INFOBLATT.jpg 599w\" sizes=\"auto, (max-width: 300px) 100vw, 300px\" \/><\/a><figcaption id=\"caption-attachment-16862\" class=\"wp-caption-text\">Gezielte Provokation &#8211; Neonazis zitieren &#8222;Wir sind Helden&#8220; (Foto: <a href=\"https:\/\/www.antifainfoblatt.de\/\" target=\"_blank\">Antifaschistisches Infoblatt<\/a>)<\/figcaption><\/figure><\/p>\n<p>W\u00e4hrend des letzten Jahrzehnts waren es vor allem die sogenannten Autonomen Nationalisten, die den \u00fcberraschenden Beweis darstellen sollten, dass Neonazis jetzt keine Glatzen mehr tragen und neuerdings auch linke Ausdrucksformen kopieren. In der Tat stellte die Str\u00f6mung der Autonomen Nationalisten eine entscheidende Modernisierungsbewegung innerhalb der rechtsextremen Szene dar. Neben der \u00dcbernahme von linken Dresscodes waren es aber auch bestimmte Aktionsformen und eine Art der politischen Ansprache, die insbesondere in Metropolen die rechtsextremen Szenen nachhaltig beeinflussten und zum Teil gegen den Widerstand von traditionell orientierten Rechtsextremen durchgesetzt wurden. Schon 2004 traten Neonazis in Berlin aus Protest gegen die Er\u00f6ffnung des Denkmals f\u00fcr die ermordeten Juden Europas mit einem ungew\u00f6hnlichen Transparent auf. \u201eSie haben uns ein Denkmal gebaut, hol den Vorschlaghammer\u201c, wurde darauf provokativ die linksalternative Popband &#8222;Wir sind Helden&#8220; zitiert.<\/p>\n<p>Die Wahrnehmung von Rechtsextremismus als &#8222;ewiggestrig&#8220; und die Gegen\u00fcberstellung von &#8222;modern&#8220; und &#8222;rechtsextrem&#8220; greifen zu kurz, weil sie diese wesentlichen Momente von Modernisierungsbewegungen nicht ber\u00fccksichtigen und daran scheitern, rechtsextreme Ideologie und Erscheinung als Verbindung traditioneller und moderner Elemente zu verstehen. Das Ziel der jungen, strategisch denkenden Nazikader ist eigentlich recht simpel: Sie wollen, dass ihre Szene cool, modern und offen wirkt, um gesellschaftliche Akzeptanz zu schaffen und einfacher Nachwuchs rekrutieren zu k\u00f6nnen.<\/p>\n<p>Hierbei geht es um Einflussnahme im sogenannten vorpolitischen Raum. Nicht nur dort, wo es explizit um politische Themen geht, wird um Hegemonie gerungen. Die K\u00e4mpfe um Deutungshoheit und Handlungsmacht werden auch dort gef\u00fchrt, wo es um vermeintlich unpolitische Felder wie Musik, Kleidung, Essen oder Computerspiele geht. Dabei geht es konkret um die Fragen, wer, welche Inhalte auf diesen Feldern etablieren und zur Norm machen kann. Welche Musik im Jugendzentrum l\u00e4uft, hat eine Auswirkung darauf, welche Jugendlichen sich dort wohlf\u00fchlen k\u00f6nnen \u2013 und welche nicht. Welche Kleidung in einem bestimmten Sozialraum, in einer bestimmten Szene getragen wird, kann viel \u00fcber dort geltende Werte wie M\u00e4nnlichkeit und Weiblichkeit, Zugeh\u00f6rigkeit oder Abgrenzung zu anderen Subkulturen aussagen.<\/p>\n<p>Je harmloser und allt\u00e4glicher rechte Parolen oder Symbole wie Runen, Zahlencodes, aber auch Portraits von rechten Ikonen daherkommen, desto leichter verbreitet sich auch deren Rassismus, Antisemitismus und Antikommunismus.<\/p>\n<p>Die modische Verankerung in verschiedenen Subkulturen erm\u00f6glicht es, Interesse zu wecken und potenziellen Nachwuchs zu werben. Niedrigschwellige Angebote erleichtern die Einbindung in die Szene. Durch die \u00dcbernahme bekannter alltagskultureller Bez\u00fcge entstehen Ankn\u00fcpfungspunkte, die genau das erm\u00f6glichen sollen.<\/p>\n<p>Auch wenn die Jutebeutel neu sind: Dass Neonazis versuchen, modern zu erscheinen ist alles andere als neu und keineswegs zuf\u00e4llig. An die Stelle des Staunens dar\u00fcber, dass Neonazis auch Club Mate trinken, sollte die Erkenntnis treten, dass Rechtsextremismus kein Problem von gestern ist. Und statt immer wieder das Spektakul\u00e4re am Rechtsextremismus zu betonen, sollten wir die Normalit\u00e4t des Rechtsextremismus in den Blick nehmen.<\/p>\n","protected":false},"excerpt":{"rendered":"<p>Neonazis, die vegan kochen und Club Mate trinken \u2013 das klingt erst mal absurd. Aber ein kleiner Teil der rechtsextremen Szene sorgt mit solch skurrilen Auftritten f\u00fcr viel Aufregung. Was steckt tats\u00e4chlich hinter den Nazi-Hipstern?<\/p>\n","protected":false},"author":649,"featured_media":0,"comment_status":"open","ping_status":"open","sticky":false,"template":"","format":"standard","meta":{"_jetpack_memberships_contains_paid_content":false,"footnotes":""},"categories":[1515],"tags":[1493,1692,32043,23992],"class_list":["post-16859","post","type-post","status-publish","format-standard","hentry","category-bundesweit","tag-autonome-nationalisten","tag-mode","tag-nipster","tag-strategie"],"yoast_head":"<!-- This site is optimized with the Yoast SEO plugin v21.0 - https:\/\/yoast.com\/wordpress\/plugins\/seo\/ -->\n<title>Die veganen Nazi-Hipster kommen - St\u00f6rungsmelder<\/title>\n<meta name=\"robots\" content=\"index, follow, max-snippet:-1, max-image-preview:large, max-video-preview:-1\" \/>\n<link rel=\"canonical\" href=\"https:\/\/blog.zeit.de\/stoerungsmelder\/2014\/08\/14\/die-veganen-nazi-hipster-kommen_16859\" \/>\n<meta property=\"og:locale\" content=\"de_DE\" \/>\n<meta property=\"og:type\" content=\"article\" \/>\n<meta property=\"og:title\" content=\"Die veganen Nazi-Hipster kommen - St\u00f6rungsmelder\" \/>\n<meta property=\"og:description\" content=\"Neonazis, die vegan kochen und Club Mate trinken \u2013 das klingt erst mal absurd. Aber ein kleiner Teil der rechtsextremen Szene sorgt mit solch skurrilen Auftritten f\u00fcr viel Aufregung. Was steckt tats\u00e4chlich hinter den Nazi-Hipstern?\" \/>\n<meta property=\"og:url\" content=\"https:\/\/blog.zeit.de\/stoerungsmelder\/2014\/08\/14\/die-veganen-nazi-hipster-kommen_16859\" \/>\n<meta property=\"og:site_name\" content=\"St\u00f6rungsmelder\" \/>\n<meta property=\"article:published_time\" content=\"2014-08-14T09:31:53+00:00\" \/>\n<meta property=\"article:modified_time\" content=\"2016-06-23T11:21:54+00:00\" \/>\n<meta property=\"og:image\" content=\"https:\/\/blog.zeit.de\/stoerungsmelder\/files\/2014\/08\/balaclava.jpg\" \/>\n<meta name=\"author\" content=\"Sebastian Wehrhahn\" \/>\n<meta name=\"twitter:card\" content=\"summary_large_image\" \/>\n<meta name=\"twitter:label1\" content=\"Geschrieben von\" \/>\n\t<meta name=\"twitter:data1\" content=\"Sebastian Wehrhahn\" \/>\n\t<meta name=\"twitter:label2\" content=\"Gesch\u00e4tzte Lesezeit\" \/>\n\t<meta name=\"twitter:data2\" content=\"5\u00a0Minuten\" \/>\n<script type=\"application\/ld+json\" class=\"yoast-schema-graph\">{\"@context\":\"https:\/\/schema.org\",\"@graph\":[{\"@type\":\"WebPage\",\"@id\":\"https:\/\/blog.zeit.de\/stoerungsmelder\/2014\/08\/14\/die-veganen-nazi-hipster-kommen_16859\",\"url\":\"https:\/\/blog.zeit.de\/stoerungsmelder\/2014\/08\/14\/die-veganen-nazi-hipster-kommen_16859\",\"name\":\"Die veganen Nazi-Hipster kommen - St\u00f6rungsmelder\",\"isPartOf\":{\"@id\":\"https:\/\/blog.zeit.de\/stoerungsmelder\/#website\"},\"datePublished\":\"2014-08-14T09:31:53+00:00\",\"dateModified\":\"2016-06-23T11:21:54+00:00\",\"author\":{\"@id\":\"https:\/\/blog.zeit.de\/stoerungsmelder\/#\/schema\/person\/b0191a267bf6511dd049d849f77ce3b5\"},\"breadcrumb\":{\"@id\":\"https:\/\/blog.zeit.de\/stoerungsmelder\/2014\/08\/14\/die-veganen-nazi-hipster-kommen_16859#breadcrumb\"},\"inLanguage\":\"de\",\"potentialAction\":[{\"@type\":\"ReadAction\",\"target\":[\"https:\/\/blog.zeit.de\/stoerungsmelder\/2014\/08\/14\/die-veganen-nazi-hipster-kommen_16859\"]}]},{\"@type\":\"BreadcrumbList\",\"@id\":\"https:\/\/blog.zeit.de\/stoerungsmelder\/2014\/08\/14\/die-veganen-nazi-hipster-kommen_16859#breadcrumb\",\"itemListElement\":[{\"@type\":\"ListItem\",\"position\":1,\"name\":\"Startseite\",\"item\":\"https:\/\/blog.zeit.de\/stoerungsmelder\"},{\"@type\":\"ListItem\",\"position\":2,\"name\":\"Die veganen Nazi-Hipster kommen\"}]},{\"@type\":\"WebSite\",\"@id\":\"https:\/\/blog.zeit.de\/stoerungsmelder\/#website\",\"url\":\"https:\/\/blog.zeit.de\/stoerungsmelder\/\",\"name\":\"St\u00f6rungsmelder\",\"description\":\"Recherchen und Analysen \u00fcber die extreme Rechte\",\"potentialAction\":[{\"@type\":\"SearchAction\",\"target\":{\"@type\":\"EntryPoint\",\"urlTemplate\":\"https:\/\/blog.zeit.de\/stoerungsmelder\/?s={search_term_string}\"},\"query-input\":\"required name=search_term_string\"}],\"inLanguage\":\"de\"},{\"@type\":\"Person\",\"@id\":\"https:\/\/blog.zeit.de\/stoerungsmelder\/#\/schema\/person\/b0191a267bf6511dd049d849f77ce3b5\",\"name\":\"Sebastian Wehrhahn\",\"image\":{\"@type\":\"ImageObject\",\"inLanguage\":\"de\",\"@id\":\"https:\/\/blog.zeit.de\/stoerungsmelder\/#\/schema\/person\/image\/\",\"url\":\"https:\/\/secure.gravatar.com\/avatar\/c016d21324a0b410f49f02e32b6728b795a704184ec03806675f614996f98ba9?s=96&d=mm&r=pg\",\"contentUrl\":\"https:\/\/secure.gravatar.com\/avatar\/c016d21324a0b410f49f02e32b6728b795a704184ec03806675f614996f98ba9?s=96&d=mm&r=pg\",\"caption\":\"Sebastian Wehrhahn\"},\"url\":\"https:\/\/blog.zeit.de\/stoerungsmelder\/author\/sebastianwehrhahn\"}]}<\/script>\n<!-- \/ Yoast SEO plugin. -->","yoast_head_json":{"title":"Die veganen Nazi-Hipster kommen - St\u00f6rungsmelder","robots":{"index":"index","follow":"follow","max-snippet":"max-snippet:-1","max-image-preview":"max-image-preview:large","max-video-preview":"max-video-preview:-1"},"canonical":"https:\/\/blog.zeit.de\/stoerungsmelder\/2014\/08\/14\/die-veganen-nazi-hipster-kommen_16859","og_locale":"de_DE","og_type":"article","og_title":"Die veganen Nazi-Hipster kommen - St\u00f6rungsmelder","og_description":"Neonazis, die vegan kochen und Club Mate trinken \u2013 das klingt erst mal absurd. Aber ein kleiner Teil der rechtsextremen Szene sorgt mit solch skurrilen Auftritten f\u00fcr viel Aufregung. Was steckt tats\u00e4chlich hinter den Nazi-Hipstern?","og_url":"https:\/\/blog.zeit.de\/stoerungsmelder\/2014\/08\/14\/die-veganen-nazi-hipster-kommen_16859","og_site_name":"St\u00f6rungsmelder","article_published_time":"2014-08-14T09:31:53+00:00","article_modified_time":"2016-06-23T11:21:54+00:00","og_image":[{"url":"https:\/\/blog.zeit.de\/stoerungsmelder\/files\/2014\/08\/balaclava.jpg"}],"author":"Sebastian Wehrhahn","twitter_card":"summary_large_image","twitter_misc":{"Geschrieben von":"Sebastian Wehrhahn","Gesch\u00e4tzte Lesezeit":"5\u00a0Minuten"},"schema":{"@context":"https:\/\/schema.org","@graph":[{"@type":"WebPage","@id":"https:\/\/blog.zeit.de\/stoerungsmelder\/2014\/08\/14\/die-veganen-nazi-hipster-kommen_16859","url":"https:\/\/blog.zeit.de\/stoerungsmelder\/2014\/08\/14\/die-veganen-nazi-hipster-kommen_16859","name":"Die veganen Nazi-Hipster kommen - St\u00f6rungsmelder","isPartOf":{"@id":"https:\/\/blog.zeit.de\/stoerungsmelder\/#website"},"datePublished":"2014-08-14T09:31:53+00:00","dateModified":"2016-06-23T11:21:54+00:00","author":{"@id":"https:\/\/blog.zeit.de\/stoerungsmelder\/#\/schema\/person\/b0191a267bf6511dd049d849f77ce3b5"},"breadcrumb":{"@id":"https:\/\/blog.zeit.de\/stoerungsmelder\/2014\/08\/14\/die-veganen-nazi-hipster-kommen_16859#breadcrumb"},"inLanguage":"de","potentialAction":[{"@type":"ReadAction","target":["https:\/\/blog.zeit.de\/stoerungsmelder\/2014\/08\/14\/die-veganen-nazi-hipster-kommen_16859"]}]},{"@type":"BreadcrumbList","@id":"https:\/\/blog.zeit.de\/stoerungsmelder\/2014\/08\/14\/die-veganen-nazi-hipster-kommen_16859#breadcrumb","itemListElement":[{"@type":"ListItem","position":1,"name":"Startseite","item":"https:\/\/blog.zeit.de\/stoerungsmelder"},{"@type":"ListItem","position":2,"name":"Die veganen Nazi-Hipster kommen"}]},{"@type":"WebSite","@id":"https:\/\/blog.zeit.de\/stoerungsmelder\/#website","url":"https:\/\/blog.zeit.de\/stoerungsmelder\/","name":"St\u00f6rungsmelder","description":"Recherchen und Analysen \u00fcber die extreme Rechte","potentialAction":[{"@type":"SearchAction","target":{"@type":"EntryPoint","urlTemplate":"https:\/\/blog.zeit.de\/stoerungsmelder\/?s={search_term_string}"},"query-input":"required name=search_term_string"}],"inLanguage":"de"},{"@type":"Person","@id":"https:\/\/blog.zeit.de\/stoerungsmelder\/#\/schema\/person\/b0191a267bf6511dd049d849f77ce3b5","name":"Sebastian Wehrhahn","image":{"@type":"ImageObject","inLanguage":"de","@id":"https:\/\/blog.zeit.de\/stoerungsmelder\/#\/schema\/person\/image\/","url":"https:\/\/secure.gravatar.com\/avatar\/c016d21324a0b410f49f02e32b6728b795a704184ec03806675f614996f98ba9?s=96&d=mm&r=pg","contentUrl":"https:\/\/secure.gravatar.com\/avatar\/c016d21324a0b410f49f02e32b6728b795a704184ec03806675f614996f98ba9?s=96&d=mm&r=pg","caption":"Sebastian Wehrhahn"},"url":"https:\/\/blog.zeit.de\/stoerungsmelder\/author\/sebastianwehrhahn"}]}},"jetpack_featured_media_url":"","jetpack_sharing_enabled":true,"_links":{"self":[{"href":"https:\/\/blog.zeit.de\/stoerungsmelder\/wp-json\/wp\/v2\/posts\/16859","targetHints":{"allow":["GET"]}}],"collection":[{"href":"https:\/\/blog.zeit.de\/stoerungsmelder\/wp-json\/wp\/v2\/posts"}],"about":[{"href":"https:\/\/blog.zeit.de\/stoerungsmelder\/wp-json\/wp\/v2\/types\/post"}],"author":[{"embeddable":true,"href":"https:\/\/blog.zeit.de\/stoerungsmelder\/wp-json\/wp\/v2\/users\/649"}],"replies":[{"embeddable":true,"href":"https:\/\/blog.zeit.de\/stoerungsmelder\/wp-json\/wp\/v2\/comments?post=16859"}],"version-history":[{"count":11,"href":"https:\/\/blog.zeit.de\/stoerungsmelder\/wp-json\/wp\/v2\/posts\/16859\/revisions"}],"predecessor-version":[{"id":16898,"href":"https:\/\/blog.zeit.de\/stoerungsmelder\/wp-json\/wp\/v2\/posts\/16859\/revisions\/16898"}],"wp:attachment":[{"href":"https:\/\/blog.zeit.de\/stoerungsmelder\/wp-json\/wp\/v2\/media?parent=16859"}],"wp:term":[{"taxonomy":"category","embeddable":true,"href":"https:\/\/blog.zeit.de\/stoerungsmelder\/wp-json\/wp\/v2\/categories?post=16859"},{"taxonomy":"post_tag","embeddable":true,"href":"https:\/\/blog.zeit.de\/stoerungsmelder\/wp-json\/wp\/v2\/tags?post=16859"}],"curies":[{"name":"wp","href":"https:\/\/api.w.org\/{rel}","templated":true}]}}