{"id":16882,"date":"2014-08-19T13:31:53","date_gmt":"2014-08-19T11:31:53","guid":{"rendered":"http:\/\/blog.zeit.de\/stoerungsmelder\/?p=16882"},"modified":"2014-08-19T13:33:41","modified_gmt":"2014-08-19T11:33:41","slug":"verschwoerungstheorien-und-antisemitismus-im-namen-des-friedens","status":"publish","type":"post","link":"https:\/\/blog.zeit.de\/stoerungsmelder\/2014\/08\/19\/verschwoerungstheorien-und-antisemitismus-im-namen-des-friedens_16882","title":{"rendered":"Verschw\u00f6rungstheorien und Antisemitismus im Namen des Friedens"},"content":{"rendered":"<p><figure id=\"attachment_16891\" aria-describedby=\"caption-attachment-16891\" style=\"width: 580px\" class=\"wp-caption aligncenter\"><a href=\"https:\/\/blog.zeit.de\/stoerungsmelder\/files\/2014\/08\/Montagsdemo-Regensburg-1.jpg\"><img loading=\"lazy\" decoding=\"async\" class=\"size-full wp-image-16891\" src=\"https:\/\/blog.zeit.de\/stoerungsmelder\/files\/2014\/08\/Montagsdemo-Regensburg-1.jpg\" alt=\"Wenig los, daf\u00fcr inhaltlich immer bizzarer - die Montagsmahnwache in Regensburg\" width=\"580\" height=\"300\" srcset=\"https:\/\/blog.zeit.de\/stoerungsmelder\/files\/2014\/08\/Montagsdemo-Regensburg-1.jpg 580w, https:\/\/blog.zeit.de\/stoerungsmelder\/files\/2014\/08\/Montagsdemo-Regensburg-1-300x155.jpg 300w\" sizes=\"auto, (max-width: 580px) 100vw, 580px\" \/><\/a><figcaption id=\"caption-attachment-16891\" class=\"wp-caption-text\">Wenig los, daf\u00fcr inhaltlich immer bizzarer &#8211; die Montagsmahnwache in Regensburg<\/figcaption><\/figure><\/p>\n<p>Die neuen <a href=\"https:\/\/blog.zeit.de\/stoerungsmelder\/2014\/04\/16\/reichsbuerger-neonazis-und-antisemiten-querfront-kapert-friedensdemonstrationen_15687\" target=\"_blank\">Montagsdemonstrationen<\/a> waren <a href=\"https:\/\/blog.zeit.de\/stoerungsmelder\/2014\/04\/22\/neonazis-auf-berliner-friedensmahnwache_15721\" target=\"_blank\">inzwischen auch bei uns<\/a> schon <a href=\"https:\/\/blog.zeit.de\/stoerungsmelder\/2014\/04\/24\/von_der_verschwoerungsideologie_zur_politischen_bewegung_15730\" target=\"_blank\">einige Male Thema<\/a>. Immer wieder erreichen die Redaktionen der deutschen Leitmedien die Bitte, doch \u00fcber die bundesweiten Mahnwachen zu berichten. Dem kommen wir heute mit einem Bericht \u00fcber die Regensburger Montagsdemo gerne nach.<\/p>\n<p><!--more--><\/p>\n<p>Warum ich gerade jetzt auf meiner ersten Montagsmahnwache war, hat auch eine Vorgeschichte: Schon seit geraumer Zeit gab es auch in Regensburg diese Mahnwachen f\u00fcr den Frieden; da die Uhren hier etwas anders ticken, fanden die Montagmahnwachen am Dienstag Abend statt. Begleitet wurde die Organisation dieser Veranstaltungen schon von Anfang an von einer Gruppe Menschen, die sich mit den Zielen der bundesweiten Mahnwachen befasst hatten und daher auch die Aktionen in Regensburg kritisch begleiteten. Ende Juli, so berichten diese, wurde auch bei der Dienstags-Montagsdemo eine Abstimmung initiiert, die eine m\u00f6gliche Distanzierung von den Berliner Organisatoren um Lars M\u00e4rholz abfragen wollte. <a href=\"https:\/\/www.facebook.com\/Aluhut.fuer.Ken.site\/posts\/261480504049084\" target=\"_blank\">Diese blieb aber, auch aufgrund manipulativer Gestaltung der Abstimmung, aus<\/a>. Und so kam es am 11. August nun zur ersten \u201eberlintreuen\u201c Montags-Friedensmahnwache in Regensburg.<\/p>\n<p><strong>Vage Inhalte und Nazi-Thesen<\/strong><\/p>\n<p>\u201eWie lange wollen wir das noch ansehen, was mit uns geschieht?\u201c, war einer der ersten S\u00e4tze, die durch die Anlage gejagt wurden. Was genau das nun sein sollte war eine Frage, die auch in den kommenden zwei Stunden unbeantwortet blieb. Stattdessen: Philosophische Exkurse, weit ausholende Reden und dazwischen drin immer wieder die kleine Prise Verschw\u00f6rungstheorien und jener neurechter Mystik, die die Mahnwachen in Verruf gebracht haben.<\/p>\n<p>Man wolle keine Stationierung fremder M\u00e4chte im eigenen Land, stattdessen eine eigenst\u00e4ndige deutsche Innen- und Au\u00dfenpolitik. Da zuckt der durch Verschw\u00f6rungstheorien geschulte Verstand zum ersten Mal zusammen. Doch vielleicht dr\u00fccken sich die Veranstalter ja auch nur ungl\u00fccklich aus. Aber kurze Zeit sp\u00e4ter ist schon die Rede von einem \u201eSystem ohne Zins und Zinseszins\u201c, einem, das nicht nur den Wenigen, sondern den Vielen diene. Jetzt ist die <a href=\"http:\/\/www.nachdenkseiten.de\/?p=10530\" target=\"_blank\">Zinskritik nicht nur einfach \u00f6konomisch falsch<\/a>, sondern die <a href=\"https:\/\/de.wikipedia.org\/wiki\/Brechung_der_Zinsknechtschaft\" target=\"_blank\">\u201eBrechung der Zinsknechtschaft\u201c<\/a>\u00a0war <a href=\"https:\/\/de.wikipedia.org\/wiki\/Zins#Zinskritik\" target=\"_blank\">eines der allervordersten Ziele des Nationalsozialismus<\/a>; und seit dem angehenden 20. Jahrhundert war sie als Mythos vom \u201eraffenden Kapital\u201c immer wieder Transportmittel f\u00fcr antisemitische Ideen unter dem Deckmantel der Kapitalismuskritik.<\/p>\n<p><strong>Der Zweite Weltkrieg als Verschw\u00f6rung<\/strong><\/p>\n<p>Nach einem kurzen Proseminar \u00fcber Kierkegaards Verantwortungsphilosophie wurde kommentarlos ein Gru\u00df von der berlintreuen Montagsdemo aus Jena verlesen. Ein <em>Weltenbrand<\/em> solle alles zerst\u00f6ren, damit Neues wachsen kann, \u201ewei\u00df\u201c man dort. Das sei auch die Situation vor dem Zweiten Weltkrieg gewesen. \u201eAlle Gegebenheiten von damals sind zur\u00fcckgekehrt\u201c, hei\u00dft es in dem Text aus Jena. Der Dritte Weltkrieg, der sei in den K\u00f6pfen \u201evon Menschen mit viel Macht bereits beschlossen\u201c. So sei das also auch vor dem Zweiten Weltkrieg gewesen. Dass an diesem schrecklichen Desaster auch das Machtstreben eines aggressiven deutschen Nationalismus und die m\u00f6rderische Phantasmorgie eines F\u00fchrers, der seine Ziele eben nicht nur im Kopf sondern auch ganz \u00f6ffentlich ausbreitete, beteiligt gewesen sein h\u00e4tte k\u00f6nnen, darauf wird kein Gedanke verschwendet.<\/p>\n<p>In einem neuen, ganz selbst erdachten, Redebeitrag wurde schlie\u00dflich auch das Thema \u201eZensur\u201c und \u201epolitical correctness\u201c er\u00f6rtert, das heute auf keiner Mahnwache und keinem Neuschwabenland-Stammtisch mehr fehlen darf. Auch der Redner h\u00e4tte aus Selbstzensur wegen <em>political correctness<\/em> fr\u00fcher die Schere im Kopf angesetzt: \u201etrotz gesetzlich legitimierter Meinungsfreiheit, trauen sich viele Menschen nicht zu sagen was sie denken. Viele haben Angst, dass sie dadurch Nachteile in ihrem beruflichen oder privaten Umfeld erfahren.\u201c Was nun die Tatsache, dass nicht jeder die eigene Meinung gut finden muss damit zu tun hat, dass der Staat jemanden f\u00fcr seine Meinung nicht bestrafen darf, bleibt wie so oft im Unklaren. Einmal mehr wird aber der Opfermythos der vermeintlichen Zensur f\u00fcr sich selbst herangezogen, der auch bei neurechten Gruppen so beliebt ist.<\/p>\n<p><strong>Angriffspunkte f\u00fcr den rechten Rand<\/strong><\/p>\n<p>Und das Fazit des Abends: Inhaltlich bleibt man recht mau, geht es nicht gerade um Verschw\u00f6rungstheorien. Gerade diese inhaltliche Beliebigkeit ist es aber auch, die den Montagsmahnwachen zum Problem wird: Dadurch kann man sich zwar Eingangs von Extremisten distanzieren, zwei S\u00e4tze weiter aber eben die antisemitische M\u00e4r von der \u201eZinsknechtschaft\u201c weiter betreiben. Dadurch k\u00f6nnen auch Reichsb\u00fcrger wie der \u201eK\u00fcnstler\u201c Toni All, der bei vergangenen Mahnwachen in Regensburg zu Gast war, und andere Verschw\u00f6rungstheoretiker sich hier ein Forum aufbauen.<\/p>\n<p>Nicht, dass alle Teilnehmer dieser Mahnwachen Neonazis sind. Das sind sie beileibe nicht. Doch die fehlende inhaltliche Festlegung, gepaart mit wilden Versatzst\u00fccken antisemtischer und verschw\u00f6rungstheoretischer Topoi, bieten den idealen Ankn\u00fcpfungspunkt und N\u00e4hrboden f\u00fcr die extreme Rechte. Genau das ist die Taktik der Neuen Rechten n\u00e4mlich: Sich Br\u00fcckenk\u00f6pfe im demokratischen Lager zu sichern, \u00fcber die sie ihre Ideologie gesellschaftlich akzeptiert verbreiten k\u00f6nnen. Leider bietet gerade die Regensburger Mahnwache durch die kritiklose \u00dcbernahme fragw\u00fcrdiger Inhalte immer mehr Raum daf\u00fcr, diese Strategie erfolgreich zu fahren.<\/p>\n","protected":false},"excerpt":{"rendered":"<p>Die neuen Montagsdemonstrationen waren inzwischen auch bei uns schon einige Male Thema. Immer wieder erreichen die Redaktionen der deutschen Leitmedien die Bitte, doch \u00fcber die bundesweiten Mahnwachen zu berichten. Dem kommen wir heute mit einem Bericht \u00fcber die Regensburger Montagsdemo gerne nach.<\/p>\n","protected":false},"author":437,"featured_media":0,"comment_status":"open","ping_status":"open","sticky":false,"template":"","format":"standard","meta":{"_jetpack_memberships_contains_paid_content":false,"footnotes":""},"categories":[59],"tags":[1479,31093,32046,31100,32047],"class_list":["post-16882","post","type-post","status-publish","format-standard","hentry","category-bayern","tag-antisemitismus","tag-friedensbewegung-2014","tag-mahnwache","tag-montagsdemo","tag-zinskritik"],"yoast_head":"<!-- This site is optimized with the Yoast SEO plugin v21.0 - https:\/\/yoast.com\/wordpress\/plugins\/seo\/ -->\n<title>Verschw\u00f6rungstheorien und Antisemitismus im Namen des Friedens - St\u00f6rungsmelder<\/title>\n<meta name=\"robots\" content=\"index, follow, max-snippet:-1, max-image-preview:large, max-video-preview:-1\" \/>\n<link rel=\"canonical\" href=\"https:\/\/blog.zeit.de\/stoerungsmelder\/2014\/08\/19\/verschwoerungstheorien-und-antisemitismus-im-namen-des-friedens_16882\" \/>\n<meta property=\"og:locale\" content=\"de_DE\" \/>\n<meta property=\"og:type\" content=\"article\" \/>\n<meta property=\"og:title\" content=\"Verschw\u00f6rungstheorien und Antisemitismus im Namen des Friedens - St\u00f6rungsmelder\" \/>\n<meta property=\"og:description\" content=\"Die neuen Montagsdemonstrationen waren inzwischen auch bei uns schon einige Male Thema. Immer wieder erreichen die Redaktionen der deutschen Leitmedien die Bitte, doch \u00fcber die bundesweiten Mahnwachen zu berichten. Dem kommen wir heute mit einem Bericht \u00fcber die Regensburger Montagsdemo gerne nach.\" \/>\n<meta property=\"og:url\" content=\"https:\/\/blog.zeit.de\/stoerungsmelder\/2014\/08\/19\/verschwoerungstheorien-und-antisemitismus-im-namen-des-friedens_16882\" \/>\n<meta property=\"og:site_name\" content=\"St\u00f6rungsmelder\" \/>\n<meta property=\"article:published_time\" content=\"2014-08-19T11:31:53+00:00\" \/>\n<meta property=\"article:modified_time\" content=\"2014-08-19T11:33:41+00:00\" \/>\n<meta property=\"og:image\" content=\"https:\/\/blog.zeit.de\/stoerungsmelder\/files\/2014\/08\/Montagsdemo-Regensburg-1.jpg\" \/>\n<meta name=\"author\" content=\"Stefan Christoph\" \/>\n<meta name=\"twitter:card\" content=\"summary_large_image\" \/>\n<meta name=\"twitter:label1\" content=\"Geschrieben von\" \/>\n\t<meta name=\"twitter:data1\" content=\"Stefan Christoph\" \/>\n\t<meta name=\"twitter:label2\" content=\"Gesch\u00e4tzte Lesezeit\" \/>\n\t<meta name=\"twitter:data2\" content=\"4\u00a0Minuten\" \/>\n<script type=\"application\/ld+json\" class=\"yoast-schema-graph\">{\"@context\":\"https:\/\/schema.org\",\"@graph\":[{\"@type\":\"WebPage\",\"@id\":\"https:\/\/blog.zeit.de\/stoerungsmelder\/2014\/08\/19\/verschwoerungstheorien-und-antisemitismus-im-namen-des-friedens_16882\",\"url\":\"https:\/\/blog.zeit.de\/stoerungsmelder\/2014\/08\/19\/verschwoerungstheorien-und-antisemitismus-im-namen-des-friedens_16882\",\"name\":\"Verschw\u00f6rungstheorien und Antisemitismus im Namen des Friedens - St\u00f6rungsmelder\",\"isPartOf\":{\"@id\":\"https:\/\/blog.zeit.de\/stoerungsmelder\/#website\"},\"datePublished\":\"2014-08-19T11:31:53+00:00\",\"dateModified\":\"2014-08-19T11:33:41+00:00\",\"author\":{\"@id\":\"https:\/\/blog.zeit.de\/stoerungsmelder\/#\/schema\/person\/c0d2656ba868bb1da2dc8014c8f9be96\"},\"breadcrumb\":{\"@id\":\"https:\/\/blog.zeit.de\/stoerungsmelder\/2014\/08\/19\/verschwoerungstheorien-und-antisemitismus-im-namen-des-friedens_16882#breadcrumb\"},\"inLanguage\":\"de\",\"potentialAction\":[{\"@type\":\"ReadAction\",\"target\":[\"https:\/\/blog.zeit.de\/stoerungsmelder\/2014\/08\/19\/verschwoerungstheorien-und-antisemitismus-im-namen-des-friedens_16882\"]}]},{\"@type\":\"BreadcrumbList\",\"@id\":\"https:\/\/blog.zeit.de\/stoerungsmelder\/2014\/08\/19\/verschwoerungstheorien-und-antisemitismus-im-namen-des-friedens_16882#breadcrumb\",\"itemListElement\":[{\"@type\":\"ListItem\",\"position\":1,\"name\":\"Startseite\",\"item\":\"https:\/\/blog.zeit.de\/stoerungsmelder\"},{\"@type\":\"ListItem\",\"position\":2,\"name\":\"Verschw\u00f6rungstheorien und Antisemitismus im Namen des Friedens\"}]},{\"@type\":\"WebSite\",\"@id\":\"https:\/\/blog.zeit.de\/stoerungsmelder\/#website\",\"url\":\"https:\/\/blog.zeit.de\/stoerungsmelder\/\",\"name\":\"St\u00f6rungsmelder\",\"description\":\"Recherchen und Analysen \u00fcber die extreme Rechte\",\"potentialAction\":[{\"@type\":\"SearchAction\",\"target\":{\"@type\":\"EntryPoint\",\"urlTemplate\":\"https:\/\/blog.zeit.de\/stoerungsmelder\/?s={search_term_string}\"},\"query-input\":\"required name=search_term_string\"}],\"inLanguage\":\"de\"},{\"@type\":\"Person\",\"@id\":\"https:\/\/blog.zeit.de\/stoerungsmelder\/#\/schema\/person\/c0d2656ba868bb1da2dc8014c8f9be96\",\"name\":\"Stefan Christoph\",\"image\":{\"@type\":\"ImageObject\",\"inLanguage\":\"de\",\"@id\":\"https:\/\/blog.zeit.de\/stoerungsmelder\/#\/schema\/person\/image\/\",\"url\":\"https:\/\/secure.gravatar.com\/avatar\/eb9b1790e64a52a94a5096d5aa4d2cc373638ffc51de6e11bf71e1b02ad06608?s=96&d=mm&r=pg\",\"contentUrl\":\"https:\/\/secure.gravatar.com\/avatar\/eb9b1790e64a52a94a5096d5aa4d2cc373638ffc51de6e11bf71e1b02ad06608?s=96&d=mm&r=pg\",\"caption\":\"Stefan Christoph\"},\"url\":\"https:\/\/blog.zeit.de\/stoerungsmelder\/author\/stefanchristoph\"}]}<\/script>\n<!-- \/ Yoast SEO plugin. -->","yoast_head_json":{"title":"Verschw\u00f6rungstheorien und Antisemitismus im Namen des Friedens - St\u00f6rungsmelder","robots":{"index":"index","follow":"follow","max-snippet":"max-snippet:-1","max-image-preview":"max-image-preview:large","max-video-preview":"max-video-preview:-1"},"canonical":"https:\/\/blog.zeit.de\/stoerungsmelder\/2014\/08\/19\/verschwoerungstheorien-und-antisemitismus-im-namen-des-friedens_16882","og_locale":"de_DE","og_type":"article","og_title":"Verschw\u00f6rungstheorien und Antisemitismus im Namen des Friedens - St\u00f6rungsmelder","og_description":"Die neuen Montagsdemonstrationen waren inzwischen auch bei uns schon einige Male Thema. Immer wieder erreichen die Redaktionen der deutschen Leitmedien die Bitte, doch \u00fcber die bundesweiten Mahnwachen zu berichten. Dem kommen wir heute mit einem Bericht \u00fcber die Regensburger Montagsdemo gerne nach.","og_url":"https:\/\/blog.zeit.de\/stoerungsmelder\/2014\/08\/19\/verschwoerungstheorien-und-antisemitismus-im-namen-des-friedens_16882","og_site_name":"St\u00f6rungsmelder","article_published_time":"2014-08-19T11:31:53+00:00","article_modified_time":"2014-08-19T11:33:41+00:00","og_image":[{"url":"https:\/\/blog.zeit.de\/stoerungsmelder\/files\/2014\/08\/Montagsdemo-Regensburg-1.jpg"}],"author":"Stefan Christoph","twitter_card":"summary_large_image","twitter_misc":{"Geschrieben von":"Stefan Christoph","Gesch\u00e4tzte Lesezeit":"4\u00a0Minuten"},"schema":{"@context":"https:\/\/schema.org","@graph":[{"@type":"WebPage","@id":"https:\/\/blog.zeit.de\/stoerungsmelder\/2014\/08\/19\/verschwoerungstheorien-und-antisemitismus-im-namen-des-friedens_16882","url":"https:\/\/blog.zeit.de\/stoerungsmelder\/2014\/08\/19\/verschwoerungstheorien-und-antisemitismus-im-namen-des-friedens_16882","name":"Verschw\u00f6rungstheorien und Antisemitismus im Namen des Friedens - St\u00f6rungsmelder","isPartOf":{"@id":"https:\/\/blog.zeit.de\/stoerungsmelder\/#website"},"datePublished":"2014-08-19T11:31:53+00:00","dateModified":"2014-08-19T11:33:41+00:00","author":{"@id":"https:\/\/blog.zeit.de\/stoerungsmelder\/#\/schema\/person\/c0d2656ba868bb1da2dc8014c8f9be96"},"breadcrumb":{"@id":"https:\/\/blog.zeit.de\/stoerungsmelder\/2014\/08\/19\/verschwoerungstheorien-und-antisemitismus-im-namen-des-friedens_16882#breadcrumb"},"inLanguage":"de","potentialAction":[{"@type":"ReadAction","target":["https:\/\/blog.zeit.de\/stoerungsmelder\/2014\/08\/19\/verschwoerungstheorien-und-antisemitismus-im-namen-des-friedens_16882"]}]},{"@type":"BreadcrumbList","@id":"https:\/\/blog.zeit.de\/stoerungsmelder\/2014\/08\/19\/verschwoerungstheorien-und-antisemitismus-im-namen-des-friedens_16882#breadcrumb","itemListElement":[{"@type":"ListItem","position":1,"name":"Startseite","item":"https:\/\/blog.zeit.de\/stoerungsmelder"},{"@type":"ListItem","position":2,"name":"Verschw\u00f6rungstheorien und Antisemitismus im Namen des Friedens"}]},{"@type":"WebSite","@id":"https:\/\/blog.zeit.de\/stoerungsmelder\/#website","url":"https:\/\/blog.zeit.de\/stoerungsmelder\/","name":"St\u00f6rungsmelder","description":"Recherchen und Analysen \u00fcber die extreme Rechte","potentialAction":[{"@type":"SearchAction","target":{"@type":"EntryPoint","urlTemplate":"https:\/\/blog.zeit.de\/stoerungsmelder\/?s={search_term_string}"},"query-input":"required name=search_term_string"}],"inLanguage":"de"},{"@type":"Person","@id":"https:\/\/blog.zeit.de\/stoerungsmelder\/#\/schema\/person\/c0d2656ba868bb1da2dc8014c8f9be96","name":"Stefan Christoph","image":{"@type":"ImageObject","inLanguage":"de","@id":"https:\/\/blog.zeit.de\/stoerungsmelder\/#\/schema\/person\/image\/","url":"https:\/\/secure.gravatar.com\/avatar\/eb9b1790e64a52a94a5096d5aa4d2cc373638ffc51de6e11bf71e1b02ad06608?s=96&d=mm&r=pg","contentUrl":"https:\/\/secure.gravatar.com\/avatar\/eb9b1790e64a52a94a5096d5aa4d2cc373638ffc51de6e11bf71e1b02ad06608?s=96&d=mm&r=pg","caption":"Stefan Christoph"},"url":"https:\/\/blog.zeit.de\/stoerungsmelder\/author\/stefanchristoph"}]}},"jetpack_featured_media_url":"","jetpack_sharing_enabled":true,"_links":{"self":[{"href":"https:\/\/blog.zeit.de\/stoerungsmelder\/wp-json\/wp\/v2\/posts\/16882","targetHints":{"allow":["GET"]}}],"collection":[{"href":"https:\/\/blog.zeit.de\/stoerungsmelder\/wp-json\/wp\/v2\/posts"}],"about":[{"href":"https:\/\/blog.zeit.de\/stoerungsmelder\/wp-json\/wp\/v2\/types\/post"}],"author":[{"embeddable":true,"href":"https:\/\/blog.zeit.de\/stoerungsmelder\/wp-json\/wp\/v2\/users\/437"}],"replies":[{"embeddable":true,"href":"https:\/\/blog.zeit.de\/stoerungsmelder\/wp-json\/wp\/v2\/comments?post=16882"}],"version-history":[{"count":7,"href":"https:\/\/blog.zeit.de\/stoerungsmelder\/wp-json\/wp\/v2\/posts\/16882\/revisions"}],"predecessor-version":[{"id":16892,"href":"https:\/\/blog.zeit.de\/stoerungsmelder\/wp-json\/wp\/v2\/posts\/16882\/revisions\/16892"}],"wp:attachment":[{"href":"https:\/\/blog.zeit.de\/stoerungsmelder\/wp-json\/wp\/v2\/media?parent=16882"}],"wp:term":[{"taxonomy":"category","embeddable":true,"href":"https:\/\/blog.zeit.de\/stoerungsmelder\/wp-json\/wp\/v2\/categories?post=16882"},{"taxonomy":"post_tag","embeddable":true,"href":"https:\/\/blog.zeit.de\/stoerungsmelder\/wp-json\/wp\/v2\/tags?post=16882"}],"curies":[{"name":"wp","href":"https:\/\/api.w.org\/{rel}","templated":true}]}}