{"id":16979,"date":"2014-09-10T19:15:05","date_gmt":"2014-09-10T17:15:05","guid":{"rendered":"http:\/\/blog.zeit.de\/stoerungsmelder\/?p=16979"},"modified":"2014-09-10T19:22:29","modified_gmt":"2014-09-10T17:22:29","slug":"16979","status":"publish","type":"post","link":"https:\/\/blog.zeit.de\/stoerungsmelder\/2014\/09\/10\/16979_16979","title":{"rendered":"NPD am Scheideweg"},"content":{"rendered":"<p><figure id=\"attachment_15822\" aria-describedby=\"caption-attachment-15822\" style=\"width: 540px\" class=\"wp-caption aligncenter\"><a href=\"https:\/\/blog.zeit.de\/stoerungsmelder\/files\/2014\/04\/head-sm-mai.jpg\"><img loading=\"lazy\" decoding=\"async\" class=\"wp-image-15822 size-full\" src=\"https:\/\/blog.zeit.de\/stoerungsmelder\/files\/2014\/04\/head-sm-mai.jpg\" alt=\"Symbolbild: Trotz umfangreichen Wahlkampfes ist die NPD in Sachsen aus dem Landtag geflogen\" width=\"540\" height=\"221\" srcset=\"https:\/\/blog.zeit.de\/stoerungsmelder\/files\/2014\/04\/head-sm-mai.jpg 540w, https:\/\/blog.zeit.de\/stoerungsmelder\/files\/2014\/04\/head-sm-mai-300x122.jpg 300w\" sizes=\"auto, (max-width: 540px) 100vw, 540px\" \/><\/a><figcaption id=\"caption-attachment-15822\" class=\"wp-caption-text\">Symbolbild: Trotz umfangreichen Wahlkampfes ist die NPD in Sachsen aus dem Landtag geflogen<\/figcaption><\/figure><\/p>\n<p>Am kommenden Sonntag wird die NPD versuchen, in zwei weitere Landtage einzuziehen. Gleichzeitig beginnt in der Partei eine neue Strategiediskussion. In Th\u00fcringen und Brandenburg wird somit auch \u00fcber die Zukunft der Partei entschieden.<!--more--><\/p>\n<p><em>\u00a0Von <a href=\"https:\/\/twitter.com\/FelixMSteiner\" target=\"_blank\">Felix M. Steiner<\/a><\/em><\/p>\n<p><figure id=\"attachment_10068\" aria-describedby=\"caption-attachment-10068\" style=\"width: 200px\" class=\"wp-caption alignleft\"><a href=\"https:\/\/blog.zeit.de\/stoerungsmelder\/files\/2012\/10\/20.jpg\"><img loading=\"lazy\" decoding=\"async\" class=\"wp-image-10068 size-medium\" src=\"https:\/\/blog.zeit.de\/stoerungsmelder\/files\/2012\/10\/20-200x300.jpg\" alt=\"Udo Past\u00f6rs in Stendal\" width=\"200\" height=\"300\" srcset=\"https:\/\/blog.zeit.de\/stoerungsmelder\/files\/2012\/10\/20-200x300.jpg 200w, https:\/\/blog.zeit.de\/stoerungsmelder\/files\/2012\/10\/20.jpg 600w\" sizes=\"auto, (max-width: 200px) 100vw, 200px\" \/><\/a><figcaption id=\"caption-attachment-10068\" class=\"wp-caption-text\">Der Noch-Vorsitzende Udo Past\u00f6rs<\/figcaption><\/figure><\/p>\n<p>Neben Brandenburg wird auch in Th\u00fcringen am kommenden Samstag ein neuer Landtag gew\u00e4hlt. F\u00fcr beide Bundesl\u00e4nder scheint bereits jetzt sicher zu sein: Die \u201eAlternative f\u00fcr Deutschland\u201c wird mit nahezu zehn Prozent in beide Landtage einziehen. Bei der NPD sieht dies etwas anders aus. In Brandenburg wird der Partei kaum eine Chance auf einen Landtagseinzug einger\u00e4umt. In Th\u00fcringen hingegen stehen die letzten Prognosen bei vier Prozent und ein Einzug in den Landtag scheint somit zumindest nicht v\u00f6llig ausgeschlossen. F\u00fcr die Bundes-NPD d\u00fcrfte viel an der Landtagswahl in Th\u00fcringen h\u00e4ngen. Nach dem Ausscheiden der NPD aus dem Landtag in Sachsen ben\u00f6tigt die Partei dringend eine weitere Landtagsfraktion, um Geld in die klammen Kassen zu sp\u00fclen. Bereits aktuell l\u00e4uft eine neue Strategiedebatte in der Partei an. Die Entscheidung \u00fcber die neue Ausrichtung der Partei und damit wohl auch \u00fcber den neuen Vorsitzenden werden die Delegierten auf einem Parteitag Ende des Jahres treffen m\u00fcssen. Im f\u00fcnfzigsten Jahr des Bestehens der NPD steht die extrem rechte Gruppierung wohl erneut an einem Scheideweg, so wie zuletzt Mitte der 1990er Jahre. Neben den innerparteilichen Auseinandersetzungen l\u00e4uft au\u00dferdem weiterhin das Verbotsverfahren gegen die NPD. Past\u00f6rs ist seinen Ank\u00fcndigungen wenig gerecht geworden. In der \u00d6ffentlichkeit tritt der amtierende Vorsitzende kaum in Erscheinung und die von ihm angek\u00fcndigte harte F\u00fchrung war auch in Krisensituationen kaum wahrnehmbar. Die von vielen Seiten vorhergesagte \u201eRadikalisierung\u201c ist unter Past\u00f6rs bisher nicht eingetreten. Wer die NPD in dieser schwierigen Phase f\u00fchren wird, scheint derzeit unklar. Als einer der ersten hat der Bundespressesprecher der NPD, Frank Franz, seinen Hut in den Ring geworfen. Franz er\u00f6ffnete in der aktuellen Ausgabe der Parteizeitung mit einem Strategie-Beitrag bereits die Debatte. Doch Franz verf\u00fcgt innerparteilich nicht \u00fcber eine Hausmacht und spielte auch bei den letzten K\u00e4mpfen um den Vorsitz eher eine Nebenrolle. Die Anf\u00e4nge der Debatte lassen kaum Neues erkennen, vielmehr scheinen die alten Standpunkte, welche rund um Holger Apfels Kandidatur im Jahr 2011 bereits aufeinandertrafen, erneut in Konkurrenz zu treten: radikal oder seri\u00f6s? Beides scheint f\u00fcr die NPD nicht vereinbar zu sein. Wer genau alles als NPD-Vorsitzender kandidiert, ist derzeit noch schwer vorauszusagen. Der aktuelle Zustand der Partei \u2013 besonders auch im Inneren \u2013 ist wohl kein Wunschzeitpunkt f\u00fcr die \u00dcbernahme des Vorsitzes.<\/p>\n<p><strong>Umstrittener Spitzenkandidat in Th\u00fcringen <\/strong><\/p>\n<p><figure id=\"attachment_3202\" aria-describedby=\"caption-attachment-3202\" style=\"width: 300px\" class=\"wp-caption alignleft\"><a href=\"https:\/\/blog.zeit.de\/stoerungsmelder\/files\/2010\/05\/wieschke_patrick_mid.jpg\"><img loading=\"lazy\" decoding=\"async\" class=\"size-medium wp-image-3202\" src=\"https:\/\/blog.zeit.de\/stoerungsmelder\/files\/2010\/05\/wieschke_patrick_mid-300x190.jpg\" alt=\"Patrick Wieschke: ratlos\" width=\"300\" height=\"190\" srcset=\"https:\/\/blog.zeit.de\/stoerungsmelder\/files\/2010\/05\/wieschke_patrick_mid-300x190.jpg 300w, https:\/\/blog.zeit.de\/stoerungsmelder\/files\/2010\/05\/wieschke_patrick_mid-1023x649.jpg 1023w\" sizes=\"auto, (max-width: 300px) 100vw, 300px\" \/><\/a><figcaption id=\"caption-attachment-3202\" class=\"wp-caption-text\">Patrick Wieschke: ratlos<\/figcaption><\/figure><\/p>\n<p>Wie es mit der NPD weitergeht, wird auch davon abh\u00e4ngen, ob Th\u00fcringen demn\u00e4chst eine eigene Landtagsfraktion stellt. Die Fraktionen und ihre Vorsitzenden sind immer auch starke Machtbastionen in einer von ihnen stark abh\u00e4ngigen Partei. Doch gerade in Th\u00fcringen ger\u00e4t der Spitzenkandidat, Patrick David Wieschke, derzeit stark unter Druck. Zun\u00e4chst sorgte eine von einer antifaschistischen Recherche-Organisation ver\u00f6ffentlichte Ermittlungsakte zum <a href=\"http:\/\/www.spiegel.de\/politik\/deutschland\/npd-spitzenkandidat-wieschke-stand-unter-missbrauchsverdacht-a-990254.html\" target=\"_blank\">Vorwurf des sexuellen Missbrauchs eines 12-j\u00e4hrigen M\u00e4dchens <\/a>auch in der extrem rechten Szene f\u00fcr Aufsehen. Nur wenige Tage sp\u00e4ter erhob der Bundesvorsitzende der Neonazi-Partei \u201eDie Rechte\u201c, Christian Worch, weitere schwere Vorw\u00fcrfe gegen Wieschke. Im Jahr 1999 sei eine Demonstration verboten wurden, weil der Anmelder Patrick David Wieschke am Abend zuvor verhaftet worden sei, da er betrunken seine Mutter verpr\u00fcgelt h\u00e4tte, so Worch. Die Diskussionen auf Szeneseiten zeigen bereits jetzt einen deutlichen Imageschaden f\u00fcr Wieschke. In Th\u00fcringen begann offenbar wenige Tage nach den Ver\u00f6ffentlichungen die Diskussion \u00fcber Wieschkes Nachfolge als Landesvorsitzender. Bis zur Wahl werden sich wohl auch Wieschkes Gegner im Landesverband zur\u00fcckhalten, um den ohnehin unwahrscheinlichen Einzug nicht noch weiter zu gef\u00e4hrden. Ob Wieschke sich nach einem verpassten Landtagseinzug weiter an der Spitze des Landesverbandes halten kann, scheint derzeit immer unsicherer.<\/p>\n<p>Am Sonntagabend wird sich viel f\u00fcr die NPD entscheiden und es wird klarer sein, in welchem Zustand die Partei in den kommenden Parteitag geht. Sowohl die Frage nach der Anzahl der Landtagsfraktionen als auch nach neuen Machtzentren werden dabei eine gro\u00dfe Rolle spielen.<\/p>\n","protected":false},"excerpt":{"rendered":"<p>Am kommenden Sonntag wird die NPD versuchen, in zwei weitere Landtage einzuziehen. Gleichzeitig beginnt in der Partei eine neue Strategiediskussion. In Th\u00fcringen und Brandenburg wird somit auch \u00fcber die Zukunft der Partei entschieden.<\/p>\n","protected":false},"author":229,"featured_media":0,"comment_status":"open","ping_status":"open","sticky":false,"template":"","format":"standard","meta":{"_jetpack_memberships_contains_paid_content":false,"footnotes":""},"categories":[1451,1456,978],"tags":[32069,1716,6366,39402,1827],"class_list":["post-16979","post","type-post","status-publish","format-standard","hentry","category-brandenburg","category-sachsen","category-thuringen","tag-frank-franz","tag-npd","tag-patrick-wieschke","tag-thuringen","tag-udo-pastors"],"yoast_head":"<!-- This site is optimized with the Yoast SEO plugin v21.0 - https:\/\/yoast.com\/wordpress\/plugins\/seo\/ -->\n<title>NPD am Scheideweg - St\u00f6rungsmelder<\/title>\n<meta name=\"robots\" content=\"index, follow, max-snippet:-1, max-image-preview:large, max-video-preview:-1\" \/>\n<link rel=\"canonical\" href=\"https:\/\/blog.zeit.de\/stoerungsmelder\/2014\/09\/10\/16979_16979\" \/>\n<meta property=\"og:locale\" content=\"de_DE\" \/>\n<meta property=\"og:type\" content=\"article\" \/>\n<meta property=\"og:title\" content=\"NPD am Scheideweg - St\u00f6rungsmelder\" \/>\n<meta property=\"og:description\" content=\"Am kommenden Sonntag wird die NPD versuchen, in zwei weitere Landtage einzuziehen. Gleichzeitig beginnt in der Partei eine neue Strategiediskussion. In Th\u00fcringen und Brandenburg wird somit auch \u00fcber die Zukunft der Partei entschieden.\" \/>\n<meta property=\"og:url\" content=\"https:\/\/blog.zeit.de\/stoerungsmelder\/2014\/09\/10\/16979_16979\" \/>\n<meta property=\"og:site_name\" content=\"St\u00f6rungsmelder\" \/>\n<meta property=\"article:published_time\" content=\"2014-09-10T17:15:05+00:00\" \/>\n<meta property=\"article:modified_time\" content=\"2014-09-10T17:22:29+00:00\" \/>\n<meta property=\"og:image\" content=\"https:\/\/blog.zeit.de\/stoerungsmelder\/files\/2014\/04\/head-sm-mai.jpg\" \/>\n<meta name=\"author\" content=\"St\u00f6rungsmelder\" \/>\n<meta name=\"twitter:card\" content=\"summary_large_image\" \/>\n<meta name=\"twitter:label1\" content=\"Geschrieben von\" \/>\n\t<meta name=\"twitter:data1\" content=\"St\u00f6rungsmelder\" \/>\n\t<meta name=\"twitter:label2\" content=\"Gesch\u00e4tzte Lesezeit\" \/>\n\t<meta name=\"twitter:data2\" content=\"4\u00a0Minuten\" \/>\n<script type=\"application\/ld+json\" class=\"yoast-schema-graph\">{\"@context\":\"https:\/\/schema.org\",\"@graph\":[{\"@type\":\"WebPage\",\"@id\":\"https:\/\/blog.zeit.de\/stoerungsmelder\/2014\/09\/10\/16979_16979\",\"url\":\"https:\/\/blog.zeit.de\/stoerungsmelder\/2014\/09\/10\/16979_16979\",\"name\":\"NPD am Scheideweg - St\u00f6rungsmelder\",\"isPartOf\":{\"@id\":\"https:\/\/blog.zeit.de\/stoerungsmelder\/#website\"},\"datePublished\":\"2014-09-10T17:15:05+00:00\",\"dateModified\":\"2014-09-10T17:22:29+00:00\",\"author\":{\"@id\":\"https:\/\/blog.zeit.de\/stoerungsmelder\/#\/schema\/person\/fdd0b9818f65738672810b6d6f037f71\"},\"breadcrumb\":{\"@id\":\"https:\/\/blog.zeit.de\/stoerungsmelder\/2014\/09\/10\/16979_16979#breadcrumb\"},\"inLanguage\":\"de\",\"potentialAction\":[{\"@type\":\"ReadAction\",\"target\":[\"https:\/\/blog.zeit.de\/stoerungsmelder\/2014\/09\/10\/16979_16979\"]}]},{\"@type\":\"BreadcrumbList\",\"@id\":\"https:\/\/blog.zeit.de\/stoerungsmelder\/2014\/09\/10\/16979_16979#breadcrumb\",\"itemListElement\":[{\"@type\":\"ListItem\",\"position\":1,\"name\":\"Startseite\",\"item\":\"https:\/\/blog.zeit.de\/stoerungsmelder\"},{\"@type\":\"ListItem\",\"position\":2,\"name\":\"NPD am Scheideweg\"}]},{\"@type\":\"WebSite\",\"@id\":\"https:\/\/blog.zeit.de\/stoerungsmelder\/#website\",\"url\":\"https:\/\/blog.zeit.de\/stoerungsmelder\/\",\"name\":\"St\u00f6rungsmelder\",\"description\":\"Recherchen und Analysen \u00fcber die extreme Rechte\",\"potentialAction\":[{\"@type\":\"SearchAction\",\"target\":{\"@type\":\"EntryPoint\",\"urlTemplate\":\"https:\/\/blog.zeit.de\/stoerungsmelder\/?s={search_term_string}\"},\"query-input\":\"required name=search_term_string\"}],\"inLanguage\":\"de\"},{\"@type\":\"Person\",\"@id\":\"https:\/\/blog.zeit.de\/stoerungsmelder\/#\/schema\/person\/fdd0b9818f65738672810b6d6f037f71\",\"name\":\"St\u00f6rungsmelder\",\"image\":{\"@type\":\"ImageObject\",\"inLanguage\":\"de\",\"@id\":\"https:\/\/blog.zeit.de\/stoerungsmelder\/#\/schema\/person\/image\/\",\"url\":\"https:\/\/secure.gravatar.com\/avatar\/dfa4be514c3e82a71e4f9a0020035d38192d080ccaa5e4e6d7a1472c763535c5?s=96&d=mm&r=pg\",\"contentUrl\":\"https:\/\/secure.gravatar.com\/avatar\/dfa4be514c3e82a71e4f9a0020035d38192d080ccaa5e4e6d7a1472c763535c5?s=96&d=mm&r=pg\",\"caption\":\"St\u00f6rungsmelder\"},\"url\":\"https:\/\/blog.zeit.de\/stoerungsmelder\/author\/stoerungsmelder\"}]}<\/script>\n<!-- \/ Yoast SEO plugin. -->","yoast_head_json":{"title":"NPD am Scheideweg - St\u00f6rungsmelder","robots":{"index":"index","follow":"follow","max-snippet":"max-snippet:-1","max-image-preview":"max-image-preview:large","max-video-preview":"max-video-preview:-1"},"canonical":"https:\/\/blog.zeit.de\/stoerungsmelder\/2014\/09\/10\/16979_16979","og_locale":"de_DE","og_type":"article","og_title":"NPD am Scheideweg - St\u00f6rungsmelder","og_description":"Am kommenden Sonntag wird die NPD versuchen, in zwei weitere Landtage einzuziehen. Gleichzeitig beginnt in der Partei eine neue Strategiediskussion. In Th\u00fcringen und Brandenburg wird somit auch \u00fcber die Zukunft der Partei entschieden.","og_url":"https:\/\/blog.zeit.de\/stoerungsmelder\/2014\/09\/10\/16979_16979","og_site_name":"St\u00f6rungsmelder","article_published_time":"2014-09-10T17:15:05+00:00","article_modified_time":"2014-09-10T17:22:29+00:00","og_image":[{"url":"https:\/\/blog.zeit.de\/stoerungsmelder\/files\/2014\/04\/head-sm-mai.jpg"}],"author":"St\u00f6rungsmelder","twitter_card":"summary_large_image","twitter_misc":{"Geschrieben von":"St\u00f6rungsmelder","Gesch\u00e4tzte Lesezeit":"4\u00a0Minuten"},"schema":{"@context":"https:\/\/schema.org","@graph":[{"@type":"WebPage","@id":"https:\/\/blog.zeit.de\/stoerungsmelder\/2014\/09\/10\/16979_16979","url":"https:\/\/blog.zeit.de\/stoerungsmelder\/2014\/09\/10\/16979_16979","name":"NPD am Scheideweg - St\u00f6rungsmelder","isPartOf":{"@id":"https:\/\/blog.zeit.de\/stoerungsmelder\/#website"},"datePublished":"2014-09-10T17:15:05+00:00","dateModified":"2014-09-10T17:22:29+00:00","author":{"@id":"https:\/\/blog.zeit.de\/stoerungsmelder\/#\/schema\/person\/fdd0b9818f65738672810b6d6f037f71"},"breadcrumb":{"@id":"https:\/\/blog.zeit.de\/stoerungsmelder\/2014\/09\/10\/16979_16979#breadcrumb"},"inLanguage":"de","potentialAction":[{"@type":"ReadAction","target":["https:\/\/blog.zeit.de\/stoerungsmelder\/2014\/09\/10\/16979_16979"]}]},{"@type":"BreadcrumbList","@id":"https:\/\/blog.zeit.de\/stoerungsmelder\/2014\/09\/10\/16979_16979#breadcrumb","itemListElement":[{"@type":"ListItem","position":1,"name":"Startseite","item":"https:\/\/blog.zeit.de\/stoerungsmelder"},{"@type":"ListItem","position":2,"name":"NPD am Scheideweg"}]},{"@type":"WebSite","@id":"https:\/\/blog.zeit.de\/stoerungsmelder\/#website","url":"https:\/\/blog.zeit.de\/stoerungsmelder\/","name":"St\u00f6rungsmelder","description":"Recherchen und Analysen \u00fcber die extreme Rechte","potentialAction":[{"@type":"SearchAction","target":{"@type":"EntryPoint","urlTemplate":"https:\/\/blog.zeit.de\/stoerungsmelder\/?s={search_term_string}"},"query-input":"required name=search_term_string"}],"inLanguage":"de"},{"@type":"Person","@id":"https:\/\/blog.zeit.de\/stoerungsmelder\/#\/schema\/person\/fdd0b9818f65738672810b6d6f037f71","name":"St\u00f6rungsmelder","image":{"@type":"ImageObject","inLanguage":"de","@id":"https:\/\/blog.zeit.de\/stoerungsmelder\/#\/schema\/person\/image\/","url":"https:\/\/secure.gravatar.com\/avatar\/dfa4be514c3e82a71e4f9a0020035d38192d080ccaa5e4e6d7a1472c763535c5?s=96&d=mm&r=pg","contentUrl":"https:\/\/secure.gravatar.com\/avatar\/dfa4be514c3e82a71e4f9a0020035d38192d080ccaa5e4e6d7a1472c763535c5?s=96&d=mm&r=pg","caption":"St\u00f6rungsmelder"},"url":"https:\/\/blog.zeit.de\/stoerungsmelder\/author\/stoerungsmelder"}]}},"jetpack_featured_media_url":"","jetpack_sharing_enabled":true,"_links":{"self":[{"href":"https:\/\/blog.zeit.de\/stoerungsmelder\/wp-json\/wp\/v2\/posts\/16979","targetHints":{"allow":["GET"]}}],"collection":[{"href":"https:\/\/blog.zeit.de\/stoerungsmelder\/wp-json\/wp\/v2\/posts"}],"about":[{"href":"https:\/\/blog.zeit.de\/stoerungsmelder\/wp-json\/wp\/v2\/types\/post"}],"author":[{"embeddable":true,"href":"https:\/\/blog.zeit.de\/stoerungsmelder\/wp-json\/wp\/v2\/users\/229"}],"replies":[{"embeddable":true,"href":"https:\/\/blog.zeit.de\/stoerungsmelder\/wp-json\/wp\/v2\/comments?post=16979"}],"version-history":[{"count":6,"href":"https:\/\/blog.zeit.de\/stoerungsmelder\/wp-json\/wp\/v2\/posts\/16979\/revisions"}],"predecessor-version":[{"id":16985,"href":"https:\/\/blog.zeit.de\/stoerungsmelder\/wp-json\/wp\/v2\/posts\/16979\/revisions\/16985"}],"wp:attachment":[{"href":"https:\/\/blog.zeit.de\/stoerungsmelder\/wp-json\/wp\/v2\/media?parent=16979"}],"wp:term":[{"taxonomy":"category","embeddable":true,"href":"https:\/\/blog.zeit.de\/stoerungsmelder\/wp-json\/wp\/v2\/categories?post=16979"},{"taxonomy":"post_tag","embeddable":true,"href":"https:\/\/blog.zeit.de\/stoerungsmelder\/wp-json\/wp\/v2\/tags?post=16979"}],"curies":[{"name":"wp","href":"https:\/\/api.w.org\/{rel}","templated":true}]}}