{"id":17060,"date":"2014-09-25T18:24:40","date_gmt":"2014-09-25T16:24:40","guid":{"rendered":"http:\/\/blog.zeit.de\/stoerungsmelder\/?p=17060"},"modified":"2014-09-25T18:26:07","modified_gmt":"2014-09-25T16:26:07","slug":"komparsenfirma-feuert-neonazi-nach-auftritt-bei-berlin-tag-und-nacht","status":"publish","type":"post","link":"https:\/\/blog.zeit.de\/stoerungsmelder\/2014\/09\/25\/komparsenfirma-feuert-neonazi-nach-auftritt-bei-berlin-tag-und-nacht_17060","title":{"rendered":"Komparsenfirma feuert Neonazi nach Auftritt bei &#8222;Berlin Tag &amp; Nacht&#8220;"},"content":{"rendered":"<p><figure id=\"attachment_16942\" aria-describedby=\"caption-attachment-16942\" style=\"width: 580px\" class=\"wp-caption aligncenter\"><a href=\"https:\/\/blog.zeit.de\/stoerungsmelder\/files\/2014\/09\/killat_npd-demo.jpg\"><img loading=\"lazy\" decoding=\"async\" class=\"size-full wp-image-16942\" src=\"https:\/\/blog.zeit.de\/stoerungsmelder\/files\/2014\/09\/killat_npd-demo.jpg\" alt=\"Patrick Killat bei einem blockierten NPD-Aufmarsch in Berlin im April 2014 \u00a9 Theo Schneider\" width=\"580\" height=\"300\" srcset=\"https:\/\/blog.zeit.de\/stoerungsmelder\/files\/2014\/09\/killat_npd-demo.jpg 580w, https:\/\/blog.zeit.de\/stoerungsmelder\/files\/2014\/09\/killat_npd-demo-300x155.jpg 300w\" sizes=\"auto, (max-width: 580px) 100vw, 580px\" \/><\/a><figcaption id=\"caption-attachment-16942\" class=\"wp-caption-text\">Patrick Killat bei einem blockierten NPD-Aufmarsch in Berlin im April 2014 \u00a9 Theo Schneider<\/figcaption><\/figure><\/p>\n<p>Gerade erst hat die Polizei sein Konzert in Berlin-Mitte <a href=\"https:\/\/blog.zeit.de\/stoerungsmelder\/2014\/09\/01\/berliner-polizei-verhindert-konzert-von-nazirapper_16941\" target=\"_blank\">verhindert<\/a>, jetzt feuert ihn auch noch seine Komparsen-Firma. Es l\u00e4uft nicht gut f\u00fcr den Berliner Nazirapper\u00a0Patrick Killat, alias \u201eVillain051\u201c. Trotzdem will am kommenden Wochenende das rechtsextreme Rapduo \u201eA3stus\u201c um Killat in einem einschl\u00e4gigen Szenetreffpunkt im brandenburgischen Finowfurt auftreten.<!--more--><\/p>\n<p>Bis vor kurzem arbeitete Killat als Komparse f\u00fcr verschiedene Sendungen der Produktionsfirma Filmpool GmbH. Stolz posierte er auf seiner Facebookseite am Set von TV-Produktionen. Zuletzt hatte Killat am Dienstag eine kurze Gastrolle bei \u201eBerlin Tag &amp; Nacht\u201c auf RTL II. Doch damit ist nun Schluss. Auf Nachfrage von ZEIT ONLINE best\u00e4tigte ein Sprecher von Filmpool, dass es keine Zusammenarbeit mehr mit Killat geben werde. Die Firma wurde von den rechtsextremen Aktivit\u00e4ten des Berliners v\u00f6llig \u00fcberrascht. \u201eVon einer rechtsradikalen Gesinnung war uns zum Zeitpunkt des Drehs nichts bekannt\u201c, betonte ein Sprecher. \u201eNat\u00fcrlich wird dieser Komparse nie wieder in einer unserer Produktionen eingesetzt.\u201c Die Firma wies darauf hin, dass bei \u00fcber 160.000 Komparsen und Darstellern in ihrer Kartei, nicht jede Person im Detail \u00fcberpr\u00fcft werden k\u00f6nne. Auch der Sender RTL II erteilte dem Neonazi-Komparsen eine deutliche Absage: \u201eRTL II distanziert sich in aller Form von diskriminierenden, beleidigenden oder vorverurteilenden \u00c4u\u00dferungen\u201c, sagte eine Sprecherin dem St\u00f6rungsmelder.<\/p>\n<p>Am Wochenende will Killat nun in Brandenburg auftreten. Die umtriebigen Brandenburger Neonazi-Aktivisten Klaus und Sybille Mann, die auf eine langj\u00e4hrige rechtsextreme Vergangenheit blicken k\u00f6nnen, planen f\u00fcr kommenden Samstag ihr allj\u00e4hrliches \u201eSommerfest\u201c auf ihrem Gel\u00e4nde in Finowfurt. Beide sind nach Stationen bei DVU und NPD mittlerweile im Vorstand des Brandenburger Landesverbandes von \u201eDie Rechte\u201c aktiv. Immer wieder stellten sie in den vergangenen Jahren ihr Gel\u00e4nde f\u00fcr rechtsextreme Musikevents und Veranstaltungen zur Verf\u00fcgung. Zuletzt organisierte die Neonazikameradschaft \u201eM\u00e4rkische Skinheads 88\u2033 im August ein Sportfest. <a href=\"http:\/\/www.inforiot.de\/27-9-nazikonzert-in-finowfurt\/\">Nach Informationen von Inforiot<\/a> bewirbt eine \u201eKame\u00adrad\u00adschaft Kom\u00admando Wer\u00adwolf\u201c (KSKW) das diesj\u00e4hrige Konzert. Das Rapduo \u201eA3stus\u201c k\u00fcndigt auf seiner Facebookseite ihren Auftritt an.<\/p>\n<p><figure id=\"attachment_14787\" aria-describedby=\"caption-attachment-14787\" style=\"width: 300px\" class=\"wp-caption alignright\"><a href=\"https:\/\/blog.zeit.de\/stoerungsmelder\/files\/2014\/01\/nazi_rap.png\"><img loading=\"lazy\" decoding=\"async\" class=\"size-medium wp-image-14787\" src=\"https:\/\/blog.zeit.de\/stoerungsmelder\/files\/2014\/01\/nazi_rap-300x182.png\" alt=\"Nazirapper Killat vor der Fl\u00fcchtlingsunterkunft in Marzahn-Hellersdorf\" width=\"300\" height=\"182\" srcset=\"https:\/\/blog.zeit.de\/stoerungsmelder\/files\/2014\/01\/nazi_rap-300x182.png 300w, https:\/\/blog.zeit.de\/stoerungsmelder\/files\/2014\/01\/nazi_rap.png 646w\" sizes=\"auto, (max-width: 300px) 100vw, 300px\" \/><\/a><figcaption id=\"caption-attachment-14787\" class=\"wp-caption-text\">Nazirapper Killat vor der Fl\u00fcchtlingsunterkunft in Marzahn-Hellersdorf<\/figcaption><\/figure><\/p>\n<p>Deren Mitglieder hatten in letzter Zeit wenig Erfolg mit Konzertauftritten. <a href=\"https:\/\/blog.zeit.de\/stoerungsmelder\/2014\/09\/01\/berliner-polizei-verhindert-konzert-von-nazirapper_16941\">Ein f\u00fcr Ende August geplantes Konzert von \u201eA3stus\u201c in einem Club in Berlin-Mitte wurde von der Polizei aufgel\u00f6st und die anwesenden 26 Neonazis kontrolliert<\/a>. Nur wenige Wochen zuvor untersagte ein Clubbetreiber in Eberswalde einen Auftritt der beiden und verhinderte ebenfalls das Konzert. Antifa-Initiativen hatten den Club \u201eOmega\u201c in Ebers\u00adwalde \u00fcber den Hintergrund von \u201eA3stus\u201c informiert, die daraufhin den Auftritt absagten. <a href=\"http:\/\/www.inforiot.de\/kein-nazirap-in-eberswalde\/\">Man habe keine Kennt\u00adnis \u00fcber den neo\u00adna\u00adzisti\u00adschen Hin\u00adter\u00adgrund der Musi\u00adker gehabt, hie\u00df es.<\/a><\/p>\n<p><figure id=\"attachment_17061\" aria-describedby=\"caption-attachment-17061\" style=\"width: 220px\" class=\"wp-caption alignleft\"><a href=\"https:\/\/blog.zeit.de\/stoerungsmelder\/files\/2014\/09\/Killat2.jpg\"><img loading=\"lazy\" decoding=\"async\" class=\" wp-image-17061\" src=\"https:\/\/blog.zeit.de\/stoerungsmelder\/files\/2014\/09\/Killat2.jpg\" alt=\"Nazikomparse unerw\u00fcnscht: RTL II feuert Patrick Killat\" width=\"220\" height=\"333\" srcset=\"https:\/\/blog.zeit.de\/stoerungsmelder\/files\/2014\/09\/Killat2.jpg 512w, https:\/\/blog.zeit.de\/stoerungsmelder\/files\/2014\/09\/Killat2-198x300.jpg 198w\" sizes=\"auto, (max-width: 220px) 100vw, 220px\" \/><\/a><figcaption id=\"caption-attachment-17061\" class=\"wp-caption-text\">Nazikomparse unerw\u00fcnscht: RTL II feuert Patrick Killat (2.v.r.)<\/figcaption><\/figure><\/p>\n<p>Killat ist seit Jahren in der rechten Szene Berlins aktiv. Zun\u00e4chst versuchte er erfolglos mit der rechten Rapperin <a href=\"http:\/\/www.netz-gegen-nazis.de\/artikel\/rappen-fuers-vaterland-9511\" target=\"_blank\">Mia Herm (alias \u201eDee Ex\u201c)<\/a> eine Kooperation. Er nahm bereits mehrfach an rechtsextremen Aufm\u00e4rschen, zuletzt am 26. April 2014 bei einem NPD-Aufmarsch in Berlin teil. Bundesweit bekannt wurde Killat, weil er ein antisemitisches und rassistisches <a href=\"https:\/\/blog.zeit.de\/stoerungsmelder\/2014\/01\/24\/nazirap-vor-fluchtlingsunterkunft_14783\" target=\"_blank\">Musikvideo vor dem Fl\u00fcchtlingsheim<\/a> in Marzahn-Hellersdorf drehte und im Internet ver\u00f6ffentlichte. &#8222;Befreit euch von der L\u00fcge, Br\u00fcder dieser Welt vereinigt euch und Zion f\u00e4llt. Ihm geht es nicht mehr um Religion oder Volk. Nein, er kommt \u00fcber Nacht und will nur euer Gold&#8220;, singt er in dem Hetzlied. Killat verf\u00fcgt zudem \u00fcber gute Kontakte zu der Brandenburger Kameradschaft \u201eBarnimer Freundschaft\u201c. Derzeit l\u00e4uft wegen seiner antisemitischer Lieder ein Indizierungsverfahren.<\/p>\n<p><img loading=\"lazy\" decoding=\"async\" src=\"http:\/\/vg06.met.vgwort.de\/na\/f662d60129ce4c8392fe91694d5cba47\" alt=\"\" width=\"1\" height=\"1\" \/><\/p>\n","protected":false},"excerpt":{"rendered":"<p>Gerade erst hat die Polizei sein Konzert in Berlin-Mitte verhindert, jetzt feuert ihn auch noch seine Komparsen-Firma. Es l\u00e4uft nicht gut f\u00fcr den Berliner Nazirapper\u00a0Patrick Killat, alias \u201eVillain051\u201c. Trotzdem will am kommenden Wochenende das rechtsextreme Rapduo \u201eA3stus\u201c um Killat in einem einschl\u00e4gigen Szenetreffpunkt im brandenburgischen Finowfurt auftreten.<\/p>\n","protected":false},"author":389,"featured_media":0,"comment_status":"open","ping_status":"open","sticky":false,"template":"","format":"standard","meta":{"_jetpack_memberships_contains_paid_content":false,"footnotes":""},"categories":[249,1451],"tags":[32057,32059,39401,32061,24535,32083,28132,32085,28131,17808,1695,1709,1711,1716,29385,97,22927,1765,32082,32084,29384],"class_list":["post-17060","post","type-post","status-publish","format-standard","hentry","category-berlin","category-brandenburg","tag-a3stus","tag-barnimer-freundschaft","tag-berlin","tag-dee-ex","tag-die-rechte","tag-filmpool","tag-finowfurt","tag-kameradschaft-kommando-werwolf","tag-klaus-mann","tag-mia-herm","tag-musik","tag-nazis","tag-neonazis","tag-npd","tag-patrick-killat","tag-rassismus","tag-rechtsrap","tag-rechtsrock","tag-rtl-ii","tag-sybille-mann","tag-villain051"],"yoast_head":"<!-- This site is optimized with the Yoast SEO plugin v21.0 - https:\/\/yoast.com\/wordpress\/plugins\/seo\/ -->\n<title>Komparsenfirma feuert Neonazi nach Auftritt bei &quot;Berlin Tag &amp; Nacht&quot; - St\u00f6rungsmelder<\/title>\n<meta name=\"robots\" content=\"index, follow, max-snippet:-1, max-image-preview:large, max-video-preview:-1\" \/>\n<link rel=\"canonical\" href=\"https:\/\/blog.zeit.de\/stoerungsmelder\/2014\/09\/25\/komparsenfirma-feuert-neonazi-nach-auftritt-bei-berlin-tag-und-nacht_17060\" \/>\n<meta property=\"og:locale\" content=\"de_DE\" \/>\n<meta property=\"og:type\" content=\"article\" \/>\n<meta property=\"og:title\" content=\"Komparsenfirma feuert Neonazi nach Auftritt bei &quot;Berlin Tag &amp; Nacht&quot; - St\u00f6rungsmelder\" \/>\n<meta property=\"og:description\" content=\"Gerade erst hat die Polizei sein Konzert in Berlin-Mitte verhindert, jetzt feuert ihn auch noch seine Komparsen-Firma. Es l\u00e4uft nicht gut f\u00fcr den Berliner Nazirapper\u00a0Patrick Killat, alias \u201eVillain051\u201c. Trotzdem will am kommenden Wochenende das rechtsextreme Rapduo \u201eA3stus\u201c um Killat in einem einschl\u00e4gigen Szenetreffpunkt im brandenburgischen Finowfurt auftreten.\" \/>\n<meta property=\"og:url\" content=\"https:\/\/blog.zeit.de\/stoerungsmelder\/2014\/09\/25\/komparsenfirma-feuert-neonazi-nach-auftritt-bei-berlin-tag-und-nacht_17060\" \/>\n<meta property=\"og:site_name\" content=\"St\u00f6rungsmelder\" \/>\n<meta property=\"article:published_time\" content=\"2014-09-25T16:24:40+00:00\" \/>\n<meta property=\"article:modified_time\" content=\"2014-09-25T16:26:07+00:00\" \/>\n<meta property=\"og:image\" content=\"https:\/\/blog.zeit.de\/stoerungsmelder\/files\/2014\/09\/killat_npd-demo.jpg\" \/>\n<meta name=\"author\" content=\"Theo Schneider\" \/>\n<meta name=\"twitter:card\" content=\"summary_large_image\" \/>\n<meta name=\"twitter:label1\" content=\"Geschrieben von\" \/>\n\t<meta name=\"twitter:data1\" content=\"Theo Schneider\" \/>\n\t<meta name=\"twitter:label2\" content=\"Gesch\u00e4tzte Lesezeit\" \/>\n\t<meta name=\"twitter:data2\" content=\"3\u00a0Minuten\" \/>\n<script type=\"application\/ld+json\" class=\"yoast-schema-graph\">{\"@context\":\"https:\/\/schema.org\",\"@graph\":[{\"@type\":\"WebPage\",\"@id\":\"https:\/\/blog.zeit.de\/stoerungsmelder\/2014\/09\/25\/komparsenfirma-feuert-neonazi-nach-auftritt-bei-berlin-tag-und-nacht_17060\",\"url\":\"https:\/\/blog.zeit.de\/stoerungsmelder\/2014\/09\/25\/komparsenfirma-feuert-neonazi-nach-auftritt-bei-berlin-tag-und-nacht_17060\",\"name\":\"Komparsenfirma feuert Neonazi nach Auftritt bei \\\"Berlin Tag &amp; Nacht\\\" - St\u00f6rungsmelder\",\"isPartOf\":{\"@id\":\"https:\/\/blog.zeit.de\/stoerungsmelder\/#website\"},\"datePublished\":\"2014-09-25T16:24:40+00:00\",\"dateModified\":\"2014-09-25T16:26:07+00:00\",\"author\":{\"@id\":\"https:\/\/blog.zeit.de\/stoerungsmelder\/#\/schema\/person\/b626c794a205b599e37781d4c34ea71c\"},\"breadcrumb\":{\"@id\":\"https:\/\/blog.zeit.de\/stoerungsmelder\/2014\/09\/25\/komparsenfirma-feuert-neonazi-nach-auftritt-bei-berlin-tag-und-nacht_17060#breadcrumb\"},\"inLanguage\":\"de\",\"potentialAction\":[{\"@type\":\"ReadAction\",\"target\":[\"https:\/\/blog.zeit.de\/stoerungsmelder\/2014\/09\/25\/komparsenfirma-feuert-neonazi-nach-auftritt-bei-berlin-tag-und-nacht_17060\"]}]},{\"@type\":\"BreadcrumbList\",\"@id\":\"https:\/\/blog.zeit.de\/stoerungsmelder\/2014\/09\/25\/komparsenfirma-feuert-neonazi-nach-auftritt-bei-berlin-tag-und-nacht_17060#breadcrumb\",\"itemListElement\":[{\"@type\":\"ListItem\",\"position\":1,\"name\":\"Startseite\",\"item\":\"https:\/\/blog.zeit.de\/stoerungsmelder\"},{\"@type\":\"ListItem\",\"position\":2,\"name\":\"Komparsenfirma feuert Neonazi nach Auftritt bei &#8222;Berlin Tag &amp; Nacht&#8220;\"}]},{\"@type\":\"WebSite\",\"@id\":\"https:\/\/blog.zeit.de\/stoerungsmelder\/#website\",\"url\":\"https:\/\/blog.zeit.de\/stoerungsmelder\/\",\"name\":\"St\u00f6rungsmelder\",\"description\":\"Recherchen und Analysen \u00fcber die extreme Rechte\",\"potentialAction\":[{\"@type\":\"SearchAction\",\"target\":{\"@type\":\"EntryPoint\",\"urlTemplate\":\"https:\/\/blog.zeit.de\/stoerungsmelder\/?s={search_term_string}\"},\"query-input\":\"required name=search_term_string\"}],\"inLanguage\":\"de\"},{\"@type\":\"Person\",\"@id\":\"https:\/\/blog.zeit.de\/stoerungsmelder\/#\/schema\/person\/b626c794a205b599e37781d4c34ea71c\",\"name\":\"Theo Schneider\",\"image\":{\"@type\":\"ImageObject\",\"inLanguage\":\"de\",\"@id\":\"https:\/\/blog.zeit.de\/stoerungsmelder\/#\/schema\/person\/image\/\",\"url\":\"https:\/\/secure.gravatar.com\/avatar\/30c9f7cef1f5d9c6b383208e332bc9f722c0b390bcf0234795787c9a45df46fd?s=96&d=mm&r=pg\",\"contentUrl\":\"https:\/\/secure.gravatar.com\/avatar\/30c9f7cef1f5d9c6b383208e332bc9f722c0b390bcf0234795787c9a45df46fd?s=96&d=mm&r=pg\",\"caption\":\"Theo Schneider\"},\"url\":\"https:\/\/blog.zeit.de\/stoerungsmelder\/author\/theoschneider\"}]}<\/script>\n<!-- \/ Yoast SEO plugin. -->","yoast_head_json":{"title":"Komparsenfirma feuert Neonazi nach Auftritt bei \"Berlin Tag &amp; Nacht\" - St\u00f6rungsmelder","robots":{"index":"index","follow":"follow","max-snippet":"max-snippet:-1","max-image-preview":"max-image-preview:large","max-video-preview":"max-video-preview:-1"},"canonical":"https:\/\/blog.zeit.de\/stoerungsmelder\/2014\/09\/25\/komparsenfirma-feuert-neonazi-nach-auftritt-bei-berlin-tag-und-nacht_17060","og_locale":"de_DE","og_type":"article","og_title":"Komparsenfirma feuert Neonazi nach Auftritt bei \"Berlin Tag &amp; Nacht\" - St\u00f6rungsmelder","og_description":"Gerade erst hat die Polizei sein Konzert in Berlin-Mitte verhindert, jetzt feuert ihn auch noch seine Komparsen-Firma. Es l\u00e4uft nicht gut f\u00fcr den Berliner Nazirapper\u00a0Patrick Killat, alias \u201eVillain051\u201c. Trotzdem will am kommenden Wochenende das rechtsextreme Rapduo \u201eA3stus\u201c um Killat in einem einschl\u00e4gigen Szenetreffpunkt im brandenburgischen Finowfurt auftreten.","og_url":"https:\/\/blog.zeit.de\/stoerungsmelder\/2014\/09\/25\/komparsenfirma-feuert-neonazi-nach-auftritt-bei-berlin-tag-und-nacht_17060","og_site_name":"St\u00f6rungsmelder","article_published_time":"2014-09-25T16:24:40+00:00","article_modified_time":"2014-09-25T16:26:07+00:00","og_image":[{"url":"https:\/\/blog.zeit.de\/stoerungsmelder\/files\/2014\/09\/killat_npd-demo.jpg"}],"author":"Theo Schneider","twitter_card":"summary_large_image","twitter_misc":{"Geschrieben von":"Theo Schneider","Gesch\u00e4tzte Lesezeit":"3\u00a0Minuten"},"schema":{"@context":"https:\/\/schema.org","@graph":[{"@type":"WebPage","@id":"https:\/\/blog.zeit.de\/stoerungsmelder\/2014\/09\/25\/komparsenfirma-feuert-neonazi-nach-auftritt-bei-berlin-tag-und-nacht_17060","url":"https:\/\/blog.zeit.de\/stoerungsmelder\/2014\/09\/25\/komparsenfirma-feuert-neonazi-nach-auftritt-bei-berlin-tag-und-nacht_17060","name":"Komparsenfirma feuert Neonazi nach Auftritt bei \"Berlin Tag &amp; Nacht\" - St\u00f6rungsmelder","isPartOf":{"@id":"https:\/\/blog.zeit.de\/stoerungsmelder\/#website"},"datePublished":"2014-09-25T16:24:40+00:00","dateModified":"2014-09-25T16:26:07+00:00","author":{"@id":"https:\/\/blog.zeit.de\/stoerungsmelder\/#\/schema\/person\/b626c794a205b599e37781d4c34ea71c"},"breadcrumb":{"@id":"https:\/\/blog.zeit.de\/stoerungsmelder\/2014\/09\/25\/komparsenfirma-feuert-neonazi-nach-auftritt-bei-berlin-tag-und-nacht_17060#breadcrumb"},"inLanguage":"de","potentialAction":[{"@type":"ReadAction","target":["https:\/\/blog.zeit.de\/stoerungsmelder\/2014\/09\/25\/komparsenfirma-feuert-neonazi-nach-auftritt-bei-berlin-tag-und-nacht_17060"]}]},{"@type":"BreadcrumbList","@id":"https:\/\/blog.zeit.de\/stoerungsmelder\/2014\/09\/25\/komparsenfirma-feuert-neonazi-nach-auftritt-bei-berlin-tag-und-nacht_17060#breadcrumb","itemListElement":[{"@type":"ListItem","position":1,"name":"Startseite","item":"https:\/\/blog.zeit.de\/stoerungsmelder"},{"@type":"ListItem","position":2,"name":"Komparsenfirma feuert Neonazi nach Auftritt bei &#8222;Berlin Tag &amp; Nacht&#8220;"}]},{"@type":"WebSite","@id":"https:\/\/blog.zeit.de\/stoerungsmelder\/#website","url":"https:\/\/blog.zeit.de\/stoerungsmelder\/","name":"St\u00f6rungsmelder","description":"Recherchen und Analysen \u00fcber die extreme Rechte","potentialAction":[{"@type":"SearchAction","target":{"@type":"EntryPoint","urlTemplate":"https:\/\/blog.zeit.de\/stoerungsmelder\/?s={search_term_string}"},"query-input":"required name=search_term_string"}],"inLanguage":"de"},{"@type":"Person","@id":"https:\/\/blog.zeit.de\/stoerungsmelder\/#\/schema\/person\/b626c794a205b599e37781d4c34ea71c","name":"Theo Schneider","image":{"@type":"ImageObject","inLanguage":"de","@id":"https:\/\/blog.zeit.de\/stoerungsmelder\/#\/schema\/person\/image\/","url":"https:\/\/secure.gravatar.com\/avatar\/30c9f7cef1f5d9c6b383208e332bc9f722c0b390bcf0234795787c9a45df46fd?s=96&d=mm&r=pg","contentUrl":"https:\/\/secure.gravatar.com\/avatar\/30c9f7cef1f5d9c6b383208e332bc9f722c0b390bcf0234795787c9a45df46fd?s=96&d=mm&r=pg","caption":"Theo Schneider"},"url":"https:\/\/blog.zeit.de\/stoerungsmelder\/author\/theoschneider"}]}},"jetpack_featured_media_url":"","jetpack_sharing_enabled":true,"_links":{"self":[{"href":"https:\/\/blog.zeit.de\/stoerungsmelder\/wp-json\/wp\/v2\/posts\/17060","targetHints":{"allow":["GET"]}}],"collection":[{"href":"https:\/\/blog.zeit.de\/stoerungsmelder\/wp-json\/wp\/v2\/posts"}],"about":[{"href":"https:\/\/blog.zeit.de\/stoerungsmelder\/wp-json\/wp\/v2\/types\/post"}],"author":[{"embeddable":true,"href":"https:\/\/blog.zeit.de\/stoerungsmelder\/wp-json\/wp\/v2\/users\/389"}],"replies":[{"embeddable":true,"href":"https:\/\/blog.zeit.de\/stoerungsmelder\/wp-json\/wp\/v2\/comments?post=17060"}],"version-history":[{"count":11,"href":"https:\/\/blog.zeit.de\/stoerungsmelder\/wp-json\/wp\/v2\/posts\/17060\/revisions"}],"predecessor-version":[{"id":17075,"href":"https:\/\/blog.zeit.de\/stoerungsmelder\/wp-json\/wp\/v2\/posts\/17060\/revisions\/17075"}],"wp:attachment":[{"href":"https:\/\/blog.zeit.de\/stoerungsmelder\/wp-json\/wp\/v2\/media?parent=17060"}],"wp:term":[{"taxonomy":"category","embeddable":true,"href":"https:\/\/blog.zeit.de\/stoerungsmelder\/wp-json\/wp\/v2\/categories?post=17060"},{"taxonomy":"post_tag","embeddable":true,"href":"https:\/\/blog.zeit.de\/stoerungsmelder\/wp-json\/wp\/v2\/tags?post=17060"}],"curies":[{"name":"wp","href":"https:\/\/api.w.org\/{rel}","templated":true}]}}