{"id":17076,"date":"2014-09-26T14:48:56","date_gmt":"2014-09-26T12:48:56","guid":{"rendered":"http:\/\/blog.zeit.de\/stoerungsmelder\/?p=17076"},"modified":"2014-09-26T14:48:56","modified_gmt":"2014-09-26T12:48:56","slug":"afd-abgeordneter-postete-antisemitische-facebook-eintraege","status":"publish","type":"post","link":"https:\/\/blog.zeit.de\/stoerungsmelder\/2014\/09\/26\/afd-abgeordneter-postete-antisemitische-facebook-eintraege_17076","title":{"rendered":"AfD-Abgeordneter postete antisemitische Facebook-Eintr\u00e4ge"},"content":{"rendered":"<p>Nach dem Mandatsverzicht des politischen Ziehsohns von Landesparteichef Alexander Gauland bereitet Nachr\u00fccker Jan-Ulrich Wei\u00df nun Probleme &#8211; mit rechten und antisemitischen Facebook-Eintr\u00e4gen. Der Chef der Gr\u00fcnen-Landtagsfraktion hat Strafanzeige wegen Volksverhetzung gestellt.<!--more--><\/p>\n<p><em>Von Alexander Fr\u00f6hlich und Fabian Leber<\/em><\/p>\n<p>AfD-Landeschef und Fraktionschef Alexander Gauland ist bekannt daf\u00fcr, auf rechtsextreme Grenz\u00fcberschreitungen aus AfD-Reihen hart zu reagieren. Wie wird er dann mit Jan-Ulrich Wei\u00df umgehen, der \u00fcberraschend am Donnerstag f\u00fcr Stefan Hein in der Landtagsfraktion nachr\u00fcckte, und mit stramm rechten Eintr\u00e4gen auf Facebook provoziert? Wei\u00df ist 39 Jahre alt, siebenfacher Vater aus Templin und handelt mit Holz und Wild. Einfacher wird es mit ihm f\u00fcr die AfD und f\u00fcr Gaulands Kampf um den Ruf der Partei nicht.<\/p>\n<p>Auf seinem \u00f6ffentlichen Facebook-Profil, das mittlerweile gel\u00f6scht ist, verbreitete Wei\u00df antisemitische Verschw\u00f6rungstheorien und Hetze. Au\u00dferdem hat er einen Link zu einem Bericht \u00fcber den Prozess um die Morde des Neonazi-Terrortrios NSU geteilt mit der \u00dcberschrift: &#8222;Ex-V-Mann schm\u00e4ht NSU-Verfahren als Schauprozess&#8220;. Der kurze Kommentar von Wei\u00df dazu: &#8222;Mehr ist es auch nicht.&#8220;<\/p>\n<p>Gauland will nun hart durchgreifen. \u201eWir haben um 14 Uhr ein Gespr\u00e4ch, sollte er das Mandat nicht zur\u00fcckgeben: In meine Fraktion kommt er nicht. Er wird nicht Teil der AfD-Fraktion werden, da bin ich fest entschlossen\u201c, sagte Gauland. Inzwischen hat der Chef der Gr\u00fcnen-Landtagsfraktion, Axel Vogel, Strafanzeige wegen Volksverhetzung gegen Wei\u00df bei der brandenburgischen Generalstaatsanwaltschaft gestellt. Er forderte Gauland auf, Wei\u00df nicht in die Fraktion aufzunehmen. \u201eDie b\u00fcrgerliche Fassade der AfD br\u00f6ckelt immer mehr \u2013 nach fremdenfeindlichen Ressentiments kommen nun auch noch unverhohlener Antisemitismus und rechtsextreme Verschw\u00f6rungstheorien zum Vorschein\u201c, sagte Vogel. \u201eWer Karikaturen in St\u00fcrmer-Manier verbreitet, ist im brandenburgischen Landtag fehl am Platz.\u201c<\/p>\n<p>SPD-Fraktionschef Klaus Ness sagte: \u201eUnsere schlimmen Bef\u00fcrchtungen best\u00e4tigen sich jetzt: Die AfD erweist sich als Partei, die auch Rechtsextreme anzieht und ihnen eine Plattform bietet.\u201c Auch er forderte, Gauland m\u00fcsse verhindern, dass Wei\u00df Mitglied des Brandenburger Landtags wird \u2013 \u201eund sich auch von den anderen Rechtsau\u00dfen-Leuten in seiner Partei und Fraktion zu trennen\u201c.<\/p>\n<p><strong>Stefan Hein verzichtet auf Mandat<\/strong><\/p>\n<p>Stefan Hein hatte am Donnerstag sein Mandatsverzicht erkl\u00e4rt. Ausl\u00f6ser war ein Bericht des Nachrichtenmagazins &#8222;Der Spiegel&#8220; vom Wochenende, wonach Gauland nach Angaben eines namentlich nicht genannten &#8222;engsten Getreuen&#8220; zu rechtslastige Abgeordnete loswerden wolle und belastendes Material sammle. Gauland hatte dies am Sonntag energisch dementiert und wurde zugleich zum Chef der neuen elfk\u00f6pfigen Fraktion gew\u00e4hlt. Zudem hatte er angek\u00fcndigt, rechtliche Schritte gegen den &#8222;Spiegel&#8220; einleiten zu wollen.<\/p>\n<p>Dazu kommt es nun doch nicht. Denn Hein, von Beruf Kommunikationsberater, hat zugegeben, jener engster Vertrauter zu sein, ohne Gaulands Wissen den belastenden Bericht lanciert und den &#8222;Spiegel&#8220; in Mails, Telefonaten und SMS mit Informationen versorgt zu haben. Pikant an der Aff\u00e4re sind die famili\u00e4ren Bande zwischen Gauland und dem 30-j\u00e4hrigen Hein: Dessen Mutter, Carola Hein, ist die Lebensgef\u00e4hrtin von Gauland. Sie erledigt abends daheim die Partei-E-Mails, tags\u00fcber arbeitet sie als Lokalredakteurin bei der M\u00e4rkischen Allgemeinen Zeitung, deren Herausgeber wiederum Gauland 14 Jahre lang war.<\/p>\n<p><strong>Keine Bedenken gegen\u00fcber den vier Abgeordneten<\/strong><\/p>\n<p>Stefan Hein hatte kompromittierendes Material \u00fcber Fraktionsmitglieder, die fr\u00fcher in den vom Verfassungsschutz beobachteten Rechtsau\u00dfen-Parteien &#8222;Freiheit&#8220;, &#8222;Bund Freier B\u00fcrger&#8220; und &#8222;Pro Deutschland&#8220; aktiv waren, gesammelt und wollte sie davon abhalten, ihr Mandat anzunehmen &#8211; offenbar aus Sorge um den Ruf der AfD, die bei der Wahl 12,2 Prozent der Stimmen geholt hatte und mit elf Abgeordneten in den Landtag einzieht.<\/p>\n<p>Der 73-j\u00e4hrige Gauland selbst sprach von einem schweren Fehlverhalten Heins, das in keiner Weise entschuldbar sei. &#8222;Er wollte mir auf verquere Weise nutzen&#8220;, sagte Gauland dem Tagesspiegel. Man k\u00f6nne nicht den Versuch machen &#8211; hinter dem R\u00fccken der Kollegen und \u00fcber ein Medium -, die Partei zu s\u00e4ubern und Menschen, die einem pers\u00f6nlich unliebsam sind, hinauszudr\u00e4ngen. Stattdessen lie\u00df Gauland erkl\u00e4ren, dass die vier Abgeordneten mit Rechtsau\u00dfen-Vergangenheit &#8222;das uneingeschr\u00e4nkte Vertrauen der Fraktionsspitze und aller Mitglieder der Fraktion&#8220; genie\u00dfen. Und die Fraktion sprach Gauland im Gegenzug auf einer Sondersitzung am Donnerstag das Vertrauen aus.<\/p>\n<p>Der hat jedenfalls keine Bedenken wegen der vier Abgeordneten, die nach Ansicht Heins h\u00e4tten gef\u00e4hrlich werden k\u00f6nnen f\u00fcr die AfD. Auch wenn SPD-Fraktionschef Klaus Ness der AfD vorwirft, &#8222;rechtsau\u00dfen nicht ganz dicht&#8220; zu sein, oder der Politikwissenschaftler Gideon Botsch vom Potsdamer Moses Mendelssohn Zentrum die AfD als &#8222;nationalpopulistische Rechtspartei&#8220; einstuft. Gauland spricht vielmehr von einer zweiten Chance, jeder k\u00f6nne sich mal irren &#8211; so wie bei den Linken, die bisher in der Regierung waren und nun erneut Rot-Rot mit der SPD aushandeln. Er habe bei keinem der vier Abgeordneten erlebt, dass dieser fr\u00fchere Positionen vertrete.<\/p>\n","protected":false},"excerpt":{"rendered":"<p>Nach dem Mandatsverzicht des politischen Ziehsohns von Landesparteichef Alexander Gauland bereitet Nachr\u00fccker Jan-Ulrich Wei\u00df nun Probleme &#8211; mit rechten und antisemitischen Facebook-Eintr\u00e4gen. Der Chef der Gr\u00fcnen-Landtagsfraktion hat Strafanzeige wegen Volksverhetzung gestellt.<\/p>\n","protected":false},"author":229,"featured_media":0,"comment_status":"open","ping_status":"open","sticky":false,"template":"","format":"standard","meta":{"_jetpack_memberships_contains_paid_content":false,"footnotes":""},"categories":[1451],"tags":[28267,1479],"class_list":["post-17076","post","type-post","status-publish","format-standard","hentry","category-brandenburg","tag-afd","tag-antisemitismus"],"yoast_head":"<!-- This site is optimized with the Yoast SEO plugin v21.0 - https:\/\/yoast.com\/wordpress\/plugins\/seo\/ -->\n<title>AfD-Abgeordneter postete antisemitische Facebook-Eintr\u00e4ge - St\u00f6rungsmelder<\/title>\n<meta name=\"robots\" content=\"index, follow, max-snippet:-1, max-image-preview:large, max-video-preview:-1\" \/>\n<link rel=\"canonical\" href=\"https:\/\/blog.zeit.de\/stoerungsmelder\/2014\/09\/26\/afd-abgeordneter-postete-antisemitische-facebook-eintraege_17076\" \/>\n<meta property=\"og:locale\" content=\"de_DE\" \/>\n<meta property=\"og:type\" content=\"article\" \/>\n<meta property=\"og:title\" content=\"AfD-Abgeordneter postete antisemitische Facebook-Eintr\u00e4ge - St\u00f6rungsmelder\" \/>\n<meta property=\"og:description\" content=\"Nach dem Mandatsverzicht des politischen Ziehsohns von Landesparteichef Alexander Gauland bereitet Nachr\u00fccker Jan-Ulrich Wei\u00df nun Probleme &#8211; mit rechten und antisemitischen Facebook-Eintr\u00e4gen. Der Chef der Gr\u00fcnen-Landtagsfraktion hat Strafanzeige wegen Volksverhetzung gestellt.\" \/>\n<meta property=\"og:url\" content=\"https:\/\/blog.zeit.de\/stoerungsmelder\/2014\/09\/26\/afd-abgeordneter-postete-antisemitische-facebook-eintraege_17076\" \/>\n<meta property=\"og:site_name\" content=\"St\u00f6rungsmelder\" \/>\n<meta property=\"article:published_time\" content=\"2014-09-26T12:48:56+00:00\" \/>\n<meta name=\"author\" content=\"St\u00f6rungsmelder\" \/>\n<meta name=\"twitter:card\" content=\"summary_large_image\" \/>\n<meta name=\"twitter:label1\" content=\"Geschrieben von\" \/>\n\t<meta name=\"twitter:data1\" content=\"St\u00f6rungsmelder\" \/>\n\t<meta name=\"twitter:label2\" content=\"Gesch\u00e4tzte Lesezeit\" \/>\n\t<meta name=\"twitter:data2\" content=\"4\u00a0Minuten\" \/>\n<script type=\"application\/ld+json\" class=\"yoast-schema-graph\">{\"@context\":\"https:\/\/schema.org\",\"@graph\":[{\"@type\":\"WebPage\",\"@id\":\"https:\/\/blog.zeit.de\/stoerungsmelder\/2014\/09\/26\/afd-abgeordneter-postete-antisemitische-facebook-eintraege_17076\",\"url\":\"https:\/\/blog.zeit.de\/stoerungsmelder\/2014\/09\/26\/afd-abgeordneter-postete-antisemitische-facebook-eintraege_17076\",\"name\":\"AfD-Abgeordneter postete antisemitische Facebook-Eintr\u00e4ge - St\u00f6rungsmelder\",\"isPartOf\":{\"@id\":\"https:\/\/blog.zeit.de\/stoerungsmelder\/#website\"},\"datePublished\":\"2014-09-26T12:48:56+00:00\",\"dateModified\":\"2014-09-26T12:48:56+00:00\",\"author\":{\"@id\":\"https:\/\/blog.zeit.de\/stoerungsmelder\/#\/schema\/person\/fdd0b9818f65738672810b6d6f037f71\"},\"breadcrumb\":{\"@id\":\"https:\/\/blog.zeit.de\/stoerungsmelder\/2014\/09\/26\/afd-abgeordneter-postete-antisemitische-facebook-eintraege_17076#breadcrumb\"},\"inLanguage\":\"de\",\"potentialAction\":[{\"@type\":\"ReadAction\",\"target\":[\"https:\/\/blog.zeit.de\/stoerungsmelder\/2014\/09\/26\/afd-abgeordneter-postete-antisemitische-facebook-eintraege_17076\"]}]},{\"@type\":\"BreadcrumbList\",\"@id\":\"https:\/\/blog.zeit.de\/stoerungsmelder\/2014\/09\/26\/afd-abgeordneter-postete-antisemitische-facebook-eintraege_17076#breadcrumb\",\"itemListElement\":[{\"@type\":\"ListItem\",\"position\":1,\"name\":\"Startseite\",\"item\":\"https:\/\/blog.zeit.de\/stoerungsmelder\"},{\"@type\":\"ListItem\",\"position\":2,\"name\":\"AfD-Abgeordneter postete antisemitische Facebook-Eintr\u00e4ge\"}]},{\"@type\":\"WebSite\",\"@id\":\"https:\/\/blog.zeit.de\/stoerungsmelder\/#website\",\"url\":\"https:\/\/blog.zeit.de\/stoerungsmelder\/\",\"name\":\"St\u00f6rungsmelder\",\"description\":\"Recherchen und Analysen \u00fcber die extreme Rechte\",\"potentialAction\":[{\"@type\":\"SearchAction\",\"target\":{\"@type\":\"EntryPoint\",\"urlTemplate\":\"https:\/\/blog.zeit.de\/stoerungsmelder\/?s={search_term_string}\"},\"query-input\":\"required name=search_term_string\"}],\"inLanguage\":\"de\"},{\"@type\":\"Person\",\"@id\":\"https:\/\/blog.zeit.de\/stoerungsmelder\/#\/schema\/person\/fdd0b9818f65738672810b6d6f037f71\",\"name\":\"St\u00f6rungsmelder\",\"image\":{\"@type\":\"ImageObject\",\"inLanguage\":\"de\",\"@id\":\"https:\/\/blog.zeit.de\/stoerungsmelder\/#\/schema\/person\/image\/\",\"url\":\"https:\/\/secure.gravatar.com\/avatar\/dfa4be514c3e82a71e4f9a0020035d38192d080ccaa5e4e6d7a1472c763535c5?s=96&d=mm&r=pg\",\"contentUrl\":\"https:\/\/secure.gravatar.com\/avatar\/dfa4be514c3e82a71e4f9a0020035d38192d080ccaa5e4e6d7a1472c763535c5?s=96&d=mm&r=pg\",\"caption\":\"St\u00f6rungsmelder\"},\"url\":\"https:\/\/blog.zeit.de\/stoerungsmelder\/author\/stoerungsmelder\"}]}<\/script>\n<!-- \/ Yoast SEO plugin. -->","yoast_head_json":{"title":"AfD-Abgeordneter postete antisemitische Facebook-Eintr\u00e4ge - St\u00f6rungsmelder","robots":{"index":"index","follow":"follow","max-snippet":"max-snippet:-1","max-image-preview":"max-image-preview:large","max-video-preview":"max-video-preview:-1"},"canonical":"https:\/\/blog.zeit.de\/stoerungsmelder\/2014\/09\/26\/afd-abgeordneter-postete-antisemitische-facebook-eintraege_17076","og_locale":"de_DE","og_type":"article","og_title":"AfD-Abgeordneter postete antisemitische Facebook-Eintr\u00e4ge - St\u00f6rungsmelder","og_description":"Nach dem Mandatsverzicht des politischen Ziehsohns von Landesparteichef Alexander Gauland bereitet Nachr\u00fccker Jan-Ulrich Wei\u00df nun Probleme &#8211; mit rechten und antisemitischen Facebook-Eintr\u00e4gen. Der Chef der Gr\u00fcnen-Landtagsfraktion hat Strafanzeige wegen Volksverhetzung gestellt.","og_url":"https:\/\/blog.zeit.de\/stoerungsmelder\/2014\/09\/26\/afd-abgeordneter-postete-antisemitische-facebook-eintraege_17076","og_site_name":"St\u00f6rungsmelder","article_published_time":"2014-09-26T12:48:56+00:00","author":"St\u00f6rungsmelder","twitter_card":"summary_large_image","twitter_misc":{"Geschrieben von":"St\u00f6rungsmelder","Gesch\u00e4tzte Lesezeit":"4\u00a0Minuten"},"schema":{"@context":"https:\/\/schema.org","@graph":[{"@type":"WebPage","@id":"https:\/\/blog.zeit.de\/stoerungsmelder\/2014\/09\/26\/afd-abgeordneter-postete-antisemitische-facebook-eintraege_17076","url":"https:\/\/blog.zeit.de\/stoerungsmelder\/2014\/09\/26\/afd-abgeordneter-postete-antisemitische-facebook-eintraege_17076","name":"AfD-Abgeordneter postete antisemitische Facebook-Eintr\u00e4ge - St\u00f6rungsmelder","isPartOf":{"@id":"https:\/\/blog.zeit.de\/stoerungsmelder\/#website"},"datePublished":"2014-09-26T12:48:56+00:00","dateModified":"2014-09-26T12:48:56+00:00","author":{"@id":"https:\/\/blog.zeit.de\/stoerungsmelder\/#\/schema\/person\/fdd0b9818f65738672810b6d6f037f71"},"breadcrumb":{"@id":"https:\/\/blog.zeit.de\/stoerungsmelder\/2014\/09\/26\/afd-abgeordneter-postete-antisemitische-facebook-eintraege_17076#breadcrumb"},"inLanguage":"de","potentialAction":[{"@type":"ReadAction","target":["https:\/\/blog.zeit.de\/stoerungsmelder\/2014\/09\/26\/afd-abgeordneter-postete-antisemitische-facebook-eintraege_17076"]}]},{"@type":"BreadcrumbList","@id":"https:\/\/blog.zeit.de\/stoerungsmelder\/2014\/09\/26\/afd-abgeordneter-postete-antisemitische-facebook-eintraege_17076#breadcrumb","itemListElement":[{"@type":"ListItem","position":1,"name":"Startseite","item":"https:\/\/blog.zeit.de\/stoerungsmelder"},{"@type":"ListItem","position":2,"name":"AfD-Abgeordneter postete antisemitische Facebook-Eintr\u00e4ge"}]},{"@type":"WebSite","@id":"https:\/\/blog.zeit.de\/stoerungsmelder\/#website","url":"https:\/\/blog.zeit.de\/stoerungsmelder\/","name":"St\u00f6rungsmelder","description":"Recherchen und Analysen \u00fcber die extreme Rechte","potentialAction":[{"@type":"SearchAction","target":{"@type":"EntryPoint","urlTemplate":"https:\/\/blog.zeit.de\/stoerungsmelder\/?s={search_term_string}"},"query-input":"required name=search_term_string"}],"inLanguage":"de"},{"@type":"Person","@id":"https:\/\/blog.zeit.de\/stoerungsmelder\/#\/schema\/person\/fdd0b9818f65738672810b6d6f037f71","name":"St\u00f6rungsmelder","image":{"@type":"ImageObject","inLanguage":"de","@id":"https:\/\/blog.zeit.de\/stoerungsmelder\/#\/schema\/person\/image\/","url":"https:\/\/secure.gravatar.com\/avatar\/dfa4be514c3e82a71e4f9a0020035d38192d080ccaa5e4e6d7a1472c763535c5?s=96&d=mm&r=pg","contentUrl":"https:\/\/secure.gravatar.com\/avatar\/dfa4be514c3e82a71e4f9a0020035d38192d080ccaa5e4e6d7a1472c763535c5?s=96&d=mm&r=pg","caption":"St\u00f6rungsmelder"},"url":"https:\/\/blog.zeit.de\/stoerungsmelder\/author\/stoerungsmelder"}]}},"jetpack_featured_media_url":"","jetpack_sharing_enabled":true,"_links":{"self":[{"href":"https:\/\/blog.zeit.de\/stoerungsmelder\/wp-json\/wp\/v2\/posts\/17076","targetHints":{"allow":["GET"]}}],"collection":[{"href":"https:\/\/blog.zeit.de\/stoerungsmelder\/wp-json\/wp\/v2\/posts"}],"about":[{"href":"https:\/\/blog.zeit.de\/stoerungsmelder\/wp-json\/wp\/v2\/types\/post"}],"author":[{"embeddable":true,"href":"https:\/\/blog.zeit.de\/stoerungsmelder\/wp-json\/wp\/v2\/users\/229"}],"replies":[{"embeddable":true,"href":"https:\/\/blog.zeit.de\/stoerungsmelder\/wp-json\/wp\/v2\/comments?post=17076"}],"version-history":[{"count":1,"href":"https:\/\/blog.zeit.de\/stoerungsmelder\/wp-json\/wp\/v2\/posts\/17076\/revisions"}],"predecessor-version":[{"id":17077,"href":"https:\/\/blog.zeit.de\/stoerungsmelder\/wp-json\/wp\/v2\/posts\/17076\/revisions\/17077"}],"wp:attachment":[{"href":"https:\/\/blog.zeit.de\/stoerungsmelder\/wp-json\/wp\/v2\/media?parent=17076"}],"wp:term":[{"taxonomy":"category","embeddable":true,"href":"https:\/\/blog.zeit.de\/stoerungsmelder\/wp-json\/wp\/v2\/categories?post=17076"},{"taxonomy":"post_tag","embeddable":true,"href":"https:\/\/blog.zeit.de\/stoerungsmelder\/wp-json\/wp\/v2\/tags?post=17076"}],"curies":[{"name":"wp","href":"https:\/\/api.w.org\/{rel}","templated":true}]}}