{"id":17100,"date":"2014-10-04T14:49:28","date_gmt":"2014-10-04T12:49:28","guid":{"rendered":"http:\/\/blog.zeit.de\/stoerungsmelder\/?p=17100"},"modified":"2014-10-14T16:23:03","modified_gmt":"2014-10-14T14:23:03","slug":"xavier-naidoo-beim-aufmarsch-der-reichsbuerger","status":"publish","type":"post","link":"https:\/\/blog.zeit.de\/stoerungsmelder\/2014\/10\/04\/xavier-naidoo-beim-aufmarsch-der-reichsbuerger_17100","title":{"rendered":"Xavier Naidoo beim Aufmarsch der Reichsb\u00fcrger"},"content":{"rendered":"<p><figure id=\"attachment_17106\" aria-describedby=\"caption-attachment-17106\" style=\"width: 800px\" class=\"wp-caption aligncenter\"><a href=\"https:\/\/blog.zeit.de\/stoerungsmelder\/files\/2014\/10\/2014-10-03_Berlin_Reichsbueger-Montagsmahnwache_19.jpg\"><img loading=\"lazy\" decoding=\"async\" class=\" wp-image-17106\" src=\"https:\/\/blog.zeit.de\/stoerungsmelder\/files\/2014\/10\/2014-10-03_Berlin_Reichsbueger-Montagsmahnwache_19.jpg\" alt=\"\u00a9 Kaspar Schmied\" width=\"800\" height=\"318\" \/><\/a><figcaption id=\"caption-attachment-17106\" class=\"wp-caption-text\">Popstar Naidoo auf Abwegen \u00a9 Kaspar Schmied<\/figcaption><\/figure><\/p>\n<p class=\"wp-image-17101\">Neonazis, Antisemiten, Verschw\u00f6rungstheoretiker, Reichsb\u00fcrger und mittendrin Popstar Xavier Naidoo. Die bizarre Szene spielte sich am 3. Oktober vor dem Bundestag ab. Angek\u00fcndigt war die Reichsb\u00fcrgerversammlung als &#8222;Sturm auf den Reichstag&#8220;. Auch der Berliner NPD-Chef Schmidtke nahm an der Versammlung teil.<!--more--><\/p>\n<p>Vor den ca. 200 Teilnehmern sprach Naidoo auf der nur wenige Quadratmeter gro\u00dfen B\u00fchne. &#8222;Ich hab keine Ahnung, wer hier steht, mir geht&#8217;s um Liebe.&#8220; Auf seinem T-Shirt stand die Aufschrift &#8222;Freiheit f\u00fcr Deutschland&#8220;, was als Hommage an sein Publikum gedacht war, die ihrem F\u00fcrsprecher frenetisch applaudierten.<\/p>\n<p><figure id=\"attachment_17102\" aria-describedby=\"caption-attachment-17102\" style=\"width: 300px\" class=\"wp-caption alignleft\"><a href=\"https:\/\/blog.zeit.de\/stoerungsmelder\/files\/2014\/10\/kohlhuber2.jpg\"><img loading=\"lazy\" decoding=\"async\" class=\"size-medium wp-image-17102\" src=\"https:\/\/blog.zeit.de\/stoerungsmelder\/files\/2014\/10\/kohlhuber2-300x203.jpg\" alt=\"\u00a9 S\u00f6ren Kohlhuber\" width=\"300\" height=\"203\" srcset=\"https:\/\/blog.zeit.de\/stoerungsmelder\/files\/2014\/10\/kohlhuber2-300x203.jpg 300w, https:\/\/blog.zeit.de\/stoerungsmelder\/files\/2014\/10\/kohlhuber2.jpg 781w\" sizes=\"auto, (max-width: 300px) 100vw, 300px\" \/><\/a><figcaption id=\"caption-attachment-17102\" class=\"wp-caption-text\">Die Sktenartigen Reichsb\u00fcrger in Aktion \u00a9 S\u00f6ren Kohlhuber<\/figcaption><\/figure><\/p>\n<p>Die sogenannten Reichsb\u00fcrger erkennen die hiesigen Gesetze und Institutionen nicht an. Deutschland sei 1945 nicht befreit, sondern besetzt worden, so das krude Argument. Die Grenzen des Deutschen Reiches von 1937 w\u00fcrden immer noch gelten. Anh\u00e4nger dieser Gruppierung fallen immer wieder durch Holocaustleugnung und Volksverhetzung auf. Bekannteste Reichsb\u00fcrger in Deutschland sind Holocaustleugner Horst Mahler und seine fr\u00fchere Lebensgef\u00e4hrtin Sylvia Stolz.<\/p>\n<p>Schon 2011 sagte Naidoo, dessen Zeilen zur Hymne des &#8222;Sommerm\u00e4rchens&#8220; von 2006 avancierten, <a href=\"https:\/\/www.youtube.com\/watch?v=Djn6fE3vGWg\" target=\"_blank\">gegen\u00fcber der ARD<\/a>: &#8222;Wir sind nicht frei, wir sind immer noch ein besetztes Land.&#8220; Der Liedermacher, ein bekennender Christ, ist wiederholt durch schwulenfeindliche Aussagen aufgefallen. Im Lied <em><a href=\"http:\/\/www.spiegel.de\/kultur\/musik\/xavier-naidoo-und-kool-savas-wegen-songtext-angezeigt-a-867212.html\" target=\"_blank\">Wo sind<\/a><\/em>, den Naidoo 2012 zusammen mit Kool Savas auf dem Album <em>Gespaltene Pers\u00f6nlichkeit<\/em> ver\u00f6ffentlicht hat, bezeichnete er Homosexuelle als &#8222;Kindersch\u00e4nder&#8220; und breitete seine Folter- und Mordfantasien gegen Sexualstraft\u00e4ter aus. Mit seinen Ansichten rennt Naidoo bei Verschw\u00f6rungstheoretikern aller Couleur offene T\u00fcren ein.<\/p>\n<p>Bereits seit Monaten mobilisieren Verschw\u00f6rungsfanatiker zu sogenannten Friedensdemonstrationen. Die Teilnehmer k\u00f6nnen zwar unterschiedlicher nicht sein, doch gemein ist ihnen der Glaube, dass geheime M\u00e4chte Wirtschaft, Politik und Medien kontrollieren w\u00fcrden. Flugzeuge w\u00fcrden angeblich spezielle Gifte (Chemtrails) verbreiten (Kondensstreifen), um die Menschheit zu lenken.<\/p>\n<p>Zu gro\u00dfer Aufmerksamkeit kam die dubiose Protestbewegung bislang nicht, wenn man einmal von satirischen Beitr\u00e4gen in der <em>Heute<\/em><\/p>\n<p><figure id=\"attachment_17108\" aria-describedby=\"caption-attachment-17108\" style=\"width: 300px\" class=\"wp-caption alignright\"><a href=\"https:\/\/blog.zeit.de\/stoerungsmelder\/files\/2014\/10\/2014-10-03_Berlin_Reichsbueger-Montagsmahnwache_36.jpg\"><img loading=\"lazy\" decoding=\"async\" class=\"size-medium wp-image-17108\" src=\"https:\/\/blog.zeit.de\/stoerungsmelder\/files\/2014\/10\/2014-10-03_Berlin_Reichsbueger-Montagsmahnwache_36-300x168.jpg\" alt=\"\u00a9 Kaspar Schmied\" width=\"300\" height=\"168\" srcset=\"https:\/\/blog.zeit.de\/stoerungsmelder\/files\/2014\/10\/2014-10-03_Berlin_Reichsbueger-Montagsmahnwache_36-300x168.jpg 300w, https:\/\/blog.zeit.de\/stoerungsmelder\/files\/2014\/10\/2014-10-03_Berlin_Reichsbueger-Montagsmahnwache_36.jpg 800w\" sizes=\"auto, (max-width: 300px) 100vw, 300px\" \/><\/a><figcaption id=\"caption-attachment-17108\" class=\"wp-caption-text\">Antisemitische Hetze vor dem Kanzleramt \u00a9 Kaspar Schmied<\/figcaption><\/figure><\/p>\n<p><em>Show<\/em> oder bei <em>Extra 3<\/em> absieht. Deshalb l\u00e4sst der wiederholte Auftritt des Singer-Songwriters aufhorchen. Bereits Mitte August war Naidoo in <a href=\"https:\/\/blog.zeit.de\/stoerungsmelder\/2014\/08\/23\/xavier-naidoo-auf-abwegen_16904\">Mannheim bei einer sogenannten &#8222;Friedensmahnwache&#8220;<\/a> aufgetreten.\u00a0&#8222;Hat Deutschland eine Verfassung? Ist Deutschland noch besetzt? Tut die NSA gar nichts Verbotenes, sondern darf er das eigentlich sogar, weil die Deutschen es ihr per Gesetz erlauben? Weil wir eigentlich gar kein richtiges Land sind. Weil wir immer noch besetzt sind&#8220;, sagte er dort. Der unverd\u00e4chtige\u00a0 &#8222;Schmuse-S\u00e4nger&#8220; (<em>Bild<\/em>) d\u00fcrfte den Einflussradius der skurrilen Bewegung deutlich erh\u00f6hen.<\/p>\n<p>Dass Verschw\u00f6rungstheorien nicht allein eine Dom\u00e4ne der extremen Rechten ist, zeigte auch der j\u00fcngste Skandal um die SPD-Landtagsabgeordnete Sabine W\u00f6lfle, die auf ihrer Facebook-Seite (mittlerweile gel\u00f6scht) einen Film \u00fcber die sogenannte Rothschild-Verschw\u00f6rung geteilt hat, woraufhin der Arbeitskreis j\u00fcdischer Sozialdemokraten Protest einlegte. In dem antisemitischen Videoclip werden &#8222;die Rothschilds&#8220; f\u00fcr die Ermordung von Millionen verantwortlich gemacht. Bereits 1940 machten die Nazis mit dem gleichnamigen Propagandafilm Juden verantwortlich, Gro\u00dfbritannien im Krieg gegen Deutschland zu lenken.<\/p>\n","protected":false},"excerpt":{"rendered":"<p>Neonazis, Antisemiten, Verschw\u00f6rungstheoretiker, Reichsb\u00fcrger und mittendrin Popstar Xavier Naidoo. Die bizarre Szene spielte sich am 3. Oktober vor dem Bundestag ab. Angek\u00fcndigt war die Reichsb\u00fcrgerversammlung als &#8222;Sturm auf den Reichstag&#8220;. Auch der Berliner NPD-Chef Schmidtke nahm an der Versammlung teil.<\/p>\n","protected":false},"author":257,"featured_media":0,"comment_status":"open","ping_status":"open","sticky":false,"template":"","format":"standard","meta":{"_jetpack_memberships_contains_paid_content":false,"footnotes":""},"categories":[249],"tags":[1479,32089,1716,17840,1791,31122,32090],"class_list":["post-17100","post","type-post","status-publish","format-standard","hentry","category-berlin","tag-antisemitismus","tag-chemtrails","tag-npd","tag-reichsburger","tag-sebastian-schmidtke","tag-verschwoerungstheorie","tag-xavier-naidoo"],"yoast_head":"<!-- This site is optimized with the Yoast SEO plugin v21.0 - https:\/\/yoast.com\/wordpress\/plugins\/seo\/ -->\n<title>Xavier Naidoo beim Aufmarsch der Reichsb\u00fcrger - St\u00f6rungsmelder<\/title>\n<meta name=\"robots\" content=\"index, follow, max-snippet:-1, max-image-preview:large, max-video-preview:-1\" \/>\n<link rel=\"canonical\" href=\"https:\/\/blog.zeit.de\/stoerungsmelder\/2014\/10\/04\/xavier-naidoo-beim-aufmarsch-der-reichsbuerger_17100\" \/>\n<meta property=\"og:locale\" content=\"de_DE\" \/>\n<meta property=\"og:type\" content=\"article\" \/>\n<meta property=\"og:title\" content=\"Xavier Naidoo beim Aufmarsch der Reichsb\u00fcrger - St\u00f6rungsmelder\" \/>\n<meta property=\"og:description\" content=\"Neonazis, Antisemiten, Verschw\u00f6rungstheoretiker, Reichsb\u00fcrger und mittendrin Popstar Xavier Naidoo. Die bizarre Szene spielte sich am 3. Oktober vor dem Bundestag ab. Angek\u00fcndigt war die Reichsb\u00fcrgerversammlung als &#8222;Sturm auf den Reichstag&#8220;. Auch der Berliner NPD-Chef Schmidtke nahm an der Versammlung teil.\" \/>\n<meta property=\"og:url\" content=\"https:\/\/blog.zeit.de\/stoerungsmelder\/2014\/10\/04\/xavier-naidoo-beim-aufmarsch-der-reichsbuerger_17100\" \/>\n<meta property=\"og:site_name\" content=\"St\u00f6rungsmelder\" \/>\n<meta property=\"article:published_time\" content=\"2014-10-04T12:49:28+00:00\" \/>\n<meta property=\"article:modified_time\" content=\"2014-10-14T14:23:03+00:00\" \/>\n<meta property=\"og:image\" content=\"https:\/\/blog.zeit.de\/stoerungsmelder\/files\/2014\/10\/2014-10-03_Berlin_Reichsbueger-Montagsmahnwache_19.jpg\" \/>\n<meta name=\"author\" content=\"Fabian Weissbarth\" \/>\n<meta name=\"twitter:card\" content=\"summary_large_image\" \/>\n<meta name=\"twitter:label1\" content=\"Geschrieben von\" \/>\n\t<meta name=\"twitter:data1\" content=\"Fabian Weissbarth\" \/>\n\t<meta name=\"twitter:label2\" content=\"Gesch\u00e4tzte Lesezeit\" \/>\n\t<meta name=\"twitter:data2\" content=\"3\u00a0Minuten\" \/>\n<script type=\"application\/ld+json\" class=\"yoast-schema-graph\">{\"@context\":\"https:\/\/schema.org\",\"@graph\":[{\"@type\":\"WebPage\",\"@id\":\"https:\/\/blog.zeit.de\/stoerungsmelder\/2014\/10\/04\/xavier-naidoo-beim-aufmarsch-der-reichsbuerger_17100\",\"url\":\"https:\/\/blog.zeit.de\/stoerungsmelder\/2014\/10\/04\/xavier-naidoo-beim-aufmarsch-der-reichsbuerger_17100\",\"name\":\"Xavier Naidoo beim Aufmarsch der Reichsb\u00fcrger - St\u00f6rungsmelder\",\"isPartOf\":{\"@id\":\"https:\/\/blog.zeit.de\/stoerungsmelder\/#website\"},\"datePublished\":\"2014-10-04T12:49:28+00:00\",\"dateModified\":\"2014-10-14T14:23:03+00:00\",\"author\":{\"@id\":\"https:\/\/blog.zeit.de\/stoerungsmelder\/#\/schema\/person\/570984be5a2c5d6b5702c5570577b8be\"},\"breadcrumb\":{\"@id\":\"https:\/\/blog.zeit.de\/stoerungsmelder\/2014\/10\/04\/xavier-naidoo-beim-aufmarsch-der-reichsbuerger_17100#breadcrumb\"},\"inLanguage\":\"de\",\"potentialAction\":[{\"@type\":\"ReadAction\",\"target\":[\"https:\/\/blog.zeit.de\/stoerungsmelder\/2014\/10\/04\/xavier-naidoo-beim-aufmarsch-der-reichsbuerger_17100\"]}]},{\"@type\":\"BreadcrumbList\",\"@id\":\"https:\/\/blog.zeit.de\/stoerungsmelder\/2014\/10\/04\/xavier-naidoo-beim-aufmarsch-der-reichsbuerger_17100#breadcrumb\",\"itemListElement\":[{\"@type\":\"ListItem\",\"position\":1,\"name\":\"Startseite\",\"item\":\"https:\/\/blog.zeit.de\/stoerungsmelder\"},{\"@type\":\"ListItem\",\"position\":2,\"name\":\"Xavier Naidoo beim Aufmarsch der Reichsb\u00fcrger\"}]},{\"@type\":\"WebSite\",\"@id\":\"https:\/\/blog.zeit.de\/stoerungsmelder\/#website\",\"url\":\"https:\/\/blog.zeit.de\/stoerungsmelder\/\",\"name\":\"St\u00f6rungsmelder\",\"description\":\"Recherchen und Analysen \u00fcber die extreme Rechte\",\"potentialAction\":[{\"@type\":\"SearchAction\",\"target\":{\"@type\":\"EntryPoint\",\"urlTemplate\":\"https:\/\/blog.zeit.de\/stoerungsmelder\/?s={search_term_string}\"},\"query-input\":\"required name=search_term_string\"}],\"inLanguage\":\"de\"},{\"@type\":\"Person\",\"@id\":\"https:\/\/blog.zeit.de\/stoerungsmelder\/#\/schema\/person\/570984be5a2c5d6b5702c5570577b8be\",\"name\":\"Fabian Weissbarth\",\"image\":{\"@type\":\"ImageObject\",\"inLanguage\":\"de\",\"@id\":\"https:\/\/blog.zeit.de\/stoerungsmelder\/#\/schema\/person\/image\/\",\"url\":\"https:\/\/secure.gravatar.com\/avatar\/dea77409dd59dab437d79d7240790a4f0726c469e82fd1c48e527744375e4d0b?s=96&d=mm&r=pg\",\"contentUrl\":\"https:\/\/secure.gravatar.com\/avatar\/dea77409dd59dab437d79d7240790a4f0726c469e82fd1c48e527744375e4d0b?s=96&d=mm&r=pg\",\"caption\":\"Fabian Weissbarth\"},\"description\":\"Public Affairs Coordinator, American Jewish Committee Berlin\",\"url\":\"https:\/\/blog.zeit.de\/stoerungsmelder\/author\/fabian-weissbarth\"}]}<\/script>\n<!-- \/ Yoast SEO plugin. -->","yoast_head_json":{"title":"Xavier Naidoo beim Aufmarsch der Reichsb\u00fcrger - St\u00f6rungsmelder","robots":{"index":"index","follow":"follow","max-snippet":"max-snippet:-1","max-image-preview":"max-image-preview:large","max-video-preview":"max-video-preview:-1"},"canonical":"https:\/\/blog.zeit.de\/stoerungsmelder\/2014\/10\/04\/xavier-naidoo-beim-aufmarsch-der-reichsbuerger_17100","og_locale":"de_DE","og_type":"article","og_title":"Xavier Naidoo beim Aufmarsch der Reichsb\u00fcrger - St\u00f6rungsmelder","og_description":"Neonazis, Antisemiten, Verschw\u00f6rungstheoretiker, Reichsb\u00fcrger und mittendrin Popstar Xavier Naidoo. Die bizarre Szene spielte sich am 3. Oktober vor dem Bundestag ab. Angek\u00fcndigt war die Reichsb\u00fcrgerversammlung als &#8222;Sturm auf den Reichstag&#8220;. Auch der Berliner NPD-Chef Schmidtke nahm an der Versammlung teil.","og_url":"https:\/\/blog.zeit.de\/stoerungsmelder\/2014\/10\/04\/xavier-naidoo-beim-aufmarsch-der-reichsbuerger_17100","og_site_name":"St\u00f6rungsmelder","article_published_time":"2014-10-04T12:49:28+00:00","article_modified_time":"2014-10-14T14:23:03+00:00","og_image":[{"url":"https:\/\/blog.zeit.de\/stoerungsmelder\/files\/2014\/10\/2014-10-03_Berlin_Reichsbueger-Montagsmahnwache_19.jpg"}],"author":"Fabian Weissbarth","twitter_card":"summary_large_image","twitter_misc":{"Geschrieben von":"Fabian Weissbarth","Gesch\u00e4tzte Lesezeit":"3\u00a0Minuten"},"schema":{"@context":"https:\/\/schema.org","@graph":[{"@type":"WebPage","@id":"https:\/\/blog.zeit.de\/stoerungsmelder\/2014\/10\/04\/xavier-naidoo-beim-aufmarsch-der-reichsbuerger_17100","url":"https:\/\/blog.zeit.de\/stoerungsmelder\/2014\/10\/04\/xavier-naidoo-beim-aufmarsch-der-reichsbuerger_17100","name":"Xavier Naidoo beim Aufmarsch der Reichsb\u00fcrger - St\u00f6rungsmelder","isPartOf":{"@id":"https:\/\/blog.zeit.de\/stoerungsmelder\/#website"},"datePublished":"2014-10-04T12:49:28+00:00","dateModified":"2014-10-14T14:23:03+00:00","author":{"@id":"https:\/\/blog.zeit.de\/stoerungsmelder\/#\/schema\/person\/570984be5a2c5d6b5702c5570577b8be"},"breadcrumb":{"@id":"https:\/\/blog.zeit.de\/stoerungsmelder\/2014\/10\/04\/xavier-naidoo-beim-aufmarsch-der-reichsbuerger_17100#breadcrumb"},"inLanguage":"de","potentialAction":[{"@type":"ReadAction","target":["https:\/\/blog.zeit.de\/stoerungsmelder\/2014\/10\/04\/xavier-naidoo-beim-aufmarsch-der-reichsbuerger_17100"]}]},{"@type":"BreadcrumbList","@id":"https:\/\/blog.zeit.de\/stoerungsmelder\/2014\/10\/04\/xavier-naidoo-beim-aufmarsch-der-reichsbuerger_17100#breadcrumb","itemListElement":[{"@type":"ListItem","position":1,"name":"Startseite","item":"https:\/\/blog.zeit.de\/stoerungsmelder"},{"@type":"ListItem","position":2,"name":"Xavier Naidoo beim Aufmarsch der Reichsb\u00fcrger"}]},{"@type":"WebSite","@id":"https:\/\/blog.zeit.de\/stoerungsmelder\/#website","url":"https:\/\/blog.zeit.de\/stoerungsmelder\/","name":"St\u00f6rungsmelder","description":"Recherchen und Analysen \u00fcber die extreme Rechte","potentialAction":[{"@type":"SearchAction","target":{"@type":"EntryPoint","urlTemplate":"https:\/\/blog.zeit.de\/stoerungsmelder\/?s={search_term_string}"},"query-input":"required name=search_term_string"}],"inLanguage":"de"},{"@type":"Person","@id":"https:\/\/blog.zeit.de\/stoerungsmelder\/#\/schema\/person\/570984be5a2c5d6b5702c5570577b8be","name":"Fabian Weissbarth","image":{"@type":"ImageObject","inLanguage":"de","@id":"https:\/\/blog.zeit.de\/stoerungsmelder\/#\/schema\/person\/image\/","url":"https:\/\/secure.gravatar.com\/avatar\/dea77409dd59dab437d79d7240790a4f0726c469e82fd1c48e527744375e4d0b?s=96&d=mm&r=pg","contentUrl":"https:\/\/secure.gravatar.com\/avatar\/dea77409dd59dab437d79d7240790a4f0726c469e82fd1c48e527744375e4d0b?s=96&d=mm&r=pg","caption":"Fabian Weissbarth"},"description":"Public Affairs Coordinator, American Jewish Committee Berlin","url":"https:\/\/blog.zeit.de\/stoerungsmelder\/author\/fabian-weissbarth"}]}},"jetpack_featured_media_url":"","jetpack_sharing_enabled":true,"_links":{"self":[{"href":"https:\/\/blog.zeit.de\/stoerungsmelder\/wp-json\/wp\/v2\/posts\/17100","targetHints":{"allow":["GET"]}}],"collection":[{"href":"https:\/\/blog.zeit.de\/stoerungsmelder\/wp-json\/wp\/v2\/posts"}],"about":[{"href":"https:\/\/blog.zeit.de\/stoerungsmelder\/wp-json\/wp\/v2\/types\/post"}],"author":[{"embeddable":true,"href":"https:\/\/blog.zeit.de\/stoerungsmelder\/wp-json\/wp\/v2\/users\/257"}],"replies":[{"embeddable":true,"href":"https:\/\/blog.zeit.de\/stoerungsmelder\/wp-json\/wp\/v2\/comments?post=17100"}],"version-history":[{"count":15,"href":"https:\/\/blog.zeit.de\/stoerungsmelder\/wp-json\/wp\/v2\/posts\/17100\/revisions"}],"predecessor-version":[{"id":17223,"href":"https:\/\/blog.zeit.de\/stoerungsmelder\/wp-json\/wp\/v2\/posts\/17100\/revisions\/17223"}],"wp:attachment":[{"href":"https:\/\/blog.zeit.de\/stoerungsmelder\/wp-json\/wp\/v2\/media?parent=17100"}],"wp:term":[{"taxonomy":"category","embeddable":true,"href":"https:\/\/blog.zeit.de\/stoerungsmelder\/wp-json\/wp\/v2\/categories?post=17100"},{"taxonomy":"post_tag","embeddable":true,"href":"https:\/\/blog.zeit.de\/stoerungsmelder\/wp-json\/wp\/v2\/tags?post=17100"}],"curies":[{"name":"wp","href":"https:\/\/api.w.org\/{rel}","templated":true}]}}