{"id":17132,"date":"2014-10-09T09:49:46","date_gmt":"2014-10-09T07:49:46","guid":{"rendered":"http:\/\/blog.zeit.de\/stoerungsmelder\/?p=17132"},"modified":"2014-10-09T13:53:33","modified_gmt":"2014-10-09T11:53:33","slug":"eifler-neonazis-wegen-gewalttaten-verurteilt","status":"publish","type":"post","link":"https:\/\/blog.zeit.de\/stoerungsmelder\/2014\/10\/09\/eifler-neonazis-wegen-gewalttaten-verurteilt_17132","title":{"rendered":"Eifler Neonazis wegen Gewalttaten verurteilt"},"content":{"rendered":"<p><figure id=\"attachment_17147\" aria-describedby=\"caption-attachment-17147\" style=\"width: 540px\" class=\"wp-caption aligncenter\"><a href=\"https:\/\/blog.zeit.de\/stoerungsmelder\/files\/2014\/10\/Bild_eifel21.jpg\"><img loading=\"lazy\" decoding=\"async\" class=\"wp-image-17147 size-full\" src=\"https:\/\/blog.zeit.de\/stoerungsmelder\/files\/2014\/10\/Bild_eifel21.jpg\" alt=\"Die Angreifer bei einer Demonstration am 28. September 2013 in Kaiserslautern \u00a9 Max Bassin\" width=\"540\" height=\"300\" srcset=\"https:\/\/blog.zeit.de\/stoerungsmelder\/files\/2014\/10\/Bild_eifel21.jpg 540w, https:\/\/blog.zeit.de\/stoerungsmelder\/files\/2014\/10\/Bild_eifel21-300x166.jpg 300w\" sizes=\"auto, (max-width: 540px) 100vw, 540px\" \/><\/a><figcaption id=\"caption-attachment-17147\" class=\"wp-caption-text\">Die Angreifer (1., 2. und 4. von links) bei einer Demonstration am 28. September 2013 in Kaiserslautern \u00a9 Max Bassin<\/figcaption><\/figure><\/p>\n<p>Sandhandschuhe und einen Schlagstock hatten eine Gruppe Neonazis schon eingepackt, als sie sich am Abend des 2. November 2013 zum \u201eNight Groove\u201c in Euskirchen, einem Kneipenmusikfestival, aufmachte. In der Nacht traf die Gruppe dann auf t\u00fcrkischst\u00e4mmige Jugendliche. Die Rechten beleidigten die Jugendlichen rassistisch, jagten sie durch die Innenstadt und schlugen sie zusammen. Daf\u00fcr wurden drei der Angreifer nun vor dem Jugendsch\u00f6ffengericht in Euskirchen zu Bew\u00e4hrungsstrafen verurteilt. <!--more--><\/p>\n<p>Die Kammer befand alle drei Neonazis der gemeinschaftlichen gef\u00e4hrlichen K\u00f6rperverletzung f\u00fcr schuldig und verurteilte die Angeklagten zu Haftstrafen von 12, 10 und 6 Monaten, die jeweils auf eine Bew\u00e4hrungszeit von drei Jahren ausgesetzt wurden. Weil der Angeklagte Florian N. im Zuge der Pr\u00fcgelei auch \u201eHeil Hitler!\u201c gerufen hatte, wurde er zus\u00e4tzlich wegen der Verwendung von Kennzeichen verfassungswidriger Organisationen verurteilt. Auch deswegen erhielt Florian N. die h\u00f6chste Strafe. Er und der Mitangeklagte Kevin S. m\u00fcssen au\u00dferdem Schmerzensgeld an die Opfer in H\u00f6he von insgesamt 1.400 Euro bzw. 1.300 Euro zahlen. Der hohe Alkoholisierungsgrad von zwei Promille wirkte sich f\u00fcr den dritten Angeklagten Christoph S. strafmildernd aus. Die Urteile sind noch nicht rechtskr\u00e4ftig.<\/p>\n<p><figure id=\"attachment_17141\" aria-describedby=\"caption-attachment-17141\" style=\"width: 300px\" class=\"wp-caption alignright\"><a href=\"https:\/\/blog.zeit.de\/stoerungsmelder\/files\/2014\/10\/Bild_eifel3.jpg\"><img loading=\"lazy\" decoding=\"async\" class=\"wp-image-17141 size-medium\" src=\"https:\/\/blog.zeit.de\/stoerungsmelder\/files\/2014\/10\/Bild_eifel3-300x166.jpg\" alt=\"Die Neonazi-Szene in der Eifel ist weiterhin organisiert und latent gewaltbereit \u00a9 Max Bassin\" width=\"300\" height=\"166\" srcset=\"https:\/\/blog.zeit.de\/stoerungsmelder\/files\/2014\/10\/Bild_eifel3-300x166.jpg 300w, https:\/\/blog.zeit.de\/stoerungsmelder\/files\/2014\/10\/Bild_eifel3.jpg 540w\" sizes=\"auto, (max-width: 300px) 100vw, 300px\" \/><\/a><figcaption id=\"caption-attachment-17141\" class=\"wp-caption-text\">Die Neonazi-Szene in der Eifel ist weiterhin organisiert und latent gewaltbereit \u00a9 Max Bassin<\/figcaption><\/figure><\/p>\n<p>Als die Gruppe Neonazis in der Euskirchener Innenstadt nachts auf zwei t\u00fcrkischst\u00e4mmige Jugendliche stie\u00df, beschimpften sie die beiden zun\u00e4chst rassistisch und riefen Parolen gegen \u201eKanaken\u201c. Aus Angst vor \u00dcbergriffen riefen sie telefonisch Freunde zur Hilfe und entfernten sich von den Neonazis, die sie allerdings durch die Innenstadt verfolgten. Ein herbeitelefonierter Freund der Beleidigten versuchte die Situation vor einer Kneipe zu schlichten. Vor Gericht war von gegenseitigen Entschuldigungen die Rede, wobei der Staatsanwalt in seinem Pl\u00e4doyer dazu bemerkte: \u201eWof\u00fcr sollten sich die Angegriffenen entschuldigen? Daf\u00fcr, dass sie existieren?\u201c.<\/p>\n<p>Die Situation eskalierte als eine unbekannte Person, die mit dem Geschehen zuvor offenbar in keiner Verbindung stand, einem der Rechten ein volles Bierglas entgegen warf. Daraufhin gingen die Neonazis nicht etwa auf den Werfer des Bierglases, sondern auf die Jugendlichen und die herbeigerufenen Freunde los. Die drei Angeklagten schlugen und traten auf ihre Opfer ein. Florian N. benutzte den Teleskopschlagstock und Kevin S. seine Sandhandschuhe. Erst als die Polizei eintraf, lie\u00dfen die T\u00e4ter von ihren Opfern ab. Zwei Personen aus der inzwischen etwa f\u00fcnfk\u00f6pfigen Gruppe erlitten Verletzungen. Darunter H\u00e4matome an Kopf und Oberk\u00f6rper, ein Schleudertrauma und eine ausgekugelte Schulter.<\/p>\n<p>Ungekl\u00e4rt ist weiterhin, wer \u00fcber die drei Verurteilten hinaus zur Gruppe der Angreifer geh\u00f6rte. Zeugenaussagen legen den Schluss nahe, dass zur Gruppe der drei verurteilten Neonazis noch weitere Personen geh\u00f6rten.<\/p>\n<p>Als bekennende Neonazis sind die Angreifer schon \u00f6fter aufgefallen. Zuletzt besuchten alle drei gemeinsam am 28. September 2013 einen Aufmarsch der Kameradschaft Pfalzsturm in Kaiserslautern und bekannten sich durch das Tragen entsprechender T-Shirts zur Kameradschaft Eifler Land (KEL). Vor Gericht r\u00e4umte lediglich Florian N. ein, \u201ebis vor zwei Jahren\u201c in einer \u201efreien Kameradschaft\u201c aktiv gewesen zu sein. Er meinte damit vermutlich die <a href=\"https:\/\/blog.zeit.de\/stoerungsmelder\/2012\/01\/16\/brauner-kosmos-in-schwarzer-einode_7881\" target=\"_blank\">Freien Nationalisten Euskirchen<\/a> (FNE), in deren T-Shirt er ebenfalls bereits eine Demonstration besuchte. In den letzten zwei Jahren sei er hingegen \u201enicht mehr in einer Gruppierung\u201c. In seiner Jackentasche stellte die Polizei an besagtem Novemberabend eine G\u00fcrtelschnalle mit Hakenkreuz sicher. Strafrechtlich ist das nicht relevant, da nur das \u00f6ffentliche Zeigen des Hakenkreuzes verboten ist. Auch Kevin S. gab an, sich \u201eseit zwei Jahren politisch zur\u00fcckgezogen\u201c zu haben. In seiner Tasche fand die Polizei beim Durchsuchen trotzdem etwas, das auf seine rechte Gesinnung schlie\u00dfen l\u00e4sst: ein Flyer des Ku-Klux-Klan. Die Beantwortung von Nachfragen zu ihrer Gesinnung lehnten alle drei Angeklagten ab.<\/p>\n<p>Seit ein F\u00fchrungskader der Freien Nationalisten Euskirchen im November 2011 eine Sch\u00fclerin massiv bedroht hatte und die Polizei Ermittlungen aufnahm, trat die FNE kaum noch \u00f6ffentlich in Erscheinung. Erst mit der Kameradschaft Eifler Land traten am 14. September 2013 wieder Eifler Neonazis erkennbar nach au\u00dfen in die \u00d6ffentlichkeit &#8211; bei einer Demonstration der NPD in Trier. In den letzten Wochen und Monaten wurden auch vermehrt rechte Aufkleber und Spr\u00fchereien in Euskirchen, Mechernich, Bad M\u00fcnstereifel, Kall und J\u00fcnkerath gesehen.<img loading=\"lazy\" decoding=\"async\" src=\"http:\/\/vg05.met.vgwort.de\/na\/d2d25e1b98f34ab3b5334dbc84db8368\" alt=\"\" width=\"1\" height=\"1\" \/><\/p>\n","protected":false},"excerpt":{"rendered":"<p>Sandhandschuhe und einen Schlagstock hatten eine Gruppe Neonazis schon eingepackt, als sie sich am Abend des 2. November 2013 zum \u201eNight Groove\u201c in Euskirchen, einem Kneipenmusikfestival, aufmachte. In der Nacht traf die Gruppe dann auf t\u00fcrkischst\u00e4mmige Jugendliche. Die Rechten beleidigten die Jugendlichen rassistisch, jagten sie durch die Innenstadt und schlugen sie zusammen. Daf\u00fcr wurden drei [&hellip;]<\/p>\n","protected":false},"author":349,"featured_media":0,"comment_status":"open","ping_status":"open","sticky":false,"template":"","format":"standard","meta":{"_jetpack_memberships_contains_paid_content":false,"footnotes":""},"categories":[1291],"tags":[12785,12787,1638,32093,32094,32095],"class_list":["post-17132","post","type-post","status-publish","format-standard","hentry","category-nordrhein-westfalen","tag-euskirchen","tag-freie-nationalisten-euskirchen","tag-justiz","tag-kameradschaft-eifler-land","tag-kameradschaft-pfalzsturm","tag-npd-trier"],"yoast_head":"<!-- This site is optimized with the Yoast SEO plugin v21.0 - https:\/\/yoast.com\/wordpress\/plugins\/seo\/ -->\n<title>Eifler Neonazis wegen Gewalttaten verurteilt - St\u00f6rungsmelder<\/title>\n<meta name=\"robots\" content=\"index, follow, max-snippet:-1, max-image-preview:large, max-video-preview:-1\" \/>\n<link rel=\"canonical\" href=\"https:\/\/blog.zeit.de\/stoerungsmelder\/2014\/10\/09\/eifler-neonazis-wegen-gewalttaten-verurteilt_17132\" \/>\n<meta property=\"og:locale\" content=\"de_DE\" \/>\n<meta property=\"og:type\" content=\"article\" \/>\n<meta property=\"og:title\" content=\"Eifler Neonazis wegen Gewalttaten verurteilt - St\u00f6rungsmelder\" \/>\n<meta property=\"og:description\" content=\"Sandhandschuhe und einen Schlagstock hatten eine Gruppe Neonazis schon eingepackt, als sie sich am Abend des 2. November 2013 zum \u201eNight Groove\u201c in Euskirchen, einem Kneipenmusikfestival, aufmachte. In der Nacht traf die Gruppe dann auf t\u00fcrkischst\u00e4mmige Jugendliche. Die Rechten beleidigten die Jugendlichen rassistisch, jagten sie durch die Innenstadt und schlugen sie zusammen. Daf\u00fcr wurden drei [&hellip;]\" \/>\n<meta property=\"og:url\" content=\"https:\/\/blog.zeit.de\/stoerungsmelder\/2014\/10\/09\/eifler-neonazis-wegen-gewalttaten-verurteilt_17132\" \/>\n<meta property=\"og:site_name\" content=\"St\u00f6rungsmelder\" \/>\n<meta property=\"article:published_time\" content=\"2014-10-09T07:49:46+00:00\" \/>\n<meta property=\"article:modified_time\" content=\"2014-10-09T11:53:33+00:00\" \/>\n<meta property=\"og:image\" content=\"https:\/\/blog.zeit.de\/stoerungsmelder\/files\/2014\/10\/Bild_eifel21.jpg\" \/>\n<meta name=\"author\" content=\"Max Bassin\" \/>\n<meta name=\"twitter:card\" content=\"summary_large_image\" \/>\n<meta name=\"twitter:label1\" content=\"Geschrieben von\" \/>\n\t<meta name=\"twitter:data1\" content=\"Max Bassin\" \/>\n\t<meta name=\"twitter:label2\" content=\"Gesch\u00e4tzte Lesezeit\" \/>\n\t<meta name=\"twitter:data2\" content=\"4\u00a0Minuten\" \/>\n<script type=\"application\/ld+json\" class=\"yoast-schema-graph\">{\"@context\":\"https:\/\/schema.org\",\"@graph\":[{\"@type\":\"WebPage\",\"@id\":\"https:\/\/blog.zeit.de\/stoerungsmelder\/2014\/10\/09\/eifler-neonazis-wegen-gewalttaten-verurteilt_17132\",\"url\":\"https:\/\/blog.zeit.de\/stoerungsmelder\/2014\/10\/09\/eifler-neonazis-wegen-gewalttaten-verurteilt_17132\",\"name\":\"Eifler Neonazis wegen Gewalttaten verurteilt - St\u00f6rungsmelder\",\"isPartOf\":{\"@id\":\"https:\/\/blog.zeit.de\/stoerungsmelder\/#website\"},\"datePublished\":\"2014-10-09T07:49:46+00:00\",\"dateModified\":\"2014-10-09T11:53:33+00:00\",\"author\":{\"@id\":\"https:\/\/blog.zeit.de\/stoerungsmelder\/#\/schema\/person\/3d4da107c074cadcc60561b7c57aab0b\"},\"breadcrumb\":{\"@id\":\"https:\/\/blog.zeit.de\/stoerungsmelder\/2014\/10\/09\/eifler-neonazis-wegen-gewalttaten-verurteilt_17132#breadcrumb\"},\"inLanguage\":\"de\",\"potentialAction\":[{\"@type\":\"ReadAction\",\"target\":[\"https:\/\/blog.zeit.de\/stoerungsmelder\/2014\/10\/09\/eifler-neonazis-wegen-gewalttaten-verurteilt_17132\"]}]},{\"@type\":\"BreadcrumbList\",\"@id\":\"https:\/\/blog.zeit.de\/stoerungsmelder\/2014\/10\/09\/eifler-neonazis-wegen-gewalttaten-verurteilt_17132#breadcrumb\",\"itemListElement\":[{\"@type\":\"ListItem\",\"position\":1,\"name\":\"Startseite\",\"item\":\"https:\/\/blog.zeit.de\/stoerungsmelder\"},{\"@type\":\"ListItem\",\"position\":2,\"name\":\"Eifler Neonazis wegen Gewalttaten verurteilt\"}]},{\"@type\":\"WebSite\",\"@id\":\"https:\/\/blog.zeit.de\/stoerungsmelder\/#website\",\"url\":\"https:\/\/blog.zeit.de\/stoerungsmelder\/\",\"name\":\"St\u00f6rungsmelder\",\"description\":\"Recherchen und Analysen \u00fcber die extreme Rechte\",\"potentialAction\":[{\"@type\":\"SearchAction\",\"target\":{\"@type\":\"EntryPoint\",\"urlTemplate\":\"https:\/\/blog.zeit.de\/stoerungsmelder\/?s={search_term_string}\"},\"query-input\":\"required name=search_term_string\"}],\"inLanguage\":\"de\"},{\"@type\":\"Person\",\"@id\":\"https:\/\/blog.zeit.de\/stoerungsmelder\/#\/schema\/person\/3d4da107c074cadcc60561b7c57aab0b\",\"name\":\"Max Bassin\",\"image\":{\"@type\":\"ImageObject\",\"inLanguage\":\"de\",\"@id\":\"https:\/\/blog.zeit.de\/stoerungsmelder\/#\/schema\/person\/image\/\",\"url\":\"https:\/\/secure.gravatar.com\/avatar\/a465f2d02ca3a4ba2fcbc41adc7bd2c8df44b5b969eb8bb0e1d1dd782fef3ffe?s=96&d=mm&r=pg\",\"contentUrl\":\"https:\/\/secure.gravatar.com\/avatar\/a465f2d02ca3a4ba2fcbc41adc7bd2c8df44b5b969eb8bb0e1d1dd782fef3ffe?s=96&d=mm&r=pg\",\"caption\":\"Max Bassin\"},\"url\":\"https:\/\/blog.zeit.de\/stoerungsmelder\/author\/maxbassin\"}]}<\/script>\n<!-- \/ Yoast SEO plugin. -->","yoast_head_json":{"title":"Eifler Neonazis wegen Gewalttaten verurteilt - St\u00f6rungsmelder","robots":{"index":"index","follow":"follow","max-snippet":"max-snippet:-1","max-image-preview":"max-image-preview:large","max-video-preview":"max-video-preview:-1"},"canonical":"https:\/\/blog.zeit.de\/stoerungsmelder\/2014\/10\/09\/eifler-neonazis-wegen-gewalttaten-verurteilt_17132","og_locale":"de_DE","og_type":"article","og_title":"Eifler Neonazis wegen Gewalttaten verurteilt - St\u00f6rungsmelder","og_description":"Sandhandschuhe und einen Schlagstock hatten eine Gruppe Neonazis schon eingepackt, als sie sich am Abend des 2. November 2013 zum \u201eNight Groove\u201c in Euskirchen, einem Kneipenmusikfestival, aufmachte. In der Nacht traf die Gruppe dann auf t\u00fcrkischst\u00e4mmige Jugendliche. Die Rechten beleidigten die Jugendlichen rassistisch, jagten sie durch die Innenstadt und schlugen sie zusammen. Daf\u00fcr wurden drei [&hellip;]","og_url":"https:\/\/blog.zeit.de\/stoerungsmelder\/2014\/10\/09\/eifler-neonazis-wegen-gewalttaten-verurteilt_17132","og_site_name":"St\u00f6rungsmelder","article_published_time":"2014-10-09T07:49:46+00:00","article_modified_time":"2014-10-09T11:53:33+00:00","og_image":[{"url":"https:\/\/blog.zeit.de\/stoerungsmelder\/files\/2014\/10\/Bild_eifel21.jpg"}],"author":"Max Bassin","twitter_card":"summary_large_image","twitter_misc":{"Geschrieben von":"Max Bassin","Gesch\u00e4tzte Lesezeit":"4\u00a0Minuten"},"schema":{"@context":"https:\/\/schema.org","@graph":[{"@type":"WebPage","@id":"https:\/\/blog.zeit.de\/stoerungsmelder\/2014\/10\/09\/eifler-neonazis-wegen-gewalttaten-verurteilt_17132","url":"https:\/\/blog.zeit.de\/stoerungsmelder\/2014\/10\/09\/eifler-neonazis-wegen-gewalttaten-verurteilt_17132","name":"Eifler Neonazis wegen Gewalttaten verurteilt - St\u00f6rungsmelder","isPartOf":{"@id":"https:\/\/blog.zeit.de\/stoerungsmelder\/#website"},"datePublished":"2014-10-09T07:49:46+00:00","dateModified":"2014-10-09T11:53:33+00:00","author":{"@id":"https:\/\/blog.zeit.de\/stoerungsmelder\/#\/schema\/person\/3d4da107c074cadcc60561b7c57aab0b"},"breadcrumb":{"@id":"https:\/\/blog.zeit.de\/stoerungsmelder\/2014\/10\/09\/eifler-neonazis-wegen-gewalttaten-verurteilt_17132#breadcrumb"},"inLanguage":"de","potentialAction":[{"@type":"ReadAction","target":["https:\/\/blog.zeit.de\/stoerungsmelder\/2014\/10\/09\/eifler-neonazis-wegen-gewalttaten-verurteilt_17132"]}]},{"@type":"BreadcrumbList","@id":"https:\/\/blog.zeit.de\/stoerungsmelder\/2014\/10\/09\/eifler-neonazis-wegen-gewalttaten-verurteilt_17132#breadcrumb","itemListElement":[{"@type":"ListItem","position":1,"name":"Startseite","item":"https:\/\/blog.zeit.de\/stoerungsmelder"},{"@type":"ListItem","position":2,"name":"Eifler Neonazis wegen Gewalttaten verurteilt"}]},{"@type":"WebSite","@id":"https:\/\/blog.zeit.de\/stoerungsmelder\/#website","url":"https:\/\/blog.zeit.de\/stoerungsmelder\/","name":"St\u00f6rungsmelder","description":"Recherchen und Analysen \u00fcber die extreme Rechte","potentialAction":[{"@type":"SearchAction","target":{"@type":"EntryPoint","urlTemplate":"https:\/\/blog.zeit.de\/stoerungsmelder\/?s={search_term_string}"},"query-input":"required name=search_term_string"}],"inLanguage":"de"},{"@type":"Person","@id":"https:\/\/blog.zeit.de\/stoerungsmelder\/#\/schema\/person\/3d4da107c074cadcc60561b7c57aab0b","name":"Max Bassin","image":{"@type":"ImageObject","inLanguage":"de","@id":"https:\/\/blog.zeit.de\/stoerungsmelder\/#\/schema\/person\/image\/","url":"https:\/\/secure.gravatar.com\/avatar\/a465f2d02ca3a4ba2fcbc41adc7bd2c8df44b5b969eb8bb0e1d1dd782fef3ffe?s=96&d=mm&r=pg","contentUrl":"https:\/\/secure.gravatar.com\/avatar\/a465f2d02ca3a4ba2fcbc41adc7bd2c8df44b5b969eb8bb0e1d1dd782fef3ffe?s=96&d=mm&r=pg","caption":"Max Bassin"},"url":"https:\/\/blog.zeit.de\/stoerungsmelder\/author\/maxbassin"}]}},"jetpack_featured_media_url":"","jetpack_sharing_enabled":true,"_links":{"self":[{"href":"https:\/\/blog.zeit.de\/stoerungsmelder\/wp-json\/wp\/v2\/posts\/17132","targetHints":{"allow":["GET"]}}],"collection":[{"href":"https:\/\/blog.zeit.de\/stoerungsmelder\/wp-json\/wp\/v2\/posts"}],"about":[{"href":"https:\/\/blog.zeit.de\/stoerungsmelder\/wp-json\/wp\/v2\/types\/post"}],"author":[{"embeddable":true,"href":"https:\/\/blog.zeit.de\/stoerungsmelder\/wp-json\/wp\/v2\/users\/349"}],"replies":[{"embeddable":true,"href":"https:\/\/blog.zeit.de\/stoerungsmelder\/wp-json\/wp\/v2\/comments?post=17132"}],"version-history":[{"count":14,"href":"https:\/\/blog.zeit.de\/stoerungsmelder\/wp-json\/wp\/v2\/posts\/17132\/revisions"}],"predecessor-version":[{"id":17149,"href":"https:\/\/blog.zeit.de\/stoerungsmelder\/wp-json\/wp\/v2\/posts\/17132\/revisions\/17149"}],"wp:attachment":[{"href":"https:\/\/blog.zeit.de\/stoerungsmelder\/wp-json\/wp\/v2\/media?parent=17132"}],"wp:term":[{"taxonomy":"category","embeddable":true,"href":"https:\/\/blog.zeit.de\/stoerungsmelder\/wp-json\/wp\/v2\/categories?post=17132"},{"taxonomy":"post_tag","embeddable":true,"href":"https:\/\/blog.zeit.de\/stoerungsmelder\/wp-json\/wp\/v2\/tags?post=17132"}],"curies":[{"name":"wp","href":"https:\/\/api.w.org\/{rel}","templated":true}]}}