{"id":17150,"date":"2014-10-09T17:02:06","date_gmt":"2014-10-09T15:02:06","guid":{"rendered":"http:\/\/blog.zeit.de\/stoerungsmelder\/?p=17150"},"modified":"2014-10-09T17:03:00","modified_gmt":"2014-10-09T15:03:00","slug":"unerwuenschter-protest-gegen-nazis","status":"publish","type":"post","link":"https:\/\/blog.zeit.de\/stoerungsmelder\/2014\/10\/09\/unerwuenschter-protest-gegen-nazis_17150","title":{"rendered":"Unerw\u00fcnschter Protest gegen Nazis"},"content":{"rendered":"<p><figure id=\"attachment_15175\" aria-describedby=\"caption-attachment-15175\" style=\"width: 611px\" class=\"wp-caption aligncenter\"><a href=\"https:\/\/blog.zeit.de\/stoerungsmelder\/files\/2014\/02\/Dresden20-e1392491041203.jpg\"><img loading=\"lazy\" decoding=\"async\" class=\" wp-image-15175\" src=\"https:\/\/blog.zeit.de\/stoerungsmelder\/files\/2014\/02\/Dresden20-e1392491041203.jpg\" alt=\"Die Initiative Dresden-Nazifrei veranstaltete am 13. Februar den T\u00e4terspurenmahngang.  \u00a9 Silvio Werner\" width=\"611\" height=\"407\" srcset=\"https:\/\/blog.zeit.de\/stoerungsmelder\/files\/2014\/02\/Dresden20-e1392491041203.jpg 1000w, https:\/\/blog.zeit.de\/stoerungsmelder\/files\/2014\/02\/Dresden20-e1392491041203-300x200.jpg 300w\" sizes=\"auto, (max-width: 611px) 100vw, 611px\" \/><\/a><figcaption id=\"caption-attachment-15175\" class=\"wp-caption-text\">Die Initiative Dresden-Nazifrei veranstaltet jedes Jahr den T\u00e4terspurenmahngang. \u00a9 Silvio Werner<\/figcaption><\/figure><\/p>\n<p>Die erfolgreichen Proteste gegen den Naziaufmarsch in Dresden 2011 besch\u00e4ftigen weiterhin die s\u00e4chsische Justiz. Jetzt soll ein junger Mann vor Gericht, weil er eine Fahne und ein Megafon bei den Protesten getragen hat.<!--more--><\/p>\n<p>Erst vergangenen Monat mussten die s\u00e4chsischen Beh\u00f6rden eine schwere Schlappe einstecken. Mehrere Ermittlungsverfahren gegen die angeblichen Mitglieder einer antifaschistischen \u00bbSportgruppe\u00ab eingestellt. Ihnen wurde vorgeworfen, sich zu Sachbesch\u00e4digungen und dem Angriff auf zwei Busse der Neonazis im Umfeld der Blockade des Naziaufmarsches am 13. Februar 2011 verabredet zu haben. Es stellte sich heraus: so eine Gruppe gab es gar nicht. 18 Verfahren wurden eingestellt.<\/p>\n<p>Nicht die einzige Niederlage der s\u00e4chsischen Beh\u00f6rden in ihrem Feldzug gegen antifaschistisches Engagement: die \u00dcberwachung der Handydaten von \u00fcber 55.000 Anwohnern und Demonstranten &#8211; illegal. Die St\u00fcrmung und Durchsuchung der angeblichen \u00bbKommandozentrale\u00ab gewaltbereiter Nazi-Gegner im Haus der Begegnung durch Sondereinheiten der Polizei: nicht rechtens. Rund 1.400 Verfahren wegen teils absurder Vorw\u00fcrfe gegen Aktivisten: eingestellt. Der Prozess gegen Tim H. aus Berlin, der in \u00f6ffentlicher Emp\u00f6rung \u00fcber das Verfahren und das Urteil endete. Das Auffliegen einer regelrechten F\u00e4lscherwerkstatt der Polizei, die sich Videos zurechtschnitten und entlastendes Material zur\u00fcck behielt, im Verfahren gegen den Jenaer Pfarrer Lothar K\u00f6nig. Die s\u00e4chsischen Beh\u00f6rden versuchen auch noch nach Jahren die antifaschistischen Proteste zu kriminalisieren &#8211; und scheitern. Aufgeben wollen sie dennoch nicht. Im Herbst wird der Prozess gegen Lothar K\u00f6nig neu aufgerollt.<\/p>\n<p>Am 16. Oktober findet im Amtsgericht Dresden ein weiterer Prozess statt. Dem Gesch\u00e4ftsf\u00fchrer der Berliner Vereinigung der Verfolgten des Naziregimes- Bund der Antifaschistinnen und Antifaschisten (VVN-BdA), Markus Tervooren wird schwerer Landfriedensbruch vorgeworfen. Er soll 2011 Demonstranten mit der blau-wei\u00df-roten Fahne des VVN-BdA und einem Megafon angef\u00fchrt haben. Wie in den Verfahren gegen Lothar K\u00f6nig und Tim H. gibt es geschnittene Polizei-Videos, die mit einem Zusammenschnitt der eindrucksvollsten Barrikaden und Aufnahmen der Neo-Nazis Stimmung machen sollen. Wieder ist nicht zu sehen, was Markus Tervooren verbrochen haben soll. Die Fahne des Bundes des Bundes der Antifaschistinnen und Antifaschisten wird zum angeblichen Signalinstrument mit dem die Demonstranten geleitet wurden. Es ist unklar, wie die s\u00e4chsischen Beh\u00f6rden \u00fcberhaupt auf den jetzt Beschuldigten kamen und entsteht der Eindruck, dass es auch jeden anderen der tausenden Demonstranten h\u00e4tte treffen k\u00f6nnen. Eine drohende Freiheitsstrafe von \u00fcber zwei Jahren f\u00fcr ein Megafon und eine Fahne als Tatwaffe &#8211; die s\u00e4chsische Demokratie sucht ihren Ruf zu festigen.<\/p>\n<p>Die Blockade des Naziaufmarsches 2011 war ein gro\u00dfer Erfolg f\u00fcr die Antifaschisten und gut f\u00fcr Dresden, dass 2014 nicht mehr Ziel von Neonazis aus dem ganzen Bundesgebiet und dar\u00fcber hinaus ist. Die Beh\u00f6rden haben das nicht verstanden und verfolgen weiterhin antifaschistisches Engagement. Prozesse wie die gegen Lothar K\u00f6nig, Tim H. und Markus Tervooren h\u00e4tten ebenso andere treffen k\u00f6nnen und sind ein Angriff auf alle engagierten Nazigegner. Deshalb plant das B\u00fcndnis Dresden Nazifrei auch am Vorabend des Prozessbeginnes eine Solidarit\u00e4ts-Demonstration f\u00fcr alle von Repression betroffenen. Der Prozess gegen Markus Tervooren findet am 16. Oktober im Amtsgericht Dresden statt. F\u00fcr das Verfahren gegen Lothar K\u00f6nig sind acht Verhandlungstage ab dem 10. November geplant.<\/p>\n<p>Die genauen Daten und mehr Informationen gibt es auf bei <a href=\"http:\/\/www.dresden-nazifrei.com\/\" target=\"_blank\">Dresden Nazifrei<\/a>. F\u00fcr die Prozesskosten werden mehrere zehntausend Euro ben\u00f6tigt.<\/p>\n","protected":false},"excerpt":{"rendered":"<p>Die erfolgreichen Proteste gegen den Naziaufmarsch in Dresden 2011 besch\u00e4ftigen weiterhin die s\u00e4chsische Justiz. Jetzt soll ein junger Mann vor Gericht, weil er eine Fahne und ein Megafon bei den Protesten getragen hat.<\/p>\n","protected":false},"author":229,"featured_media":0,"comment_status":"open","ping_status":"open","sticky":false,"template":"","format":"standard","meta":{"_jetpack_memberships_contains_paid_content":false,"footnotes":""},"categories":[1456],"tags":[1638,2089,1858],"class_list":["post-17150","post","type-post","status-publish","format-standard","hentry","category-sachsen","tag-justiz","tag-sitzblockaden","tag-zivilcourage"],"yoast_head":"<!-- This site is optimized with the Yoast SEO plugin v21.0 - https:\/\/yoast.com\/wordpress\/plugins\/seo\/ -->\n<title>Unerw\u00fcnschter Protest gegen Nazis - St\u00f6rungsmelder<\/title>\n<meta name=\"robots\" content=\"index, follow, max-snippet:-1, max-image-preview:large, max-video-preview:-1\" \/>\n<link rel=\"canonical\" href=\"https:\/\/blog.zeit.de\/stoerungsmelder\/2014\/10\/09\/unerwuenschter-protest-gegen-nazis_17150\" \/>\n<meta property=\"og:locale\" content=\"de_DE\" \/>\n<meta property=\"og:type\" content=\"article\" \/>\n<meta property=\"og:title\" content=\"Unerw\u00fcnschter Protest gegen Nazis - St\u00f6rungsmelder\" \/>\n<meta property=\"og:description\" content=\"Die erfolgreichen Proteste gegen den Naziaufmarsch in Dresden 2011 besch\u00e4ftigen weiterhin die s\u00e4chsische Justiz. Jetzt soll ein junger Mann vor Gericht, weil er eine Fahne und ein Megafon bei den Protesten getragen hat.\" \/>\n<meta property=\"og:url\" content=\"https:\/\/blog.zeit.de\/stoerungsmelder\/2014\/10\/09\/unerwuenschter-protest-gegen-nazis_17150\" \/>\n<meta property=\"og:site_name\" content=\"St\u00f6rungsmelder\" \/>\n<meta property=\"article:published_time\" content=\"2014-10-09T15:02:06+00:00\" \/>\n<meta property=\"article:modified_time\" content=\"2014-10-09T15:03:00+00:00\" \/>\n<meta property=\"og:image\" content=\"https:\/\/blog.zeit.de\/stoerungsmelder\/files\/2014\/02\/Dresden20-e1392491041203.jpg\" \/>\n<meta name=\"author\" content=\"St\u00f6rungsmelder\" \/>\n<meta name=\"twitter:card\" content=\"summary_large_image\" \/>\n<meta name=\"twitter:label1\" content=\"Geschrieben von\" \/>\n\t<meta name=\"twitter:data1\" content=\"St\u00f6rungsmelder\" \/>\n\t<meta name=\"twitter:label2\" content=\"Gesch\u00e4tzte Lesezeit\" \/>\n\t<meta name=\"twitter:data2\" content=\"3\u00a0Minuten\" \/>\n<script type=\"application\/ld+json\" class=\"yoast-schema-graph\">{\"@context\":\"https:\/\/schema.org\",\"@graph\":[{\"@type\":\"WebPage\",\"@id\":\"https:\/\/blog.zeit.de\/stoerungsmelder\/2014\/10\/09\/unerwuenschter-protest-gegen-nazis_17150\",\"url\":\"https:\/\/blog.zeit.de\/stoerungsmelder\/2014\/10\/09\/unerwuenschter-protest-gegen-nazis_17150\",\"name\":\"Unerw\u00fcnschter Protest gegen Nazis - St\u00f6rungsmelder\",\"isPartOf\":{\"@id\":\"https:\/\/blog.zeit.de\/stoerungsmelder\/#website\"},\"datePublished\":\"2014-10-09T15:02:06+00:00\",\"dateModified\":\"2014-10-09T15:03:00+00:00\",\"author\":{\"@id\":\"https:\/\/blog.zeit.de\/stoerungsmelder\/#\/schema\/person\/fdd0b9818f65738672810b6d6f037f71\"},\"breadcrumb\":{\"@id\":\"https:\/\/blog.zeit.de\/stoerungsmelder\/2014\/10\/09\/unerwuenschter-protest-gegen-nazis_17150#breadcrumb\"},\"inLanguage\":\"de\",\"potentialAction\":[{\"@type\":\"ReadAction\",\"target\":[\"https:\/\/blog.zeit.de\/stoerungsmelder\/2014\/10\/09\/unerwuenschter-protest-gegen-nazis_17150\"]}]},{\"@type\":\"BreadcrumbList\",\"@id\":\"https:\/\/blog.zeit.de\/stoerungsmelder\/2014\/10\/09\/unerwuenschter-protest-gegen-nazis_17150#breadcrumb\",\"itemListElement\":[{\"@type\":\"ListItem\",\"position\":1,\"name\":\"Startseite\",\"item\":\"https:\/\/blog.zeit.de\/stoerungsmelder\"},{\"@type\":\"ListItem\",\"position\":2,\"name\":\"Unerw\u00fcnschter Protest gegen Nazis\"}]},{\"@type\":\"WebSite\",\"@id\":\"https:\/\/blog.zeit.de\/stoerungsmelder\/#website\",\"url\":\"https:\/\/blog.zeit.de\/stoerungsmelder\/\",\"name\":\"St\u00f6rungsmelder\",\"description\":\"Recherchen und Analysen \u00fcber die extreme Rechte\",\"potentialAction\":[{\"@type\":\"SearchAction\",\"target\":{\"@type\":\"EntryPoint\",\"urlTemplate\":\"https:\/\/blog.zeit.de\/stoerungsmelder\/?s={search_term_string}\"},\"query-input\":\"required name=search_term_string\"}],\"inLanguage\":\"de\"},{\"@type\":\"Person\",\"@id\":\"https:\/\/blog.zeit.de\/stoerungsmelder\/#\/schema\/person\/fdd0b9818f65738672810b6d6f037f71\",\"name\":\"St\u00f6rungsmelder\",\"image\":{\"@type\":\"ImageObject\",\"inLanguage\":\"de\",\"@id\":\"https:\/\/blog.zeit.de\/stoerungsmelder\/#\/schema\/person\/image\/\",\"url\":\"https:\/\/secure.gravatar.com\/avatar\/dfa4be514c3e82a71e4f9a0020035d38192d080ccaa5e4e6d7a1472c763535c5?s=96&d=mm&r=pg\",\"contentUrl\":\"https:\/\/secure.gravatar.com\/avatar\/dfa4be514c3e82a71e4f9a0020035d38192d080ccaa5e4e6d7a1472c763535c5?s=96&d=mm&r=pg\",\"caption\":\"St\u00f6rungsmelder\"},\"url\":\"https:\/\/blog.zeit.de\/stoerungsmelder\/author\/stoerungsmelder\"}]}<\/script>\n<!-- \/ Yoast SEO plugin. -->","yoast_head_json":{"title":"Unerw\u00fcnschter Protest gegen Nazis - St\u00f6rungsmelder","robots":{"index":"index","follow":"follow","max-snippet":"max-snippet:-1","max-image-preview":"max-image-preview:large","max-video-preview":"max-video-preview:-1"},"canonical":"https:\/\/blog.zeit.de\/stoerungsmelder\/2014\/10\/09\/unerwuenschter-protest-gegen-nazis_17150","og_locale":"de_DE","og_type":"article","og_title":"Unerw\u00fcnschter Protest gegen Nazis - St\u00f6rungsmelder","og_description":"Die erfolgreichen Proteste gegen den Naziaufmarsch in Dresden 2011 besch\u00e4ftigen weiterhin die s\u00e4chsische Justiz. Jetzt soll ein junger Mann vor Gericht, weil er eine Fahne und ein Megafon bei den Protesten getragen hat.","og_url":"https:\/\/blog.zeit.de\/stoerungsmelder\/2014\/10\/09\/unerwuenschter-protest-gegen-nazis_17150","og_site_name":"St\u00f6rungsmelder","article_published_time":"2014-10-09T15:02:06+00:00","article_modified_time":"2014-10-09T15:03:00+00:00","og_image":[{"url":"https:\/\/blog.zeit.de\/stoerungsmelder\/files\/2014\/02\/Dresden20-e1392491041203.jpg"}],"author":"St\u00f6rungsmelder","twitter_card":"summary_large_image","twitter_misc":{"Geschrieben von":"St\u00f6rungsmelder","Gesch\u00e4tzte Lesezeit":"3\u00a0Minuten"},"schema":{"@context":"https:\/\/schema.org","@graph":[{"@type":"WebPage","@id":"https:\/\/blog.zeit.de\/stoerungsmelder\/2014\/10\/09\/unerwuenschter-protest-gegen-nazis_17150","url":"https:\/\/blog.zeit.de\/stoerungsmelder\/2014\/10\/09\/unerwuenschter-protest-gegen-nazis_17150","name":"Unerw\u00fcnschter Protest gegen Nazis - St\u00f6rungsmelder","isPartOf":{"@id":"https:\/\/blog.zeit.de\/stoerungsmelder\/#website"},"datePublished":"2014-10-09T15:02:06+00:00","dateModified":"2014-10-09T15:03:00+00:00","author":{"@id":"https:\/\/blog.zeit.de\/stoerungsmelder\/#\/schema\/person\/fdd0b9818f65738672810b6d6f037f71"},"breadcrumb":{"@id":"https:\/\/blog.zeit.de\/stoerungsmelder\/2014\/10\/09\/unerwuenschter-protest-gegen-nazis_17150#breadcrumb"},"inLanguage":"de","potentialAction":[{"@type":"ReadAction","target":["https:\/\/blog.zeit.de\/stoerungsmelder\/2014\/10\/09\/unerwuenschter-protest-gegen-nazis_17150"]}]},{"@type":"BreadcrumbList","@id":"https:\/\/blog.zeit.de\/stoerungsmelder\/2014\/10\/09\/unerwuenschter-protest-gegen-nazis_17150#breadcrumb","itemListElement":[{"@type":"ListItem","position":1,"name":"Startseite","item":"https:\/\/blog.zeit.de\/stoerungsmelder"},{"@type":"ListItem","position":2,"name":"Unerw\u00fcnschter Protest gegen Nazis"}]},{"@type":"WebSite","@id":"https:\/\/blog.zeit.de\/stoerungsmelder\/#website","url":"https:\/\/blog.zeit.de\/stoerungsmelder\/","name":"St\u00f6rungsmelder","description":"Recherchen und Analysen \u00fcber die extreme Rechte","potentialAction":[{"@type":"SearchAction","target":{"@type":"EntryPoint","urlTemplate":"https:\/\/blog.zeit.de\/stoerungsmelder\/?s={search_term_string}"},"query-input":"required name=search_term_string"}],"inLanguage":"de"},{"@type":"Person","@id":"https:\/\/blog.zeit.de\/stoerungsmelder\/#\/schema\/person\/fdd0b9818f65738672810b6d6f037f71","name":"St\u00f6rungsmelder","image":{"@type":"ImageObject","inLanguage":"de","@id":"https:\/\/blog.zeit.de\/stoerungsmelder\/#\/schema\/person\/image\/","url":"https:\/\/secure.gravatar.com\/avatar\/dfa4be514c3e82a71e4f9a0020035d38192d080ccaa5e4e6d7a1472c763535c5?s=96&d=mm&r=pg","contentUrl":"https:\/\/secure.gravatar.com\/avatar\/dfa4be514c3e82a71e4f9a0020035d38192d080ccaa5e4e6d7a1472c763535c5?s=96&d=mm&r=pg","caption":"St\u00f6rungsmelder"},"url":"https:\/\/blog.zeit.de\/stoerungsmelder\/author\/stoerungsmelder"}]}},"jetpack_featured_media_url":"","jetpack_sharing_enabled":true,"_links":{"self":[{"href":"https:\/\/blog.zeit.de\/stoerungsmelder\/wp-json\/wp\/v2\/posts\/17150","targetHints":{"allow":["GET"]}}],"collection":[{"href":"https:\/\/blog.zeit.de\/stoerungsmelder\/wp-json\/wp\/v2\/posts"}],"about":[{"href":"https:\/\/blog.zeit.de\/stoerungsmelder\/wp-json\/wp\/v2\/types\/post"}],"author":[{"embeddable":true,"href":"https:\/\/blog.zeit.de\/stoerungsmelder\/wp-json\/wp\/v2\/users\/229"}],"replies":[{"embeddable":true,"href":"https:\/\/blog.zeit.de\/stoerungsmelder\/wp-json\/wp\/v2\/comments?post=17150"}],"version-history":[{"count":2,"href":"https:\/\/blog.zeit.de\/stoerungsmelder\/wp-json\/wp\/v2\/posts\/17150\/revisions"}],"predecessor-version":[{"id":17152,"href":"https:\/\/blog.zeit.de\/stoerungsmelder\/wp-json\/wp\/v2\/posts\/17150\/revisions\/17152"}],"wp:attachment":[{"href":"https:\/\/blog.zeit.de\/stoerungsmelder\/wp-json\/wp\/v2\/media?parent=17150"}],"wp:term":[{"taxonomy":"category","embeddable":true,"href":"https:\/\/blog.zeit.de\/stoerungsmelder\/wp-json\/wp\/v2\/categories?post=17150"},{"taxonomy":"post_tag","embeddable":true,"href":"https:\/\/blog.zeit.de\/stoerungsmelder\/wp-json\/wp\/v2\/tags?post=17150"}],"curies":[{"name":"wp","href":"https:\/\/api.w.org\/{rel}","templated":true}]}}