{"id":17155,"date":"2014-10-09T20:06:21","date_gmt":"2014-10-09T18:06:21","guid":{"rendered":"http:\/\/blog.zeit.de\/stoerungsmelder\/?p=17155"},"modified":"2016-08-10T09:25:52","modified_gmt":"2016-08-10T07:25:52","slug":"kategorie-c-kuendigt-konzert-im-raum-trier-an","status":"publish","type":"post","link":"https:\/\/blog.zeit.de\/stoerungsmelder\/2014\/10\/09\/kategorie-c-kuendigt-konzert-im-raum-trier-an_17155","title":{"rendered":"\u201eKategorie C\u201c k\u00fcndigt Konzert im Raum Trier an"},"content":{"rendered":"<p><figure id=\"attachment_17156\" aria-describedby=\"caption-attachment-17156\" style=\"width: 540px\" class=\"wp-caption aligncenter\"><a href=\"https:\/\/blog.zeit.de\/stoerungsmelder\/files\/2014\/10\/KCScreen.jpg\"><img loading=\"lazy\" decoding=\"async\" class=\"wp-image-17156 size-full\" src=\"https:\/\/blog.zeit.de\/stoerungsmelder\/files\/2014\/10\/KCScreen.jpg\" alt=\"Kategorie C im Raum Trier und Ruhrpott West\" width=\"540\" height=\"300\" srcset=\"https:\/\/blog.zeit.de\/stoerungsmelder\/files\/2014\/10\/KCScreen.jpg 540w, https:\/\/blog.zeit.de\/stoerungsmelder\/files\/2014\/10\/KCScreen-300x166.jpg 300w\" sizes=\"auto, (max-width: 540px) 100vw, 540px\" \/><\/a><figcaption id=\"caption-attachment-17156\" class=\"wp-caption-text\">Screenshot von der Homepage der Band \u201cKategorie C\u201d.<\/figcaption><\/figure><\/p>\n<p>Die extrem rechte Hooliganband \u201eKategorie C \u2013 Hungrige W\u00f6lfe\u201c hat ein Konzert f\u00fcr den 5. Dezember im \u201eRaum Trier\u201c angek\u00fcndigt. Seit Anfang Oktober bewirbt die Band zwei Nikolaus-Festivals\u00a0zusammen mit \u201ePitbullfarm\u201c, \u201eThe Firm\u201c und \u201eTattooed Mother Fuckers\u201c. Neben der Veranstaltung im Raum Trier will Kategorie C am 6. Dezember im Raum Ruhrpott-West auftreten. Seit einigen Jahren versucht die Band regelm\u00e4\u00dfig in Rheinland-Pfalz Konzerte durchzuf\u00fchren. F\u00fcr die Region Trier ist es jedoch die erste Ank\u00fcndigung.<!--more--><\/p>\n<p>Wo genau die Veranstaltung im stattfinden wird, ist noch unklar. Dem Presseamt der Stadt Trier liegen auf Anfrage des <em>St\u00f6rungsmelders<\/em> noch keine Informationen zu dem Konzert vor. Dies verwundert jedoch nicht. Es ist unwahrscheinlich, dass die Veranstaltung in Trier selbst stattfinden wird. Die Band weist darauf hin, dass man das Konzert \u201enur mit dem Auto\u201c erreichen k\u00f6nne. Dies l\u00e4sst keinen eindeutigen Schluss auf den Veranstaltungsort zu. Auch ein Grenz\u00fcbertritt nach Luxemburg ist daher nicht auszuschlie\u00dfen.<\/p>\n<p>Denkbar ist ebenso, dass die Veranstalter das Konzert im Raum Wittlich durchf\u00fchren wollen. Dort existiert mit der <a title=\" Abo Shop E-Paper Apps Audio Archiv Spiele Partnersuche Immobilien Automarkt Jobs ZEITmagazin ZEITCampus ZEITGeschichte ZEITWissen ZEIT ONLINEsuchen Suchen START POLITIK WIRTSCHAFT GESELLSCHAFT KULTUR WISSEN DIGITAL STUDIUM KARRIERE REISEN MOBILIT\u00c4T SPORT HAMBURG ZEITMAGAZIN Willkommen Fabian Boist | Abmelden St\u00f6rungsmelder Wir m\u00fcssen reden. \u00dcber Nazis. Ein Blog Die NPD und militante Nazistrukturen in Rheinland-Pfalz\" href=\"https:\/\/blog.zeit.de\/stoerungsmelder\/2012\/10\/10\/die-npd-und-militante-nazistrukturen-in-rheinland-pfalz_10183\">\u201eChaos Crew\u201c<\/a> eine Konzertgruppe, die sich an das verbotene Neonazi-Netzwerk \u201eBlood &amp; Honour\u201c anlehnt. Kategorie C n\u00e4herte sich im Laufe des letzten Jahres mehr und mehr an Blood &amp; Honour Strukturen in Europa an. So plante die Band im <a title=\"\u201cKategorie C\u201d: Frankreichfahrt zu \u201cBlood &amp; Honour Hexagone\u201d\" href=\"https:\/\/blog.zeit.de\/stoerungsmelder\/2014\/02\/18\/kategorie-c-frankreichfahrt-zu-blood-honour-hexagone_15198\">Juni 2014<\/a> ein Konzert beim franz\u00f6sischen Blood &amp; Honour Ableger \u201e28 Hexagone\u201c, im Oktober bei Blood &amp; Honour in Slovenien. Nachdem vor allem f\u00fchrende Mitglieder der Chaos Crew verhaftet worden sind, veranstaltet die Gruppe\u00a0seit einigen Jahren keine Konzerte mehr. Seit geraumer Zeit treten einige ihrer Mitglieder jedoch wieder offen erkennbar als Neonazis in Erscheinung &#8211; im Internet und bei Neonazi-Demonstrationen. Ein Neonazi aus dem Umfeld ehemaliger Chaos Crew Mitglieder bewirbt das f\u00fcr den 5. Dezember angek\u00fcndigte Konzert bereits \u00fcber Soziale Netzwerke. Ein weiterer Neonazi aus dem Umfeld der Chaos Crew besuchte ein Kategorie-C-Konzert am 6.September in Frankreich.<\/p>\n<p>Dieses Konzert wurde zun\u00e4chst f\u00fcr den \u201eRaum Kaiserslautern\u201c angek\u00fcndigt. Nach einer Verbotsverf\u00fcgung der Stadt Kaiserslautern verlegten die Veranstalter den Auftritt ins angrenzende Frankreich auf ein Privatgrundst\u00fcck in Walschbronn. Gemeinsam mit der schwedischen Rechtsrockband Pitbullfarm und der deutsch-britischen Band \u201eI.C.1.\u201c spielte Kategorie C schlie\u00dflich vor rund 400 Zuschauern aus dem ganzen Bundesgebiet. Nach Angaben des Polizeipr\u00e4sidiums Westpfalz kam es zu keinerlei strafrechtlich relevanten Vorf\u00e4llen.<\/p>\n<p>Es bleibt abzuwarten, wie die Ordnungsbeh\u00f6rden im Raum Trier mit der Veranstaltung umgehen werden. Sollte es der Band gelingen, in Deutschland aufzutreten, w\u00e4re es das erste Konzert der Hooliganband in Rheinland-Pfalz seit 2011.<\/p>\n","protected":false},"excerpt":{"rendered":"<p>Die extrem rechte Hooliganband \u201eKategorie C \u2013 Hungrige W\u00f6lfe\u201c hat ein Konzert f\u00fcr den 5. Dezember im \u201eRaum Trier\u201c angek\u00fcndigt. Seit Anfang Oktober bewirbt die Band zwei Nikolaus-Festivals\u00a0zusammen mit \u201ePitbullfarm\u201c, \u201eThe Firm\u201c und \u201eTattooed Mother Fuckers\u201c. Neben der Veranstaltung im Raum Trier will Kategorie C am 6. Dezember im Raum Ruhrpott-West auftreten. Seit einigen Jahren [&hellip;]<\/p>\n","protected":false},"author":386,"featured_media":0,"comment_status":"open","ping_status":"open","sticky":false,"template":"","format":"standard","meta":{"_jetpack_memberships_contains_paid_content":false,"footnotes":""},"categories":[1455],"tags":[32101,1507,1508,22846,1012,1573,1609,32105,31049,32096,28194,32106,22384,23566,32097,1765,39410,32104,32099,32098,17780,32102,32103,32100],"class_list":["post-17155","post","type-post","status-publish","format-standard","hentry","category-rheinland-pfalz","tag-32101","tag-blood-honour","tag-blood-and-honour","tag-chaos-crew","tag-frankreich","tag-fussball","tag-hooligan","tag-i-c-1","tag-kaiserslautern","tag-katogorie-c","tag-luxemburg","tag-mittelmosel","tag-nazi","tag-neonazi","tag-pitbullfarm","tag-rechtsrock","tag-rheinland-pfalz","tag-ruhrpott","tag-tattooed-mother-fuckers","tag-the-firm","tag-trier","tag-walschbronn","tag-westpfalz","tag-wittlich"],"yoast_head":"<!-- This site is optimized with the Yoast SEO plugin v21.0 - https:\/\/yoast.com\/wordpress\/plugins\/seo\/ -->\n<title>\u201eKategorie C\u201c k\u00fcndigt Konzert im Raum Trier an - St\u00f6rungsmelder<\/title>\n<meta name=\"robots\" content=\"index, follow, max-snippet:-1, max-image-preview:large, max-video-preview:-1\" \/>\n<link rel=\"canonical\" href=\"https:\/\/blog.zeit.de\/stoerungsmelder\/2014\/10\/09\/kategorie-c-kuendigt-konzert-im-raum-trier-an_17155\" \/>\n<meta property=\"og:locale\" content=\"de_DE\" \/>\n<meta property=\"og:type\" content=\"article\" \/>\n<meta property=\"og:title\" content=\"\u201eKategorie C\u201c k\u00fcndigt Konzert im Raum Trier an - St\u00f6rungsmelder\" \/>\n<meta property=\"og:description\" content=\"Die extrem rechte Hooliganband \u201eKategorie C \u2013 Hungrige W\u00f6lfe\u201c hat ein Konzert f\u00fcr den 5. Dezember im \u201eRaum Trier\u201c angek\u00fcndigt. Seit Anfang Oktober bewirbt die Band zwei Nikolaus-Festivals\u00a0zusammen mit \u201ePitbullfarm\u201c, \u201eThe Firm\u201c und \u201eTattooed Mother Fuckers\u201c. Neben der Veranstaltung im Raum Trier will Kategorie C am 6. Dezember im Raum Ruhrpott-West auftreten. Seit einigen Jahren [&hellip;]\" \/>\n<meta property=\"og:url\" content=\"https:\/\/blog.zeit.de\/stoerungsmelder\/2014\/10\/09\/kategorie-c-kuendigt-konzert-im-raum-trier-an_17155\" \/>\n<meta property=\"og:site_name\" content=\"St\u00f6rungsmelder\" \/>\n<meta property=\"article:published_time\" content=\"2014-10-09T18:06:21+00:00\" \/>\n<meta property=\"article:modified_time\" content=\"2016-08-10T07:25:52+00:00\" \/>\n<meta property=\"og:image\" content=\"https:\/\/blog.zeit.de\/stoerungsmelder\/files\/2014\/10\/KCScreen.jpg\" \/>\n<meta name=\"author\" content=\"Philipp Reichert\" \/>\n<meta name=\"twitter:card\" content=\"summary_large_image\" \/>\n<meta name=\"twitter:creator\" content=\"@ReichertPhil\" \/>\n<meta name=\"twitter:label1\" content=\"Geschrieben von\" \/>\n\t<meta name=\"twitter:data1\" content=\"Philipp Reichert\" \/>\n\t<meta name=\"twitter:label2\" content=\"Gesch\u00e4tzte Lesezeit\" \/>\n\t<meta name=\"twitter:data2\" content=\"2\u00a0Minuten\" \/>\n<script type=\"application\/ld+json\" class=\"yoast-schema-graph\">{\"@context\":\"https:\/\/schema.org\",\"@graph\":[{\"@type\":\"WebPage\",\"@id\":\"https:\/\/blog.zeit.de\/stoerungsmelder\/2014\/10\/09\/kategorie-c-kuendigt-konzert-im-raum-trier-an_17155\",\"url\":\"https:\/\/blog.zeit.de\/stoerungsmelder\/2014\/10\/09\/kategorie-c-kuendigt-konzert-im-raum-trier-an_17155\",\"name\":\"\u201eKategorie C\u201c k\u00fcndigt Konzert im Raum Trier an - St\u00f6rungsmelder\",\"isPartOf\":{\"@id\":\"https:\/\/blog.zeit.de\/stoerungsmelder\/#website\"},\"datePublished\":\"2014-10-09T18:06:21+00:00\",\"dateModified\":\"2016-08-10T07:25:52+00:00\",\"author\":{\"@id\":\"https:\/\/blog.zeit.de\/stoerungsmelder\/#\/schema\/person\/82d0ae3b06fd00052beda2711c39c022\"},\"breadcrumb\":{\"@id\":\"https:\/\/blog.zeit.de\/stoerungsmelder\/2014\/10\/09\/kategorie-c-kuendigt-konzert-im-raum-trier-an_17155#breadcrumb\"},\"inLanguage\":\"de\",\"potentialAction\":[{\"@type\":\"ReadAction\",\"target\":[\"https:\/\/blog.zeit.de\/stoerungsmelder\/2014\/10\/09\/kategorie-c-kuendigt-konzert-im-raum-trier-an_17155\"]}]},{\"@type\":\"BreadcrumbList\",\"@id\":\"https:\/\/blog.zeit.de\/stoerungsmelder\/2014\/10\/09\/kategorie-c-kuendigt-konzert-im-raum-trier-an_17155#breadcrumb\",\"itemListElement\":[{\"@type\":\"ListItem\",\"position\":1,\"name\":\"Startseite\",\"item\":\"https:\/\/blog.zeit.de\/stoerungsmelder\"},{\"@type\":\"ListItem\",\"position\":2,\"name\":\"\u201eKategorie C\u201c k\u00fcndigt Konzert im Raum Trier an\"}]},{\"@type\":\"WebSite\",\"@id\":\"https:\/\/blog.zeit.de\/stoerungsmelder\/#website\",\"url\":\"https:\/\/blog.zeit.de\/stoerungsmelder\/\",\"name\":\"St\u00f6rungsmelder\",\"description\":\"Recherchen und Analysen \u00fcber die extreme Rechte\",\"potentialAction\":[{\"@type\":\"SearchAction\",\"target\":{\"@type\":\"EntryPoint\",\"urlTemplate\":\"https:\/\/blog.zeit.de\/stoerungsmelder\/?s={search_term_string}\"},\"query-input\":\"required name=search_term_string\"}],\"inLanguage\":\"de\"},{\"@type\":\"Person\",\"@id\":\"https:\/\/blog.zeit.de\/stoerungsmelder\/#\/schema\/person\/82d0ae3b06fd00052beda2711c39c022\",\"name\":\"Philipp Reichert\",\"image\":{\"@type\":\"ImageObject\",\"inLanguage\":\"de\",\"@id\":\"https:\/\/blog.zeit.de\/stoerungsmelder\/#\/schema\/person\/image\/\",\"url\":\"https:\/\/secure.gravatar.com\/avatar\/212c8270fa24a06f57477d38cbad4da4ed9c169f8b54317835ba53bd576c27b4?s=96&d=mm&r=pg\",\"contentUrl\":\"https:\/\/secure.gravatar.com\/avatar\/212c8270fa24a06f57477d38cbad4da4ed9c169f8b54317835ba53bd576c27b4?s=96&d=mm&r=pg\",\"caption\":\"Philipp Reichert\"},\"sameAs\":[\"https:\/\/twitter.com\/ReichertPhil\"],\"url\":\"https:\/\/blog.zeit.de\/stoerungsmelder\/author\/philippreichert\"}]}<\/script>\n<!-- \/ Yoast SEO plugin. -->","yoast_head_json":{"title":"\u201eKategorie C\u201c k\u00fcndigt Konzert im Raum Trier an - St\u00f6rungsmelder","robots":{"index":"index","follow":"follow","max-snippet":"max-snippet:-1","max-image-preview":"max-image-preview:large","max-video-preview":"max-video-preview:-1"},"canonical":"https:\/\/blog.zeit.de\/stoerungsmelder\/2014\/10\/09\/kategorie-c-kuendigt-konzert-im-raum-trier-an_17155","og_locale":"de_DE","og_type":"article","og_title":"\u201eKategorie C\u201c k\u00fcndigt Konzert im Raum Trier an - St\u00f6rungsmelder","og_description":"Die extrem rechte Hooliganband \u201eKategorie C \u2013 Hungrige W\u00f6lfe\u201c hat ein Konzert f\u00fcr den 5. Dezember im \u201eRaum Trier\u201c angek\u00fcndigt. Seit Anfang Oktober bewirbt die Band zwei Nikolaus-Festivals\u00a0zusammen mit \u201ePitbullfarm\u201c, \u201eThe Firm\u201c und \u201eTattooed Mother Fuckers\u201c. Neben der Veranstaltung im Raum Trier will Kategorie C am 6. Dezember im Raum Ruhrpott-West auftreten. Seit einigen Jahren [&hellip;]","og_url":"https:\/\/blog.zeit.de\/stoerungsmelder\/2014\/10\/09\/kategorie-c-kuendigt-konzert-im-raum-trier-an_17155","og_site_name":"St\u00f6rungsmelder","article_published_time":"2014-10-09T18:06:21+00:00","article_modified_time":"2016-08-10T07:25:52+00:00","og_image":[{"url":"https:\/\/blog.zeit.de\/stoerungsmelder\/files\/2014\/10\/KCScreen.jpg"}],"author":"Philipp Reichert","twitter_card":"summary_large_image","twitter_creator":"@ReichertPhil","twitter_misc":{"Geschrieben von":"Philipp Reichert","Gesch\u00e4tzte Lesezeit":"2\u00a0Minuten"},"schema":{"@context":"https:\/\/schema.org","@graph":[{"@type":"WebPage","@id":"https:\/\/blog.zeit.de\/stoerungsmelder\/2014\/10\/09\/kategorie-c-kuendigt-konzert-im-raum-trier-an_17155","url":"https:\/\/blog.zeit.de\/stoerungsmelder\/2014\/10\/09\/kategorie-c-kuendigt-konzert-im-raum-trier-an_17155","name":"\u201eKategorie C\u201c k\u00fcndigt Konzert im Raum Trier an - St\u00f6rungsmelder","isPartOf":{"@id":"https:\/\/blog.zeit.de\/stoerungsmelder\/#website"},"datePublished":"2014-10-09T18:06:21+00:00","dateModified":"2016-08-10T07:25:52+00:00","author":{"@id":"https:\/\/blog.zeit.de\/stoerungsmelder\/#\/schema\/person\/82d0ae3b06fd00052beda2711c39c022"},"breadcrumb":{"@id":"https:\/\/blog.zeit.de\/stoerungsmelder\/2014\/10\/09\/kategorie-c-kuendigt-konzert-im-raum-trier-an_17155#breadcrumb"},"inLanguage":"de","potentialAction":[{"@type":"ReadAction","target":["https:\/\/blog.zeit.de\/stoerungsmelder\/2014\/10\/09\/kategorie-c-kuendigt-konzert-im-raum-trier-an_17155"]}]},{"@type":"BreadcrumbList","@id":"https:\/\/blog.zeit.de\/stoerungsmelder\/2014\/10\/09\/kategorie-c-kuendigt-konzert-im-raum-trier-an_17155#breadcrumb","itemListElement":[{"@type":"ListItem","position":1,"name":"Startseite","item":"https:\/\/blog.zeit.de\/stoerungsmelder"},{"@type":"ListItem","position":2,"name":"\u201eKategorie C\u201c k\u00fcndigt Konzert im Raum Trier an"}]},{"@type":"WebSite","@id":"https:\/\/blog.zeit.de\/stoerungsmelder\/#website","url":"https:\/\/blog.zeit.de\/stoerungsmelder\/","name":"St\u00f6rungsmelder","description":"Recherchen und Analysen \u00fcber die extreme Rechte","potentialAction":[{"@type":"SearchAction","target":{"@type":"EntryPoint","urlTemplate":"https:\/\/blog.zeit.de\/stoerungsmelder\/?s={search_term_string}"},"query-input":"required name=search_term_string"}],"inLanguage":"de"},{"@type":"Person","@id":"https:\/\/blog.zeit.de\/stoerungsmelder\/#\/schema\/person\/82d0ae3b06fd00052beda2711c39c022","name":"Philipp Reichert","image":{"@type":"ImageObject","inLanguage":"de","@id":"https:\/\/blog.zeit.de\/stoerungsmelder\/#\/schema\/person\/image\/","url":"https:\/\/secure.gravatar.com\/avatar\/212c8270fa24a06f57477d38cbad4da4ed9c169f8b54317835ba53bd576c27b4?s=96&d=mm&r=pg","contentUrl":"https:\/\/secure.gravatar.com\/avatar\/212c8270fa24a06f57477d38cbad4da4ed9c169f8b54317835ba53bd576c27b4?s=96&d=mm&r=pg","caption":"Philipp Reichert"},"sameAs":["https:\/\/twitter.com\/ReichertPhil"],"url":"https:\/\/blog.zeit.de\/stoerungsmelder\/author\/philippreichert"}]}},"jetpack_featured_media_url":"","jetpack_sharing_enabled":true,"_links":{"self":[{"href":"https:\/\/blog.zeit.de\/stoerungsmelder\/wp-json\/wp\/v2\/posts\/17155","targetHints":{"allow":["GET"]}}],"collection":[{"href":"https:\/\/blog.zeit.de\/stoerungsmelder\/wp-json\/wp\/v2\/posts"}],"about":[{"href":"https:\/\/blog.zeit.de\/stoerungsmelder\/wp-json\/wp\/v2\/types\/post"}],"author":[{"embeddable":true,"href":"https:\/\/blog.zeit.de\/stoerungsmelder\/wp-json\/wp\/v2\/users\/386"}],"replies":[{"embeddable":true,"href":"https:\/\/blog.zeit.de\/stoerungsmelder\/wp-json\/wp\/v2\/comments?post=17155"}],"version-history":[{"count":9,"href":"https:\/\/blog.zeit.de\/stoerungsmelder\/wp-json\/wp\/v2\/posts\/17155\/revisions"}],"predecessor-version":[{"id":17165,"href":"https:\/\/blog.zeit.de\/stoerungsmelder\/wp-json\/wp\/v2\/posts\/17155\/revisions\/17165"}],"wp:attachment":[{"href":"https:\/\/blog.zeit.de\/stoerungsmelder\/wp-json\/wp\/v2\/media?parent=17155"}],"wp:term":[{"taxonomy":"category","embeddable":true,"href":"https:\/\/blog.zeit.de\/stoerungsmelder\/wp-json\/wp\/v2\/categories?post=17155"},{"taxonomy":"post_tag","embeddable":true,"href":"https:\/\/blog.zeit.de\/stoerungsmelder\/wp-json\/wp\/v2\/tags?post=17155"}],"curies":[{"name":"wp","href":"https:\/\/api.w.org\/{rel}","templated":true}]}}