{"id":17268,"date":"2014-10-21T09:51:31","date_gmt":"2014-10-21T07:51:31","guid":{"rendered":"http:\/\/blog.zeit.de\/stoerungsmelder\/?p=17268"},"modified":"2014-10-21T09:52:23","modified_gmt":"2014-10-21T07:52:23","slug":"die-fehlenden-konsequenzen-aus-dem-nsu-komplex","status":"publish","type":"post","link":"https:\/\/blog.zeit.de\/stoerungsmelder\/2014\/10\/21\/die-fehlenden-konsequenzen-aus-dem-nsu-komplex_17268","title":{"rendered":"Die fehlenden Konsequenzen aus dem NSU-Komplex"},"content":{"rendered":"<p><figure id=\"attachment_8419\" aria-describedby=\"caption-attachment-8419\" style=\"width: 540px\" class=\"wp-caption aligncenter\"><a href=\"https:\/\/blog.zeit.de\/stoerungsmelder\/files\/2012\/04\/nsu-540x304.jpg\"><img loading=\"lazy\" decoding=\"async\" class=\"size-full wp-image-8419\" src=\"https:\/\/blog.zeit.de\/stoerungsmelder\/files\/2012\/04\/nsu-540x304.jpg\" alt=\"Die ausgebrannte Wohnung der NSU-Terroristen in Zwickau \u00a9 Jan Woitas\/dpa\" width=\"540\" height=\"304\" srcset=\"https:\/\/blog.zeit.de\/stoerungsmelder\/files\/2012\/04\/nsu-540x304.jpg 540w, https:\/\/blog.zeit.de\/stoerungsmelder\/files\/2012\/04\/nsu-540x304-300x168.jpg 300w\" sizes=\"auto, (max-width: 540px) 100vw, 540px\" \/><\/a><figcaption id=\"caption-attachment-8419\" class=\"wp-caption-text\">Die ausgebrannte Wohnung der NSU-Terroristen in Zwickau \u00a9 Jan Woitas\/dpa<\/figcaption><\/figure><\/p>\n<p>Vor drei Jahren flog die Terrorgruppe NSU auf. Die Linke veranstaltete aus diesem Anlass ein \u00f6ffentliches Fachgespr\u00e4ch \u00fcber die Konsequenzen aus dem Geschehen. Und kommt zu einem deprimierenden Befund.<!--more--><\/p>\n<p><em>Von <a href=\"http:\/\/www.tagesspiegel.de\/politik\/konsequenzen-aus-dem-nsu-komplex-linke-politikerin-pau-die-politik-hat-sich-weggeduckt\/10865190.html\" target=\"_blank\">Tagesspiegel<\/a>-Redakteur Frank Jansen<\/em><\/p>\n<p>Es ist mehr als zehn Jahre her, dass in K\u00f6ln in der Keupstra\u00dfe eine Bombe hochging, gespickt mit N\u00e4geln. Der Sprengsatz detonierte am 9. Juni 2004 vor einem t\u00fcrkischen Friseursalon, 22 Menschen erlitten zum Teil schwere Verletzungen. \u201eDas war ein Schock\u201c, sagt Mitat \u00d6zdemir, \u201edann kam der zweite Schock\u201c. Jahrelang habe die Polizei auf die mehrheitlich t\u00fcrkischen Bewohner der Keupstra\u00dfe Druck ausge\u00fcbt, \u201ewir sollten jemanden beschuldigen, einen Namen nennen\u201c. \u00d6zdemir ist Vorsitzender der Interessengemeinschaft Keupstra\u00dfe. Er spricht ohne gro\u00dfe Betonung, doch seine Emp\u00f6rung ist un\u00fcberh\u00f6rbar. Vor 2004 \u201ehatten wir grenzenloses Vertrauen in die deutschen Beh\u00f6rden\u201c, \u00d6zdemir h\u00e4lt kurz inne, \u201edanach nicht mehr\u201c.<\/p>\n<p>Der Gesch\u00e4ftsmann ist einer der Referenten bei einem \u201e\u00d6ffentlichen Fachgespr\u00e4ch\u201c, das die Linksfraktion am Montag in Berlin im Reichstagsgeb\u00e4ude veranstaltet. Thema sind die \u201ebisherigen Konsequenzen aus dem NSU-Komplex\u201c, die Fraktion hat mehrere Experten geladen. Was \u00d6zdemir berichtet, geht den etwa 100 Teilnehmern unter die Haut. Als im November 2011 nach dem Ende der Terrorzelle \u201eNationalsozialistischer Untergrund\u201c klar wurde, dass sie die Bombe in der Keupstra\u00dfe gez\u00fcndet hatte, \u201ehaben wir aufgeatmet\u201c. Der Verdacht der Polizei, f\u00fcr den Anschlag seien t\u00fcrkische oder kurdische Extremisten oder Gangster aus dem Spektrum der organisierten Kriminalit\u00e4t verantwortlich, hatte sich endlich erledigt. \u201eUnter uns hatten wir schon angefangen, uns zu verd\u00e4chtigen\u201c, sagt \u00d6zdemir, \u201ewir wussten gar nicht mehr, wie wir uns verhalten sollen\u201c.<\/p>\n<p><strong>Die furchtbare Bilanz: Zehn Morde, drei Sprengstoffansch\u00e4ge, 15 Raub\u00fcberf\u00e4lle<\/strong><\/p>\n<p>Die Traumata, die der NSU hinterlassen hat, werden jetzt wieder verst\u00e4rkt ein \u00f6ffentliches Thema. Am 4. November ist der dritte Jahrestag des Showdowns der Terrorzelle, der die Republik schockte \u2013 und ihr schlagartig bewusst machte, welche kaum vorstellbaren Vers\u00e4umnisse von Staat und Gesellschaft die Verbrechen beg\u00fcnstigt hatten. Zehn Morde, mindestens drei Sprengstoffanschl\u00e4ge, 15 Raub\u00fcberf\u00e4lle.<\/p>\n<p>Am Montag listet Bundestagsvizepr\u00e4sidentin Petra Pau (Linke) auf, \u201ewer alles beim NSU-Desaster versagt hat\u201c. Als erstes nennt Pau den Rechtsstaat, der \u201eseine B\u00fcrgerinnen und B\u00fcrger vor Straftaten, allemal vor Mord, zu sch\u00fctzen\u201c habe. Dass es misslang, lastet Pau vor allem den Sicherheitsbeh\u00f6rden an. Bei den neun Morden an Migranten habe ein rassistischer Hintergrund nahegelegen, \u201eermittelt wurde aber im Umfeld der Opfer\u201c.<\/p>\n<p>Pau h\u00e4lt den Nachrichtendiensten vor, sie h\u00e4tten zahlreiche Informationen besessen, \u201edie zu dem Nazi-Trio h\u00e4tten f\u00fchren k\u00f6nnen\u201c. Aber die Erkenntnisse seien nicht angemessen analysiert und der Kriminalpolizei vorenthalten worden. Auch die Medien h\u00e4tten versagt, \u201esie waren fast durchweg zu staatsnah und zu opferfern\u201c. Die Bundestagsvizepr\u00e4sidentin schont auch nicht sich selbst und ihre Fraktion. Nach dem neunten Mord des NSU, dem Anschlag auf den Internetbetreiber Halit Yozgat am 6. April 2006 in Kassel, habe die Linke eine kleine Anfrage an die Bundesregierung gestellt und deren nichtssagende Antwort hingenommen. Pau spricht vom \u201eWegducken der Politik\u201c.<\/p>\n<p>Als es um die Konsequenzen aus dem NSU-Desaster geht, ist schnell eine Standardforderung der Linkspartei zu h\u00f6ren. \u201eDie \u00c4mter f\u00fcr Verfassungsschutz sind als Geheimdienste aufzul\u00f6sen\u201c, sagt Pau und bekommt Zuspruch aus dem Publikum. Und von einem der Wortf\u00fchrer der Nebenklage-Anw\u00e4lte im M\u00fcnchner NSU-Prozess. \u201eDer Verfassungsschutz in seiner jetzigen Form geh\u00f6rt abgeschafft\u201c, sagt der Berliner Anwalt Sebastian Scharmer. Er und Kollegen vertreten in dem Verfahren am Oberlandesgericht M\u00fcnchen die Familie von Mehmet Kubasik, den die NSU-M\u00f6rder Uwe Mundlos und Uwe B\u00f6hnhardt am 4. April 2006 in Dortmund erschossen.<\/p>\n<p>Der Verfassungsschutz habe rechtsextreme Strukturen \u201egest\u00e4rkt anstatt sie zu beschr\u00e4nken\u201c, kritisiert Scharmer. Nach seinen Recherchen tummelten sich 42 V-Leute aus Nachrichtendiensten und auch der Polizei im Umfeld des NSU. Scharmer glaubt nicht, dass die Rolle der Spitzel im Prozess zu kl\u00e4ren ist. Die Bundesanwaltschaft sei bem\u00fcht, die V-Leute und den Verfassungsschutz insgesamt \u201eaus dem Prozess herauszuhalten\u201c.<\/p>\n<p>Der Anwalt appelliert an den Bundestag, einen weiteren Untersuchungsausschuss zum NSU-Komplex einzusetzen. Anders sei die Rolle des Bundesamtes f\u00fcr Verfassungsschutz, des Milit\u00e4rischen Abschirmdienstes und gegebenenfalls des Bundesnachrichtendienstes \u201enicht aufzukl\u00e4ren\u201c. Auch mit der Bundesanwaltschaft m\u00fcsse sich der Untersuchungsausschuss befassen. Und Scharmer \u00e4u\u00dfert den Verdacht, die Ankl\u00e4ger wollten das M\u00fcnchner Verfahren m\u00f6glichst schnell hinter sich bringen. \u201eDie Bundesanwaltschaft macht einen Musterprozess und den Rest tot\u201c, sagt Scharmer. Der \u201eRest\u201c, das sind die noch anh\u00e4ngigen Verfahren gegen neun weitere Beschuldigte im NSU-Komplex sowie ein Strukturverfahren gegen Unbekannt. Dass da irgendwo noch eine Anklage kommen k\u00f6nnte, sieht Scharmer nicht.<\/p>\n<p><strong>Ist der Verfassungsschutz noch reformierbar? Viele haben da wenig Hoffnung<\/strong><\/p>\n<p>Angesichts der vielen Dresche f\u00fcr den Verfassungsschutz bei dem Fachgespr\u00e4ch ist es nicht ganz leicht, eine etwas andere Meinung zu vertreten. \u201eEs gibt durchaus Spezialisten, die eine gute Arbeit geleistet haben\u201c, sagt Hartmut Aden, Professor f\u00fcr \u00d6ffentliches Recht und Europarecht bei der Berliner Hochschule f\u00fcr Wirtschaft und Recht. Aden beeilt sich anzuf\u00fcgen, \u201edas ist eher die Ausnahme als die Regel\u201c. Doch er ist \u201erelativ optimistisch, dass die Beh\u00f6rden anfangen, auf mehr Diversit\u00e4t bei den Mitarbeitern zu achten\u201c, also auf einen Zuwachs an wissenschaftlicher Kompetenz. Nur mit anderem Personal als in der Vergangenheit k\u00f6nne der Verfassungsschutz seinen einzigen Zweck erf\u00fcllen, die Fr\u00fchwarnfunktion wahrzunehmen bei Ph\u00e4nomen wie Salafismus und Neonazis.<\/p>\n<p>Viel Beifall bekommt Aden nicht. Die s\u00e4chsische Landtagsabgeordnete Kerstin K\u00f6ditz (Linke) betont, \u201eich halte die Geheimdienste nicht f\u00fcr reformierbar\u201c. Der Berliner Jurist hingegen gibt dem Verfassungsschutz eine Chance. Aden wirbt f\u00fcr gesetzliche Regelungen, wie sie Nordrhein-Westfalen und Bremen eingef\u00fchrt haben und Niedersachsen gerade plant. Dort k\u00e4men Personen, die schon durch schwere einschl\u00e4gige Straftaten aufgefallen seien, nicht mehr als V-Leute in Frage. Und Aden pl\u00e4diert f\u00fcr mehr Kontrolle, vor allem durch die Parlamente. Listig formuliert er die Konsequenz. Die Abgeordneten seien dann in der Pflicht, sich \u201eregelm\u00e4\u00dfiger\u201c mit Verfassungsschutzfragen zu besch\u00e4ftigen. Sollte etwas schief laufen, w\u00fcrden auch dann eher auch die Parlamentarier gefragt, \u201eob sie sich das genau angeschaut haben\u201c.<\/p>\n","protected":false},"excerpt":{"rendered":"<p>Vor drei Jahren flog die Terrorgruppe NSU auf. Die Linke veranstaltete aus diesem Anlass ein \u00f6ffentliches Fachgespr\u00e4ch \u00fcber die Konsequenzen aus dem Geschehen. Und kommt zu einem deprimierenden Befund.<\/p>\n","protected":false},"author":229,"featured_media":0,"comment_status":"open","ping_status":"open","sticky":false,"template":"","format":"standard","meta":{"_jetpack_memberships_contains_paid_content":false,"footnotes":""},"categories":[1515],"tags":[1638,12752,12739,1836],"class_list":["post-17268","post","type-post","status-publish","format-standard","hentry","category-bundesweit","tag-justiz","tag-nsu","tag-rechtsterrorismus","tag-verfassungsschutz"],"yoast_head":"<!-- This site is optimized with the Yoast SEO plugin v21.0 - https:\/\/yoast.com\/wordpress\/plugins\/seo\/ -->\n<title>Die fehlenden Konsequenzen aus dem NSU-Komplex - St\u00f6rungsmelder<\/title>\n<meta name=\"robots\" content=\"index, follow, max-snippet:-1, max-image-preview:large, max-video-preview:-1\" \/>\n<link rel=\"canonical\" href=\"https:\/\/blog.zeit.de\/stoerungsmelder\/2014\/10\/21\/die-fehlenden-konsequenzen-aus-dem-nsu-komplex_17268\" \/>\n<meta property=\"og:locale\" content=\"de_DE\" \/>\n<meta property=\"og:type\" content=\"article\" \/>\n<meta property=\"og:title\" content=\"Die fehlenden Konsequenzen aus dem NSU-Komplex - St\u00f6rungsmelder\" \/>\n<meta property=\"og:description\" content=\"Vor drei Jahren flog die Terrorgruppe NSU auf. Die Linke veranstaltete aus diesem Anlass ein \u00f6ffentliches Fachgespr\u00e4ch \u00fcber die Konsequenzen aus dem Geschehen. Und kommt zu einem deprimierenden Befund.\" \/>\n<meta property=\"og:url\" content=\"https:\/\/blog.zeit.de\/stoerungsmelder\/2014\/10\/21\/die-fehlenden-konsequenzen-aus-dem-nsu-komplex_17268\" \/>\n<meta property=\"og:site_name\" content=\"St\u00f6rungsmelder\" \/>\n<meta property=\"article:published_time\" content=\"2014-10-21T07:51:31+00:00\" \/>\n<meta property=\"article:modified_time\" content=\"2014-10-21T07:52:23+00:00\" \/>\n<meta property=\"og:image\" content=\"https:\/\/blog.zeit.de\/stoerungsmelder\/files\/2012\/04\/nsu-540x304.jpg\" \/>\n<meta name=\"author\" content=\"St\u00f6rungsmelder\" \/>\n<meta name=\"twitter:card\" content=\"summary_large_image\" \/>\n<meta name=\"twitter:label1\" content=\"Geschrieben von\" \/>\n\t<meta name=\"twitter:data1\" content=\"St\u00f6rungsmelder\" \/>\n\t<meta name=\"twitter:label2\" content=\"Gesch\u00e4tzte Lesezeit\" \/>\n\t<meta name=\"twitter:data2\" content=\"5\u00a0Minuten\" \/>\n<script type=\"application\/ld+json\" class=\"yoast-schema-graph\">{\"@context\":\"https:\/\/schema.org\",\"@graph\":[{\"@type\":\"WebPage\",\"@id\":\"https:\/\/blog.zeit.de\/stoerungsmelder\/2014\/10\/21\/die-fehlenden-konsequenzen-aus-dem-nsu-komplex_17268\",\"url\":\"https:\/\/blog.zeit.de\/stoerungsmelder\/2014\/10\/21\/die-fehlenden-konsequenzen-aus-dem-nsu-komplex_17268\",\"name\":\"Die fehlenden Konsequenzen aus dem NSU-Komplex - St\u00f6rungsmelder\",\"isPartOf\":{\"@id\":\"https:\/\/blog.zeit.de\/stoerungsmelder\/#website\"},\"datePublished\":\"2014-10-21T07:51:31+00:00\",\"dateModified\":\"2014-10-21T07:52:23+00:00\",\"author\":{\"@id\":\"https:\/\/blog.zeit.de\/stoerungsmelder\/#\/schema\/person\/fdd0b9818f65738672810b6d6f037f71\"},\"breadcrumb\":{\"@id\":\"https:\/\/blog.zeit.de\/stoerungsmelder\/2014\/10\/21\/die-fehlenden-konsequenzen-aus-dem-nsu-komplex_17268#breadcrumb\"},\"inLanguage\":\"de\",\"potentialAction\":[{\"@type\":\"ReadAction\",\"target\":[\"https:\/\/blog.zeit.de\/stoerungsmelder\/2014\/10\/21\/die-fehlenden-konsequenzen-aus-dem-nsu-komplex_17268\"]}]},{\"@type\":\"BreadcrumbList\",\"@id\":\"https:\/\/blog.zeit.de\/stoerungsmelder\/2014\/10\/21\/die-fehlenden-konsequenzen-aus-dem-nsu-komplex_17268#breadcrumb\",\"itemListElement\":[{\"@type\":\"ListItem\",\"position\":1,\"name\":\"Startseite\",\"item\":\"https:\/\/blog.zeit.de\/stoerungsmelder\"},{\"@type\":\"ListItem\",\"position\":2,\"name\":\"Die fehlenden Konsequenzen aus dem NSU-Komplex\"}]},{\"@type\":\"WebSite\",\"@id\":\"https:\/\/blog.zeit.de\/stoerungsmelder\/#website\",\"url\":\"https:\/\/blog.zeit.de\/stoerungsmelder\/\",\"name\":\"St\u00f6rungsmelder\",\"description\":\"Recherchen und Analysen \u00fcber die extreme Rechte\",\"potentialAction\":[{\"@type\":\"SearchAction\",\"target\":{\"@type\":\"EntryPoint\",\"urlTemplate\":\"https:\/\/blog.zeit.de\/stoerungsmelder\/?s={search_term_string}\"},\"query-input\":\"required name=search_term_string\"}],\"inLanguage\":\"de\"},{\"@type\":\"Person\",\"@id\":\"https:\/\/blog.zeit.de\/stoerungsmelder\/#\/schema\/person\/fdd0b9818f65738672810b6d6f037f71\",\"name\":\"St\u00f6rungsmelder\",\"image\":{\"@type\":\"ImageObject\",\"inLanguage\":\"de\",\"@id\":\"https:\/\/blog.zeit.de\/stoerungsmelder\/#\/schema\/person\/image\/\",\"url\":\"https:\/\/secure.gravatar.com\/avatar\/dfa4be514c3e82a71e4f9a0020035d38192d080ccaa5e4e6d7a1472c763535c5?s=96&d=mm&r=pg\",\"contentUrl\":\"https:\/\/secure.gravatar.com\/avatar\/dfa4be514c3e82a71e4f9a0020035d38192d080ccaa5e4e6d7a1472c763535c5?s=96&d=mm&r=pg\",\"caption\":\"St\u00f6rungsmelder\"},\"url\":\"https:\/\/blog.zeit.de\/stoerungsmelder\/author\/stoerungsmelder\"}]}<\/script>\n<!-- \/ Yoast SEO plugin. -->","yoast_head_json":{"title":"Die fehlenden Konsequenzen aus dem NSU-Komplex - St\u00f6rungsmelder","robots":{"index":"index","follow":"follow","max-snippet":"max-snippet:-1","max-image-preview":"max-image-preview:large","max-video-preview":"max-video-preview:-1"},"canonical":"https:\/\/blog.zeit.de\/stoerungsmelder\/2014\/10\/21\/die-fehlenden-konsequenzen-aus-dem-nsu-komplex_17268","og_locale":"de_DE","og_type":"article","og_title":"Die fehlenden Konsequenzen aus dem NSU-Komplex - St\u00f6rungsmelder","og_description":"Vor drei Jahren flog die Terrorgruppe NSU auf. Die Linke veranstaltete aus diesem Anlass ein \u00f6ffentliches Fachgespr\u00e4ch \u00fcber die Konsequenzen aus dem Geschehen. Und kommt zu einem deprimierenden Befund.","og_url":"https:\/\/blog.zeit.de\/stoerungsmelder\/2014\/10\/21\/die-fehlenden-konsequenzen-aus-dem-nsu-komplex_17268","og_site_name":"St\u00f6rungsmelder","article_published_time":"2014-10-21T07:51:31+00:00","article_modified_time":"2014-10-21T07:52:23+00:00","og_image":[{"url":"https:\/\/blog.zeit.de\/stoerungsmelder\/files\/2012\/04\/nsu-540x304.jpg"}],"author":"St\u00f6rungsmelder","twitter_card":"summary_large_image","twitter_misc":{"Geschrieben von":"St\u00f6rungsmelder","Gesch\u00e4tzte Lesezeit":"5\u00a0Minuten"},"schema":{"@context":"https:\/\/schema.org","@graph":[{"@type":"WebPage","@id":"https:\/\/blog.zeit.de\/stoerungsmelder\/2014\/10\/21\/die-fehlenden-konsequenzen-aus-dem-nsu-komplex_17268","url":"https:\/\/blog.zeit.de\/stoerungsmelder\/2014\/10\/21\/die-fehlenden-konsequenzen-aus-dem-nsu-komplex_17268","name":"Die fehlenden Konsequenzen aus dem NSU-Komplex - St\u00f6rungsmelder","isPartOf":{"@id":"https:\/\/blog.zeit.de\/stoerungsmelder\/#website"},"datePublished":"2014-10-21T07:51:31+00:00","dateModified":"2014-10-21T07:52:23+00:00","author":{"@id":"https:\/\/blog.zeit.de\/stoerungsmelder\/#\/schema\/person\/fdd0b9818f65738672810b6d6f037f71"},"breadcrumb":{"@id":"https:\/\/blog.zeit.de\/stoerungsmelder\/2014\/10\/21\/die-fehlenden-konsequenzen-aus-dem-nsu-komplex_17268#breadcrumb"},"inLanguage":"de","potentialAction":[{"@type":"ReadAction","target":["https:\/\/blog.zeit.de\/stoerungsmelder\/2014\/10\/21\/die-fehlenden-konsequenzen-aus-dem-nsu-komplex_17268"]}]},{"@type":"BreadcrumbList","@id":"https:\/\/blog.zeit.de\/stoerungsmelder\/2014\/10\/21\/die-fehlenden-konsequenzen-aus-dem-nsu-komplex_17268#breadcrumb","itemListElement":[{"@type":"ListItem","position":1,"name":"Startseite","item":"https:\/\/blog.zeit.de\/stoerungsmelder"},{"@type":"ListItem","position":2,"name":"Die fehlenden Konsequenzen aus dem NSU-Komplex"}]},{"@type":"WebSite","@id":"https:\/\/blog.zeit.de\/stoerungsmelder\/#website","url":"https:\/\/blog.zeit.de\/stoerungsmelder\/","name":"St\u00f6rungsmelder","description":"Recherchen und Analysen \u00fcber die extreme Rechte","potentialAction":[{"@type":"SearchAction","target":{"@type":"EntryPoint","urlTemplate":"https:\/\/blog.zeit.de\/stoerungsmelder\/?s={search_term_string}"},"query-input":"required name=search_term_string"}],"inLanguage":"de"},{"@type":"Person","@id":"https:\/\/blog.zeit.de\/stoerungsmelder\/#\/schema\/person\/fdd0b9818f65738672810b6d6f037f71","name":"St\u00f6rungsmelder","image":{"@type":"ImageObject","inLanguage":"de","@id":"https:\/\/blog.zeit.de\/stoerungsmelder\/#\/schema\/person\/image\/","url":"https:\/\/secure.gravatar.com\/avatar\/dfa4be514c3e82a71e4f9a0020035d38192d080ccaa5e4e6d7a1472c763535c5?s=96&d=mm&r=pg","contentUrl":"https:\/\/secure.gravatar.com\/avatar\/dfa4be514c3e82a71e4f9a0020035d38192d080ccaa5e4e6d7a1472c763535c5?s=96&d=mm&r=pg","caption":"St\u00f6rungsmelder"},"url":"https:\/\/blog.zeit.de\/stoerungsmelder\/author\/stoerungsmelder"}]}},"jetpack_featured_media_url":"","jetpack_sharing_enabled":true,"_links":{"self":[{"href":"https:\/\/blog.zeit.de\/stoerungsmelder\/wp-json\/wp\/v2\/posts\/17268","targetHints":{"allow":["GET"]}}],"collection":[{"href":"https:\/\/blog.zeit.de\/stoerungsmelder\/wp-json\/wp\/v2\/posts"}],"about":[{"href":"https:\/\/blog.zeit.de\/stoerungsmelder\/wp-json\/wp\/v2\/types\/post"}],"author":[{"embeddable":true,"href":"https:\/\/blog.zeit.de\/stoerungsmelder\/wp-json\/wp\/v2\/users\/229"}],"replies":[{"embeddable":true,"href":"https:\/\/blog.zeit.de\/stoerungsmelder\/wp-json\/wp\/v2\/comments?post=17268"}],"version-history":[{"count":1,"href":"https:\/\/blog.zeit.de\/stoerungsmelder\/wp-json\/wp\/v2\/posts\/17268\/revisions"}],"predecessor-version":[{"id":17269,"href":"https:\/\/blog.zeit.de\/stoerungsmelder\/wp-json\/wp\/v2\/posts\/17268\/revisions\/17269"}],"wp:attachment":[{"href":"https:\/\/blog.zeit.de\/stoerungsmelder\/wp-json\/wp\/v2\/media?parent=17268"}],"wp:term":[{"taxonomy":"category","embeddable":true,"href":"https:\/\/blog.zeit.de\/stoerungsmelder\/wp-json\/wp\/v2\/categories?post=17268"},{"taxonomy":"post_tag","embeddable":true,"href":"https:\/\/blog.zeit.de\/stoerungsmelder\/wp-json\/wp\/v2\/tags?post=17268"}],"curies":[{"name":"wp","href":"https:\/\/api.w.org\/{rel}","templated":true}]}}