{"id":174,"date":"2007-12-17T15:29:52","date_gmt":"2007-12-17T14:29:52","guid":{"rendered":"http:\/\/blog.zeit.de\/stoerungsmelder\/2007\/12\/17\/die-ziele-der-npd-osterreich-polen-tschechien-russland-litauen_174"},"modified":"2007-12-17T15:29:52","modified_gmt":"2007-12-17T14:29:52","slug":"die-ziele-der-npd-osterreich-polen-tschechien-russland-litauen","status":"publish","type":"post","link":"https:\/\/blog.zeit.de\/stoerungsmelder\/2007\/12\/17\/die-ziele-der-npd-osterreich-polen-tschechien-russland-litauen_174","title":{"rendered":"Die Ziele der NPD? \u00d6sterreich, Polen, Tschechien, Russland, Litauen"},"content":{"rendered":"<p>Die NPD beklagt sich stets, ihre Botschaften w\u00fcrden verf\u00e4lscht dargestellt. Daher soll sie hier mal zu Wort kommen&#8230;<!--more--><\/p>\n<p>&#8222;Gestern schon wieder ein Hetzartikel \u00fcber die NPD im Fernsehen gelaufen? Ob Sie dem Glauben schenken, m\u00fcssen sie selber wissen. Hier jedenfalls haben Sie die M\u00f6glichkeit, sich ein eigenes Bild \u00fcber unsere nationale Partei zu machen. Diese Informationen sind garantiert aus erster Hand!&#8220;<\/p>\n<p>So hei\u00dft es auf der NPD-Seite im Internet. Ok, schauen wir doch mal, was da aus erster Hand zu finden ist. Beispielsweise die &#8222;Untergliederungen&#8220; der Partei, mit fast aktueller Deutschland-Karte: <!--more--><\/p>\n<p><img decoding=\"async\" src=\"https:\/\/blog.zeit.de\/stoerungsmelder\/files\/2007\/12\/npd-karte-neu.jpg\" border=\"1\" width=\"400\" \/><br \/>\n<span style=\"font-size: 9px\">Screenshot der NPD-Webseite (npd.de)<br \/>\n<\/span><\/p>\n<p>Die etablierten Parteien halten ihre Versprechungen nicht ein, liest der interessierte Beobachter unter dem Punkt &#8222;Programme&#8220;. Bei der NPD hingegen soll dies anders sein. Die NPD-W\u00e4hler d\u00fcrfen sich also schon einmal bevorraten und geeignete Schutzanlagen aufbauen, denn der 3. Weltkrieg kommt bestimmt&#8230;<\/p>\n","protected":false},"excerpt":{"rendered":"<p>Die NPD beklagt sich stets, ihre Botschaften w\u00fcrden verf\u00e4lscht dargestellt. Daher soll sie hier mal zu Wort kommen&#8230;<\/p>\n","protected":false},"author":227,"featured_media":0,"comment_status":"open","ping_status":"open","sticky":false,"template":"","format":"standard","meta":{"_jetpack_memberships_contains_paid_content":false,"footnotes":""},"categories":[1515],"tags":[1716,1770],"class_list":["post-174","post","type-post","status-publish","format-standard","hentry","category-bundesweit","tag-npd","tag-revisionismus"],"yoast_head":"<!-- This site is optimized with the Yoast SEO plugin v21.0 - https:\/\/yoast.com\/wordpress\/plugins\/seo\/ -->\n<title>Die Ziele der NPD? \u00d6sterreich, Polen, Tschechien, Russland, Litauen - St\u00f6rungsmelder<\/title>\n<meta name=\"robots\" content=\"index, follow, max-snippet:-1, max-image-preview:large, max-video-preview:-1\" \/>\n<link rel=\"canonical\" href=\"https:\/\/blog.zeit.de\/stoerungsmelder\/2007\/12\/17\/die-ziele-der-npd-osterreich-polen-tschechien-russland-litauen_174\" \/>\n<meta property=\"og:locale\" content=\"de_DE\" \/>\n<meta property=\"og:type\" content=\"article\" \/>\n<meta property=\"og:title\" content=\"Die Ziele der NPD? \u00d6sterreich, Polen, Tschechien, Russland, Litauen - St\u00f6rungsmelder\" \/>\n<meta property=\"og:description\" content=\"Die NPD beklagt sich stets, ihre Botschaften w\u00fcrden verf\u00e4lscht dargestellt. Daher soll sie hier mal zu Wort kommen&#8230;\" \/>\n<meta property=\"og:url\" content=\"https:\/\/blog.zeit.de\/stoerungsmelder\/2007\/12\/17\/die-ziele-der-npd-osterreich-polen-tschechien-russland-litauen_174\" \/>\n<meta property=\"og:site_name\" content=\"St\u00f6rungsmelder\" \/>\n<meta property=\"article:published_time\" content=\"2007-12-17T14:29:52+00:00\" \/>\n<meta property=\"og:image\" content=\"https:\/\/blog.zeit.de\/stoerungsmelder\/files\/2007\/12\/npd-karte-neu.jpg\" \/>\n<meta name=\"author\" content=\"Patrick Gensing\" \/>\n<meta name=\"twitter:card\" content=\"summary_large_image\" \/>\n<meta name=\"twitter:label1\" content=\"Geschrieben von\" \/>\n\t<meta name=\"twitter:data1\" content=\"Patrick Gensing\" \/>\n\t<meta name=\"twitter:label2\" content=\"Gesch\u00e4tzte Lesezeit\" \/>\n\t<meta name=\"twitter:data2\" content=\"1\u00a0Minute\" \/>\n<script type=\"application\/ld+json\" class=\"yoast-schema-graph\">{\"@context\":\"https:\/\/schema.org\",\"@graph\":[{\"@type\":\"WebPage\",\"@id\":\"https:\/\/blog.zeit.de\/stoerungsmelder\/2007\/12\/17\/die-ziele-der-npd-osterreich-polen-tschechien-russland-litauen_174\",\"url\":\"https:\/\/blog.zeit.de\/stoerungsmelder\/2007\/12\/17\/die-ziele-der-npd-osterreich-polen-tschechien-russland-litauen_174\",\"name\":\"Die Ziele der NPD? \u00d6sterreich, Polen, Tschechien, Russland, Litauen - St\u00f6rungsmelder\",\"isPartOf\":{\"@id\":\"https:\/\/blog.zeit.de\/stoerungsmelder\/#website\"},\"datePublished\":\"2007-12-17T14:29:52+00:00\",\"dateModified\":\"2007-12-17T14:29:52+00:00\",\"author\":{\"@id\":\"https:\/\/blog.zeit.de\/stoerungsmelder\/#\/schema\/person\/1898e9a6d47b4737da2c4fca74a10552\"},\"breadcrumb\":{\"@id\":\"https:\/\/blog.zeit.de\/stoerungsmelder\/2007\/12\/17\/die-ziele-der-npd-osterreich-polen-tschechien-russland-litauen_174#breadcrumb\"},\"inLanguage\":\"de\",\"potentialAction\":[{\"@type\":\"ReadAction\",\"target\":[\"https:\/\/blog.zeit.de\/stoerungsmelder\/2007\/12\/17\/die-ziele-der-npd-osterreich-polen-tschechien-russland-litauen_174\"]}]},{\"@type\":\"BreadcrumbList\",\"@id\":\"https:\/\/blog.zeit.de\/stoerungsmelder\/2007\/12\/17\/die-ziele-der-npd-osterreich-polen-tschechien-russland-litauen_174#breadcrumb\",\"itemListElement\":[{\"@type\":\"ListItem\",\"position\":1,\"name\":\"Startseite\",\"item\":\"https:\/\/blog.zeit.de\/stoerungsmelder\"},{\"@type\":\"ListItem\",\"position\":2,\"name\":\"Die Ziele der NPD? \u00d6sterreich, Polen, Tschechien, Russland, Litauen\"}]},{\"@type\":\"WebSite\",\"@id\":\"https:\/\/blog.zeit.de\/stoerungsmelder\/#website\",\"url\":\"https:\/\/blog.zeit.de\/stoerungsmelder\/\",\"name\":\"St\u00f6rungsmelder\",\"description\":\"Recherchen und Analysen \u00fcber die extreme Rechte\",\"potentialAction\":[{\"@type\":\"SearchAction\",\"target\":{\"@type\":\"EntryPoint\",\"urlTemplate\":\"https:\/\/blog.zeit.de\/stoerungsmelder\/?s={search_term_string}\"},\"query-input\":\"required name=search_term_string\"}],\"inLanguage\":\"de\"},{\"@type\":\"Person\",\"@id\":\"https:\/\/blog.zeit.de\/stoerungsmelder\/#\/schema\/person\/1898e9a6d47b4737da2c4fca74a10552\",\"name\":\"Patrick Gensing\",\"image\":{\"@type\":\"ImageObject\",\"inLanguage\":\"de\",\"@id\":\"https:\/\/blog.zeit.de\/stoerungsmelder\/#\/schema\/person\/image\/\",\"url\":\"https:\/\/secure.gravatar.com\/avatar\/a7a6fc628ed4dd7517525b944e2a8b13f64804f428d399d781f8dd0c4651643a?s=96&d=mm&r=pg\",\"contentUrl\":\"https:\/\/secure.gravatar.com\/avatar\/a7a6fc628ed4dd7517525b944e2a8b13f64804f428d399d781f8dd0c4651643a?s=96&d=mm&r=pg\",\"caption\":\"Patrick Gensing\"},\"description\":\"Journalist, Blogger, Buchautor - Patrick Gensing besch\u00e4ftigt sich seit seiner Jugend Ende der 1980er Jahre mit den Themen Neonazis, Rassismus und Antisemitismus. Seit rund zehn Jahren schreibt er als Journalist \u00fcber diese Themen, unter anderem bei tagesschau.de, bei Zeit-Online, in der taz - oder in dem Buch \\\"Terror von rechts\\\", das am 14. September 2012 erscheint.\",\"sameAs\":[\"http:\/\/publikative.org\"],\"url\":\"https:\/\/blog.zeit.de\/stoerungsmelder\/author\/patrick-gensing\"}]}<\/script>\n<!-- \/ Yoast SEO plugin. -->","yoast_head_json":{"title":"Die Ziele der NPD? \u00d6sterreich, Polen, Tschechien, Russland, Litauen - St\u00f6rungsmelder","robots":{"index":"index","follow":"follow","max-snippet":"max-snippet:-1","max-image-preview":"max-image-preview:large","max-video-preview":"max-video-preview:-1"},"canonical":"https:\/\/blog.zeit.de\/stoerungsmelder\/2007\/12\/17\/die-ziele-der-npd-osterreich-polen-tschechien-russland-litauen_174","og_locale":"de_DE","og_type":"article","og_title":"Die Ziele der NPD? \u00d6sterreich, Polen, Tschechien, Russland, Litauen - St\u00f6rungsmelder","og_description":"Die NPD beklagt sich stets, ihre Botschaften w\u00fcrden verf\u00e4lscht dargestellt. Daher soll sie hier mal zu Wort kommen&#8230;","og_url":"https:\/\/blog.zeit.de\/stoerungsmelder\/2007\/12\/17\/die-ziele-der-npd-osterreich-polen-tschechien-russland-litauen_174","og_site_name":"St\u00f6rungsmelder","article_published_time":"2007-12-17T14:29:52+00:00","og_image":[{"url":"https:\/\/blog.zeit.de\/stoerungsmelder\/files\/2007\/12\/npd-karte-neu.jpg"}],"author":"Patrick Gensing","twitter_card":"summary_large_image","twitter_misc":{"Geschrieben von":"Patrick Gensing","Gesch\u00e4tzte Lesezeit":"1\u00a0Minute"},"schema":{"@context":"https:\/\/schema.org","@graph":[{"@type":"WebPage","@id":"https:\/\/blog.zeit.de\/stoerungsmelder\/2007\/12\/17\/die-ziele-der-npd-osterreich-polen-tschechien-russland-litauen_174","url":"https:\/\/blog.zeit.de\/stoerungsmelder\/2007\/12\/17\/die-ziele-der-npd-osterreich-polen-tschechien-russland-litauen_174","name":"Die Ziele der NPD? \u00d6sterreich, Polen, Tschechien, Russland, Litauen - St\u00f6rungsmelder","isPartOf":{"@id":"https:\/\/blog.zeit.de\/stoerungsmelder\/#website"},"datePublished":"2007-12-17T14:29:52+00:00","dateModified":"2007-12-17T14:29:52+00:00","author":{"@id":"https:\/\/blog.zeit.de\/stoerungsmelder\/#\/schema\/person\/1898e9a6d47b4737da2c4fca74a10552"},"breadcrumb":{"@id":"https:\/\/blog.zeit.de\/stoerungsmelder\/2007\/12\/17\/die-ziele-der-npd-osterreich-polen-tschechien-russland-litauen_174#breadcrumb"},"inLanguage":"de","potentialAction":[{"@type":"ReadAction","target":["https:\/\/blog.zeit.de\/stoerungsmelder\/2007\/12\/17\/die-ziele-der-npd-osterreich-polen-tschechien-russland-litauen_174"]}]},{"@type":"BreadcrumbList","@id":"https:\/\/blog.zeit.de\/stoerungsmelder\/2007\/12\/17\/die-ziele-der-npd-osterreich-polen-tschechien-russland-litauen_174#breadcrumb","itemListElement":[{"@type":"ListItem","position":1,"name":"Startseite","item":"https:\/\/blog.zeit.de\/stoerungsmelder"},{"@type":"ListItem","position":2,"name":"Die Ziele der NPD? \u00d6sterreich, Polen, Tschechien, Russland, Litauen"}]},{"@type":"WebSite","@id":"https:\/\/blog.zeit.de\/stoerungsmelder\/#website","url":"https:\/\/blog.zeit.de\/stoerungsmelder\/","name":"St\u00f6rungsmelder","description":"Recherchen und Analysen \u00fcber die extreme Rechte","potentialAction":[{"@type":"SearchAction","target":{"@type":"EntryPoint","urlTemplate":"https:\/\/blog.zeit.de\/stoerungsmelder\/?s={search_term_string}"},"query-input":"required name=search_term_string"}],"inLanguage":"de"},{"@type":"Person","@id":"https:\/\/blog.zeit.de\/stoerungsmelder\/#\/schema\/person\/1898e9a6d47b4737da2c4fca74a10552","name":"Patrick Gensing","image":{"@type":"ImageObject","inLanguage":"de","@id":"https:\/\/blog.zeit.de\/stoerungsmelder\/#\/schema\/person\/image\/","url":"https:\/\/secure.gravatar.com\/avatar\/a7a6fc628ed4dd7517525b944e2a8b13f64804f428d399d781f8dd0c4651643a?s=96&d=mm&r=pg","contentUrl":"https:\/\/secure.gravatar.com\/avatar\/a7a6fc628ed4dd7517525b944e2a8b13f64804f428d399d781f8dd0c4651643a?s=96&d=mm&r=pg","caption":"Patrick Gensing"},"description":"Journalist, Blogger, Buchautor - Patrick Gensing besch\u00e4ftigt sich seit seiner Jugend Ende der 1980er Jahre mit den Themen Neonazis, Rassismus und Antisemitismus. Seit rund zehn Jahren schreibt er als Journalist \u00fcber diese Themen, unter anderem bei tagesschau.de, bei Zeit-Online, in der taz - oder in dem Buch \"Terror von rechts\", das am 14. September 2012 erscheint.","sameAs":["http:\/\/publikative.org"],"url":"https:\/\/blog.zeit.de\/stoerungsmelder\/author\/patrick-gensing"}]}},"jetpack_featured_media_url":"","jetpack_sharing_enabled":true,"_links":{"self":[{"href":"https:\/\/blog.zeit.de\/stoerungsmelder\/wp-json\/wp\/v2\/posts\/174","targetHints":{"allow":["GET"]}}],"collection":[{"href":"https:\/\/blog.zeit.de\/stoerungsmelder\/wp-json\/wp\/v2\/posts"}],"about":[{"href":"https:\/\/blog.zeit.de\/stoerungsmelder\/wp-json\/wp\/v2\/types\/post"}],"author":[{"embeddable":true,"href":"https:\/\/blog.zeit.de\/stoerungsmelder\/wp-json\/wp\/v2\/users\/227"}],"replies":[{"embeddable":true,"href":"https:\/\/blog.zeit.de\/stoerungsmelder\/wp-json\/wp\/v2\/comments?post=174"}],"version-history":[{"count":0,"href":"https:\/\/blog.zeit.de\/stoerungsmelder\/wp-json\/wp\/v2\/posts\/174\/revisions"}],"wp:attachment":[{"href":"https:\/\/blog.zeit.de\/stoerungsmelder\/wp-json\/wp\/v2\/media?parent=174"}],"wp:term":[{"taxonomy":"category","embeddable":true,"href":"https:\/\/blog.zeit.de\/stoerungsmelder\/wp-json\/wp\/v2\/categories?post=174"},{"taxonomy":"post_tag","embeddable":true,"href":"https:\/\/blog.zeit.de\/stoerungsmelder\/wp-json\/wp\/v2\/tags?post=174"}],"curies":[{"name":"wp","href":"https:\/\/api.w.org\/{rel}","templated":true}]}}