{"id":17456,"date":"2014-10-31T10:52:13","date_gmt":"2014-10-31T09:52:13","guid":{"rendered":"http:\/\/blog.zeit.de\/stoerungsmelder\/?p=17456"},"modified":"2014-10-31T10:52:13","modified_gmt":"2014-10-31T09:52:13","slug":"neue-nazi-partei-der-dritte-weg-im-aufschwung","status":"publish","type":"post","link":"https:\/\/blog.zeit.de\/stoerungsmelder\/2014\/10\/31\/neue-nazi-partei-der-dritte-weg-im-aufschwung_17456","title":{"rendered":"Neue Nazi-Partei &#8222;Der Dritte Weg&#8220; im Aufschwung"},"content":{"rendered":"<p><figure id=\"attachment_15643\" aria-describedby=\"caption-attachment-15643\" style=\"width: 580px\" class=\"wp-caption aligncenter\"><a href=\"https:\/\/blog.zeit.de\/stoerungsmelder\/files\/2014\/04\/neonazis-mit-neuer-partei-der-dritte-weg-e1414749078257.jpg\"><img loading=\"lazy\" decoding=\"async\" class=\"size-full wp-image-15643\" src=\"https:\/\/blog.zeit.de\/stoerungsmelder\/files\/2014\/04\/neonazis-mit-neuer-partei-der-dritte-weg-e1414749078257.jpg\" alt=\"FNS- AktivistInnen tragen ein &quot;Der dritte Weg&quot; Transaprent, links Matthias Fischer \u00a9TM\" width=\"580\" height=\"387\" \/><\/a><figcaption id=\"caption-attachment-15643\" class=\"wp-caption-text\">FNS- AktivistInnen tragen ein &#8222;Der dritte Weg&#8220; Transaprent, links Matthias Fischer \u00a9TM<\/figcaption><\/figure><\/p>\n<p>Vor gut einem Jahr versch\u00e4rfte der Staat sein Vorgehen gegen das rechtsextreme Netzwerk &#8222;Freies Netz S\u00fcd&#8220;. Seit Juli 2014 ist es verboten. Doch schon lange vor dem Verbot hatten die Neonazis eine Ersatzorganisation ins Leben gerufen: Die Partei &#8222;Der Dritte Weg&#8220;. Alte Botschaften unter neuem Namen. Und der Staat muss zusehen.<br \/>\nDer Bayerische Rundfunk hat eine sehenswerte Videoreportage \u00fcber die rechtsextreme Kleinstpartei ver\u00f6ffentlicht. <a href=\"http:\/\/www.br.de\/fernsehen\/bayerisches-fernsehen\/sendungen\/kontrovers\/dritte-weg-partei-rechtsextrem-100.html\" target=\"_blank\">Hier k\u00f6nnen Sie das Video online anschauen<\/a>.<\/p>\n","protected":false},"excerpt":{"rendered":"<p>Vor gut einem Jahr versch\u00e4rfte der Staat sein Vorgehen gegen das rechtsextreme Netzwerk &#8222;Freies Netz S\u00fcd&#8220;. Seit Juli 2014 ist es verboten. Doch schon lange vor dem Verbot hatten die Neonazis eine Ersatzorganisation ins Leben gerufen: Die Partei &#8222;Der Dritte Weg&#8220;. Alte Botschaften unter neuem Namen. Und der Staat muss zusehen. Der Bayerische Rundfunk hat [&hellip;]<\/p>\n","protected":false},"author":229,"featured_media":0,"comment_status":"open","ping_status":"open","sticky":false,"template":"","format":"standard","meta":{"_jetpack_memberships_contains_paid_content":false,"footnotes":""},"categories":[59],"tags":[31080,26534,12719,1638,17824],"class_list":["post-17456","post","type-post","status-publish","format-standard","hentry","category-bayern","tag-der-dritte-weg","tag-fns","tag-freies-netz-sud","tag-justiz","tag-matthias-fischer"],"yoast_head":"<!-- This site is optimized with the Yoast SEO plugin v21.0 - https:\/\/yoast.com\/wordpress\/plugins\/seo\/ -->\n<title>Neue Nazi-Partei &quot;Der Dritte Weg&quot; im Aufschwung - St\u00f6rungsmelder<\/title>\n<meta name=\"robots\" content=\"index, follow, max-snippet:-1, max-image-preview:large, max-video-preview:-1\" \/>\n<link rel=\"canonical\" href=\"https:\/\/blog.zeit.de\/stoerungsmelder\/2014\/10\/31\/neue-nazi-partei-der-dritte-weg-im-aufschwung_17456\" \/>\n<meta property=\"og:locale\" content=\"de_DE\" \/>\n<meta property=\"og:type\" content=\"article\" \/>\n<meta property=\"og:title\" content=\"Neue Nazi-Partei &quot;Der Dritte Weg&quot; im Aufschwung - St\u00f6rungsmelder\" \/>\n<meta property=\"og:description\" content=\"Vor gut einem Jahr versch\u00e4rfte der Staat sein Vorgehen gegen das rechtsextreme Netzwerk &#8222;Freies Netz S\u00fcd&#8220;. Seit Juli 2014 ist es verboten. Doch schon lange vor dem Verbot hatten die Neonazis eine Ersatzorganisation ins Leben gerufen: Die Partei &#8222;Der Dritte Weg&#8220;. Alte Botschaften unter neuem Namen. Und der Staat muss zusehen. Der Bayerische Rundfunk hat [&hellip;]\" \/>\n<meta property=\"og:url\" content=\"https:\/\/blog.zeit.de\/stoerungsmelder\/2014\/10\/31\/neue-nazi-partei-der-dritte-weg-im-aufschwung_17456\" \/>\n<meta property=\"og:site_name\" content=\"St\u00f6rungsmelder\" \/>\n<meta property=\"article:published_time\" content=\"2014-10-31T09:52:13+00:00\" \/>\n<meta property=\"og:image\" content=\"https:\/\/blog.zeit.de\/stoerungsmelder\/files\/2014\/04\/neonazis-mit-neuer-partei-der-dritte-weg-e1414749078257.jpg\" \/>\n<meta name=\"author\" content=\"St\u00f6rungsmelder\" \/>\n<meta name=\"twitter:card\" content=\"summary_large_image\" \/>\n<meta name=\"twitter:label1\" content=\"Geschrieben von\" \/>\n\t<meta name=\"twitter:data1\" content=\"St\u00f6rungsmelder\" \/>\n<script type=\"application\/ld+json\" class=\"yoast-schema-graph\">{\"@context\":\"https:\/\/schema.org\",\"@graph\":[{\"@type\":\"WebPage\",\"@id\":\"https:\/\/blog.zeit.de\/stoerungsmelder\/2014\/10\/31\/neue-nazi-partei-der-dritte-weg-im-aufschwung_17456\",\"url\":\"https:\/\/blog.zeit.de\/stoerungsmelder\/2014\/10\/31\/neue-nazi-partei-der-dritte-weg-im-aufschwung_17456\",\"name\":\"Neue Nazi-Partei \\\"Der Dritte Weg\\\" im Aufschwung - St\u00f6rungsmelder\",\"isPartOf\":{\"@id\":\"https:\/\/blog.zeit.de\/stoerungsmelder\/#website\"},\"datePublished\":\"2014-10-31T09:52:13+00:00\",\"dateModified\":\"2014-10-31T09:52:13+00:00\",\"author\":{\"@id\":\"https:\/\/blog.zeit.de\/stoerungsmelder\/#\/schema\/person\/fdd0b9818f65738672810b6d6f037f71\"},\"breadcrumb\":{\"@id\":\"https:\/\/blog.zeit.de\/stoerungsmelder\/2014\/10\/31\/neue-nazi-partei-der-dritte-weg-im-aufschwung_17456#breadcrumb\"},\"inLanguage\":\"de\",\"potentialAction\":[{\"@type\":\"ReadAction\",\"target\":[\"https:\/\/blog.zeit.de\/stoerungsmelder\/2014\/10\/31\/neue-nazi-partei-der-dritte-weg-im-aufschwung_17456\"]}]},{\"@type\":\"BreadcrumbList\",\"@id\":\"https:\/\/blog.zeit.de\/stoerungsmelder\/2014\/10\/31\/neue-nazi-partei-der-dritte-weg-im-aufschwung_17456#breadcrumb\",\"itemListElement\":[{\"@type\":\"ListItem\",\"position\":1,\"name\":\"Startseite\",\"item\":\"https:\/\/blog.zeit.de\/stoerungsmelder\"},{\"@type\":\"ListItem\",\"position\":2,\"name\":\"Neue Nazi-Partei &#8222;Der Dritte Weg&#8220; im Aufschwung\"}]},{\"@type\":\"WebSite\",\"@id\":\"https:\/\/blog.zeit.de\/stoerungsmelder\/#website\",\"url\":\"https:\/\/blog.zeit.de\/stoerungsmelder\/\",\"name\":\"St\u00f6rungsmelder\",\"description\":\"Recherchen und Analysen \u00fcber die extreme Rechte\",\"potentialAction\":[{\"@type\":\"SearchAction\",\"target\":{\"@type\":\"EntryPoint\",\"urlTemplate\":\"https:\/\/blog.zeit.de\/stoerungsmelder\/?s={search_term_string}\"},\"query-input\":\"required name=search_term_string\"}],\"inLanguage\":\"de\"},{\"@type\":\"Person\",\"@id\":\"https:\/\/blog.zeit.de\/stoerungsmelder\/#\/schema\/person\/fdd0b9818f65738672810b6d6f037f71\",\"name\":\"St\u00f6rungsmelder\",\"image\":{\"@type\":\"ImageObject\",\"inLanguage\":\"de\",\"@id\":\"https:\/\/blog.zeit.de\/stoerungsmelder\/#\/schema\/person\/image\/\",\"url\":\"https:\/\/secure.gravatar.com\/avatar\/dfa4be514c3e82a71e4f9a0020035d38192d080ccaa5e4e6d7a1472c763535c5?s=96&d=mm&r=pg\",\"contentUrl\":\"https:\/\/secure.gravatar.com\/avatar\/dfa4be514c3e82a71e4f9a0020035d38192d080ccaa5e4e6d7a1472c763535c5?s=96&d=mm&r=pg\",\"caption\":\"St\u00f6rungsmelder\"},\"url\":\"https:\/\/blog.zeit.de\/stoerungsmelder\/author\/stoerungsmelder\"}]}<\/script>\n<!-- \/ Yoast SEO plugin. -->","yoast_head_json":{"title":"Neue Nazi-Partei \"Der Dritte Weg\" im Aufschwung - St\u00f6rungsmelder","robots":{"index":"index","follow":"follow","max-snippet":"max-snippet:-1","max-image-preview":"max-image-preview:large","max-video-preview":"max-video-preview:-1"},"canonical":"https:\/\/blog.zeit.de\/stoerungsmelder\/2014\/10\/31\/neue-nazi-partei-der-dritte-weg-im-aufschwung_17456","og_locale":"de_DE","og_type":"article","og_title":"Neue Nazi-Partei \"Der Dritte Weg\" im Aufschwung - St\u00f6rungsmelder","og_description":"Vor gut einem Jahr versch\u00e4rfte der Staat sein Vorgehen gegen das rechtsextreme Netzwerk &#8222;Freies Netz S\u00fcd&#8220;. Seit Juli 2014 ist es verboten. Doch schon lange vor dem Verbot hatten die Neonazis eine Ersatzorganisation ins Leben gerufen: Die Partei &#8222;Der Dritte Weg&#8220;. Alte Botschaften unter neuem Namen. Und der Staat muss zusehen. Der Bayerische Rundfunk hat [&hellip;]","og_url":"https:\/\/blog.zeit.de\/stoerungsmelder\/2014\/10\/31\/neue-nazi-partei-der-dritte-weg-im-aufschwung_17456","og_site_name":"St\u00f6rungsmelder","article_published_time":"2014-10-31T09:52:13+00:00","og_image":[{"url":"https:\/\/blog.zeit.de\/stoerungsmelder\/files\/2014\/04\/neonazis-mit-neuer-partei-der-dritte-weg-e1414749078257.jpg"}],"author":"St\u00f6rungsmelder","twitter_card":"summary_large_image","twitter_misc":{"Geschrieben von":"St\u00f6rungsmelder"},"schema":{"@context":"https:\/\/schema.org","@graph":[{"@type":"WebPage","@id":"https:\/\/blog.zeit.de\/stoerungsmelder\/2014\/10\/31\/neue-nazi-partei-der-dritte-weg-im-aufschwung_17456","url":"https:\/\/blog.zeit.de\/stoerungsmelder\/2014\/10\/31\/neue-nazi-partei-der-dritte-weg-im-aufschwung_17456","name":"Neue Nazi-Partei \"Der Dritte Weg\" im Aufschwung - St\u00f6rungsmelder","isPartOf":{"@id":"https:\/\/blog.zeit.de\/stoerungsmelder\/#website"},"datePublished":"2014-10-31T09:52:13+00:00","dateModified":"2014-10-31T09:52:13+00:00","author":{"@id":"https:\/\/blog.zeit.de\/stoerungsmelder\/#\/schema\/person\/fdd0b9818f65738672810b6d6f037f71"},"breadcrumb":{"@id":"https:\/\/blog.zeit.de\/stoerungsmelder\/2014\/10\/31\/neue-nazi-partei-der-dritte-weg-im-aufschwung_17456#breadcrumb"},"inLanguage":"de","potentialAction":[{"@type":"ReadAction","target":["https:\/\/blog.zeit.de\/stoerungsmelder\/2014\/10\/31\/neue-nazi-partei-der-dritte-weg-im-aufschwung_17456"]}]},{"@type":"BreadcrumbList","@id":"https:\/\/blog.zeit.de\/stoerungsmelder\/2014\/10\/31\/neue-nazi-partei-der-dritte-weg-im-aufschwung_17456#breadcrumb","itemListElement":[{"@type":"ListItem","position":1,"name":"Startseite","item":"https:\/\/blog.zeit.de\/stoerungsmelder"},{"@type":"ListItem","position":2,"name":"Neue Nazi-Partei &#8222;Der Dritte Weg&#8220; im Aufschwung"}]},{"@type":"WebSite","@id":"https:\/\/blog.zeit.de\/stoerungsmelder\/#website","url":"https:\/\/blog.zeit.de\/stoerungsmelder\/","name":"St\u00f6rungsmelder","description":"Recherchen und Analysen \u00fcber die extreme Rechte","potentialAction":[{"@type":"SearchAction","target":{"@type":"EntryPoint","urlTemplate":"https:\/\/blog.zeit.de\/stoerungsmelder\/?s={search_term_string}"},"query-input":"required name=search_term_string"}],"inLanguage":"de"},{"@type":"Person","@id":"https:\/\/blog.zeit.de\/stoerungsmelder\/#\/schema\/person\/fdd0b9818f65738672810b6d6f037f71","name":"St\u00f6rungsmelder","image":{"@type":"ImageObject","inLanguage":"de","@id":"https:\/\/blog.zeit.de\/stoerungsmelder\/#\/schema\/person\/image\/","url":"https:\/\/secure.gravatar.com\/avatar\/dfa4be514c3e82a71e4f9a0020035d38192d080ccaa5e4e6d7a1472c763535c5?s=96&d=mm&r=pg","contentUrl":"https:\/\/secure.gravatar.com\/avatar\/dfa4be514c3e82a71e4f9a0020035d38192d080ccaa5e4e6d7a1472c763535c5?s=96&d=mm&r=pg","caption":"St\u00f6rungsmelder"},"url":"https:\/\/blog.zeit.de\/stoerungsmelder\/author\/stoerungsmelder"}]}},"jetpack_featured_media_url":"","jetpack_sharing_enabled":true,"_links":{"self":[{"href":"https:\/\/blog.zeit.de\/stoerungsmelder\/wp-json\/wp\/v2\/posts\/17456","targetHints":{"allow":["GET"]}}],"collection":[{"href":"https:\/\/blog.zeit.de\/stoerungsmelder\/wp-json\/wp\/v2\/posts"}],"about":[{"href":"https:\/\/blog.zeit.de\/stoerungsmelder\/wp-json\/wp\/v2\/types\/post"}],"author":[{"embeddable":true,"href":"https:\/\/blog.zeit.de\/stoerungsmelder\/wp-json\/wp\/v2\/users\/229"}],"replies":[{"embeddable":true,"href":"https:\/\/blog.zeit.de\/stoerungsmelder\/wp-json\/wp\/v2\/comments?post=17456"}],"version-history":[{"count":1,"href":"https:\/\/blog.zeit.de\/stoerungsmelder\/wp-json\/wp\/v2\/posts\/17456\/revisions"}],"predecessor-version":[{"id":17457,"href":"https:\/\/blog.zeit.de\/stoerungsmelder\/wp-json\/wp\/v2\/posts\/17456\/revisions\/17457"}],"wp:attachment":[{"href":"https:\/\/blog.zeit.de\/stoerungsmelder\/wp-json\/wp\/v2\/media?parent=17456"}],"wp:term":[{"taxonomy":"category","embeddable":true,"href":"https:\/\/blog.zeit.de\/stoerungsmelder\/wp-json\/wp\/v2\/categories?post=17456"},{"taxonomy":"post_tag","embeddable":true,"href":"https:\/\/blog.zeit.de\/stoerungsmelder\/wp-json\/wp\/v2\/tags?post=17456"}],"curies":[{"name":"wp","href":"https:\/\/api.w.org\/{rel}","templated":true}]}}