{"id":17468,"date":"2014-11-05T16:05:13","date_gmt":"2014-11-05T15:05:13","guid":{"rendered":"http:\/\/blog.zeit.de\/stoerungsmelder\/?p=17468"},"modified":"2014-11-05T16:05:13","modified_gmt":"2014-11-05T15:05:13","slug":"rechtsrockkonzert-in-sachsen-geplant","status":"publish","type":"post","link":"https:\/\/blog.zeit.de\/stoerungsmelder\/2014\/11\/05\/rechtsrockkonzert-in-sachsen-geplant_17468","title":{"rendered":"Rechtsrockkonzert in Sachsen geplant"},"content":{"rendered":"<p><figure id=\"attachment_6231\" aria-describedby=\"caption-attachment-6231\" style=\"width: 580px\" class=\"wp-caption aligncenter\"><a href=\"https:\/\/blog.zeit.de\/stoerungsmelder\/files\/2011\/05\/lunikoff-2009-gera_foto-infothek-dessau-e1415199766293.jpg\"><img loading=\"lazy\" decoding=\"async\" class=\"size-full wp-image-6231\" src=\"https:\/\/blog.zeit.de\/stoerungsmelder\/files\/2011\/05\/lunikoff-2009-gera_foto-infothek-dessau-e1415199766293.jpg\" alt=\"Lunikoff beim &quot;Rock f\u00fcr Deutschland&quot; in Gera 2009. Foto: Infothek Dessau\" width=\"580\" height=\"435\" \/><\/a><figcaption id=\"caption-attachment-6231\" class=\"wp-caption-text\">Lunikoff beim &#8222;Rock f\u00fcr Deutschland&#8220; in Gera 2009. Foto: Infothek Dessau<\/figcaption><\/figure><\/p>\n<p>Ausgerechnet am Vorabend des Jahrestages der Reichspogromnacht wollen Neonazis ein gro\u00dfes Rechtsrockkonzert im s\u00e4chsischen Voigtland durchf\u00fchren. Hinter der Veranstaltung stecken zwei Landesverb\u00e4nde der extrem rechten Partei \u201eDie Rechte\u201c.<!--more--><\/p>\n<p>Mit der Aufschrift \u201eDie Rechte pr\u00e4sentiert\u201c tauchten Anfang November die ersten Werbeflyer im Netz auf und k\u00fcndigten f\u00fcr den 8. November ein Konzert mit drei Rechtsrock-Bands \u201ein Mitteldeutschland\u201c an. Inzwischen hat sich der Ort als das s\u00e4chsische Zobes entpuppt, ein 400 Einwohner z\u00e4hlender Ortsteil der Gemeinde Neuensalz im s\u00e4chsischen Vogtlandkreis. Nach Angaben des \u201eAktionsb\u00fcndnis Vogtland gegen Rechts\u201c handelt es sich bei den Veranstaltern um die Landesverb\u00e4nde der extrem rechten Partei \u201eDie Rechte\u201c (DR) aus Baden-W\u00fcrttemberg und Nordrhein-Westfahlen. Sollte sich die Ank\u00fcndigung von bis zu 1.000 Neonazis bewahrheiten, w\u00e4re dies das gr\u00f6\u00dfte Rechtsrock-Konzert der vergangenen Jahre in Sachsen.<\/p>\n<p>\u00c4hnlich wie bei extrem rechten Konzerten unter freiem Himmel im Nachbarland Th\u00fcringen werden sich auch beim Konzert in Zobes Rechtsrock-Bands und Redner aus der Szene abwechseln. F\u00fcr das \u201emusikalische Programm\u201c sind \u201edie Lunikoff-Verschw\u00f6rung\u201c um den ehemaligen S\u00e4nger der verbotenen Band \u201eLandser\u201c, Michael Regener, und die 1988 in Bremen gegr\u00fcndete Band \u201eNahkampf\u201c um den Frontmann von \u201eKategorie C\u201c, Hannes Ostendorf, angek\u00fcndigt. Aus Kanada soll David Allan Surette anreisen, der unter dem Namen \u201eGriffin\u201c auftritt und u.a. bei den Neonazi-Bands \u201eAryan\u201c und \u201eStonehammer\u201c mitwirkte. Der langj\u00e4hrig aktive Neonazi ist \u201eEhrenmitglied\u201c der Neonazi-Gruppierung \u201eVandalen\u201c, der auch Regener lange Zeit angeh\u00f6rte und dessen Bild sich der Kanadier auf den R\u00fccken t\u00e4towieren lie\u00df.<\/p>\n<p><a href=\"https:\/\/blog.zeit.de\/stoerungsmelder\/files\/2014\/11\/3405588954-e1415199800787.jpg\"><img loading=\"lazy\" decoding=\"async\" class=\"aligncenter size-full wp-image-17469\" src=\"https:\/\/blog.zeit.de\/stoerungsmelder\/files\/2014\/11\/3405588954-e1415199800787.jpg\" alt=\"3405588954\" width=\"580\" height=\"296\" \/><\/a><\/p>\n<p>Als Redner sind sowohl DR- als auch NPD-Mitglieder angek\u00fcndigt. Von DR aus Dortmund treten in Zobes neben Michael Br\u00fcck auch das DR-Mitglied Alexander Deptolla und Dietrich Surmann von der NPD ans Mikrophon. Beide geh\u00f6rten bereits der 2012 verbotenen Gruppierung \u201eNationaler Widerstand Dortmund\u201c (NWDO) an und waren an dem \u00dcbergriff auf das Dortmunder Rathaus nach der Wahl im Mai 2014 beteiligt. Aus dem NWDO stammt auch der wegen schwerer K\u00f6rperverletzung vorbestrafte Redner Christoph Drewer, der heute DR-Vorstandsmitglied in Dortmund ist und als die rechte Hand von Siegfried \u201eSS-Siggi\u201c Borchardt gilt. Der f\u00fcnfte Redner auf der Liste ist Nils Lairisch aus Leipzig, der sich vor allem als Hooligan des Fu\u00dfballvereins \u201eLokomotive Leipzig\u201c einen Namen gemacht hatte. Mittlerweile geh\u00f6rt er der NPD an, f\u00fcr die der wegen 17-fachen Betruges verurteile Lairisch 2009 f\u00fcr den Leipziger Stadtrat kandidiert hatte.<\/p>\n<p>Die aktuelle Ortswahl f\u00fcr das Konzert ist kein Zufall, auf dem Privatgrundst\u00fcck in Zobes fand im vergangenen Jahr bereits der \u201eSachsentag\u201c der \u201eJungen Nationaldemokraten\u201c (JN) mit 700 Neonazis statt, auf dem auch schon die \u201eLunikoff-Verschw\u00f6rung\u201c auftrat. Das Grundst\u00fcck ist im Besitz des Ehemanns der NPD-Abgeordneten im voigtl\u00e4ndischen Kreistag, Beatrix Rink. Die extrem rechte Partei hatte bei den Kommunalwahlen im Mai 7,5% in der Gemeinde Neuensalz geholt, in Zobes selbst w\u00e4hlte sogar fast jeder f\u00fcnfte die NPD.<\/p>\n<p>Das \u201eAktionsb\u00fcndnis Vogtland gegen Rechts\u201c bef\u00fcrchtet, dass \u201esich am 08.11. das who-is-who aus der extrem Rechten Szene Westdeutschlands unter dem Motto \u201aRechte f\u00fcr Sachsen\u2018 im beschaulichen Zobes die Klinke in die Hand gibt\u201c und sieht den Landrat des Voigtlandkreises, Dr. Tassilo Lenk (CDU), in der Pflicht. Auch die Gewerkschaft ver.di fordert Lenk auf, die Veranstaltung nicht zu genehmigen und appelliert an ihn: \u201eNutzen Sie Ihre Funktion als Landrat, dies mit allen Mitteln zu verhindern und eine eventuelle rechtliche Auseinandersetzung mit den Antragsstellern nicht zu scheuen\u201c.<\/p>\n","protected":false},"excerpt":{"rendered":"<p>Ausgerechnet am Vorabend des Jahrestages der Reichspogromnacht wollen Neonazis ein gro\u00dfes Rechtsrockkonzert im s\u00e4chsischen Voigtland durchf\u00fchren. Hinter der Veranstaltung stecken zwei Landesverb\u00e4nde der extrem rechten Partei \u201eDie Rechte\u201c.<\/p>\n","protected":false},"author":254,"featured_media":0,"comment_status":"open","ping_status":"open","sticky":false,"template":"","format":"standard","meta":{"_jetpack_memberships_contains_paid_content":false,"footnotes":""},"categories":[1456],"tags":[31149,32164,24535,32162,32163,1628,1663,1672,32161,11364,31998,1716,31148,1765,31155,32165],"class_list":["post-17468","post","type-post","status-publish","format-standard","hentry","category-sachsen","tag-alexander-deptolla","tag-aryan","tag-die-rechte","tag-dietrich-surmann","tag-griffin","tag-jn","tag-landser","tag-lunikoff","tag-michael-brueck","tag-michael-regener","tag-nahkampf","tag-npd","tag-nwdo","tag-rechtsrock","tag-ss-siggi","tag-stonehammer"],"yoast_head":"<!-- This site is optimized with the Yoast SEO plugin v21.0 - https:\/\/yoast.com\/wordpress\/plugins\/seo\/ -->\n<title>Rechtsrockkonzert in Sachsen geplant - St\u00f6rungsmelder<\/title>\n<meta name=\"robots\" content=\"index, follow, max-snippet:-1, max-image-preview:large, max-video-preview:-1\" \/>\n<link rel=\"canonical\" href=\"https:\/\/blog.zeit.de\/stoerungsmelder\/2014\/11\/05\/rechtsrockkonzert-in-sachsen-geplant_17468\" \/>\n<meta property=\"og:locale\" content=\"de_DE\" \/>\n<meta property=\"og:type\" content=\"article\" \/>\n<meta property=\"og:title\" content=\"Rechtsrockkonzert in Sachsen geplant - St\u00f6rungsmelder\" \/>\n<meta property=\"og:description\" content=\"Ausgerechnet am Vorabend des Jahrestages der Reichspogromnacht wollen Neonazis ein gro\u00dfes Rechtsrockkonzert im s\u00e4chsischen Voigtland durchf\u00fchren. Hinter der Veranstaltung stecken zwei Landesverb\u00e4nde der extrem rechten Partei \u201eDie Rechte\u201c.\" \/>\n<meta property=\"og:url\" content=\"https:\/\/blog.zeit.de\/stoerungsmelder\/2014\/11\/05\/rechtsrockkonzert-in-sachsen-geplant_17468\" \/>\n<meta property=\"og:site_name\" content=\"St\u00f6rungsmelder\" \/>\n<meta property=\"article:published_time\" content=\"2014-11-05T15:05:13+00:00\" \/>\n<meta property=\"og:image\" content=\"https:\/\/blog.zeit.de\/stoerungsmelder\/files\/2011\/05\/lunikoff-2009-gera_foto-infothek-dessau-e1415199766293.jpg\" \/>\n<meta name=\"author\" content=\"Kai Budler\" \/>\n<meta name=\"twitter:card\" content=\"summary_large_image\" \/>\n<meta name=\"twitter:label1\" content=\"Geschrieben von\" \/>\n\t<meta name=\"twitter:data1\" content=\"Kai Budler\" \/>\n\t<meta name=\"twitter:label2\" content=\"Gesch\u00e4tzte Lesezeit\" \/>\n\t<meta name=\"twitter:data2\" content=\"3\u00a0Minuten\" \/>\n<script type=\"application\/ld+json\" class=\"yoast-schema-graph\">{\"@context\":\"https:\/\/schema.org\",\"@graph\":[{\"@type\":\"WebPage\",\"@id\":\"https:\/\/blog.zeit.de\/stoerungsmelder\/2014\/11\/05\/rechtsrockkonzert-in-sachsen-geplant_17468\",\"url\":\"https:\/\/blog.zeit.de\/stoerungsmelder\/2014\/11\/05\/rechtsrockkonzert-in-sachsen-geplant_17468\",\"name\":\"Rechtsrockkonzert in Sachsen geplant - St\u00f6rungsmelder\",\"isPartOf\":{\"@id\":\"https:\/\/blog.zeit.de\/stoerungsmelder\/#website\"},\"datePublished\":\"2014-11-05T15:05:13+00:00\",\"dateModified\":\"2014-11-05T15:05:13+00:00\",\"author\":{\"@id\":\"https:\/\/blog.zeit.de\/stoerungsmelder\/#\/schema\/person\/58f28fa43c55337b17b93e3622cc8b37\"},\"breadcrumb\":{\"@id\":\"https:\/\/blog.zeit.de\/stoerungsmelder\/2014\/11\/05\/rechtsrockkonzert-in-sachsen-geplant_17468#breadcrumb\"},\"inLanguage\":\"de\",\"potentialAction\":[{\"@type\":\"ReadAction\",\"target\":[\"https:\/\/blog.zeit.de\/stoerungsmelder\/2014\/11\/05\/rechtsrockkonzert-in-sachsen-geplant_17468\"]}]},{\"@type\":\"BreadcrumbList\",\"@id\":\"https:\/\/blog.zeit.de\/stoerungsmelder\/2014\/11\/05\/rechtsrockkonzert-in-sachsen-geplant_17468#breadcrumb\",\"itemListElement\":[{\"@type\":\"ListItem\",\"position\":1,\"name\":\"Startseite\",\"item\":\"https:\/\/blog.zeit.de\/stoerungsmelder\"},{\"@type\":\"ListItem\",\"position\":2,\"name\":\"Rechtsrockkonzert in Sachsen geplant\"}]},{\"@type\":\"WebSite\",\"@id\":\"https:\/\/blog.zeit.de\/stoerungsmelder\/#website\",\"url\":\"https:\/\/blog.zeit.de\/stoerungsmelder\/\",\"name\":\"St\u00f6rungsmelder\",\"description\":\"Recherchen und Analysen \u00fcber die extreme Rechte\",\"potentialAction\":[{\"@type\":\"SearchAction\",\"target\":{\"@type\":\"EntryPoint\",\"urlTemplate\":\"https:\/\/blog.zeit.de\/stoerungsmelder\/?s={search_term_string}\"},\"query-input\":\"required name=search_term_string\"}],\"inLanguage\":\"de\"},{\"@type\":\"Person\",\"@id\":\"https:\/\/blog.zeit.de\/stoerungsmelder\/#\/schema\/person\/58f28fa43c55337b17b93e3622cc8b37\",\"name\":\"Kai Budler\",\"image\":{\"@type\":\"ImageObject\",\"inLanguage\":\"de\",\"@id\":\"https:\/\/blog.zeit.de\/stoerungsmelder\/#\/schema\/person\/image\/\",\"url\":\"https:\/\/secure.gravatar.com\/avatar\/126c2f44b51c178dc1db1bb6e040fcff157c88000cfae96c983070e6153484e3?s=96&d=mm&r=pg\",\"contentUrl\":\"https:\/\/secure.gravatar.com\/avatar\/126c2f44b51c178dc1db1bb6e040fcff157c88000cfae96c983070e6153484e3?s=96&d=mm&r=pg\",\"caption\":\"Kai Budler\"},\"url\":\"https:\/\/blog.zeit.de\/stoerungsmelder\/author\/kai-budler\"}]}<\/script>\n<!-- \/ Yoast SEO plugin. -->","yoast_head_json":{"title":"Rechtsrockkonzert in Sachsen geplant - St\u00f6rungsmelder","robots":{"index":"index","follow":"follow","max-snippet":"max-snippet:-1","max-image-preview":"max-image-preview:large","max-video-preview":"max-video-preview:-1"},"canonical":"https:\/\/blog.zeit.de\/stoerungsmelder\/2014\/11\/05\/rechtsrockkonzert-in-sachsen-geplant_17468","og_locale":"de_DE","og_type":"article","og_title":"Rechtsrockkonzert in Sachsen geplant - St\u00f6rungsmelder","og_description":"Ausgerechnet am Vorabend des Jahrestages der Reichspogromnacht wollen Neonazis ein gro\u00dfes Rechtsrockkonzert im s\u00e4chsischen Voigtland durchf\u00fchren. Hinter der Veranstaltung stecken zwei Landesverb\u00e4nde der extrem rechten Partei \u201eDie Rechte\u201c.","og_url":"https:\/\/blog.zeit.de\/stoerungsmelder\/2014\/11\/05\/rechtsrockkonzert-in-sachsen-geplant_17468","og_site_name":"St\u00f6rungsmelder","article_published_time":"2014-11-05T15:05:13+00:00","og_image":[{"url":"https:\/\/blog.zeit.de\/stoerungsmelder\/files\/2011\/05\/lunikoff-2009-gera_foto-infothek-dessau-e1415199766293.jpg"}],"author":"Kai Budler","twitter_card":"summary_large_image","twitter_misc":{"Geschrieben von":"Kai Budler","Gesch\u00e4tzte Lesezeit":"3\u00a0Minuten"},"schema":{"@context":"https:\/\/schema.org","@graph":[{"@type":"WebPage","@id":"https:\/\/blog.zeit.de\/stoerungsmelder\/2014\/11\/05\/rechtsrockkonzert-in-sachsen-geplant_17468","url":"https:\/\/blog.zeit.de\/stoerungsmelder\/2014\/11\/05\/rechtsrockkonzert-in-sachsen-geplant_17468","name":"Rechtsrockkonzert in Sachsen geplant - St\u00f6rungsmelder","isPartOf":{"@id":"https:\/\/blog.zeit.de\/stoerungsmelder\/#website"},"datePublished":"2014-11-05T15:05:13+00:00","dateModified":"2014-11-05T15:05:13+00:00","author":{"@id":"https:\/\/blog.zeit.de\/stoerungsmelder\/#\/schema\/person\/58f28fa43c55337b17b93e3622cc8b37"},"breadcrumb":{"@id":"https:\/\/blog.zeit.de\/stoerungsmelder\/2014\/11\/05\/rechtsrockkonzert-in-sachsen-geplant_17468#breadcrumb"},"inLanguage":"de","potentialAction":[{"@type":"ReadAction","target":["https:\/\/blog.zeit.de\/stoerungsmelder\/2014\/11\/05\/rechtsrockkonzert-in-sachsen-geplant_17468"]}]},{"@type":"BreadcrumbList","@id":"https:\/\/blog.zeit.de\/stoerungsmelder\/2014\/11\/05\/rechtsrockkonzert-in-sachsen-geplant_17468#breadcrumb","itemListElement":[{"@type":"ListItem","position":1,"name":"Startseite","item":"https:\/\/blog.zeit.de\/stoerungsmelder"},{"@type":"ListItem","position":2,"name":"Rechtsrockkonzert in Sachsen geplant"}]},{"@type":"WebSite","@id":"https:\/\/blog.zeit.de\/stoerungsmelder\/#website","url":"https:\/\/blog.zeit.de\/stoerungsmelder\/","name":"St\u00f6rungsmelder","description":"Recherchen und Analysen \u00fcber die extreme Rechte","potentialAction":[{"@type":"SearchAction","target":{"@type":"EntryPoint","urlTemplate":"https:\/\/blog.zeit.de\/stoerungsmelder\/?s={search_term_string}"},"query-input":"required name=search_term_string"}],"inLanguage":"de"},{"@type":"Person","@id":"https:\/\/blog.zeit.de\/stoerungsmelder\/#\/schema\/person\/58f28fa43c55337b17b93e3622cc8b37","name":"Kai Budler","image":{"@type":"ImageObject","inLanguage":"de","@id":"https:\/\/blog.zeit.de\/stoerungsmelder\/#\/schema\/person\/image\/","url":"https:\/\/secure.gravatar.com\/avatar\/126c2f44b51c178dc1db1bb6e040fcff157c88000cfae96c983070e6153484e3?s=96&d=mm&r=pg","contentUrl":"https:\/\/secure.gravatar.com\/avatar\/126c2f44b51c178dc1db1bb6e040fcff157c88000cfae96c983070e6153484e3?s=96&d=mm&r=pg","caption":"Kai Budler"},"url":"https:\/\/blog.zeit.de\/stoerungsmelder\/author\/kai-budler"}]}},"jetpack_featured_media_url":"","jetpack_sharing_enabled":true,"_links":{"self":[{"href":"https:\/\/blog.zeit.de\/stoerungsmelder\/wp-json\/wp\/v2\/posts\/17468","targetHints":{"allow":["GET"]}}],"collection":[{"href":"https:\/\/blog.zeit.de\/stoerungsmelder\/wp-json\/wp\/v2\/posts"}],"about":[{"href":"https:\/\/blog.zeit.de\/stoerungsmelder\/wp-json\/wp\/v2\/types\/post"}],"author":[{"embeddable":true,"href":"https:\/\/blog.zeit.de\/stoerungsmelder\/wp-json\/wp\/v2\/users\/254"}],"replies":[{"embeddable":true,"href":"https:\/\/blog.zeit.de\/stoerungsmelder\/wp-json\/wp\/v2\/comments?post=17468"}],"version-history":[{"count":1,"href":"https:\/\/blog.zeit.de\/stoerungsmelder\/wp-json\/wp\/v2\/posts\/17468\/revisions"}],"predecessor-version":[{"id":17470,"href":"https:\/\/blog.zeit.de\/stoerungsmelder\/wp-json\/wp\/v2\/posts\/17468\/revisions\/17470"}],"wp:attachment":[{"href":"https:\/\/blog.zeit.de\/stoerungsmelder\/wp-json\/wp\/v2\/media?parent=17468"}],"wp:term":[{"taxonomy":"category","embeddable":true,"href":"https:\/\/blog.zeit.de\/stoerungsmelder\/wp-json\/wp\/v2\/categories?post=17468"},{"taxonomy":"post_tag","embeddable":true,"href":"https:\/\/blog.zeit.de\/stoerungsmelder\/wp-json\/wp\/v2\/tags?post=17468"}],"curies":[{"name":"wp","href":"https:\/\/api.w.org\/{rel}","templated":true}]}}