{"id":1747,"date":"2009-11-04T09:50:31","date_gmt":"2009-11-04T07:50:31","guid":{"rendered":"http:\/\/blog.zeit.de\/stoerungsmelder\/?p=1747"},"modified":"2017-07-08T16:46:50","modified_gmt":"2017-07-08T14:46:50","slug":"rechtsrockkonzert-mitten-in-berlin","status":"publish","type":"post","link":"https:\/\/blog.zeit.de\/stoerungsmelder\/2009\/11\/04\/rechtsrockkonzert-mitten-in-berlin_1747","title":{"rendered":"Rechtsrockkonzert mitten in Berlin"},"content":{"rendered":"<p>Es k\u00f6nnte ein schwieriges Wochenende f\u00fcr die Polizei werden. Zu einem Rechtsrockkonzert werden am Sonnabend mehrere hundert gewaltbereite Neonazis und Hooligans erwartet. Am gleichen Tag wollen bis zu 1000 Autonome \u201egegen Kapitalismus\u201c und die Wendefeierlichkeiten in Mitte protestieren. Die Linke Szene ruft im Internet dazu auf, nach der Demonstration zum Konzertort zu fahren, um die Veranstaltung zu verhindern. Die Polizei ist mit einem Gro\u00dfaufgebot im Einsatz, um Auseinandersetzungen zwischen den Gruppen zu verhindern.<!--more--><\/p>\n<p>Die Konzertveranstalter legen Wert auf Geheimhaltung. In der Einladung, die nur an ausgew\u00e4hlte Personen verschickt wurde, findet sich eine Handynummer, \u00fcber die erst ab dem Nachmittag der genaue Konzertort bekannt gegeben wird. \u201eDer Veranstaltungsort liegt sehr zentral und ist gut zu erreichen\u201c, hei\u00dft es in dem Brief. <a href=\"http:\/\/www.taz.de\/regional\/berlin\/aktuell\/artikel\/1\/konzert-geplant\/\">Nach neusten Informationen der taz soll die Veranstaltung in der Trabrennbahn in Karlshorst (Lichtenberg) stattfinden.<\/a> Der Vermieter wurde offensichtlich bewu\u00dft get\u00e4uscht und versucht jetzt den Vertrag zu l\u00f6sen.<\/p>\n<p>\u201eMan h\u00e4tte das Konzert im Vorfeld verbieten m\u00fcssen\u201c, sagte der verfassungspolitische Sprecher der SPD-Fraktion des Berliner Abgeordnetenhauses, Tom Schreiber. Es sei offensichtlich, was f\u00fcr ein enormes Gewaltpotenzial von den Zuschauern der angek\u00fcndigten Band \u201eKategorie C\u201c ausgehe. Vor wenigen Monaten musste die Polizei bei Rostock mit einem Gro\u00dfaufgebot anr\u00fccken, um einen Auftritt der Gruppe, die sich selbst als \u201eunpolitische Hooliganband\u201c bezeichnet, zu verhindern. Dabei kam es zu Ausschreitungen. Die 450 angereisten Neonazis griffen die Polizisten an, ein Beamter wurde verletzt. Es folgten Ermittlungsverfahren wegen Versto\u00dfes gegen das Waffengesetz, Verwendung von Kennzeichen verfassungswidriger Organisationen und K\u00f6rperverletzung.<\/p>\n<p>Das letzte Mal trat die Band 2006 in Berlin auf \u2013 bei einem NPD-Aufmarsch f\u00fcr die Freilassung des S\u00e4ngers der <a href=\"http:\/\/www.netz-gegen-nazis.de\/lexikontext\/landser\">verbotenen Naziband \u201eLandser\u201c<\/a>. Nach Aussage des Verfassungsschutzes Bremen ist die Band \u201ebesonders wegen ihrer gewaltverherrlichenden Lieder in der Skinhead-Szene beliebt und trat in der Vergangenheit zusammen mit rechtsextremistischen Skinhead-Bands bei Konzerten auf\u201c. Im Herbst 1991 war der S\u00e4nger an einem Brandanschlag auf ein Fl\u00fcchtlingsheim beteiligt und wurde daf\u00fcr zu einer Bew\u00e4hrungsstrafe verurteilt.<\/p>\n<p>Angek\u00fcndigt wird das Konzert als \u201eWeihnachtsfeier\u201c der umstrittenen <a href=\"http:\/\/www.netz-gegen-nazis.de\/artikel\/erik-and-sons-neonazis-stehen-auf-einheitskleidung\">Modemarke \u201eErik and Sons\u201c<\/a> aus K\u00f6nigs Wusterhausen. Vor kurzem bedankte sich der \u201eNationale Widerstand Berlin\u201c auf seiner Internetseite bei der Firma f\u00fcr Sachspenden f\u00fcr eine Veranstaltung in der rechten Kneipe \u201eHenker\u201c in Treptow. Die Marke wird unter anderem \u00fcber das NPD-eigene Versandhaus \u201eDeutsche Stimme\u201c angeboten. Vor wenigen Wochen musste in Lichtenberg ein Ladengesch\u00e4ft der Marke nach heftigen Anwohnerprotesten und Demonstrationen geschlossen werden.<\/p>\n<p>In dem Einladungsschreiben ist auch zu lesen, dass das Konzert von einem bekannten Rechtsrock-Versandhaus aus Niedersachsen unterst\u00fctzt wird. Inhaber des Versands ist der Neonazi Timo Schubert, bekannt als Schlagzeuger der <a href=\"https:\/\/blog.zeit.de\/stoerungsmelder\/2009\/10\/24\/burgerbroschure-kunftig-ohne-neonazi-werbung_1665\">rechtsextremen Musikgruppe \u201eAgitator\u201c.<\/a> Beliebt ist die Band vor allem wegen ihrer eindeutigen Texte: \u201eIch bin mit Leib und Seele Nazi und ich wei\u00df mit Sicherheit: f\u00fcr mich kann es nichts Sch\u00f6neres geben, ich bleibe Nazi f\u00fcr alle Zeit\u201c. \u00dcber den Onlineversand von Schubert k\u00f6nnen neben einschl\u00e4gigen Rechtsrock-CDs auch Sturmhauben, Schlagst\u00f6cke und Tr\u00e4nengas-Dosen bestellt werden. Zuletzt machte Schubert bundesweit Schlagzeilen, indem er <a href=\"https:\/\/blog.zeit.de\/stoerungsmelder\/2009\/10\/05\/hardcore-immer-noch-gegen-nazis_1549\">das Wort &#8222;Hardcore&#8220; als Wortmarke f\u00fcr Kleidungsst\u00fccke beim Markenamt eintragen lie\u00df<\/a>. Musikerinitiativen versuchen derzeit den linksalternativen Musikstil vor der Vereinnahmung durch die Naziszene zu retten.<\/p>\n","protected":false},"excerpt":{"rendered":"<p>Es k\u00f6nnte ein schwieriges Wochenende f\u00fcr die Polizei werden. Zu einem Rechtsrockkonzert werden am Sonnabend mehrere hundert gewaltbereite Neonazis und Hooligans erwartet. Am gleichen Tag wollen bis zu 1000 Autonome \u201egegen Kapitalismus\u201c und die Wendefeierlichkeiten in Mitte protestieren. Die Linke Szene ruft im Internet dazu auf, nach der Demonstration zum Konzertort zu fahren, um die [&hellip;]<\/p>\n","protected":false},"author":229,"featured_media":0,"comment_status":"open","ping_status":"open","sticky":false,"template":"","format":"standard","meta":{"_jetpack_memberships_contains_paid_content":false,"footnotes":""},"categories":[249],"tags":[1551,1643,1765,1821],"class_list":["post-1747","post","type-post","status-publish","format-standard","hentry","category-berlin","tag-erik-and-sons","tag-kategorie-c","tag-rechtsrock","tag-timo-schubert"],"yoast_head":"<!-- This site is optimized with the Yoast SEO plugin v21.0 - https:\/\/yoast.com\/wordpress\/plugins\/seo\/ -->\n<title>Rechtsrockkonzert mitten in Berlin - St\u00f6rungsmelder<\/title>\n<meta name=\"robots\" content=\"index, follow, max-snippet:-1, max-image-preview:large, max-video-preview:-1\" \/>\n<link rel=\"canonical\" href=\"https:\/\/blog.zeit.de\/stoerungsmelder\/2009\/11\/04\/rechtsrockkonzert-mitten-in-berlin_1747\" \/>\n<meta property=\"og:locale\" content=\"de_DE\" \/>\n<meta property=\"og:type\" content=\"article\" \/>\n<meta property=\"og:title\" content=\"Rechtsrockkonzert mitten in Berlin - St\u00f6rungsmelder\" \/>\n<meta property=\"og:description\" content=\"Es k\u00f6nnte ein schwieriges Wochenende f\u00fcr die Polizei werden. Zu einem Rechtsrockkonzert werden am Sonnabend mehrere hundert gewaltbereite Neonazis und Hooligans erwartet. Am gleichen Tag wollen bis zu 1000 Autonome \u201egegen Kapitalismus\u201c und die Wendefeierlichkeiten in Mitte protestieren. Die Linke Szene ruft im Internet dazu auf, nach der Demonstration zum Konzertort zu fahren, um die [&hellip;]\" \/>\n<meta property=\"og:url\" content=\"https:\/\/blog.zeit.de\/stoerungsmelder\/2009\/11\/04\/rechtsrockkonzert-mitten-in-berlin_1747\" \/>\n<meta property=\"og:site_name\" content=\"St\u00f6rungsmelder\" \/>\n<meta property=\"article:published_time\" content=\"2009-11-04T07:50:31+00:00\" \/>\n<meta property=\"article:modified_time\" content=\"2017-07-08T14:46:50+00:00\" \/>\n<meta name=\"author\" content=\"St\u00f6rungsmelder\" \/>\n<meta name=\"twitter:card\" content=\"summary_large_image\" \/>\n<meta name=\"twitter:label1\" content=\"Geschrieben von\" \/>\n\t<meta name=\"twitter:data1\" content=\"St\u00f6rungsmelder\" \/>\n\t<meta name=\"twitter:label2\" content=\"Gesch\u00e4tzte Lesezeit\" \/>\n\t<meta name=\"twitter:data2\" content=\"3\u00a0Minuten\" \/>\n<script type=\"application\/ld+json\" class=\"yoast-schema-graph\">{\"@context\":\"https:\/\/schema.org\",\"@graph\":[{\"@type\":\"WebPage\",\"@id\":\"https:\/\/blog.zeit.de\/stoerungsmelder\/2009\/11\/04\/rechtsrockkonzert-mitten-in-berlin_1747\",\"url\":\"https:\/\/blog.zeit.de\/stoerungsmelder\/2009\/11\/04\/rechtsrockkonzert-mitten-in-berlin_1747\",\"name\":\"Rechtsrockkonzert mitten in Berlin - St\u00f6rungsmelder\",\"isPartOf\":{\"@id\":\"https:\/\/blog.zeit.de\/stoerungsmelder\/#website\"},\"datePublished\":\"2009-11-04T07:50:31+00:00\",\"dateModified\":\"2017-07-08T14:46:50+00:00\",\"author\":{\"@id\":\"https:\/\/blog.zeit.de\/stoerungsmelder\/#\/schema\/person\/fdd0b9818f65738672810b6d6f037f71\"},\"breadcrumb\":{\"@id\":\"https:\/\/blog.zeit.de\/stoerungsmelder\/2009\/11\/04\/rechtsrockkonzert-mitten-in-berlin_1747#breadcrumb\"},\"inLanguage\":\"de\",\"potentialAction\":[{\"@type\":\"ReadAction\",\"target\":[\"https:\/\/blog.zeit.de\/stoerungsmelder\/2009\/11\/04\/rechtsrockkonzert-mitten-in-berlin_1747\"]}]},{\"@type\":\"BreadcrumbList\",\"@id\":\"https:\/\/blog.zeit.de\/stoerungsmelder\/2009\/11\/04\/rechtsrockkonzert-mitten-in-berlin_1747#breadcrumb\",\"itemListElement\":[{\"@type\":\"ListItem\",\"position\":1,\"name\":\"Startseite\",\"item\":\"https:\/\/blog.zeit.de\/stoerungsmelder\"},{\"@type\":\"ListItem\",\"position\":2,\"name\":\"Rechtsrockkonzert mitten in Berlin\"}]},{\"@type\":\"WebSite\",\"@id\":\"https:\/\/blog.zeit.de\/stoerungsmelder\/#website\",\"url\":\"https:\/\/blog.zeit.de\/stoerungsmelder\/\",\"name\":\"St\u00f6rungsmelder\",\"description\":\"Recherchen und Analysen \u00fcber die extreme Rechte\",\"potentialAction\":[{\"@type\":\"SearchAction\",\"target\":{\"@type\":\"EntryPoint\",\"urlTemplate\":\"https:\/\/blog.zeit.de\/stoerungsmelder\/?s={search_term_string}\"},\"query-input\":\"required name=search_term_string\"}],\"inLanguage\":\"de\"},{\"@type\":\"Person\",\"@id\":\"https:\/\/blog.zeit.de\/stoerungsmelder\/#\/schema\/person\/fdd0b9818f65738672810b6d6f037f71\",\"name\":\"St\u00f6rungsmelder\",\"image\":{\"@type\":\"ImageObject\",\"inLanguage\":\"de\",\"@id\":\"https:\/\/blog.zeit.de\/stoerungsmelder\/#\/schema\/person\/image\/\",\"url\":\"https:\/\/secure.gravatar.com\/avatar\/dfa4be514c3e82a71e4f9a0020035d38192d080ccaa5e4e6d7a1472c763535c5?s=96&d=mm&r=pg\",\"contentUrl\":\"https:\/\/secure.gravatar.com\/avatar\/dfa4be514c3e82a71e4f9a0020035d38192d080ccaa5e4e6d7a1472c763535c5?s=96&d=mm&r=pg\",\"caption\":\"St\u00f6rungsmelder\"},\"url\":\"https:\/\/blog.zeit.de\/stoerungsmelder\/author\/stoerungsmelder\"}]}<\/script>\n<!-- \/ Yoast SEO plugin. -->","yoast_head_json":{"title":"Rechtsrockkonzert mitten in Berlin - St\u00f6rungsmelder","robots":{"index":"index","follow":"follow","max-snippet":"max-snippet:-1","max-image-preview":"max-image-preview:large","max-video-preview":"max-video-preview:-1"},"canonical":"https:\/\/blog.zeit.de\/stoerungsmelder\/2009\/11\/04\/rechtsrockkonzert-mitten-in-berlin_1747","og_locale":"de_DE","og_type":"article","og_title":"Rechtsrockkonzert mitten in Berlin - St\u00f6rungsmelder","og_description":"Es k\u00f6nnte ein schwieriges Wochenende f\u00fcr die Polizei werden. Zu einem Rechtsrockkonzert werden am Sonnabend mehrere hundert gewaltbereite Neonazis und Hooligans erwartet. Am gleichen Tag wollen bis zu 1000 Autonome \u201egegen Kapitalismus\u201c und die Wendefeierlichkeiten in Mitte protestieren. Die Linke Szene ruft im Internet dazu auf, nach der Demonstration zum Konzertort zu fahren, um die [&hellip;]","og_url":"https:\/\/blog.zeit.de\/stoerungsmelder\/2009\/11\/04\/rechtsrockkonzert-mitten-in-berlin_1747","og_site_name":"St\u00f6rungsmelder","article_published_time":"2009-11-04T07:50:31+00:00","article_modified_time":"2017-07-08T14:46:50+00:00","author":"St\u00f6rungsmelder","twitter_card":"summary_large_image","twitter_misc":{"Geschrieben von":"St\u00f6rungsmelder","Gesch\u00e4tzte Lesezeit":"3\u00a0Minuten"},"schema":{"@context":"https:\/\/schema.org","@graph":[{"@type":"WebPage","@id":"https:\/\/blog.zeit.de\/stoerungsmelder\/2009\/11\/04\/rechtsrockkonzert-mitten-in-berlin_1747","url":"https:\/\/blog.zeit.de\/stoerungsmelder\/2009\/11\/04\/rechtsrockkonzert-mitten-in-berlin_1747","name":"Rechtsrockkonzert mitten in Berlin - St\u00f6rungsmelder","isPartOf":{"@id":"https:\/\/blog.zeit.de\/stoerungsmelder\/#website"},"datePublished":"2009-11-04T07:50:31+00:00","dateModified":"2017-07-08T14:46:50+00:00","author":{"@id":"https:\/\/blog.zeit.de\/stoerungsmelder\/#\/schema\/person\/fdd0b9818f65738672810b6d6f037f71"},"breadcrumb":{"@id":"https:\/\/blog.zeit.de\/stoerungsmelder\/2009\/11\/04\/rechtsrockkonzert-mitten-in-berlin_1747#breadcrumb"},"inLanguage":"de","potentialAction":[{"@type":"ReadAction","target":["https:\/\/blog.zeit.de\/stoerungsmelder\/2009\/11\/04\/rechtsrockkonzert-mitten-in-berlin_1747"]}]},{"@type":"BreadcrumbList","@id":"https:\/\/blog.zeit.de\/stoerungsmelder\/2009\/11\/04\/rechtsrockkonzert-mitten-in-berlin_1747#breadcrumb","itemListElement":[{"@type":"ListItem","position":1,"name":"Startseite","item":"https:\/\/blog.zeit.de\/stoerungsmelder"},{"@type":"ListItem","position":2,"name":"Rechtsrockkonzert mitten in Berlin"}]},{"@type":"WebSite","@id":"https:\/\/blog.zeit.de\/stoerungsmelder\/#website","url":"https:\/\/blog.zeit.de\/stoerungsmelder\/","name":"St\u00f6rungsmelder","description":"Recherchen und Analysen \u00fcber die extreme Rechte","potentialAction":[{"@type":"SearchAction","target":{"@type":"EntryPoint","urlTemplate":"https:\/\/blog.zeit.de\/stoerungsmelder\/?s={search_term_string}"},"query-input":"required name=search_term_string"}],"inLanguage":"de"},{"@type":"Person","@id":"https:\/\/blog.zeit.de\/stoerungsmelder\/#\/schema\/person\/fdd0b9818f65738672810b6d6f037f71","name":"St\u00f6rungsmelder","image":{"@type":"ImageObject","inLanguage":"de","@id":"https:\/\/blog.zeit.de\/stoerungsmelder\/#\/schema\/person\/image\/","url":"https:\/\/secure.gravatar.com\/avatar\/dfa4be514c3e82a71e4f9a0020035d38192d080ccaa5e4e6d7a1472c763535c5?s=96&d=mm&r=pg","contentUrl":"https:\/\/secure.gravatar.com\/avatar\/dfa4be514c3e82a71e4f9a0020035d38192d080ccaa5e4e6d7a1472c763535c5?s=96&d=mm&r=pg","caption":"St\u00f6rungsmelder"},"url":"https:\/\/blog.zeit.de\/stoerungsmelder\/author\/stoerungsmelder"}]}},"jetpack_featured_media_url":"","jetpack_sharing_enabled":true,"_links":{"self":[{"href":"https:\/\/blog.zeit.de\/stoerungsmelder\/wp-json\/wp\/v2\/posts\/1747","targetHints":{"allow":["GET"]}}],"collection":[{"href":"https:\/\/blog.zeit.de\/stoerungsmelder\/wp-json\/wp\/v2\/posts"}],"about":[{"href":"https:\/\/blog.zeit.de\/stoerungsmelder\/wp-json\/wp\/v2\/types\/post"}],"author":[{"embeddable":true,"href":"https:\/\/blog.zeit.de\/stoerungsmelder\/wp-json\/wp\/v2\/users\/229"}],"replies":[{"embeddable":true,"href":"https:\/\/blog.zeit.de\/stoerungsmelder\/wp-json\/wp\/v2\/comments?post=1747"}],"version-history":[{"count":1,"href":"https:\/\/blog.zeit.de\/stoerungsmelder\/wp-json\/wp\/v2\/posts\/1747\/revisions"}],"predecessor-version":[{"id":24262,"href":"https:\/\/blog.zeit.de\/stoerungsmelder\/wp-json\/wp\/v2\/posts\/1747\/revisions\/24262"}],"wp:attachment":[{"href":"https:\/\/blog.zeit.de\/stoerungsmelder\/wp-json\/wp\/v2\/media?parent=1747"}],"wp:term":[{"taxonomy":"category","embeddable":true,"href":"https:\/\/blog.zeit.de\/stoerungsmelder\/wp-json\/wp\/v2\/categories?post=1747"},{"taxonomy":"post_tag","embeddable":true,"href":"https:\/\/blog.zeit.de\/stoerungsmelder\/wp-json\/wp\/v2\/tags?post=1747"}],"curies":[{"name":"wp","href":"https:\/\/api.w.org\/{rel}","templated":true}]}}