{"id":17514,"date":"2014-11-10T11:53:12","date_gmt":"2014-11-10T10:53:12","guid":{"rendered":"http:\/\/blog.zeit.de\/stoerungsmelder\/?p=17514"},"modified":"2014-11-10T21:47:37","modified_gmt":"2014-11-10T20:47:37","slug":"neue-npd-fuehrung-von-der-serioesen-radikalitaet-zum-aufgeklaerten-nationalismus","status":"publish","type":"post","link":"https:\/\/blog.zeit.de\/stoerungsmelder\/2014\/11\/10\/neue-npd-fuehrung-von-der-serioesen-radikalitaet-zum-aufgeklaerten-nationalismus_17514","title":{"rendered":"Neue NPD-F\u00fchrung: Von der \u201eseri\u00f6sen Radikalit\u00e4t\u201c zum \u201eaufgekl\u00e4rten Nationalismus\u201c"},"content":{"rendered":"<p><figure id=\"attachment_15822\" aria-describedby=\"caption-attachment-15822\" style=\"width: 540px\" class=\"wp-caption aligncenter\"><a href=\"https:\/\/blog.zeit.de\/stoerungsmelder\/files\/2014\/04\/head-sm-mai.jpg\"><img loading=\"lazy\" decoding=\"async\" class=\"size-full wp-image-15822\" src=\"https:\/\/blog.zeit.de\/stoerungsmelder\/files\/2014\/04\/head-sm-mai.jpg\" alt=\"Symbolbild: Anfang November w\u00e4hlte die NPD einen neuen Vorsitzenden\" width=\"540\" height=\"221\" srcset=\"https:\/\/blog.zeit.de\/stoerungsmelder\/files\/2014\/04\/head-sm-mai.jpg 540w, https:\/\/blog.zeit.de\/stoerungsmelder\/files\/2014\/04\/head-sm-mai-300x122.jpg 300w\" sizes=\"auto, (max-width: 540px) 100vw, 540px\" \/><\/a><figcaption id=\"caption-attachment-15822\" class=\"wp-caption-text\">Symbolbild: Anfang November w\u00e4hlte die NPD einen neuen Vorsitzenden<\/figcaption><\/figure><\/p>\n<p>Die NPD w\u00e4hlte Anfang November den Saarl\u00e4nder Frank Franz zu ihrem neuen Bundesvorsitzenden. Die Partei entschied sich damit erneut f\u00fcr eine bessere Verpackung ihres v\u00f6lkischen Nationalismus und hofft weiter auf Erfolge.<!--more--><\/p>\n<p>von <a href=\"https:\/\/twitter.com\/FelixMSteiner\" target=\"_blank\">Felix M. Steiner<\/a><\/p>\n<p><figure id=\"attachment_7418\" aria-describedby=\"caption-attachment-7418\" style=\"width: 300px\" class=\"wp-caption alignleft\"><a href=\"https:\/\/blog.zeit.de\/stoerungsmelder\/files\/2011\/11\/Apfel_Holger.jpg\"><img loading=\"lazy\" decoding=\"async\" class=\"size-medium wp-image-7418\" src=\"https:\/\/blog.zeit.de\/stoerungsmelder\/files\/2011\/11\/Apfel_Holger-300x200.jpg\" alt=\"Apfel war lange das Gesicht der NPD in Sachsen\" width=\"300\" height=\"200\" srcset=\"https:\/\/blog.zeit.de\/stoerungsmelder\/files\/2011\/11\/Apfel_Holger-300x200.jpg 300w, https:\/\/blog.zeit.de\/stoerungsmelder\/files\/2011\/11\/Apfel_Holger.jpg 700w\" sizes=\"auto, (max-width: 300px) 100vw, 300px\" \/><\/a><figcaption id=\"caption-attachment-7418\" class=\"wp-caption-text\">Apfel war lange das Gesicht der NPD in Sachsen<\/figcaption><\/figure><\/p>\n<p>Es ist kaum ein Jahr her, dass Holger Apfel unter merkw\u00fcrdigen Umst\u00e4nden erst von der Parteispitze und dann ganz aus der Partei gejagt wurde. Als Apfel 2011 zum Bundesvorsitzenden der NPD aufstieg, begleitete ihn Frank Franz auf dem Posten des Pressesprechers. Beide einte in ihren Konzepten, dass sie der NPD ein seri\u00f6seres, ein erfolgversprechenderes Image verpassen und sich so von den langen subkulturellen Schatten der 1990er Jahre verabschieden wollten. Der 35 j\u00e4hrige Saarl\u00e4nder Frank Franz hat es mit seinem Konzept nun an die Spitze geschafft, spricht von einem \u201eaufgekl\u00e4rtem Nationalismus\u201c und nicht mehr von der in der Partei verhassten \u201eseri\u00f6sen Radikalit\u00e4t\u201c.<\/p>\n<p>Dass Franz zum Bundesvorsitzenden gew\u00e4hlt wurde, d\u00fcrfte nicht nur an der Hoffnung der Parteibasis liegen, die parlamentarischen Erfolge der beginnenden 2000er zu wiederholen sondern auch an fehlenden erfolgsversprechenden Gegenkandidaten. Seit mehr als zehn Jahren hat die NPD ihren Schwerpunkt auf den \u201eKampf um die Parlamente\u201c gelegt und konnte mit zeitweise zwei Landtagsfraktionen einen gewissen Erfolg verzeichnen. Eben jenen eingeschlagenen Weg will die Parteibasis weiter gehen. Die Zeiten des \u201eKampfes um die Stra\u00dfe\u201c scheinen ein f\u00fcr alle Mal vorbei. Aber auch ein fehlender erfolgsversprechender Gegenkandidat d\u00fcrfte Franz auf den Posten verholfen haben. Udo Past\u00f6rs war erst gar nicht wieder angetreten und k\u00fcndigte gleichzeitig an, sich nun komplett aus der Bundespolitik zur\u00fcckziehen zu wollen. Gegen Franz waren am Ende mit Sigrid Sch\u00fcssler und Peter Marx zwei hoch umstrittene Akteure in den Ring gestiegen, die wohl derzeit in der Partei bei weitem keine Mehrheiten mobilisieren k\u00f6nnen.<\/p>\n<p>F\u00fcr Franz d\u00fcrfte auch die umfangreiche Unterst\u00fctzung der Parteizeitung (<em>Deutsche Stimme<\/em>) hilfreich gewesen sein. So konnte wohl kaum ein Akteur der NPD sein Wollen und sein Konzept in den vergangenen Monaten so ausf\u00fchrlich zur Debatte stellen wie Franz. Bereits seit Juni gab es mehrseitige Interviews und Artikel, die dem Saarl\u00e4nder reichlich Raum lie\u00dfen, um seine Vorstellungen den Parteimitgliedern darzulegen.<\/p>\n<p><strong>\u201eEthnische Kontinuit\u00e4t\u201c, aber auf \u201eErfolg getrimmt\u201c <\/strong><\/p>\n<p><figure id=\"attachment_17518\" aria-describedby=\"caption-attachment-17518\" style=\"width: 580px\" class=\"wp-caption alignleft\"><a href=\"https:\/\/blog.zeit.de\/stoerungsmelder\/files\/2014\/11\/frank-franz-pastoers-540x304.jpg\"><img loading=\"lazy\" decoding=\"async\" class=\"wp-image-17518 size-full\" src=\"https:\/\/blog.zeit.de\/stoerungsmelder\/files\/2014\/11\/frank-franz-pastoers-540x304.jpg\" alt=\"Der neue NPD-Chef Frank Franz (l.) mit seinem Amtsvorg\u00e4nger Udo Past\u00f6rs  |  \u00a9 Jan Peters\/dpa\" width=\"580\" height=\"326\" srcset=\"https:\/\/blog.zeit.de\/stoerungsmelder\/files\/2014\/11\/frank-franz-pastoers-540x304.jpg 580w, https:\/\/blog.zeit.de\/stoerungsmelder\/files\/2014\/11\/frank-franz-pastoers-540x304-300x168.jpg 300w\" sizes=\"auto, (max-width: 580px) 100vw, 580px\" \/><\/a><figcaption id=\"caption-attachment-17518\" class=\"wp-caption-text\">Der neue NPD-Chef Frank Franz (l.) mit seinem Amtsvorg\u00e4nger Udo Past\u00f6rs | \u00a9 Jan Peters\/dpa<\/figcaption><\/figure><\/p>\n<p>Auch innerhalb der extrem rechten Szene ist Franz seit Jahren umstritten. Er gilt vielen als der \u201eSch\u00f6nling\u201c, der den inhaltlichen Kurs der Partei aufweichen will und dem es lediglich um eine bessere Vermarktung gehe. In den Beitr\u00e4gen, die der ehemalige Saarl\u00e4ndische Landesvorsitzende vor dem Bundesparteitag ver\u00f6ffentlichte, zeigt er jedoch, dass seine ideologischen Vorstellungen keineswegs \u201eweichgesp\u00fclt\u201c sind. Franz ist \u2013 wie viele in den 1960ern und 1970ern geborenen Kader \u2013 offenbar stark durch die \u201eNeue Rechte\u201c gepr\u00e4gt. So schrieb er bereits 2011: \u201eAuch die Forderung, sich endlich und rigoros von dem historischen Nationalsozialismus loszusagen, liegt vielen am Herzen\u201c. Diese Distanzierung vom historischen Nationalsozialismus gibt es in Teilen der extrem rechten Szene seit Jahrzehnten. In der NPD hing die Positionierung zu diesem Thema vor allem an den vorhandenen Machtkonstellationen in der Partei. Schon rund um die Kandidatur von Andreas Molau im Jahr 2009 wurde dies in der NPD ausf\u00fchrlich diskutiert. Dass der R\u00fcckhalt f\u00fcr bekennende Nationalsozialisten in den letzten Jahren in der Partei deutlich gesunken ist, zeigt nicht zuletzt das Parteiausschlussverfahren gegen den Neonazi Thomas \u201eSteiner\u201c Wulff. Grund sind auch die stattgefundenen Machtverschiebungen der letzten Jahre. Die \u00f6ffentliche Distanzierung vom historischen Nationalsozialismus und seinen Symbolen gilt f\u00fcr viele als ein Faktor des Erfolges einer \u201emodernen NPD\u201c. Franz will &#8211; \u00e4hnlich wie Apfel &#8211; die NPD in \u201eder Mitte des Volkes\u201c ankommen lassen: \u201eIch will, da\u00df die NPD eine Volkspartei ist!\u201c, schrieb Franz im September diesen Jahres. Seine Vorstellung einer Volksgemeinschaft jenseits von gesellschaftlichem Pluralismus liefert Franz gleich mit: \u201eWir unterscheiden nicht wertend in Arbeitnehmer und Arbeitgeber oder in Jung und Alt. Wir sind ein Volk, das sich auch aufgrund seiner ethnischen Herkunft um seiner selbst Willen behaupten mu\u00df\u201c, hei\u00dft es weiter. Noch kurz vor seiner Wahl zum Vorsitzenden f\u00fchrte Franz in einem Artikel seine v\u00f6lkischen Vorstellungen weiter aus:<\/p>\n<blockquote><p>Ein Volk kann unm\u00f6glich bestehen, wenn sein ihm innewohnender identit\u00e4rer Kern zerbricht. Ein ethnischer \u2013 mithin v\u00f6lkischer \u2013 Bezug ist demnach nicht nur geboten, sondern zwingend erforderlich, wenn die Politik das Leben eines Volkes den nat\u00fcrlichen Bedingungen nach vern\u00fcnftig organisieren will. Von der Familie, \u00fcber die Sippe zum Volk.<\/p><\/blockquote>\n<p>Im Zuge eben jenes Denkens hat f\u00fcr Franz die \u201eMassen-Integration Kulturfremder\u201c einen \u201egenozidalen Charakter\u201c.<\/p>\n<p>Eine \u201eSystemuntergangs-Rhetorik\u201c, wie dies immer wieder in der NPD zu vernehmen war, wird sich bei Franz kaum finden lassen. Er formuliert seine Einstellung zur parlamentarischen Demokratie und insbesondere den zugrundeliegenden Werten deutlich subtiler. So hei\u00dft es in einem Artikel in der <em>Deutschen Stimme<\/em>:<\/p>\n<blockquote><p>[\u2026] wir lehnen den Organisationsrahmen nicht zwangsl\u00e4ufig oder komplett ab, sind nat\u00fcrlich nicht gegen den Rechtsstaat an sich, nicht gegen die Gewaltenteilung und demokratische Entscheidungsprozesse. [\u2026] Wir halten allerdings die weltanschauliche Grundlage, auf der die realexistierende \u201aDemokratie\u2018 oder \u201aFDGO\u2018 der BRD basiert, f\u00fcr falsch.<\/p><\/blockquote>\n<p>Demokratie als Konzept ohne Wertebasis?<\/p>\n<p>Der alte Pressesprecher und neue Bundesvorsitzende der NPD ist ideologisch keineswegs \u201eweichgesp\u00fchlt\u201c. Er geh\u00f6rt schlicht zu einer Generation der extremen Rechten, die ma\u00dfgeblich durch das Aufkommen der \u201eNeuen Rechten\u201c beeinflusst ist und ihr menschenverachtendes Gedankengut weit weniger offensichtlich artikuliert. Doch aller Reformbestrebungen zum Trotz bleibt die Frage, ob Frank Franz die Hausmacht innerhalb der NPD besitzt, um seine Ideen durchzusetzen. Die NPD als Sammelbecken f\u00fcr verschiedenste Str\u00f6mungen der extremen Rechten ist schwer zu f\u00fchren und die ersten Reaktionen anderer Funktion\u00e4re lassen erkennen, dass diese mit dem Ergebnis der Vorstandswahl alles andere als zufrieden sind. Und so wird sich in den n\u00e4chsten Monaten zeigen, ob dies die Basis ist, auf der die NPD von Franz \u201eauf Erfolg getrimmt werden\u201c kann, wie sich dies der neue Vorsitzende w\u00fcnscht.<\/p>\n","protected":false},"excerpt":{"rendered":"<p>Die NPD w\u00e4hlte Anfang November den Saarl\u00e4nder Frank Franz zu ihrem neuen Bundesvorsitzenden. Die Partei entschied sich damit erneut f\u00fcr eine bessere Verpackung ihres v\u00f6lkischen Nationalismus und hofft weiter auf Erfolge.<\/p>\n","protected":false},"author":529,"featured_media":0,"comment_status":"open","ping_status":"open","sticky":false,"template":"","format":"standard","meta":{"_jetpack_memberships_contains_paid_content":false,"footnotes":""},"categories":[1515],"tags":[32069,1716,24576],"class_list":["post-17514","post","type-post","status-publish","format-standard","hentry","category-bundesweit","tag-frank-franz","tag-npd","tag-volkischer-nationalismus"],"yoast_head":"<!-- This site is optimized with the Yoast SEO plugin v21.0 - https:\/\/yoast.com\/wordpress\/plugins\/seo\/ -->\n<title>Neue NPD-F\u00fchrung: Von der \u201eseri\u00f6sen Radikalit\u00e4t\u201c zum \u201eaufgekl\u00e4rten Nationalismus\u201c - St\u00f6rungsmelder<\/title>\n<meta name=\"robots\" content=\"index, follow, max-snippet:-1, max-image-preview:large, max-video-preview:-1\" \/>\n<link rel=\"canonical\" href=\"https:\/\/blog.zeit.de\/stoerungsmelder\/2014\/11\/10\/neue-npd-fuehrung-von-der-serioesen-radikalitaet-zum-aufgeklaerten-nationalismus_17514\" \/>\n<meta property=\"og:locale\" content=\"de_DE\" \/>\n<meta property=\"og:type\" content=\"article\" \/>\n<meta property=\"og:title\" content=\"Neue NPD-F\u00fchrung: Von der \u201eseri\u00f6sen Radikalit\u00e4t\u201c zum \u201eaufgekl\u00e4rten Nationalismus\u201c - St\u00f6rungsmelder\" \/>\n<meta property=\"og:description\" content=\"Die NPD w\u00e4hlte Anfang November den Saarl\u00e4nder Frank Franz zu ihrem neuen Bundesvorsitzenden. Die Partei entschied sich damit erneut f\u00fcr eine bessere Verpackung ihres v\u00f6lkischen Nationalismus und hofft weiter auf Erfolge.\" \/>\n<meta property=\"og:url\" content=\"https:\/\/blog.zeit.de\/stoerungsmelder\/2014\/11\/10\/neue-npd-fuehrung-von-der-serioesen-radikalitaet-zum-aufgeklaerten-nationalismus_17514\" \/>\n<meta property=\"og:site_name\" content=\"St\u00f6rungsmelder\" \/>\n<meta property=\"article:published_time\" content=\"2014-11-10T10:53:12+00:00\" \/>\n<meta property=\"article:modified_time\" content=\"2014-11-10T20:47:37+00:00\" \/>\n<meta property=\"og:image\" content=\"https:\/\/blog.zeit.de\/stoerungsmelder\/files\/2014\/04\/head-sm-mai.jpg\" \/>\n<meta name=\"author\" content=\"Felix M. Steiner\" \/>\n<meta name=\"twitter:card\" content=\"summary_large_image\" \/>\n<meta name=\"twitter:label1\" content=\"Geschrieben von\" \/>\n\t<meta name=\"twitter:data1\" content=\"Felix M. Steiner\" \/>\n\t<meta name=\"twitter:label2\" content=\"Gesch\u00e4tzte Lesezeit\" \/>\n\t<meta name=\"twitter:data2\" content=\"5\u00a0Minuten\" \/>\n<script type=\"application\/ld+json\" class=\"yoast-schema-graph\">{\"@context\":\"https:\/\/schema.org\",\"@graph\":[{\"@type\":\"WebPage\",\"@id\":\"https:\/\/blog.zeit.de\/stoerungsmelder\/2014\/11\/10\/neue-npd-fuehrung-von-der-serioesen-radikalitaet-zum-aufgeklaerten-nationalismus_17514\",\"url\":\"https:\/\/blog.zeit.de\/stoerungsmelder\/2014\/11\/10\/neue-npd-fuehrung-von-der-serioesen-radikalitaet-zum-aufgeklaerten-nationalismus_17514\",\"name\":\"Neue NPD-F\u00fchrung: Von der \u201eseri\u00f6sen Radikalit\u00e4t\u201c zum \u201eaufgekl\u00e4rten Nationalismus\u201c - St\u00f6rungsmelder\",\"isPartOf\":{\"@id\":\"https:\/\/blog.zeit.de\/stoerungsmelder\/#website\"},\"datePublished\":\"2014-11-10T10:53:12+00:00\",\"dateModified\":\"2014-11-10T20:47:37+00:00\",\"author\":{\"@id\":\"https:\/\/blog.zeit.de\/stoerungsmelder\/#\/schema\/person\/6a1e67c3a5f1e1ab0248d4fb06ac7970\"},\"breadcrumb\":{\"@id\":\"https:\/\/blog.zeit.de\/stoerungsmelder\/2014\/11\/10\/neue-npd-fuehrung-von-der-serioesen-radikalitaet-zum-aufgeklaerten-nationalismus_17514#breadcrumb\"},\"inLanguage\":\"de\",\"potentialAction\":[{\"@type\":\"ReadAction\",\"target\":[\"https:\/\/blog.zeit.de\/stoerungsmelder\/2014\/11\/10\/neue-npd-fuehrung-von-der-serioesen-radikalitaet-zum-aufgeklaerten-nationalismus_17514\"]}]},{\"@type\":\"BreadcrumbList\",\"@id\":\"https:\/\/blog.zeit.de\/stoerungsmelder\/2014\/11\/10\/neue-npd-fuehrung-von-der-serioesen-radikalitaet-zum-aufgeklaerten-nationalismus_17514#breadcrumb\",\"itemListElement\":[{\"@type\":\"ListItem\",\"position\":1,\"name\":\"Startseite\",\"item\":\"https:\/\/blog.zeit.de\/stoerungsmelder\"},{\"@type\":\"ListItem\",\"position\":2,\"name\":\"Neue NPD-F\u00fchrung: Von der \u201eseri\u00f6sen Radikalit\u00e4t\u201c zum \u201eaufgekl\u00e4rten Nationalismus\u201c\"}]},{\"@type\":\"WebSite\",\"@id\":\"https:\/\/blog.zeit.de\/stoerungsmelder\/#website\",\"url\":\"https:\/\/blog.zeit.de\/stoerungsmelder\/\",\"name\":\"St\u00f6rungsmelder\",\"description\":\"Recherchen und Analysen \u00fcber die extreme Rechte\",\"potentialAction\":[{\"@type\":\"SearchAction\",\"target\":{\"@type\":\"EntryPoint\",\"urlTemplate\":\"https:\/\/blog.zeit.de\/stoerungsmelder\/?s={search_term_string}\"},\"query-input\":\"required name=search_term_string\"}],\"inLanguage\":\"de\"},{\"@type\":\"Person\",\"@id\":\"https:\/\/blog.zeit.de\/stoerungsmelder\/#\/schema\/person\/6a1e67c3a5f1e1ab0248d4fb06ac7970\",\"name\":\"Felix M. Steiner\",\"image\":{\"@type\":\"ImageObject\",\"inLanguage\":\"de\",\"@id\":\"https:\/\/blog.zeit.de\/stoerungsmelder\/#\/schema\/person\/image\/\",\"url\":\"https:\/\/secure.gravatar.com\/avatar\/35e382c75e0d65d75d9667d85a1049e04bfbc9d5da31f15a9a2d05b4287a8f68?s=96&d=mm&r=pg\",\"contentUrl\":\"https:\/\/secure.gravatar.com\/avatar\/35e382c75e0d65d75d9667d85a1049e04bfbc9d5da31f15a9a2d05b4287a8f68?s=96&d=mm&r=pg\",\"caption\":\"Felix M. Steiner\"},\"url\":\"https:\/\/blog.zeit.de\/stoerungsmelder\/author\/felixsteiner\"}]}<\/script>\n<!-- \/ Yoast SEO plugin. -->","yoast_head_json":{"title":"Neue NPD-F\u00fchrung: Von der \u201eseri\u00f6sen Radikalit\u00e4t\u201c zum \u201eaufgekl\u00e4rten Nationalismus\u201c - St\u00f6rungsmelder","robots":{"index":"index","follow":"follow","max-snippet":"max-snippet:-1","max-image-preview":"max-image-preview:large","max-video-preview":"max-video-preview:-1"},"canonical":"https:\/\/blog.zeit.de\/stoerungsmelder\/2014\/11\/10\/neue-npd-fuehrung-von-der-serioesen-radikalitaet-zum-aufgeklaerten-nationalismus_17514","og_locale":"de_DE","og_type":"article","og_title":"Neue NPD-F\u00fchrung: Von der \u201eseri\u00f6sen Radikalit\u00e4t\u201c zum \u201eaufgekl\u00e4rten Nationalismus\u201c - St\u00f6rungsmelder","og_description":"Die NPD w\u00e4hlte Anfang November den Saarl\u00e4nder Frank Franz zu ihrem neuen Bundesvorsitzenden. Die Partei entschied sich damit erneut f\u00fcr eine bessere Verpackung ihres v\u00f6lkischen Nationalismus und hofft weiter auf Erfolge.","og_url":"https:\/\/blog.zeit.de\/stoerungsmelder\/2014\/11\/10\/neue-npd-fuehrung-von-der-serioesen-radikalitaet-zum-aufgeklaerten-nationalismus_17514","og_site_name":"St\u00f6rungsmelder","article_published_time":"2014-11-10T10:53:12+00:00","article_modified_time":"2014-11-10T20:47:37+00:00","og_image":[{"url":"https:\/\/blog.zeit.de\/stoerungsmelder\/files\/2014\/04\/head-sm-mai.jpg"}],"author":"Felix M. Steiner","twitter_card":"summary_large_image","twitter_misc":{"Geschrieben von":"Felix M. Steiner","Gesch\u00e4tzte Lesezeit":"5\u00a0Minuten"},"schema":{"@context":"https:\/\/schema.org","@graph":[{"@type":"WebPage","@id":"https:\/\/blog.zeit.de\/stoerungsmelder\/2014\/11\/10\/neue-npd-fuehrung-von-der-serioesen-radikalitaet-zum-aufgeklaerten-nationalismus_17514","url":"https:\/\/blog.zeit.de\/stoerungsmelder\/2014\/11\/10\/neue-npd-fuehrung-von-der-serioesen-radikalitaet-zum-aufgeklaerten-nationalismus_17514","name":"Neue NPD-F\u00fchrung: Von der \u201eseri\u00f6sen Radikalit\u00e4t\u201c zum \u201eaufgekl\u00e4rten Nationalismus\u201c - St\u00f6rungsmelder","isPartOf":{"@id":"https:\/\/blog.zeit.de\/stoerungsmelder\/#website"},"datePublished":"2014-11-10T10:53:12+00:00","dateModified":"2014-11-10T20:47:37+00:00","author":{"@id":"https:\/\/blog.zeit.de\/stoerungsmelder\/#\/schema\/person\/6a1e67c3a5f1e1ab0248d4fb06ac7970"},"breadcrumb":{"@id":"https:\/\/blog.zeit.de\/stoerungsmelder\/2014\/11\/10\/neue-npd-fuehrung-von-der-serioesen-radikalitaet-zum-aufgeklaerten-nationalismus_17514#breadcrumb"},"inLanguage":"de","potentialAction":[{"@type":"ReadAction","target":["https:\/\/blog.zeit.de\/stoerungsmelder\/2014\/11\/10\/neue-npd-fuehrung-von-der-serioesen-radikalitaet-zum-aufgeklaerten-nationalismus_17514"]}]},{"@type":"BreadcrumbList","@id":"https:\/\/blog.zeit.de\/stoerungsmelder\/2014\/11\/10\/neue-npd-fuehrung-von-der-serioesen-radikalitaet-zum-aufgeklaerten-nationalismus_17514#breadcrumb","itemListElement":[{"@type":"ListItem","position":1,"name":"Startseite","item":"https:\/\/blog.zeit.de\/stoerungsmelder"},{"@type":"ListItem","position":2,"name":"Neue NPD-F\u00fchrung: Von der \u201eseri\u00f6sen Radikalit\u00e4t\u201c zum \u201eaufgekl\u00e4rten Nationalismus\u201c"}]},{"@type":"WebSite","@id":"https:\/\/blog.zeit.de\/stoerungsmelder\/#website","url":"https:\/\/blog.zeit.de\/stoerungsmelder\/","name":"St\u00f6rungsmelder","description":"Recherchen und Analysen \u00fcber die extreme Rechte","potentialAction":[{"@type":"SearchAction","target":{"@type":"EntryPoint","urlTemplate":"https:\/\/blog.zeit.de\/stoerungsmelder\/?s={search_term_string}"},"query-input":"required name=search_term_string"}],"inLanguage":"de"},{"@type":"Person","@id":"https:\/\/blog.zeit.de\/stoerungsmelder\/#\/schema\/person\/6a1e67c3a5f1e1ab0248d4fb06ac7970","name":"Felix M. Steiner","image":{"@type":"ImageObject","inLanguage":"de","@id":"https:\/\/blog.zeit.de\/stoerungsmelder\/#\/schema\/person\/image\/","url":"https:\/\/secure.gravatar.com\/avatar\/35e382c75e0d65d75d9667d85a1049e04bfbc9d5da31f15a9a2d05b4287a8f68?s=96&d=mm&r=pg","contentUrl":"https:\/\/secure.gravatar.com\/avatar\/35e382c75e0d65d75d9667d85a1049e04bfbc9d5da31f15a9a2d05b4287a8f68?s=96&d=mm&r=pg","caption":"Felix M. Steiner"},"url":"https:\/\/blog.zeit.de\/stoerungsmelder\/author\/felixsteiner"}]}},"jetpack_featured_media_url":"","jetpack_sharing_enabled":true,"_links":{"self":[{"href":"https:\/\/blog.zeit.de\/stoerungsmelder\/wp-json\/wp\/v2\/posts\/17514","targetHints":{"allow":["GET"]}}],"collection":[{"href":"https:\/\/blog.zeit.de\/stoerungsmelder\/wp-json\/wp\/v2\/posts"}],"about":[{"href":"https:\/\/blog.zeit.de\/stoerungsmelder\/wp-json\/wp\/v2\/types\/post"}],"author":[{"embeddable":true,"href":"https:\/\/blog.zeit.de\/stoerungsmelder\/wp-json\/wp\/v2\/users\/529"}],"replies":[{"embeddable":true,"href":"https:\/\/blog.zeit.de\/stoerungsmelder\/wp-json\/wp\/v2\/comments?post=17514"}],"version-history":[{"count":7,"href":"https:\/\/blog.zeit.de\/stoerungsmelder\/wp-json\/wp\/v2\/posts\/17514\/revisions"}],"predecessor-version":[{"id":17623,"href":"https:\/\/blog.zeit.de\/stoerungsmelder\/wp-json\/wp\/v2\/posts\/17514\/revisions\/17623"}],"wp:attachment":[{"href":"https:\/\/blog.zeit.de\/stoerungsmelder\/wp-json\/wp\/v2\/media?parent=17514"}],"wp:term":[{"taxonomy":"category","embeddable":true,"href":"https:\/\/blog.zeit.de\/stoerungsmelder\/wp-json\/wp\/v2\/categories?post=17514"},{"taxonomy":"post_tag","embeddable":true,"href":"https:\/\/blog.zeit.de\/stoerungsmelder\/wp-json\/wp\/v2\/tags?post=17514"}],"curies":[{"name":"wp","href":"https:\/\/api.w.org\/{rel}","templated":true}]}}