{"id":17677,"date":"2014-11-17T09:15:01","date_gmt":"2014-11-17T08:15:01","guid":{"rendered":"http:\/\/blog.zeit.de\/stoerungsmelder\/?p=17677"},"modified":"2014-11-17T09:16:14","modified_gmt":"2014-11-17T08:16:14","slug":"fotogalerie-hooligan-kundgebung-in-hannover","status":"publish","type":"post","link":"https:\/\/blog.zeit.de\/stoerungsmelder\/2014\/11\/17\/fotogalerie-hooligan-kundgebung-in-hannover_17677","title":{"rendered":"Fotogalerie: Hooligan-Kundgebung in Hannover"},"content":{"rendered":"<p>&nbsp;<\/p>\n<p><div id='gallery-1' class='gallery galleryid-17677 gallery-columns-3 gallery-size-thumbnail'><figure class='gallery-item'>\n\t\t\t<div class='gallery-icon landscape'>\n\t\t\t\t<a href='https:\/\/blog.zeit.de\/stoerungsmelder\/files\/2014\/11\/HoGeSa_Hannover_20141115_4923_\u00a9-Christian-Martischius.jpg'><img loading=\"lazy\" decoding=\"async\" width=\"150\" height=\"150\" src=\"https:\/\/blog.zeit.de\/stoerungsmelder\/files\/2014\/11\/HoGeSa_Hannover_20141115_4923_\u00a9-Christian-Martischius-150x150.jpg\" class=\"attachment-thumbnail size-thumbnail\" alt=\"\" aria-describedby=\"gallery-1-17678\" \/><\/a>\n\t\t\t<\/div>\n\t\t\t\t<figcaption class='wp-caption-text gallery-caption' id='gallery-1-17678'>\n\t\t\t\tSchweres Ger\u00e4t vor dem Hauptbahnhof | \u00a9 Christian Martischius\n\t\t\t\t<\/figcaption><\/figure><figure class='gallery-item'>\n\t\t\t<div class='gallery-icon landscape'>\n\t\t\t\t<a href='https:\/\/blog.zeit.de\/stoerungsmelder\/files\/2014\/11\/HoGeSa_Hannover_20141115_4930_\u00a9-Christian-Martischius.jpg'><img loading=\"lazy\" decoding=\"async\" width=\"150\" height=\"150\" src=\"https:\/\/blog.zeit.de\/stoerungsmelder\/files\/2014\/11\/HoGeSa_Hannover_20141115_4930_\u00a9-Christian-Martischius-150x150.jpg\" class=\"attachment-thumbnail size-thumbnail\" alt=\"\" aria-describedby=\"gallery-1-17679\" \/><\/a>\n\t\t\t<\/div>\n\t\t\t\t<figcaption class='wp-caption-text gallery-caption' id='gallery-1-17679'>\n\t\t\t\tReiterstaffel der Polizei, die mit mehr als 5000 Beamten in Einsatz war | \u00a9 Christian Martischius\n\t\t\t\t<\/figcaption><\/figure><figure class='gallery-item'>\n\t\t\t<div class='gallery-icon landscape'>\n\t\t\t\t<a href='https:\/\/blog.zeit.de\/stoerungsmelder\/files\/2014\/11\/HoGeSa_Hannover_20141115_5042_\u00a9-Christian-Martischius.jpg'><img loading=\"lazy\" decoding=\"async\" width=\"150\" height=\"150\" src=\"https:\/\/blog.zeit.de\/stoerungsmelder\/files\/2014\/11\/HoGeSa_Hannover_20141115_5042_\u00a9-Christian-Martischius-150x150.jpg\" class=\"attachment-thumbnail size-thumbnail\" alt=\"\" aria-describedby=\"gallery-1-17688\" \/><\/a>\n\t\t\t<\/div>\n\t\t\t\t<figcaption class='wp-caption-text gallery-caption' id='gallery-1-17688'>\n\t\t\t\tDie Polizei durchsucht anreisende Hooligans und Neonazis | \u00a9 Christian Martischius\n\t\t\t\t<\/figcaption><\/figure><figure class='gallery-item'>\n\t\t\t<div class='gallery-icon landscape'>\n\t\t\t\t<a href='https:\/\/blog.zeit.de\/stoerungsmelder\/files\/2014\/11\/HoGeSa_Hannover_20141115_9748_\u00a9-Christian-Martischius.jpg'><img loading=\"lazy\" decoding=\"async\" width=\"150\" height=\"150\" src=\"https:\/\/blog.zeit.de\/stoerungsmelder\/files\/2014\/11\/HoGeSa_Hannover_20141115_9748_\u00a9-Christian-Martischius-150x150.jpg\" class=\"attachment-thumbnail size-thumbnail\" alt=\"\" aria-describedby=\"gallery-1-17695\" \/><\/a>\n\t\t\t<\/div>\n\t\t\t\t<figcaption class='wp-caption-text gallery-caption' id='gallery-1-17695'>\n\t\t\t\tVerbarrikadierte Gesch\u00e4fte | \u00a9 Christian Martischius \n\t\t\t\t<\/figcaption><\/figure><figure class='gallery-item'>\n\t\t\t<div class='gallery-icon landscape'>\n\t\t\t\t<a href='https:\/\/blog.zeit.de\/stoerungsmelder\/files\/2014\/11\/HoGeSa_Hannover_20141115_4943_\u00a9-Christian-Martischius.jpg'><img loading=\"lazy\" decoding=\"async\" width=\"150\" height=\"150\" src=\"https:\/\/blog.zeit.de\/stoerungsmelder\/files\/2014\/11\/HoGeSa_Hannover_20141115_4943_\u00a9-Christian-Martischius-150x150.jpg\" class=\"attachment-thumbnail size-thumbnail\" alt=\"\" aria-describedby=\"gallery-1-17680\" \/><\/a>\n\t\t\t<\/div>\n\t\t\t\t<figcaption class='wp-caption-text gallery-caption' id='gallery-1-17680'>\n\t\t\t\tTeilnehmer der Hooligan-Kundgebung | \u00a9 Christian Martischius \n\t\t\t\t<\/figcaption><\/figure><figure class='gallery-item'>\n\t\t\t<div class='gallery-icon landscape'>\n\t\t\t\t<a href='https:\/\/blog.zeit.de\/stoerungsmelder\/files\/2014\/11\/HoGeSa_Hannover_20141115_4950_\u00a9-Christian-Martischius.jpg'><img loading=\"lazy\" decoding=\"async\" width=\"150\" height=\"150\" src=\"https:\/\/blog.zeit.de\/stoerungsmelder\/files\/2014\/11\/HoGeSa_Hannover_20141115_4950_\u00a9-Christian-Martischius-150x150.jpg\" class=\"attachment-thumbnail size-thumbnail\" alt=\"\" aria-describedby=\"gallery-1-17683\" \/><\/a>\n\t\t\t<\/div>\n\t\t\t\t<figcaption class='wp-caption-text gallery-caption' id='gallery-1-17683'>\n\t\t\t\tTeilnehmer der Hooligan-Kundgebung | \u00a9 Christian Martischius \n\t\t\t\t<\/figcaption><\/figure><figure class='gallery-item'>\n\t\t\t<div class='gallery-icon landscape'>\n\t\t\t\t<a href='https:\/\/blog.zeit.de\/stoerungsmelder\/files\/2014\/11\/HoGeSa_Hannover_20141115_4981_\u00a9-Christian-Martischius.jpg'><img loading=\"lazy\" decoding=\"async\" width=\"150\" height=\"150\" src=\"https:\/\/blog.zeit.de\/stoerungsmelder\/files\/2014\/11\/HoGeSa_Hannover_20141115_4981_\u00a9-Christian-Martischius-150x150.jpg\" class=\"attachment-thumbnail size-thumbnail\" alt=\"\" aria-describedby=\"gallery-1-17684\" \/><\/a>\n\t\t\t<\/div>\n\t\t\t\t<figcaption class='wp-caption-text gallery-caption' id='gallery-1-17684'>\n\t\t\t\tTeilnehmer der Hooligan-Kundgebung | \u00a9 Christian Martischius \n\t\t\t\t<\/figcaption><\/figure><figure class='gallery-item'>\n\t\t\t<div class='gallery-icon landscape'>\n\t\t\t\t<a href='https:\/\/blog.zeit.de\/stoerungsmelder\/files\/2014\/11\/HoGeSa_Hannover_20141115_5011_\u00a9-Christian-Martischius.jpg'><img loading=\"lazy\" decoding=\"async\" width=\"150\" height=\"150\" src=\"https:\/\/blog.zeit.de\/stoerungsmelder\/files\/2014\/11\/HoGeSa_Hannover_20141115_5011_\u00a9-Christian-Martischius-150x150.jpg\" class=\"attachment-thumbnail size-thumbnail\" alt=\"\" aria-describedby=\"gallery-1-17685\" \/><\/a>\n\t\t\t<\/div>\n\t\t\t\t<figcaption class='wp-caption-text gallery-caption' id='gallery-1-17685'>\n\t\t\t\tTeilnehmer der Hooligan-Kundgebung | \u00a9 Christian Martischius \n\t\t\t\t<\/figcaption><\/figure><figure class='gallery-item'>\n\t\t\t<div class='gallery-icon landscape'>\n\t\t\t\t<a href='https:\/\/blog.zeit.de\/stoerungsmelder\/files\/2014\/11\/HoGeSa_Hannover_20141115_5017_\u00a9-Christian-Martischius.jpg'><img loading=\"lazy\" decoding=\"async\" width=\"150\" height=\"150\" src=\"https:\/\/blog.zeit.de\/stoerungsmelder\/files\/2014\/11\/HoGeSa_Hannover_20141115_5017_\u00a9-Christian-Martischius-150x150.jpg\" class=\"attachment-thumbnail size-thumbnail\" alt=\"\" aria-describedby=\"gallery-1-17686\" \/><\/a>\n\t\t\t<\/div>\n\t\t\t\t<figcaption class='wp-caption-text gallery-caption' id='gallery-1-17686'>\n\t\t\t\tSigrid Sch\u00fc\u00dfler (Kandidatin f\u00fcr den NPD-Bundesparteivorsitz  2014) | \u00a9 Christian Martischius \n\t\t\t\t<\/figcaption><\/figure><figure class='gallery-item'>\n\t\t\t<div class='gallery-icon landscape'>\n\t\t\t\t<a href='https:\/\/blog.zeit.de\/stoerungsmelder\/files\/2014\/11\/HoGeSa_Hannover_20141115_5028_\u00a9-Christian-Martischius.jpg'><img loading=\"lazy\" decoding=\"async\" width=\"150\" height=\"150\" src=\"https:\/\/blog.zeit.de\/stoerungsmelder\/files\/2014\/11\/HoGeSa_Hannover_20141115_5028_\u00a9-Christian-Martischius-150x150.jpg\" class=\"attachment-thumbnail size-thumbnail\" alt=\"\" aria-describedby=\"gallery-1-17687\" \/><\/a>\n\t\t\t<\/div>\n\t\t\t\t<figcaption class='wp-caption-text gallery-caption' id='gallery-1-17687'>\n\t\t\t\tTeilnehmer der Hooligan-Kundgebung | \u00a9 Christian Martischius \n\t\t\t\t<\/figcaption><\/figure><figure class='gallery-item'>\n\t\t\t<div class='gallery-icon landscape'>\n\t\t\t\t<a href='https:\/\/blog.zeit.de\/stoerungsmelder\/files\/2014\/11\/HoGeSa_Hannover_20141115_5066_\u00a9-Christian-Martischius.jpg'><img loading=\"lazy\" decoding=\"async\" width=\"150\" height=\"150\" src=\"https:\/\/blog.zeit.de\/stoerungsmelder\/files\/2014\/11\/HoGeSa_Hannover_20141115_5066_\u00a9-Christian-Martischius-150x150.jpg\" class=\"attachment-thumbnail size-thumbnail\" alt=\"\" aria-describedby=\"gallery-1-17689\" \/><\/a>\n\t\t\t<\/div>\n\t\t\t\t<figcaption class='wp-caption-text gallery-caption' id='gallery-1-17689'>\n\t\t\t\tSiegfried \u201eSS-Siggi\u201c Borchardt (rechts im Bild) | \u00a9 Christian Martischius \n\t\t\t\t<\/figcaption><\/figure><figure class='gallery-item'>\n\t\t\t<div class='gallery-icon landscape'>\n\t\t\t\t<a href='https:\/\/blog.zeit.de\/stoerungsmelder\/files\/2014\/11\/HoGeSa_Hannover_20141115_5096_\u00a9-Christian-Martischius.jpg'><img loading=\"lazy\" decoding=\"async\" width=\"150\" height=\"150\" src=\"https:\/\/blog.zeit.de\/stoerungsmelder\/files\/2014\/11\/HoGeSa_Hannover_20141115_5096_\u00a9-Christian-Martischius-150x150.jpg\" class=\"attachment-thumbnail size-thumbnail\" alt=\"\" aria-describedby=\"gallery-1-17690\" \/><\/a>\n\t\t\t<\/div>\n\t\t\t\t<figcaption class='wp-caption-text gallery-caption' id='gallery-1-17690'>\n\t\t\t\tTeilnehmer der Hooligan-Kundgebung | \u00a9 Christian Martischius \n\t\t\t\t<\/figcaption><\/figure><figure class='gallery-item'>\n\t\t\t<div class='gallery-icon landscape'>\n\t\t\t\t<a href='https:\/\/blog.zeit.de\/stoerungsmelder\/files\/2014\/11\/HoGeSa_Hannover_20141115_5105_\u00a9-Christian-Martischius.jpg'><img loading=\"lazy\" decoding=\"async\" width=\"150\" height=\"150\" src=\"https:\/\/blog.zeit.de\/stoerungsmelder\/files\/2014\/11\/HoGeSa_Hannover_20141115_5105_\u00a9-Christian-Martischius-150x150.jpg\" class=\"attachment-thumbnail size-thumbnail\" alt=\"\" aria-describedby=\"gallery-1-17691\" \/><\/a>\n\t\t\t<\/div>\n\t\t\t\t<figcaption class='wp-caption-text gallery-caption' id='gallery-1-17691'>\n\t\t\t\tDer S\u00e4nger der rechtsradikalen Hooligan-Band &#8222;Kategorie C&#8220; Hannes Ostendorf (rechts im Bild) | \u00a9 Christian Martischius \n\t\t\t\t<\/figcaption><\/figure><figure class='gallery-item'>\n\t\t\t<div class='gallery-icon landscape'>\n\t\t\t\t<a href='https:\/\/blog.zeit.de\/stoerungsmelder\/files\/2014\/11\/HoGeSa_Hannover_20141115_5127_\u00a9-Christian-Martischius.jpg'><img loading=\"lazy\" decoding=\"async\" width=\"150\" height=\"150\" src=\"https:\/\/blog.zeit.de\/stoerungsmelder\/files\/2014\/11\/HoGeSa_Hannover_20141115_5127_\u00a9-Christian-Martischius-150x150.jpg\" class=\"attachment-thumbnail size-thumbnail\" alt=\"\" aria-describedby=\"gallery-1-17692\" \/><\/a>\n\t\t\t<\/div>\n\t\t\t\t<figcaption class='wp-caption-text gallery-caption' id='gallery-1-17692'>\n\t\t\t\tHoGeSa-Logo | \u00a9 Christian Martischius \n\t\t\t\t<\/figcaption><\/figure><figure class='gallery-item'>\n\t\t\t<div class='gallery-icon landscape'>\n\t\t\t\t<a href='https:\/\/blog.zeit.de\/stoerungsmelder\/files\/2014\/11\/HoGeSa_Hannover_20141115_5231_\u00a9-Christian-Martischius.jpg'><img loading=\"lazy\" decoding=\"async\" width=\"150\" height=\"150\" src=\"https:\/\/blog.zeit.de\/stoerungsmelder\/files\/2014\/11\/HoGeSa_Hannover_20141115_5231_\u00a9-Christian-Martischius-150x150.jpg\" class=\"attachment-thumbnail size-thumbnail\" alt=\"\" aria-describedby=\"gallery-1-17694\" \/><\/a>\n\t\t\t<\/div>\n\t\t\t\t<figcaption class='wp-caption-text gallery-caption' id='gallery-1-17694'>\n\t\t\t\tTeilnehmer der Hooligan-Kundgebung | \u00a9 Christian Martischius \n\t\t\t\t<\/figcaption><\/figure><figure class='gallery-item'>\n\t\t\t<div class='gallery-icon landscape'>\n\t\t\t\t<a href='https:\/\/blog.zeit.de\/stoerungsmelder\/files\/2014\/11\/HoGeSa_Hannover_20141115_9760_\u00a9-Christian-Martischius.jpg'><img loading=\"lazy\" decoding=\"async\" width=\"150\" height=\"150\" src=\"https:\/\/blog.zeit.de\/stoerungsmelder\/files\/2014\/11\/HoGeSa_Hannover_20141115_9760_\u00a9-Christian-Martischius-150x150.jpg\" class=\"attachment-thumbnail size-thumbnail\" alt=\"\" aria-describedby=\"gallery-1-17696\" \/><\/a>\n\t\t\t<\/div>\n\t\t\t\t<figcaption class='wp-caption-text gallery-caption' id='gallery-1-17696'>\n\t\t\t\tKundgebungsort der Hooligans | \u00a9 Christian Martischius \n\t\t\t\t<\/figcaption><\/figure><figure class='gallery-item'>\n\t\t\t<div class='gallery-icon landscape'>\n\t\t\t\t<a href='https:\/\/blog.zeit.de\/stoerungsmelder\/files\/2014\/11\/HoGeSa_Hannover_20141115_9782_\u00a9-Christian-Martischius.jpg'><img loading=\"lazy\" decoding=\"async\" width=\"150\" height=\"150\" src=\"https:\/\/blog.zeit.de\/stoerungsmelder\/files\/2014\/11\/HoGeSa_Hannover_20141115_9782_\u00a9-Christian-Martischius-150x150.jpg\" class=\"attachment-thumbnail size-thumbnail\" alt=\"\" aria-describedby=\"gallery-1-17697\" \/><\/a>\n\t\t\t<\/div>\n\t\t\t\t<figcaption class='wp-caption-text gallery-caption' id='gallery-1-17697'>\n\t\t\t\tTransparent der Gegendemonstranten | \u00a9 Christian Martischius \n\t\t\t\t<\/figcaption><\/figure><figure class='gallery-item'>\n\t\t\t<div class='gallery-icon landscape'>\n\t\t\t\t<a href='https:\/\/blog.zeit.de\/stoerungsmelder\/files\/2014\/11\/HoGeSa_Hannover_20141115_5215_\u00a9-Christian-Martischius.jpg'><img loading=\"lazy\" decoding=\"async\" width=\"150\" height=\"150\" src=\"https:\/\/blog.zeit.de\/stoerungsmelder\/files\/2014\/11\/HoGeSa_Hannover_20141115_5215_\u00a9-Christian-Martischius-150x150.jpg\" class=\"attachment-thumbnail size-thumbnail\" alt=\"\" aria-describedby=\"gallery-1-17693\" \/><\/a>\n\t\t\t<\/div>\n\t\t\t\t<figcaption class='wp-caption-text gallery-caption' id='gallery-1-17693'>\n\t\t\t\tKreativer Protest | \u00a9 Christian Martischius \n\t\t\t\t<\/figcaption><\/figure><figure class='gallery-item'>\n\t\t\t<div class='gallery-icon landscape'>\n\t\t\t\t<a href='https:\/\/blog.zeit.de\/stoerungsmelder\/files\/2014\/11\/HoGeSa_Hannover_20141115_9802_\u00a9-Christian-Martischius.jpg'><img loading=\"lazy\" decoding=\"async\" width=\"150\" height=\"150\" src=\"https:\/\/blog.zeit.de\/stoerungsmelder\/files\/2014\/11\/HoGeSa_Hannover_20141115_9802_\u00a9-Christian-Martischius-150x150.jpg\" class=\"attachment-thumbnail size-thumbnail\" alt=\"\" aria-describedby=\"gallery-1-17698\" \/><\/a>\n\t\t\t<\/div>\n\t\t\t\t<figcaption class='wp-caption-text gallery-caption' id='gallery-1-17698'>\n\t\t\t\tGegendemonstranten | \u00a9 Christian Martischius \n\t\t\t\t<\/figcaption><\/figure><figure class='gallery-item'>\n\t\t\t<div class='gallery-icon landscape'>\n\t\t\t\t<a href='https:\/\/blog.zeit.de\/stoerungsmelder\/files\/2014\/11\/HoGeSa_Hannover_20141115_9811_\u00a9-Christian-Martischius.jpg'><img loading=\"lazy\" decoding=\"async\" width=\"150\" height=\"150\" src=\"https:\/\/blog.zeit.de\/stoerungsmelder\/files\/2014\/11\/HoGeSa_Hannover_20141115_9811_\u00a9-Christian-Martischius-150x150.jpg\" class=\"attachment-thumbnail size-thumbnail\" alt=\"\" aria-describedby=\"gallery-1-17699\" \/><\/a>\n\t\t\t<\/div>\n\t\t\t\t<figcaption class='wp-caption-text gallery-caption' id='gallery-1-17699'>\n\t\t\t\tGegendemonstranten | \u00a9 Christian Martischius \n\t\t\t\t<\/figcaption><\/figure><figure class='gallery-item'>\n\t\t\t<div class='gallery-icon landscape'>\n\t\t\t\t<a href='https:\/\/blog.zeit.de\/stoerungsmelder\/files\/2014\/11\/HoGeSa_Hannover_20141115_9838_\u00a9-Christian-Martischius.jpg'><img loading=\"lazy\" decoding=\"async\" width=\"150\" height=\"150\" src=\"https:\/\/blog.zeit.de\/stoerungsmelder\/files\/2014\/11\/HoGeSa_Hannover_20141115_9838_\u00a9-Christian-Martischius-150x150.jpg\" class=\"attachment-thumbnail size-thumbnail\" alt=\"\" aria-describedby=\"gallery-1-17700\" \/><\/a>\n\t\t\t<\/div>\n\t\t\t\t<figcaption class='wp-caption-text gallery-caption' id='gallery-1-17700'>\n\t\t\t\tGegendemonstranten | \u00a9 Christian Martischius \n\t\t\t\t<\/figcaption><\/figure>\n\t\t<\/div>\n<\/p>\n<p>&nbsp;<\/p>\n","protected":false},"excerpt":{"rendered":"<p>&nbsp; &nbsp;<\/p>\n","protected":false},"author":498,"featured_media":0,"comment_status":"open","ping_status":"open","sticky":false,"template":"","format":"standard","meta":{"_jetpack_memberships_contains_paid_content":false,"footnotes":""},"categories":[1515,1454],"tags":[17807,32145,1609,1711,29253,17821,31155],"class_list":["post-17677","post","type-post","status-publish","format-standard","hentry","category-bundesweit","category-niedersachsen","tag-hannes-ostendorf","tag-hogesa","tag-hooligan","tag-neonazis","tag-siegfried-borchardt","tag-sigrid-schusler","tag-ss-siggi"],"yoast_head":"<!-- This site is optimized with the Yoast SEO plugin v21.0 - https:\/\/yoast.com\/wordpress\/plugins\/seo\/ -->\n<title>Fotogalerie: Hooligan-Kundgebung in Hannover - St\u00f6rungsmelder<\/title>\n<meta name=\"robots\" content=\"index, follow, max-snippet:-1, max-image-preview:large, max-video-preview:-1\" \/>\n<link rel=\"canonical\" href=\"https:\/\/blog.zeit.de\/stoerungsmelder\/2014\/11\/17\/fotogalerie-hooligan-kundgebung-in-hannover_17677\" \/>\n<meta property=\"og:locale\" content=\"de_DE\" \/>\n<meta property=\"og:type\" content=\"article\" \/>\n<meta property=\"og:title\" content=\"Fotogalerie: Hooligan-Kundgebung in Hannover - St\u00f6rungsmelder\" \/>\n<meta property=\"og:description\" content=\"&nbsp; &nbsp;\" \/>\n<meta property=\"og:url\" content=\"https:\/\/blog.zeit.de\/stoerungsmelder\/2014\/11\/17\/fotogalerie-hooligan-kundgebung-in-hannover_17677\" \/>\n<meta property=\"og:site_name\" content=\"St\u00f6rungsmelder\" \/>\n<meta property=\"article:published_time\" content=\"2014-11-17T08:15:01+00:00\" \/>\n<meta property=\"article:modified_time\" content=\"2014-11-17T08:16:14+00:00\" \/>\n<meta property=\"og:image\" content=\"https:\/\/blog.zeit.de\/stoerungsmelder\/files\/2014\/11\/HoGeSa_Hannover_20141115_4923_\u00a9-Christian-Martischius-150x150.jpg\" \/>\n<meta name=\"author\" content=\"Christian Martischius\" \/>\n<meta name=\"twitter:card\" content=\"summary_large_image\" \/>\n<meta name=\"twitter:label1\" content=\"Geschrieben von\" \/>\n\t<meta name=\"twitter:data1\" content=\"Christian Martischius\" \/>\n<script type=\"application\/ld+json\" class=\"yoast-schema-graph\">{\"@context\":\"https:\/\/schema.org\",\"@graph\":[{\"@type\":\"WebPage\",\"@id\":\"https:\/\/blog.zeit.de\/stoerungsmelder\/2014\/11\/17\/fotogalerie-hooligan-kundgebung-in-hannover_17677\",\"url\":\"https:\/\/blog.zeit.de\/stoerungsmelder\/2014\/11\/17\/fotogalerie-hooligan-kundgebung-in-hannover_17677\",\"name\":\"Fotogalerie: Hooligan-Kundgebung in Hannover - St\u00f6rungsmelder\",\"isPartOf\":{\"@id\":\"https:\/\/blog.zeit.de\/stoerungsmelder\/#website\"},\"datePublished\":\"2014-11-17T08:15:01+00:00\",\"dateModified\":\"2014-11-17T08:16:14+00:00\",\"author\":{\"@id\":\"https:\/\/blog.zeit.de\/stoerungsmelder\/#\/schema\/person\/15e6ff535b3bcfee4d03f77ba3d3b870\"},\"breadcrumb\":{\"@id\":\"https:\/\/blog.zeit.de\/stoerungsmelder\/2014\/11\/17\/fotogalerie-hooligan-kundgebung-in-hannover_17677#breadcrumb\"},\"inLanguage\":\"de\",\"potentialAction\":[{\"@type\":\"ReadAction\",\"target\":[\"https:\/\/blog.zeit.de\/stoerungsmelder\/2014\/11\/17\/fotogalerie-hooligan-kundgebung-in-hannover_17677\"]}]},{\"@type\":\"BreadcrumbList\",\"@id\":\"https:\/\/blog.zeit.de\/stoerungsmelder\/2014\/11\/17\/fotogalerie-hooligan-kundgebung-in-hannover_17677#breadcrumb\",\"itemListElement\":[{\"@type\":\"ListItem\",\"position\":1,\"name\":\"Startseite\",\"item\":\"https:\/\/blog.zeit.de\/stoerungsmelder\"},{\"@type\":\"ListItem\",\"position\":2,\"name\":\"Fotogalerie: Hooligan-Kundgebung in Hannover\"}]},{\"@type\":\"WebSite\",\"@id\":\"https:\/\/blog.zeit.de\/stoerungsmelder\/#website\",\"url\":\"https:\/\/blog.zeit.de\/stoerungsmelder\/\",\"name\":\"St\u00f6rungsmelder\",\"description\":\"Recherchen und Analysen \u00fcber die extreme Rechte\",\"potentialAction\":[{\"@type\":\"SearchAction\",\"target\":{\"@type\":\"EntryPoint\",\"urlTemplate\":\"https:\/\/blog.zeit.de\/stoerungsmelder\/?s={search_term_string}\"},\"query-input\":\"required name=search_term_string\"}],\"inLanguage\":\"de\"},{\"@type\":\"Person\",\"@id\":\"https:\/\/blog.zeit.de\/stoerungsmelder\/#\/schema\/person\/15e6ff535b3bcfee4d03f77ba3d3b870\",\"name\":\"Christian Martischius\",\"image\":{\"@type\":\"ImageObject\",\"inLanguage\":\"de\",\"@id\":\"https:\/\/blog.zeit.de\/stoerungsmelder\/#\/schema\/person\/image\/\",\"url\":\"https:\/\/secure.gravatar.com\/avatar\/29e871ab96627d18e70b7156c75eaf445e550dd1e392c67ff2ca206e129c7ba0?s=96&d=mm&r=pg\",\"contentUrl\":\"https:\/\/secure.gravatar.com\/avatar\/29e871ab96627d18e70b7156c75eaf445e550dd1e392c67ff2ca206e129c7ba0?s=96&d=mm&r=pg\",\"caption\":\"Christian Martischius\"},\"url\":\"https:\/\/blog.zeit.de\/stoerungsmelder\/author\/christian\"}]}<\/script>\n<!-- \/ Yoast SEO plugin. -->","yoast_head_json":{"title":"Fotogalerie: Hooligan-Kundgebung in Hannover - St\u00f6rungsmelder","robots":{"index":"index","follow":"follow","max-snippet":"max-snippet:-1","max-image-preview":"max-image-preview:large","max-video-preview":"max-video-preview:-1"},"canonical":"https:\/\/blog.zeit.de\/stoerungsmelder\/2014\/11\/17\/fotogalerie-hooligan-kundgebung-in-hannover_17677","og_locale":"de_DE","og_type":"article","og_title":"Fotogalerie: Hooligan-Kundgebung in Hannover - St\u00f6rungsmelder","og_description":"&nbsp; &nbsp;","og_url":"https:\/\/blog.zeit.de\/stoerungsmelder\/2014\/11\/17\/fotogalerie-hooligan-kundgebung-in-hannover_17677","og_site_name":"St\u00f6rungsmelder","article_published_time":"2014-11-17T08:15:01+00:00","article_modified_time":"2014-11-17T08:16:14+00:00","og_image":[{"url":"https:\/\/blog.zeit.de\/stoerungsmelder\/files\/2014\/11\/HoGeSa_Hannover_20141115_4923_\u00a9-Christian-Martischius-150x150.jpg"}],"author":"Christian Martischius","twitter_card":"summary_large_image","twitter_misc":{"Geschrieben von":"Christian Martischius"},"schema":{"@context":"https:\/\/schema.org","@graph":[{"@type":"WebPage","@id":"https:\/\/blog.zeit.de\/stoerungsmelder\/2014\/11\/17\/fotogalerie-hooligan-kundgebung-in-hannover_17677","url":"https:\/\/blog.zeit.de\/stoerungsmelder\/2014\/11\/17\/fotogalerie-hooligan-kundgebung-in-hannover_17677","name":"Fotogalerie: Hooligan-Kundgebung in Hannover - St\u00f6rungsmelder","isPartOf":{"@id":"https:\/\/blog.zeit.de\/stoerungsmelder\/#website"},"datePublished":"2014-11-17T08:15:01+00:00","dateModified":"2014-11-17T08:16:14+00:00","author":{"@id":"https:\/\/blog.zeit.de\/stoerungsmelder\/#\/schema\/person\/15e6ff535b3bcfee4d03f77ba3d3b870"},"breadcrumb":{"@id":"https:\/\/blog.zeit.de\/stoerungsmelder\/2014\/11\/17\/fotogalerie-hooligan-kundgebung-in-hannover_17677#breadcrumb"},"inLanguage":"de","potentialAction":[{"@type":"ReadAction","target":["https:\/\/blog.zeit.de\/stoerungsmelder\/2014\/11\/17\/fotogalerie-hooligan-kundgebung-in-hannover_17677"]}]},{"@type":"BreadcrumbList","@id":"https:\/\/blog.zeit.de\/stoerungsmelder\/2014\/11\/17\/fotogalerie-hooligan-kundgebung-in-hannover_17677#breadcrumb","itemListElement":[{"@type":"ListItem","position":1,"name":"Startseite","item":"https:\/\/blog.zeit.de\/stoerungsmelder"},{"@type":"ListItem","position":2,"name":"Fotogalerie: Hooligan-Kundgebung in Hannover"}]},{"@type":"WebSite","@id":"https:\/\/blog.zeit.de\/stoerungsmelder\/#website","url":"https:\/\/blog.zeit.de\/stoerungsmelder\/","name":"St\u00f6rungsmelder","description":"Recherchen und Analysen \u00fcber die extreme Rechte","potentialAction":[{"@type":"SearchAction","target":{"@type":"EntryPoint","urlTemplate":"https:\/\/blog.zeit.de\/stoerungsmelder\/?s={search_term_string}"},"query-input":"required name=search_term_string"}],"inLanguage":"de"},{"@type":"Person","@id":"https:\/\/blog.zeit.de\/stoerungsmelder\/#\/schema\/person\/15e6ff535b3bcfee4d03f77ba3d3b870","name":"Christian Martischius","image":{"@type":"ImageObject","inLanguage":"de","@id":"https:\/\/blog.zeit.de\/stoerungsmelder\/#\/schema\/person\/image\/","url":"https:\/\/secure.gravatar.com\/avatar\/29e871ab96627d18e70b7156c75eaf445e550dd1e392c67ff2ca206e129c7ba0?s=96&d=mm&r=pg","contentUrl":"https:\/\/secure.gravatar.com\/avatar\/29e871ab96627d18e70b7156c75eaf445e550dd1e392c67ff2ca206e129c7ba0?s=96&d=mm&r=pg","caption":"Christian Martischius"},"url":"https:\/\/blog.zeit.de\/stoerungsmelder\/author\/christian"}]}},"jetpack_featured_media_url":"","jetpack_sharing_enabled":true,"_links":{"self":[{"href":"https:\/\/blog.zeit.de\/stoerungsmelder\/wp-json\/wp\/v2\/posts\/17677","targetHints":{"allow":["GET"]}}],"collection":[{"href":"https:\/\/blog.zeit.de\/stoerungsmelder\/wp-json\/wp\/v2\/posts"}],"about":[{"href":"https:\/\/blog.zeit.de\/stoerungsmelder\/wp-json\/wp\/v2\/types\/post"}],"author":[{"embeddable":true,"href":"https:\/\/blog.zeit.de\/stoerungsmelder\/wp-json\/wp\/v2\/users\/498"}],"replies":[{"embeddable":true,"href":"https:\/\/blog.zeit.de\/stoerungsmelder\/wp-json\/wp\/v2\/comments?post=17677"}],"version-history":[{"count":5,"href":"https:\/\/blog.zeit.de\/stoerungsmelder\/wp-json\/wp\/v2\/posts\/17677\/revisions"}],"predecessor-version":[{"id":17703,"href":"https:\/\/blog.zeit.de\/stoerungsmelder\/wp-json\/wp\/v2\/posts\/17677\/revisions\/17703"}],"wp:attachment":[{"href":"https:\/\/blog.zeit.de\/stoerungsmelder\/wp-json\/wp\/v2\/media?parent=17677"}],"wp:term":[{"taxonomy":"category","embeddable":true,"href":"https:\/\/blog.zeit.de\/stoerungsmelder\/wp-json\/wp\/v2\/categories?post=17677"},{"taxonomy":"post_tag","embeddable":true,"href":"https:\/\/blog.zeit.de\/stoerungsmelder\/wp-json\/wp\/v2\/tags?post=17677"}],"curies":[{"name":"wp","href":"https:\/\/api.w.org\/{rel}","templated":true}]}}