{"id":177,"date":"2007-12-18T08:39:42","date_gmt":"2007-12-18T07:39:42","guid":{"rendered":"http:\/\/blog.zeit.de\/stoerungsmelder\/2007\/12\/18\/dyskalkulie-bei-der-npd-landtagsfraktion-mv_177"},"modified":"2007-12-18T08:39:42","modified_gmt":"2007-12-18T07:39:42","slug":"dyskalkulie-bei-der-npd-landtagsfraktion-mv","status":"publish","type":"post","link":"https:\/\/blog.zeit.de\/stoerungsmelder\/2007\/12\/18\/dyskalkulie-bei-der-npd-landtagsfraktion-mv_177","title":{"rendered":"Dyskalkulie bei der NPD-Landtagsfraktion MV?"},"content":{"rendered":"<p>Ganz besonders abgesehen hatte es die NPD in der 31. Sitzung des Landtages von Mecklenburg-Vorpommern auf die politische Bildung. Dort wollte Udo Past\u00f6rs massive K\u00fcrzungen herbeif\u00fchren, nicht zuletzt wegen der Tatsache, dass mit diesen Mitteln auch Aufkl\u00e4rung \u00fcber rechtsextremistische Bet\u00e4tigungen stattfinde.<\/p>\n<p><!--more--><br \/>\n<img loading=\"lazy\" decoding=\"async\" src=\"http:\/\/www.endstation-rechts.de\/images\/stories\/bilder\/landtag\/npd-fraktion\/pastoers\/udo-pastoers-blicknachunten.jpg\" align=\"left\" border=\"1\" height=\"100\" hspace=\"10\" width=\"100\" \/> Besonders bedeutsam war in diesem Zusammenhang der Antrag auf <a href=\"http:\/\/www.endstation-rechts.de\/images\/stories\/dokumente\/drs5-1135.pdf\" title=\"Drucksache 5\/1135\">Drucksache 5\/1135<\/a>. Dieser zog denn auch sogleich den Spott der SPD-Abgeordneten Heike Polzin auf sich. Sie wies Past\u00f6rs und der NPD-Landtagsfraktion fachliche und rechnerische Fehler nach und vermutete einen Fall von &#8222;Dyskalkulie&#8220; (siehe Video).<\/p>\n<p>Denn die NPD wollte erwirken, dass im Kapitel 0704 (Landeszentrale f\u00fcr politische Bildung) der Haushaltstitel 534.01 &#8222;Ma\u00dfnahmen zur Vertiefung der politischen Bildung&#8220; von 134.000 Euro um 100.000 Euro auf 50.000 Euro abgesenkt werde. Allein hinter dieser Forderung verbergen sich jedoch drei sachliche Fehler:<\/p>\n<p>1. hei\u00dft der entsprechende Haushaltstitel nicht so, wie von der NPD-Landtagsfraktion benannt,<br \/>\n2. hatte der Landtag in Bildungs- und Finanzausschuss den Ansatz des Titels l\u00e4ngst von 134.000 auf 171.000 Euro erh\u00f6ht. In den entsprechenden Sitzungen waren zwar Abgeordnete der NPD anwesend, n\u00e4mlich Birger L\u00fcssow (Bildungsausschuss) und Stefan K\u00f6ster (Finanzausschuss), aber offenbar ist ihnen dieser Vorgang v\u00f6llig entgangen, obwohl sie an den Abstimmungen selbst teilgenommen haben.<br \/>\n3. bleiben, wenn man von 134.000 Euro einen Betrag von 100.000 Euro abzieht, einfach nicht 50.000 Euro \u00fcbrig.<\/p>\n<p>Heike Polzin kam daher zu dem Schluss, dass es f\u00fcr die NPD-Landtagsfraktion vielleicht doch weniger peinlich gewesen w\u00e4re, einfach in den Aussch\u00fcssen mitzuarbeiten. Dann h\u00e4tte man diese Fehler bemerken und korrigieren k\u00f6nnen, so Polzin.<\/p>\n<p>Nur w\u00e4re das alles ja nicht schlimm gewesen, aber es kam noch besser. Anstatt den peinlichen Antrag zu \u00e4ndern oder ihn zur\u00fcckzuziehen, stimmte die gesamte NPD-Landtagsfraktion nach dem Motto &#8222;Augen zu und durch&#8220; dem fehlerhaften Machwerk zu &#8211; alle anderen Abgeordneten dagegen.<\/p>\n<p>[googlevideo]http:\/\/video.google.com\/videoplay?docid=-503981585110046373[\/googlevideo]<\/p>\n<p>weitere Informationen: <a href=\"http:\/\/www.endstation-rechts.de\/index.php?option=com_content&amp;task=view&amp;id=981&amp;Itemid=92\">www.endstation-rechts.de <\/a><\/p>\n","protected":false},"excerpt":{"rendered":"<p>Ganz besonders abgesehen hatte es die NPD in der 31. Sitzung des Landtages von Mecklenburg-Vorpommern auf die politische Bildung. Dort wollte Udo Past\u00f6rs massive K\u00fcrzungen herbeif\u00fchren, nicht zuletzt wegen der Tatsache, dass mit diesen Mitteln auch Aufkl\u00e4rung \u00fcber rechtsextremistische Bet\u00e4tigungen stattfinde.<\/p>\n","protected":false},"author":239,"featured_media":0,"comment_status":"open","ping_status":"open","sticky":false,"template":"","format":"standard","meta":{"_jetpack_memberships_contains_paid_content":false,"footnotes":""},"categories":[90],"tags":[1716],"class_list":["post-177","post","type-post","status-publish","format-standard","hentry","category-mecklenburg-vorpommern","tag-npd"],"yoast_head":"<!-- This site is optimized with the Yoast SEO plugin v21.0 - https:\/\/yoast.com\/wordpress\/plugins\/seo\/ -->\n<title>Dyskalkulie bei der NPD-Landtagsfraktion MV? - St\u00f6rungsmelder<\/title>\n<meta name=\"robots\" content=\"index, follow, max-snippet:-1, max-image-preview:large, max-video-preview:-1\" \/>\n<link rel=\"canonical\" href=\"https:\/\/blog.zeit.de\/stoerungsmelder\/2007\/12\/18\/dyskalkulie-bei-der-npd-landtagsfraktion-mv_177\" \/>\n<meta property=\"og:locale\" content=\"de_DE\" \/>\n<meta property=\"og:type\" content=\"article\" \/>\n<meta property=\"og:title\" content=\"Dyskalkulie bei der NPD-Landtagsfraktion MV? - St\u00f6rungsmelder\" \/>\n<meta property=\"og:description\" content=\"Ganz besonders abgesehen hatte es die NPD in der 31. Sitzung des Landtages von Mecklenburg-Vorpommern auf die politische Bildung. Dort wollte Udo Past\u00f6rs massive K\u00fcrzungen herbeif\u00fchren, nicht zuletzt wegen der Tatsache, dass mit diesen Mitteln auch Aufkl\u00e4rung \u00fcber rechtsextremistische Bet\u00e4tigungen stattfinde.\" \/>\n<meta property=\"og:url\" content=\"https:\/\/blog.zeit.de\/stoerungsmelder\/2007\/12\/18\/dyskalkulie-bei-der-npd-landtagsfraktion-mv_177\" \/>\n<meta property=\"og:site_name\" content=\"St\u00f6rungsmelder\" \/>\n<meta property=\"article:published_time\" content=\"2007-12-18T07:39:42+00:00\" \/>\n<meta property=\"og:image\" content=\"http:\/\/www.endstation-rechts.de\/images\/stories\/bilder\/landtag\/npd-fraktion\/pastoers\/udo-pastoers-blicknachunten.jpg\" \/>\n<meta name=\"author\" content=\"Mathias Brodkorb\" \/>\n<meta name=\"twitter:card\" content=\"summary_large_image\" \/>\n<meta name=\"twitter:label1\" content=\"Geschrieben von\" \/>\n\t<meta name=\"twitter:data1\" content=\"Mathias Brodkorb\" \/>\n\t<meta name=\"twitter:label2\" content=\"Gesch\u00e4tzte Lesezeit\" \/>\n\t<meta name=\"twitter:data2\" content=\"2\u00a0Minuten\" \/>\n<script type=\"application\/ld+json\" class=\"yoast-schema-graph\">{\"@context\":\"https:\/\/schema.org\",\"@graph\":[{\"@type\":\"WebPage\",\"@id\":\"https:\/\/blog.zeit.de\/stoerungsmelder\/2007\/12\/18\/dyskalkulie-bei-der-npd-landtagsfraktion-mv_177\",\"url\":\"https:\/\/blog.zeit.de\/stoerungsmelder\/2007\/12\/18\/dyskalkulie-bei-der-npd-landtagsfraktion-mv_177\",\"name\":\"Dyskalkulie bei der NPD-Landtagsfraktion MV? - St\u00f6rungsmelder\",\"isPartOf\":{\"@id\":\"https:\/\/blog.zeit.de\/stoerungsmelder\/#website\"},\"datePublished\":\"2007-12-18T07:39:42+00:00\",\"dateModified\":\"2007-12-18T07:39:42+00:00\",\"author\":{\"@id\":\"https:\/\/blog.zeit.de\/stoerungsmelder\/#\/schema\/person\/dfe941804ae69466e49dbc5cd6f1beca\"},\"breadcrumb\":{\"@id\":\"https:\/\/blog.zeit.de\/stoerungsmelder\/2007\/12\/18\/dyskalkulie-bei-der-npd-landtagsfraktion-mv_177#breadcrumb\"},\"inLanguage\":\"de\",\"potentialAction\":[{\"@type\":\"ReadAction\",\"target\":[\"https:\/\/blog.zeit.de\/stoerungsmelder\/2007\/12\/18\/dyskalkulie-bei-der-npd-landtagsfraktion-mv_177\"]}]},{\"@type\":\"BreadcrumbList\",\"@id\":\"https:\/\/blog.zeit.de\/stoerungsmelder\/2007\/12\/18\/dyskalkulie-bei-der-npd-landtagsfraktion-mv_177#breadcrumb\",\"itemListElement\":[{\"@type\":\"ListItem\",\"position\":1,\"name\":\"Startseite\",\"item\":\"https:\/\/blog.zeit.de\/stoerungsmelder\"},{\"@type\":\"ListItem\",\"position\":2,\"name\":\"Dyskalkulie bei der NPD-Landtagsfraktion MV?\"}]},{\"@type\":\"WebSite\",\"@id\":\"https:\/\/blog.zeit.de\/stoerungsmelder\/#website\",\"url\":\"https:\/\/blog.zeit.de\/stoerungsmelder\/\",\"name\":\"St\u00f6rungsmelder\",\"description\":\"Recherchen und Analysen \u00fcber die extreme Rechte\",\"potentialAction\":[{\"@type\":\"SearchAction\",\"target\":{\"@type\":\"EntryPoint\",\"urlTemplate\":\"https:\/\/blog.zeit.de\/stoerungsmelder\/?s={search_term_string}\"},\"query-input\":\"required name=search_term_string\"}],\"inLanguage\":\"de\"},{\"@type\":\"Person\",\"@id\":\"https:\/\/blog.zeit.de\/stoerungsmelder\/#\/schema\/person\/dfe941804ae69466e49dbc5cd6f1beca\",\"name\":\"Mathias Brodkorb\",\"image\":{\"@type\":\"ImageObject\",\"inLanguage\":\"de\",\"@id\":\"https:\/\/blog.zeit.de\/stoerungsmelder\/#\/schema\/person\/image\/\",\"url\":\"https:\/\/secure.gravatar.com\/avatar\/3b19999ee4389202766a7fbbf21812f28592ca91b09b4b11ad962b1f3e8f7e25?s=96&d=mm&r=pg\",\"contentUrl\":\"https:\/\/secure.gravatar.com\/avatar\/3b19999ee4389202766a7fbbf21812f28592ca91b09b4b11ad962b1f3e8f7e25?s=96&d=mm&r=pg\",\"caption\":\"Mathias Brodkorb\"},\"url\":\"https:\/\/blog.zeit.de\/stoerungsmelder\/author\/mathias-brodkorb\"}]}<\/script>\n<!-- \/ Yoast SEO plugin. -->","yoast_head_json":{"title":"Dyskalkulie bei der NPD-Landtagsfraktion MV? - St\u00f6rungsmelder","robots":{"index":"index","follow":"follow","max-snippet":"max-snippet:-1","max-image-preview":"max-image-preview:large","max-video-preview":"max-video-preview:-1"},"canonical":"https:\/\/blog.zeit.de\/stoerungsmelder\/2007\/12\/18\/dyskalkulie-bei-der-npd-landtagsfraktion-mv_177","og_locale":"de_DE","og_type":"article","og_title":"Dyskalkulie bei der NPD-Landtagsfraktion MV? - St\u00f6rungsmelder","og_description":"Ganz besonders abgesehen hatte es die NPD in der 31. Sitzung des Landtages von Mecklenburg-Vorpommern auf die politische Bildung. Dort wollte Udo Past\u00f6rs massive K\u00fcrzungen herbeif\u00fchren, nicht zuletzt wegen der Tatsache, dass mit diesen Mitteln auch Aufkl\u00e4rung \u00fcber rechtsextremistische Bet\u00e4tigungen stattfinde.","og_url":"https:\/\/blog.zeit.de\/stoerungsmelder\/2007\/12\/18\/dyskalkulie-bei-der-npd-landtagsfraktion-mv_177","og_site_name":"St\u00f6rungsmelder","article_published_time":"2007-12-18T07:39:42+00:00","og_image":[{"url":"http:\/\/www.endstation-rechts.de\/images\/stories\/bilder\/landtag\/npd-fraktion\/pastoers\/udo-pastoers-blicknachunten.jpg"}],"author":"Mathias Brodkorb","twitter_card":"summary_large_image","twitter_misc":{"Geschrieben von":"Mathias Brodkorb","Gesch\u00e4tzte Lesezeit":"2\u00a0Minuten"},"schema":{"@context":"https:\/\/schema.org","@graph":[{"@type":"WebPage","@id":"https:\/\/blog.zeit.de\/stoerungsmelder\/2007\/12\/18\/dyskalkulie-bei-der-npd-landtagsfraktion-mv_177","url":"https:\/\/blog.zeit.de\/stoerungsmelder\/2007\/12\/18\/dyskalkulie-bei-der-npd-landtagsfraktion-mv_177","name":"Dyskalkulie bei der NPD-Landtagsfraktion MV? - St\u00f6rungsmelder","isPartOf":{"@id":"https:\/\/blog.zeit.de\/stoerungsmelder\/#website"},"datePublished":"2007-12-18T07:39:42+00:00","dateModified":"2007-12-18T07:39:42+00:00","author":{"@id":"https:\/\/blog.zeit.de\/stoerungsmelder\/#\/schema\/person\/dfe941804ae69466e49dbc5cd6f1beca"},"breadcrumb":{"@id":"https:\/\/blog.zeit.de\/stoerungsmelder\/2007\/12\/18\/dyskalkulie-bei-der-npd-landtagsfraktion-mv_177#breadcrumb"},"inLanguage":"de","potentialAction":[{"@type":"ReadAction","target":["https:\/\/blog.zeit.de\/stoerungsmelder\/2007\/12\/18\/dyskalkulie-bei-der-npd-landtagsfraktion-mv_177"]}]},{"@type":"BreadcrumbList","@id":"https:\/\/blog.zeit.de\/stoerungsmelder\/2007\/12\/18\/dyskalkulie-bei-der-npd-landtagsfraktion-mv_177#breadcrumb","itemListElement":[{"@type":"ListItem","position":1,"name":"Startseite","item":"https:\/\/blog.zeit.de\/stoerungsmelder"},{"@type":"ListItem","position":2,"name":"Dyskalkulie bei der NPD-Landtagsfraktion MV?"}]},{"@type":"WebSite","@id":"https:\/\/blog.zeit.de\/stoerungsmelder\/#website","url":"https:\/\/blog.zeit.de\/stoerungsmelder\/","name":"St\u00f6rungsmelder","description":"Recherchen und Analysen \u00fcber die extreme Rechte","potentialAction":[{"@type":"SearchAction","target":{"@type":"EntryPoint","urlTemplate":"https:\/\/blog.zeit.de\/stoerungsmelder\/?s={search_term_string}"},"query-input":"required name=search_term_string"}],"inLanguage":"de"},{"@type":"Person","@id":"https:\/\/blog.zeit.de\/stoerungsmelder\/#\/schema\/person\/dfe941804ae69466e49dbc5cd6f1beca","name":"Mathias Brodkorb","image":{"@type":"ImageObject","inLanguage":"de","@id":"https:\/\/blog.zeit.de\/stoerungsmelder\/#\/schema\/person\/image\/","url":"https:\/\/secure.gravatar.com\/avatar\/3b19999ee4389202766a7fbbf21812f28592ca91b09b4b11ad962b1f3e8f7e25?s=96&d=mm&r=pg","contentUrl":"https:\/\/secure.gravatar.com\/avatar\/3b19999ee4389202766a7fbbf21812f28592ca91b09b4b11ad962b1f3e8f7e25?s=96&d=mm&r=pg","caption":"Mathias Brodkorb"},"url":"https:\/\/blog.zeit.de\/stoerungsmelder\/author\/mathias-brodkorb"}]}},"jetpack_featured_media_url":"","jetpack_sharing_enabled":true,"_links":{"self":[{"href":"https:\/\/blog.zeit.de\/stoerungsmelder\/wp-json\/wp\/v2\/posts\/177","targetHints":{"allow":["GET"]}}],"collection":[{"href":"https:\/\/blog.zeit.de\/stoerungsmelder\/wp-json\/wp\/v2\/posts"}],"about":[{"href":"https:\/\/blog.zeit.de\/stoerungsmelder\/wp-json\/wp\/v2\/types\/post"}],"author":[{"embeddable":true,"href":"https:\/\/blog.zeit.de\/stoerungsmelder\/wp-json\/wp\/v2\/users\/239"}],"replies":[{"embeddable":true,"href":"https:\/\/blog.zeit.de\/stoerungsmelder\/wp-json\/wp\/v2\/comments?post=177"}],"version-history":[{"count":0,"href":"https:\/\/blog.zeit.de\/stoerungsmelder\/wp-json\/wp\/v2\/posts\/177\/revisions"}],"wp:attachment":[{"href":"https:\/\/blog.zeit.de\/stoerungsmelder\/wp-json\/wp\/v2\/media?parent=177"}],"wp:term":[{"taxonomy":"category","embeddable":true,"href":"https:\/\/blog.zeit.de\/stoerungsmelder\/wp-json\/wp\/v2\/categories?post=177"},{"taxonomy":"post_tag","embeddable":true,"href":"https:\/\/blog.zeit.de\/stoerungsmelder\/wp-json\/wp\/v2\/tags?post=177"}],"curies":[{"name":"wp","href":"https:\/\/api.w.org\/{rel}","templated":true}]}}