{"id":17966,"date":"2014-12-09T10:18:14","date_gmt":"2014-12-09T09:18:14","guid":{"rendered":"http:\/\/blog.zeit.de\/stoerungsmelder\/?p=17966"},"modified":"2015-01-19T19:11:15","modified_gmt":"2015-01-19T18:11:15","slug":"pegida-in-duesseldorf-floppt-mit-400-teilnehmern","status":"publish","type":"post","link":"https:\/\/blog.zeit.de\/stoerungsmelder\/2014\/12\/09\/pegida-in-duesseldorf-floppt-mit-400-teilnehmern_17966","title":{"rendered":"&#8222;Pegida&#8220; in D\u00fcsseldorf floppt mit 400 Teilnehmern"},"content":{"rendered":"<p><figure id=\"attachment_17981\" aria-describedby=\"caption-attachment-17981\" style=\"width: 549px\" class=\"wp-caption aligncenter\"><a href=\"https:\/\/blog.zeit.de\/stoerungsmelder\/files\/2014\/12\/d\u00fcgida-sm-head.jpg\"><img loading=\"lazy\" decoding=\"async\" class=\"wp-image-17981 size-full\" src=\"https:\/\/blog.zeit.de\/stoerungsmelder\/files\/2014\/12\/d\u00fcgida-sm-head.jpg\" alt=\"In der ersten Reihe marschierten Sebastian Nobile (links) und Dominik Roeseler (dritter von links). Roeseler sitzt f\u00fcr die Parte PRO-NRW im Stadtrat von M\u00f6nchengladbach. Fotos: Felix Huesmann\" width=\"549\" height=\"259\" srcset=\"https:\/\/blog.zeit.de\/stoerungsmelder\/files\/2014\/12\/d\u00fcgida-sm-head.jpg 549w, https:\/\/blog.zeit.de\/stoerungsmelder\/files\/2014\/12\/d\u00fcgida-sm-head-300x141.jpg 300w\" sizes=\"auto, (max-width: 549px) 100vw, 549px\" \/><\/a><figcaption id=\"caption-attachment-17981\" class=\"wp-caption-text\"><em>&#8222;Pegida&#8220; in D\u00fcsseldorf (D\u00fcgida) \u00a9 Felix Huesmann<\/em><\/figcaption><\/figure><\/p>\n<p>W\u00e4hrend in Dresden 10.000 Menschen gegen Islam und Zuwanderung auf die Stra\u00dfe gingen, kamen zur Demonstration des D\u00fcsseldorfer PEGIDA-Ablegers nur 400. Die Polizei hatte im Vorfeld verk\u00fcndet mit bis zu 2000 Teilnehmern zu rechnen und hatte ein entsprechend gro\u00dfes Aufgebot vor Ort. Teilgenommen haben neben \u201ebesorgten B\u00fcrgern\u201c auch Mitglieder rechtspopulistischer und neonazistischer Parteien und Angeh\u00f6rige der rechten Hooliganszene.<!--more--><\/p>\n<p>W\u00e4hrend sich die \u201ebesorgten B\u00fcrger\u201c, Hooligans und Neonazis im Regen vor dem Nordrhein-Westf\u00e4lischen Landtag versammelten, fand einige hundert Meter weiter eine Gegenkundgebung mit 1100 Teilnehmern statt. Hierzu hatten Antifagruppen, Parteien und Gewerkschaften aufgerufen.<\/p>\n<p>Etwa 30-40 Neonazis, die vor allem aus Dortmund angereist waren, kamen mit geh\u00f6riger Versp\u00e4tung und teilweise erst kurz vor dem Ende der Veranstaltung am Landtag an. Die Polizei hatte sie zeitweise am D\u00fcsseldorfer Hauptbahnhof festgehalten. Darunter waren vor allem Mitglieder und Kader der Partei \u201eDie Rechte\u201c aus Dortmund, aber auch der NPD-Landesvorsitzende Claus Cremer.<\/p>\n<p><figure id=\"attachment_17971\" aria-describedby=\"caption-attachment-17971\" style=\"width: 300px\" class=\"wp-caption alignleft\"><a href=\"https:\/\/blog.zeit.de\/stoerungsmelder\/files\/2014\/12\/IMG_6025.jpg\"><img loading=\"lazy\" decoding=\"async\" class=\"wp-image-17971 size-medium\" src=\"https:\/\/blog.zeit.de\/stoerungsmelder\/files\/2014\/12\/IMG_6025-300x200.jpg\" alt=\"NPD-Landesvorsitzender Claus Cremer ahm auch an der D\u00dcGIDA-Demo teil. \" width=\"300\" height=\"200\" srcset=\"https:\/\/blog.zeit.de\/stoerungsmelder\/files\/2014\/12\/IMG_6025-300x200.jpg 300w, https:\/\/blog.zeit.de\/stoerungsmelder\/files\/2014\/12\/IMG_6025.jpg 580w\" sizes=\"auto, (max-width: 300px) 100vw, 300px\" \/><\/a><figcaption id=\"caption-attachment-17971\" class=\"wp-caption-text\"><em>NPD-Landesvorsitzender Claus Cremer ahm auch an der D\u00dcGIDA-Demo teil \u00a9 Felix Huesmann<\/em><\/figcaption><\/figure><\/p>\n<p>Auf einer Wiese vor dem Landtag begr\u00fc\u00dfte der ehemalige <em>German-Defense-League<\/em>-Aktivist Sebastian Nobile die D\u00dcGIDA-Teilnehmer und teilte mit, man w\u00fcrde noch auf Alexander Heumann warten. Heumann ist Mitglied der <em>Alternative f\u00fcr Deutschland<\/em> (AfD) und dort Teil des rechtsau\u00dfen-Ablegers \u201ePatriotische Plattform\u201c und mischte bereits bei den &#8222;HoGeSa&#8220;-Demonstrationen der vergangenen Wochen mit. Bei der Kundgebung der Hooligans in Hannover hielt er einen Redebeitrag.<\/p>\n<p>Nach einiger Zeit machten sich die D\u00dcGIDA-Demonstranten ohne Heumann auf zu ihrem Schweigemarsch und liefen fernab\u00a0 jeder \u00d6ffentlichkeit am Rheinufer hinter dem Landtagsgeb\u00e4ude entlang. Nach einer kurzen Route durch die Dunkelheit fanden sie sich wieder am Ausgangsort ein.<\/p>\n<p>Dort wandte sich der mittlerweile eingetroffene Alexander Heumann an die Teilnehmer. In seiner an Karnevals-B\u00fcttenreden oder Kirmes-Ansagen erinnernden Rede holte er zum Rundumschlag aus. So thematisierte er nicht nur eine angebliche Islamisierung Deutschlands, sondern auch die \u201eVedr\u00e4ngung alter Menschen aus Altenheimen durch Fl\u00fcchtlinge\u201c, die Gefahren des Feminismus und die Umerziehung der Kinder. Letztere geschehe unter dem Motto \u201eRudelfick statt Physik\u201c.<\/p>\n<p><figure id=\"attachment_17970\" aria-describedby=\"caption-attachment-17970\" style=\"width: 466px\" class=\"wp-caption aligncenter\"><a href=\"https:\/\/blog.zeit.de\/stoerungsmelder\/files\/2014\/12\/IMG_5971.jpg\"><img loading=\"lazy\" decoding=\"async\" class=\"wp-image-17970\" src=\"https:\/\/blog.zeit.de\/stoerungsmelder\/files\/2014\/12\/IMG_5971.jpg\" alt=\"Alexander Heumann bei seiner Reder vor dem D\u00fcsseldorfer Landtag. Neben ihm steht Melanie Dittmer.\" width=\"466\" height=\"311\" srcset=\"https:\/\/blog.zeit.de\/stoerungsmelder\/files\/2014\/12\/IMG_5971.jpg 580w, https:\/\/blog.zeit.de\/stoerungsmelder\/files\/2014\/12\/IMG_5971-300x200.jpg 300w\" sizes=\"auto, (max-width: 466px) 100vw, 466px\" \/><\/a><figcaption id=\"caption-attachment-17970\" class=\"wp-caption-text\">Alexander Heumann bei seiner Reder vor dem D\u00fcsseldorfer Landtag. Neben ihm steht Melanie Dittmer \u00a9 Felix Huesmann<\/figcaption><\/figure><\/p>\n<p>\u00c4hnlich skurril wurde es in einer weiteren Rede von Melanie Dittmer, die sich als Organisatorin des Bonner PEGIDA-Ablegers, BOGIDA, vorstellte. Dittmer war bereits in den 1990er Jahren in der Jugendorganisation der NPD und in Neonazikameradschaften im Ruhrgebiet federf\u00fchrend. Heute ist sie bei den \u201eIdentit\u00e4ren\u201c aktiv und versucht sich als freie Journalistin. In ihrem Redebeitrag thematisierte sie die \u201eAhu\u201c-Rufe, die ihr von den Versammlungsteilnehmern entgegen schallten. Die k\u00f6nnten die b\u00fcrgerlichen Demonstranten ruhig auch \u00fcbernehmen, immerhin h\u00e4tten die Spartaner das schon gerufen, als sie in der Reconquista gegen den Islam k\u00e4mpften. Die bei Hooligans beliebten \u201eAhu\u201c-Rufe entstammen dem Film \u201e300\u201c, in dem es um den spartanisch-persischen Krieg geht. Dieser Krieg fand allerdings gut elf Jahrhunderte vor der Reconquista und immerhin knapp tausend Jahre vor der Entstehung des Islams statt. Dem Gro\u00dfteil ihrer Zuh\u00f6rer scheint das nicht aufgefallen zu sein.<\/p>\n<p><figure id=\"attachment_17972\" aria-describedby=\"caption-attachment-17972\" style=\"width: 300px\" class=\"wp-caption alignleft\"><a href=\"https:\/\/blog.zeit.de\/stoerungsmelder\/files\/2014\/12\/IMG_6145.jpg\"><img loading=\"lazy\" decoding=\"async\" class=\"wp-image-17972 size-medium\" src=\"https:\/\/blog.zeit.de\/stoerungsmelder\/files\/2014\/12\/IMG_6145-300x200.jpg\" alt=\"Foto: Felix Huesmann\" width=\"300\" height=\"200\" srcset=\"https:\/\/blog.zeit.de\/stoerungsmelder\/files\/2014\/12\/IMG_6145-300x200.jpg 300w, https:\/\/blog.zeit.de\/stoerungsmelder\/files\/2014\/12\/IMG_6145.jpg 580w\" sizes=\"auto, (max-width: 300px) 100vw, 300px\" \/><\/a><figcaption id=\"caption-attachment-17972\" class=\"wp-caption-text\">\u00a9 Felix Huesmann<\/figcaption><\/figure><\/p>\n<p>Verglichen mit den PEGIDA-Demonstrationen in Dresden war die Versammlung in D\u00fcsseldorf nicht nur bedeutend kleiner. Es fiel den Teilnehmern auch deutlich schwerer, das b\u00fcrgerliche Image zu bewahren. Als w\u00e4hrend des Schweigemarsches die Rufe von Antifas zu h\u00f6ren sind, gr\u00f6lt die Menge \u201eAntifa Hurens\u00f6hne\u201c, zwischendurch erklingen \u201eL\u00fcgenpresse auf die Fresse\u201c-Rufe aus gro\u00dfen Teilen der Kundgebung. Obwohl \u201eB\u00fcrgerliche\u201c gro\u00dfe Teile der Versammlung ausmachen \u2013 am pr\u00e4sentesten sind in D\u00fcsseldorf schwarz gekleidete und teilweise vermummte Hooligans. Einige von ihnen waren wie Anmelder Alexander Heumann bereits bei HoGeSa-Versammlungen aufgefallen.<\/p>\n<p>Es scheint schwer vorstellbar, dass die Melange aus \u201ebesorgten B\u00fcrgern\u201c, Rechtspopulisten von AfD und PRO-NRW, Hooligans und Neonazis in D\u00fcsseldorf oder anderswo in Nordrhein-Westfalen \u00e4hnliche Erfolge haben wird, wie die PEGIDA in Dresden.<\/p>\n","protected":false},"excerpt":{"rendered":"<p>W\u00e4hrend in Dresden 10.000 Menschen gegen Islam und Zuwanderung auf die Stra\u00dfe gingen, kamen zur Demonstration des D\u00fcsseldorfer PEGIDA-Ablegers nur 400. Die Polizei hatte im Vorfeld verk\u00fcndet mit bis zu 2000 Teilnehmern zu rechnen und hatte ein entsprechend gro\u00dfes Aufgebot vor Ort. Teilgenommen haben neben \u201ebesorgten B\u00fcrgern\u201c auch Mitglieder rechtspopulistischer und neonazistischer Parteien und Angeh\u00f6rige [&hellip;]<\/p>\n","protected":false},"author":540,"featured_media":0,"comment_status":"closed","ping_status":"open","sticky":false,"template":"","format":"standard","meta":{"_jetpack_memberships_contains_paid_content":false,"footnotes":""},"categories":[1291],"tags":[28267,32222,32223,1716,32209,1750],"class_list":["post-17966","post","type-post","status-publish","format-standard","hentry","category-nordrhein-westfalen","tag-afd","tag-duegida","tag-duesseldorf","tag-npd","tag-pegida","tag-pro-nrw"],"yoast_head":"<!-- This site is optimized with the Yoast SEO plugin v21.0 - https:\/\/yoast.com\/wordpress\/plugins\/seo\/ -->\n<title>&quot;Pegida&quot; in D\u00fcsseldorf floppt mit 400 Teilnehmern - St\u00f6rungsmelder<\/title>\n<meta name=\"robots\" content=\"index, follow, max-snippet:-1, max-image-preview:large, max-video-preview:-1\" \/>\n<link rel=\"canonical\" href=\"https:\/\/blog.zeit.de\/stoerungsmelder\/2014\/12\/09\/pegida-in-duesseldorf-floppt-mit-400-teilnehmern_17966\" \/>\n<meta property=\"og:locale\" content=\"de_DE\" \/>\n<meta property=\"og:type\" content=\"article\" \/>\n<meta property=\"og:title\" content=\"&quot;Pegida&quot; in D\u00fcsseldorf floppt mit 400 Teilnehmern - St\u00f6rungsmelder\" \/>\n<meta property=\"og:description\" content=\"W\u00e4hrend in Dresden 10.000 Menschen gegen Islam und Zuwanderung auf die Stra\u00dfe gingen, kamen zur Demonstration des D\u00fcsseldorfer PEGIDA-Ablegers nur 400. Die Polizei hatte im Vorfeld verk\u00fcndet mit bis zu 2000 Teilnehmern zu rechnen und hatte ein entsprechend gro\u00dfes Aufgebot vor Ort. Teilgenommen haben neben \u201ebesorgten B\u00fcrgern\u201c auch Mitglieder rechtspopulistischer und neonazistischer Parteien und Angeh\u00f6rige [&hellip;]\" \/>\n<meta property=\"og:url\" content=\"https:\/\/blog.zeit.de\/stoerungsmelder\/2014\/12\/09\/pegida-in-duesseldorf-floppt-mit-400-teilnehmern_17966\" \/>\n<meta property=\"og:site_name\" content=\"St\u00f6rungsmelder\" \/>\n<meta property=\"article:published_time\" content=\"2014-12-09T09:18:14+00:00\" \/>\n<meta property=\"article:modified_time\" content=\"2015-01-19T18:11:15+00:00\" \/>\n<meta property=\"og:image\" content=\"https:\/\/blog.zeit.de\/stoerungsmelder\/files\/2014\/12\/IMG_6025-300x200.jpg\" \/>\n<meta name=\"author\" content=\"Felix Huesmann\" \/>\n<meta name=\"twitter:card\" content=\"summary_large_image\" \/>\n<meta name=\"twitter:label1\" content=\"Geschrieben von\" \/>\n\t<meta name=\"twitter:data1\" content=\"Felix Huesmann\" \/>\n\t<meta name=\"twitter:label2\" content=\"Gesch\u00e4tzte Lesezeit\" \/>\n\t<meta name=\"twitter:data2\" content=\"3\u00a0Minuten\" \/>\n<script type=\"application\/ld+json\" class=\"yoast-schema-graph\">{\"@context\":\"https:\/\/schema.org\",\"@graph\":[{\"@type\":\"WebPage\",\"@id\":\"https:\/\/blog.zeit.de\/stoerungsmelder\/2014\/12\/09\/pegida-in-duesseldorf-floppt-mit-400-teilnehmern_17966\",\"url\":\"https:\/\/blog.zeit.de\/stoerungsmelder\/2014\/12\/09\/pegida-in-duesseldorf-floppt-mit-400-teilnehmern_17966\",\"name\":\"\\\"Pegida\\\" in D\u00fcsseldorf floppt mit 400 Teilnehmern - St\u00f6rungsmelder\",\"isPartOf\":{\"@id\":\"https:\/\/blog.zeit.de\/stoerungsmelder\/#website\"},\"datePublished\":\"2014-12-09T09:18:14+00:00\",\"dateModified\":\"2015-01-19T18:11:15+00:00\",\"author\":{\"@id\":\"https:\/\/blog.zeit.de\/stoerungsmelder\/#\/schema\/person\/5be11516170fc77e5c7cf18bf2624a61\"},\"breadcrumb\":{\"@id\":\"https:\/\/blog.zeit.de\/stoerungsmelder\/2014\/12\/09\/pegida-in-duesseldorf-floppt-mit-400-teilnehmern_17966#breadcrumb\"},\"inLanguage\":\"de\",\"potentialAction\":[{\"@type\":\"ReadAction\",\"target\":[\"https:\/\/blog.zeit.de\/stoerungsmelder\/2014\/12\/09\/pegida-in-duesseldorf-floppt-mit-400-teilnehmern_17966\"]}]},{\"@type\":\"BreadcrumbList\",\"@id\":\"https:\/\/blog.zeit.de\/stoerungsmelder\/2014\/12\/09\/pegida-in-duesseldorf-floppt-mit-400-teilnehmern_17966#breadcrumb\",\"itemListElement\":[{\"@type\":\"ListItem\",\"position\":1,\"name\":\"Startseite\",\"item\":\"https:\/\/blog.zeit.de\/stoerungsmelder\"},{\"@type\":\"ListItem\",\"position\":2,\"name\":\"&#8222;Pegida&#8220; in D\u00fcsseldorf floppt mit 400 Teilnehmern\"}]},{\"@type\":\"WebSite\",\"@id\":\"https:\/\/blog.zeit.de\/stoerungsmelder\/#website\",\"url\":\"https:\/\/blog.zeit.de\/stoerungsmelder\/\",\"name\":\"St\u00f6rungsmelder\",\"description\":\"Recherchen und Analysen \u00fcber die extreme Rechte\",\"potentialAction\":[{\"@type\":\"SearchAction\",\"target\":{\"@type\":\"EntryPoint\",\"urlTemplate\":\"https:\/\/blog.zeit.de\/stoerungsmelder\/?s={search_term_string}\"},\"query-input\":\"required name=search_term_string\"}],\"inLanguage\":\"de\"},{\"@type\":\"Person\",\"@id\":\"https:\/\/blog.zeit.de\/stoerungsmelder\/#\/schema\/person\/5be11516170fc77e5c7cf18bf2624a61\",\"name\":\"Felix Huesmann\",\"image\":{\"@type\":\"ImageObject\",\"inLanguage\":\"de\",\"@id\":\"https:\/\/blog.zeit.de\/stoerungsmelder\/#\/schema\/person\/image\/\",\"url\":\"https:\/\/secure.gravatar.com\/avatar\/a51ec0072335b4dd5cc951d874c8bf76526dd657ae022cd112daeb2aa03e4eac?s=96&d=mm&r=pg\",\"contentUrl\":\"https:\/\/secure.gravatar.com\/avatar\/a51ec0072335b4dd5cc951d874c8bf76526dd657ae022cd112daeb2aa03e4eac?s=96&d=mm&r=pg\",\"caption\":\"Felix Huesmann\"},\"description\":\"Ich lebe und arbeite als Freier Journalist in Dortmund. Schwerpunktm\u00e4\u00dfig besch\u00e4ftige ich mich mit der extremen Rechten und sozialen Bewegungen. Eine Auswahl meiner Arbeit gibt es auf http:\/\/www.felixhuesmann.de Kurzgefasste Gedanken, Hinweise auf spannende Artikel und anderes gibt es auf http:\/\/twitter.com\/felixhuesmann\",\"sameAs\":[\"http:\/\/www.felixhuesmann.de\"],\"url\":\"https:\/\/blog.zeit.de\/stoerungsmelder\/author\/felixhuesmann\"}]}<\/script>\n<!-- \/ Yoast SEO plugin. -->","yoast_head_json":{"title":"\"Pegida\" in D\u00fcsseldorf floppt mit 400 Teilnehmern - St\u00f6rungsmelder","robots":{"index":"index","follow":"follow","max-snippet":"max-snippet:-1","max-image-preview":"max-image-preview:large","max-video-preview":"max-video-preview:-1"},"canonical":"https:\/\/blog.zeit.de\/stoerungsmelder\/2014\/12\/09\/pegida-in-duesseldorf-floppt-mit-400-teilnehmern_17966","og_locale":"de_DE","og_type":"article","og_title":"\"Pegida\" in D\u00fcsseldorf floppt mit 400 Teilnehmern - St\u00f6rungsmelder","og_description":"W\u00e4hrend in Dresden 10.000 Menschen gegen Islam und Zuwanderung auf die Stra\u00dfe gingen, kamen zur Demonstration des D\u00fcsseldorfer PEGIDA-Ablegers nur 400. Die Polizei hatte im Vorfeld verk\u00fcndet mit bis zu 2000 Teilnehmern zu rechnen und hatte ein entsprechend gro\u00dfes Aufgebot vor Ort. Teilgenommen haben neben \u201ebesorgten B\u00fcrgern\u201c auch Mitglieder rechtspopulistischer und neonazistischer Parteien und Angeh\u00f6rige [&hellip;]","og_url":"https:\/\/blog.zeit.de\/stoerungsmelder\/2014\/12\/09\/pegida-in-duesseldorf-floppt-mit-400-teilnehmern_17966","og_site_name":"St\u00f6rungsmelder","article_published_time":"2014-12-09T09:18:14+00:00","article_modified_time":"2015-01-19T18:11:15+00:00","og_image":[{"url":"https:\/\/blog.zeit.de\/stoerungsmelder\/files\/2014\/12\/IMG_6025-300x200.jpg"}],"author":"Felix Huesmann","twitter_card":"summary_large_image","twitter_misc":{"Geschrieben von":"Felix Huesmann","Gesch\u00e4tzte Lesezeit":"3\u00a0Minuten"},"schema":{"@context":"https:\/\/schema.org","@graph":[{"@type":"WebPage","@id":"https:\/\/blog.zeit.de\/stoerungsmelder\/2014\/12\/09\/pegida-in-duesseldorf-floppt-mit-400-teilnehmern_17966","url":"https:\/\/blog.zeit.de\/stoerungsmelder\/2014\/12\/09\/pegida-in-duesseldorf-floppt-mit-400-teilnehmern_17966","name":"\"Pegida\" in D\u00fcsseldorf floppt mit 400 Teilnehmern - St\u00f6rungsmelder","isPartOf":{"@id":"https:\/\/blog.zeit.de\/stoerungsmelder\/#website"},"datePublished":"2014-12-09T09:18:14+00:00","dateModified":"2015-01-19T18:11:15+00:00","author":{"@id":"https:\/\/blog.zeit.de\/stoerungsmelder\/#\/schema\/person\/5be11516170fc77e5c7cf18bf2624a61"},"breadcrumb":{"@id":"https:\/\/blog.zeit.de\/stoerungsmelder\/2014\/12\/09\/pegida-in-duesseldorf-floppt-mit-400-teilnehmern_17966#breadcrumb"},"inLanguage":"de","potentialAction":[{"@type":"ReadAction","target":["https:\/\/blog.zeit.de\/stoerungsmelder\/2014\/12\/09\/pegida-in-duesseldorf-floppt-mit-400-teilnehmern_17966"]}]},{"@type":"BreadcrumbList","@id":"https:\/\/blog.zeit.de\/stoerungsmelder\/2014\/12\/09\/pegida-in-duesseldorf-floppt-mit-400-teilnehmern_17966#breadcrumb","itemListElement":[{"@type":"ListItem","position":1,"name":"Startseite","item":"https:\/\/blog.zeit.de\/stoerungsmelder"},{"@type":"ListItem","position":2,"name":"&#8222;Pegida&#8220; in D\u00fcsseldorf floppt mit 400 Teilnehmern"}]},{"@type":"WebSite","@id":"https:\/\/blog.zeit.de\/stoerungsmelder\/#website","url":"https:\/\/blog.zeit.de\/stoerungsmelder\/","name":"St\u00f6rungsmelder","description":"Recherchen und Analysen \u00fcber die extreme Rechte","potentialAction":[{"@type":"SearchAction","target":{"@type":"EntryPoint","urlTemplate":"https:\/\/blog.zeit.de\/stoerungsmelder\/?s={search_term_string}"},"query-input":"required name=search_term_string"}],"inLanguage":"de"},{"@type":"Person","@id":"https:\/\/blog.zeit.de\/stoerungsmelder\/#\/schema\/person\/5be11516170fc77e5c7cf18bf2624a61","name":"Felix Huesmann","image":{"@type":"ImageObject","inLanguage":"de","@id":"https:\/\/blog.zeit.de\/stoerungsmelder\/#\/schema\/person\/image\/","url":"https:\/\/secure.gravatar.com\/avatar\/a51ec0072335b4dd5cc951d874c8bf76526dd657ae022cd112daeb2aa03e4eac?s=96&d=mm&r=pg","contentUrl":"https:\/\/secure.gravatar.com\/avatar\/a51ec0072335b4dd5cc951d874c8bf76526dd657ae022cd112daeb2aa03e4eac?s=96&d=mm&r=pg","caption":"Felix Huesmann"},"description":"Ich lebe und arbeite als Freier Journalist in Dortmund. Schwerpunktm\u00e4\u00dfig besch\u00e4ftige ich mich mit der extremen Rechten und sozialen Bewegungen. Eine Auswahl meiner Arbeit gibt es auf http:\/\/www.felixhuesmann.de Kurzgefasste Gedanken, Hinweise auf spannende Artikel und anderes gibt es auf http:\/\/twitter.com\/felixhuesmann","sameAs":["http:\/\/www.felixhuesmann.de"],"url":"https:\/\/blog.zeit.de\/stoerungsmelder\/author\/felixhuesmann"}]}},"jetpack_featured_media_url":"","jetpack_sharing_enabled":true,"_links":{"self":[{"href":"https:\/\/blog.zeit.de\/stoerungsmelder\/wp-json\/wp\/v2\/posts\/17966","targetHints":{"allow":["GET"]}}],"collection":[{"href":"https:\/\/blog.zeit.de\/stoerungsmelder\/wp-json\/wp\/v2\/posts"}],"about":[{"href":"https:\/\/blog.zeit.de\/stoerungsmelder\/wp-json\/wp\/v2\/types\/post"}],"author":[{"embeddable":true,"href":"https:\/\/blog.zeit.de\/stoerungsmelder\/wp-json\/wp\/v2\/users\/540"}],"replies":[{"embeddable":true,"href":"https:\/\/blog.zeit.de\/stoerungsmelder\/wp-json\/wp\/v2\/comments?post=17966"}],"version-history":[{"count":10,"href":"https:\/\/blog.zeit.de\/stoerungsmelder\/wp-json\/wp\/v2\/posts\/17966\/revisions"}],"predecessor-version":[{"id":18298,"href":"https:\/\/blog.zeit.de\/stoerungsmelder\/wp-json\/wp\/v2\/posts\/17966\/revisions\/18298"}],"wp:attachment":[{"href":"https:\/\/blog.zeit.de\/stoerungsmelder\/wp-json\/wp\/v2\/media?parent=17966"}],"wp:term":[{"taxonomy":"category","embeddable":true,"href":"https:\/\/blog.zeit.de\/stoerungsmelder\/wp-json\/wp\/v2\/categories?post=17966"},{"taxonomy":"post_tag","embeddable":true,"href":"https:\/\/blog.zeit.de\/stoerungsmelder\/wp-json\/wp\/v2\/tags?post=17966"}],"curies":[{"name":"wp","href":"https:\/\/api.w.org\/{rel}","templated":true}]}}